
{"id":3693,"date":"2009-05-30T09:54:49","date_gmt":"2009-05-30T12:54:49","guid":{"rendered":"http:\/\/www.oarcanjo.net\/site\/?p=3693"},"modified":"2009-05-30T09:57:01","modified_gmt":"2009-05-30T12:57:01","slug":"fogo-de-pentecostes","status":"publish","type":"post","link":"https:\/\/www.oarcanjo.net\/site\/fogo-de-pentecostes\/","title":{"rendered":"Fogo de Pentecostes"},"content":{"rendered":"<p><em>Edith Stein<\/em><\/p>\n<p>Quem \u00e9s tu, luz que me enches<br \/>\ne que iluminas<br \/>\nas trevas do meu cora\u00e7\u00e3o?<br \/>\nTu me guias<br \/>\ncomo a m\u00e3o de uma m\u00e3e,<br \/>\ne se tu me largas,<br \/>\nn\u00e3o poderei mais dar um s\u00f3 passo.<br \/>\nTu \u00e9s o espa\u00e7o<br \/>\nque envolve meu ser<br \/>\ne o abriga em seu seio.<br \/>\nAbandonado por Ti<br \/>\nele desapareceria<br \/>\nnos abismos do nada,<br \/>\nde onde Tu o tiraste<br \/>\npara lev\u00e1-lo ao ser.<br \/>\nTu, mais pr\u00f3ximo de mim<br \/>\ndo que eu de mim mesmo<br \/>\ne mais \u00edntimo<br \/>\nque o \u00e2mago de minha alma,<br \/>\ne, entretanto, inating\u00edvel e inef\u00e1vel,<br \/>\nfazendo brilhar todos os nomes:<br \/>\nEsp\u00edrito Santo &#8211; Amor eterno&#8230;<br \/>\n\u00c9s Tu<br \/>\no canto do amor<br \/>\ne do santo respeito<br \/>\nque ressoa eternamente<br \/>\nem redor do trono de Deus,<br \/>\nque nele une<br \/>\no canto puro de todos os seres.<br \/>\nA harmonia<br \/>\nque une os membros \u00e0 cabe\u00e7a<br \/>\n\u00e9 nela que cada um<br \/>\ndescobre com \u00eaxtase<br \/>\no sentido \u00edntimo do seu ser<br \/>\ne cheio de alegria derrama-se nas tuas ondas,<br \/>\nEsp\u00edrito Santo  &#8211; Eterna alegria&#8230;<\/p>\n<div id=\"themify_builder_content-3693\" data-postid=\"3693\" class=\"themify_builder_content themify_builder_content-3693 themify_builder themify_builder_front\">\n\t<\/div>\n<!-- \/themify_builder_content -->","protected":false},"excerpt":{"rendered":"<p>Edith Stein Quem \u00e9s tu, luz que me enches e que iluminas as trevas do meu cora\u00e7\u00e3o? Tu me guias como a m\u00e3o de uma m\u00e3e, e se tu me largas, n\u00e3o poderei mais dar um s\u00f3 passo. Tu \u00e9s o espa\u00e7o que envolve meu ser e o abriga em seu seio. Abandonado por Ti [&hellip;]<\/p>\n","protected":false},"author":5,"featured_media":0,"comment_status":"open","ping_status":"open","sticky":false,"template":"","format":"standard","meta":{"ngg_post_thumbnail":0,"footnotes":""},"categories":[6],"tags":[761,3201,743],"yoast_head":"<!-- This site is optimized with the Yoast SEO plugin v23.5 - https:\/\/yoast.com\/wordpress\/plugins\/seo\/ -->\n<title>Fogo de Pentecostes - O Arcanjo no ar<\/title>\n<meta name=\"robots\" content=\"index, follow, max-snippet:-1, max-image-preview:large, max-video-preview:-1\" \/>\n<link rel=\"canonical\" href=\"https:\/\/www.oarcanjo.net\/site\/fogo-de-pentecostes\/\" \/>\n<meta property=\"og:locale\" content=\"pt_BR\" \/>\n<meta property=\"og:type\" content=\"article\" \/>\n<meta property=\"og:title\" content=\"Fogo de Pentecostes - O Arcanjo no ar\" \/>\n<meta property=\"og:description\" content=\"Edith Stein Quem \u00e9s tu, luz que me enches e que iluminas as trevas do meu cora\u00e7\u00e3o? Tu me guias como a m\u00e3o de uma m\u00e3e, e se tu me largas, n\u00e3o poderei mais dar um s\u00f3 passo. Tu \u00e9s o espa\u00e7o que envolve meu ser e o abriga em seu seio. Abandonado por Ti [&hellip;]\" \/>\n<meta property=\"og:url\" content=\"https:\/\/www.oarcanjo.net\/site\/fogo-de-pentecostes\/\" \/>\n<meta property=\"og:site_name\" content=\"O Arcanjo no ar\" \/>\n<meta property=\"article:publisher\" content=\"https:\/\/www.facebook.com\/OArcanjoNoAr\/\" \/>\n<meta property=\"article:published_time\" content=\"2009-05-30T12:54:49+00:00\" \/>\n<meta property=\"article:modified_time\" content=\"2009-05-30T12:57:01+00:00\" \/>\n<meta property=\"og:image\" content=\"https:\/\/www.oarcanjo.net\/site\/wp-content\/uploads\/logo-o-arcanjo-no-ar-facebook.png\" \/>\n\t<meta property=\"og:image:width\" content=\"300\" \/>\n\t<meta property=\"og:image:height\" content=\"300\" \/>\n\t<meta property=\"og:image:type\" content=\"image\/png\" \/>\n<meta name=\"author\" content=\"editor\" \/>\n<meta name=\"twitter:card\" content=\"summary_large_image\" \/>\n<meta name=\"twitter:label1\" content=\"Escrito por\" \/>\n\t<meta name=\"twitter:data1\" content=\"editor\" \/>\n\t<meta name=\"twitter:label2\" content=\"Est. tempo de leitura\" \/>\n\t<meta name=\"twitter:data2\" content=\"1 minuto\" \/>\n<script type=\"application\/ld+json\" class=\"yoast-schema-graph\">{\"@context\":\"https:\/\/schema.org\",\"@graph\":[{\"@type\":\"Article\",\"@id\":\"https:\/\/www.oarcanjo.net\/site\/fogo-de-pentecostes\/#article\",\"isPartOf\":{\"@id\":\"https:\/\/www.oarcanjo.net\/site\/fogo-de-pentecostes\/\"},\"author\":{\"name\":\"editor\",\"@id\":\"https:\/\/www.oarcanjo.net\/site\/#\/schema\/person\/f7024d007863202483a31326673a0838\"},\"headline\":\"Fogo de Pentecostes\",\"datePublished\":\"2009-05-30T12:54:49+00:00\",\"dateModified\":\"2009-05-30T12:57:01+00:00\",\"mainEntityOfPage\":{\"@id\":\"https:\/\/www.oarcanjo.net\/site\/fogo-de-pentecostes\/\"},\"wordCount\":182,\"commentCount\":1,\"publisher\":{\"@id\":\"https:\/\/www.oarcanjo.net\/site\/#organization\"},\"keywords\":[\"Edith Stein\",\"Ora\u00e7\u00f5es\",\"Pentecostes\"],\"articleSection\":[\"Ora\u00e7\u00f5es\"],\"inLanguage\":\"pt-BR\",\"potentialAction\":[{\"@type\":\"CommentAction\",\"name\":\"Comment\",\"target\":[\"https:\/\/www.oarcanjo.net\/site\/fogo-de-pentecostes\/#respond\"]}]},{\"@type\":\"WebPage\",\"@id\":\"https:\/\/www.oarcanjo.net\/site\/fogo-de-pentecostes\/\",\"url\":\"https:\/\/www.oarcanjo.net\/site\/fogo-de-pentecostes\/\",\"name\":\"Fogo de Pentecostes - O Arcanjo no ar\",\"isPartOf\":{\"@id\":\"https:\/\/www.oarcanjo.net\/site\/#website\"},\"datePublished\":\"2009-05-30T12:54:49+00:00\",\"dateModified\":\"2009-05-30T12:57:01+00:00\",\"breadcrumb\":{\"@id\":\"https:\/\/www.oarcanjo.net\/site\/fogo-de-pentecostes\/#breadcrumb\"},\"inLanguage\":\"pt-BR\",\"potentialAction\":[{\"@type\":\"ReadAction\",\"target\":[\"https:\/\/www.oarcanjo.net\/site\/fogo-de-pentecostes\/\"]}]},{\"@type\":\"BreadcrumbList\",\"@id\":\"https:\/\/www.oarcanjo.net\/site\/fogo-de-pentecostes\/#breadcrumb\",\"itemListElement\":[{\"@type\":\"ListItem\",\"position\":1,\"name\":\"In\u00edcio\",\"item\":\"https:\/\/www.oarcanjo.net\/site\/\"},{\"@type\":\"ListItem\",\"position\":2,\"name\":\"Fogo de Pentecostes\"}]},{\"@type\":\"WebSite\",\"@id\":\"https:\/\/www.oarcanjo.net\/site\/#website\",\"url\":\"https:\/\/www.oarcanjo.net\/site\/\",\"name\":\"O Arcanjo no ar\",\"description\":\"Site da Par\u00f3quia S\u00e3o Miguel Arcanjo (Arquidiocese de SP)\",\"publisher\":{\"@id\":\"https:\/\/www.oarcanjo.net\/site\/#organization\"},\"potentialAction\":[{\"@type\":\"SearchAction\",\"target\":{\"@type\":\"EntryPoint\",\"urlTemplate\":\"https:\/\/www.oarcanjo.net\/site\/?s={search_term_string}\"},\"query-input\":{\"@type\":\"PropertyValueSpecification\",\"valueRequired\":true,\"valueName\":\"search_term_string\"}}],\"inLanguage\":\"pt-BR\"},{\"@type\":\"Organization\",\"@id\":\"https:\/\/www.oarcanjo.net\/site\/#organization\",\"name\":\"Par\u00f3quia S\u00e3o Miguel Arcanjo\",\"url\":\"https:\/\/www.oarcanjo.net\/site\/\",\"logo\":{\"@type\":\"ImageObject\",\"inLanguage\":\"pt-BR\",\"@id\":\"https:\/\/www.oarcanjo.net\/site\/#\/schema\/logo\/image\/\",\"url\":\"https:\/\/www.oarcanjo.net\/site\/wp-content\/uploads\/LogoOArcanjo.png\",\"contentUrl\":\"https:\/\/www.oarcanjo.net\/site\/wp-content\/uploads\/LogoOArcanjo.png\",\"width\":319,\"height\":99,\"caption\":\"Par\u00f3quia S\u00e3o Miguel Arcanjo\"},\"image\":{\"@id\":\"https:\/\/www.oarcanjo.net\/site\/#\/schema\/logo\/image\/\"},\"sameAs\":[\"https:\/\/www.facebook.com\/OArcanjoNoAr\/\"]},{\"@type\":\"Person\",\"@id\":\"https:\/\/www.oarcanjo.net\/site\/#\/schema\/person\/f7024d007863202483a31326673a0838\",\"name\":\"editor\",\"sameAs\":[\"http:\/\/www.oarcanjo.net\"]}]}<\/script>\n<!-- \/ Yoast SEO plugin. -->","yoast_head_json":{"title":"Fogo de Pentecostes - O Arcanjo no ar","robots":{"index":"index","follow":"follow","max-snippet":"max-snippet:-1","max-image-preview":"max-image-preview:large","max-video-preview":"max-video-preview:-1"},"canonical":"https:\/\/www.oarcanjo.net\/site\/fogo-de-pentecostes\/","og_locale":"pt_BR","og_type":"article","og_title":"Fogo de Pentecostes - O Arcanjo no ar","og_description":"Edith Stein Quem \u00e9s tu, luz que me enches e que iluminas as trevas do meu cora\u00e7\u00e3o? Tu me guias como a m\u00e3o de uma m\u00e3e, e se tu me largas, n\u00e3o poderei mais dar um s\u00f3 passo. Tu \u00e9s o espa\u00e7o que envolve meu ser e o abriga em seu seio. Abandonado por Ti [&hellip;]","og_url":"https:\/\/www.oarcanjo.net\/site\/fogo-de-pentecostes\/","og_site_name":"O Arcanjo no ar","article_publisher":"https:\/\/www.facebook.com\/OArcanjoNoAr\/","article_published_time":"2009-05-30T12:54:49+00:00","article_modified_time":"2009-05-30T12:57:01+00:00","og_image":[{"width":300,"height":300,"url":"https:\/\/www.oarcanjo.net\/site\/wp-content\/uploads\/logo-o-arcanjo-no-ar-facebook.png","type":"image\/png"}],"author":"editor","twitter_card":"summary_large_image","twitter_misc":{"Escrito por":"editor","Est. tempo de leitura":"1 minuto"},"schema":{"@context":"https:\/\/schema.org","@graph":[{"@type":"Article","@id":"https:\/\/www.oarcanjo.net\/site\/fogo-de-pentecostes\/#article","isPartOf":{"@id":"https:\/\/www.oarcanjo.net\/site\/fogo-de-pentecostes\/"},"author":{"name":"editor","@id":"https:\/\/www.oarcanjo.net\/site\/#\/schema\/person\/f7024d007863202483a31326673a0838"},"headline":"Fogo de Pentecostes","datePublished":"2009-05-30T12:54:49+00:00","dateModified":"2009-05-30T12:57:01+00:00","mainEntityOfPage":{"@id":"https:\/\/www.oarcanjo.net\/site\/fogo-de-pentecostes\/"},"wordCount":182,"commentCount":1,"publisher":{"@id":"https:\/\/www.oarcanjo.net\/site\/#organization"},"keywords":["Edith Stein","Ora\u00e7\u00f5es","Pentecostes"],"articleSection":["Ora\u00e7\u00f5es"],"inLanguage":"pt-BR","potentialAction":[{"@type":"CommentAction","name":"Comment","target":["https:\/\/www.oarcanjo.net\/site\/fogo-de-pentecostes\/#respond"]}]},{"@type":"WebPage","@id":"https:\/\/www.oarcanjo.net\/site\/fogo-de-pentecostes\/","url":"https:\/\/www.oarcanjo.net\/site\/fogo-de-pentecostes\/","name":"Fogo de Pentecostes - O Arcanjo no ar","isPartOf":{"@id":"https:\/\/www.oarcanjo.net\/site\/#website"},"datePublished":"2009-05-30T12:54:49+00:00","dateModified":"2009-05-30T12:57:01+00:00","breadcrumb":{"@id":"https:\/\/www.oarcanjo.net\/site\/fogo-de-pentecostes\/#breadcrumb"},"inLanguage":"pt-BR","potentialAction":[{"@type":"ReadAction","target":["https:\/\/www.oarcanjo.net\/site\/fogo-de-pentecostes\/"]}]},{"@type":"BreadcrumbList","@id":"https:\/\/www.oarcanjo.net\/site\/fogo-de-pentecostes\/#breadcrumb","itemListElement":[{"@type":"ListItem","position":1,"name":"In\u00edcio","item":"https:\/\/www.oarcanjo.net\/site\/"},{"@type":"ListItem","position":2,"name":"Fogo de Pentecostes"}]},{"@type":"WebSite","@id":"https:\/\/www.oarcanjo.net\/site\/#website","url":"https:\/\/www.oarcanjo.net\/site\/","name":"O Arcanjo no ar","description":"Site da Par\u00f3quia S\u00e3o Miguel Arcanjo (Arquidiocese de SP)","publisher":{"@id":"https:\/\/www.oarcanjo.net\/site\/#organization"},"potentialAction":[{"@type":"SearchAction","target":{"@type":"EntryPoint","urlTemplate":"https:\/\/www.oarcanjo.net\/site\/?s={search_term_string}"},"query-input":{"@type":"PropertyValueSpecification","valueRequired":true,"valueName":"search_term_string"}}],"inLanguage":"pt-BR"},{"@type":"Organization","@id":"https:\/\/www.oarcanjo.net\/site\/#organization","name":"Par\u00f3quia S\u00e3o Miguel Arcanjo","url":"https:\/\/www.oarcanjo.net\/site\/","logo":{"@type":"ImageObject","inLanguage":"pt-BR","@id":"https:\/\/www.oarcanjo.net\/site\/#\/schema\/logo\/image\/","url":"https:\/\/www.oarcanjo.net\/site\/wp-content\/uploads\/LogoOArcanjo.png","contentUrl":"https:\/\/www.oarcanjo.net\/site\/wp-content\/uploads\/LogoOArcanjo.png","width":319,"height":99,"caption":"Par\u00f3quia S\u00e3o Miguel Arcanjo"},"image":{"@id":"https:\/\/www.oarcanjo.net\/site\/#\/schema\/logo\/image\/"},"sameAs":["https:\/\/www.facebook.com\/OArcanjoNoAr\/"]},{"@type":"Person","@id":"https:\/\/www.oarcanjo.net\/site\/#\/schema\/person\/f7024d007863202483a31326673a0838","name":"editor","sameAs":["http:\/\/www.oarcanjo.net"]}]}},"publishpress_future_action":{"enabled":false,"date":"2026-05-07 15:47:43","action":"category","newStatus":"draft","terms":[],"taxonomy":"category"},"publishpress_future_workflow_manual_trigger":{"enabledWorkflows":[]},"_links":{"self":[{"href":"https:\/\/www.oarcanjo.net\/site\/wp-json\/wp\/v2\/posts\/3693"}],"collection":[{"href":"https:\/\/www.oarcanjo.net\/site\/wp-json\/wp\/v2\/posts"}],"about":[{"href":"https:\/\/www.oarcanjo.net\/site\/wp-json\/wp\/v2\/types\/post"}],"author":[{"embeddable":true,"href":"https:\/\/www.oarcanjo.net\/site\/wp-json\/wp\/v2\/users\/5"}],"replies":[{"embeddable":true,"href":"https:\/\/www.oarcanjo.net\/site\/wp-json\/wp\/v2\/comments?post=3693"}],"version-history":[{"count":0,"href":"https:\/\/www.oarcanjo.net\/site\/wp-json\/wp\/v2\/posts\/3693\/revisions"}],"wp:attachment":[{"href":"https:\/\/www.oarcanjo.net\/site\/wp-json\/wp\/v2\/media?parent=3693"}],"wp:term":[{"taxonomy":"category","embeddable":true,"href":"https:\/\/www.oarcanjo.net\/site\/wp-json\/wp\/v2\/categories?post=3693"},{"taxonomy":"post_tag","embeddable":true,"href":"https:\/\/www.oarcanjo.net\/site\/wp-json\/wp\/v2\/tags?post=3693"}],"curies":[{"name":"wp","href":"https:\/\/api.w.org\/{rel}","templated":true}]}}