
{"id":3701,"date":"2009-05-30T10:12:56","date_gmt":"2009-05-30T13:12:56","guid":{"rendered":"http:\/\/www.oarcanjo.net\/site\/?p=3701"},"modified":"2009-05-30T10:13:28","modified_gmt":"2009-05-30T13:13:28","slug":"oracao-a-deus-pai-na-vigilia-de-pentecostes","status":"publish","type":"post","link":"https:\/\/www.oarcanjo.net\/site\/oracao-a-deus-pai-na-vigilia-de-pentecostes\/","title":{"rendered":"Ora\u00e7\u00e3o a Deus Pai na vig\u00edlia de Pentecostes"},"content":{"rendered":"<p><em>Thomas Merton<\/em><\/p>\n<p>Hoje, Pai,<br \/>\neste c\u00e9u azul Te louva.<br \/>\nAs delicadas flores verdes<br \/>\ne as alaranjadas das \u00e1rvores Te louvam.<br \/>\nAs colinas azuis distantes Te louvam<br \/>\njustamente com a aragem de suave perfume<br \/>\nrepleto de luz brilhante.<br \/>\nOs insetos voltejantes Te louvam.<br \/>\nTamb\u00e9m o gado Te louva<br \/>\ne as codornizes que assoviam \u00e0 dist\u00e2ncia.<br \/>\nE eu, Pai, Te louvo<br \/>\ncom todos esses meus irm\u00e3os,<br \/>\ne eles expressam o que vai no meu cora\u00e7\u00e3o<br \/>\ne no sil\u00eancio.<br \/>\nSomos, todos um s\u00f3 sil\u00eancio<br \/>\ne uma diversidade de vozes.<\/p>\n<div id=\"themify_builder_content-3701\" data-postid=\"3701\" class=\"themify_builder_content themify_builder_content-3701 themify_builder themify_builder_front\">\n\t<\/div>\n<!-- \/themify_builder_content -->","protected":false},"excerpt":{"rendered":"<p>Thomas Merton Hoje, Pai, este c\u00e9u azul Te louva. As delicadas flores verdes e as alaranjadas das \u00e1rvores Te louvam. As colinas azuis distantes Te louvam justamente com a aragem de suave perfume repleto de luz brilhante. Os insetos voltejantes Te louvam. Tamb\u00e9m o gado Te louva e as codornizes que assoviam \u00e0 dist\u00e2ncia. E [&hellip;]<\/p>\n","protected":false},"author":5,"featured_media":0,"comment_status":"open","ping_status":"open","sticky":false,"template":"","format":"standard","meta":{"ngg_post_thumbnail":0,"footnotes":""},"categories":[6],"tags":[3201,743,78],"yoast_head":"<!-- This site is optimized with the Yoast SEO plugin v23.5 - https:\/\/yoast.com\/wordpress\/plugins\/seo\/ -->\n<title>Ora\u00e7\u00e3o a Deus Pai na vig\u00edlia de Pentecostes - O Arcanjo no ar<\/title>\n<meta name=\"robots\" content=\"index, follow, max-snippet:-1, max-image-preview:large, max-video-preview:-1\" \/>\n<link rel=\"canonical\" href=\"https:\/\/www.oarcanjo.net\/site\/oracao-a-deus-pai-na-vigilia-de-pentecostes\/\" \/>\n<meta property=\"og:locale\" content=\"pt_BR\" \/>\n<meta property=\"og:type\" content=\"article\" \/>\n<meta property=\"og:title\" content=\"Ora\u00e7\u00e3o a Deus Pai na vig\u00edlia de Pentecostes - O Arcanjo no ar\" \/>\n<meta property=\"og:description\" content=\"Thomas Merton Hoje, Pai, este c\u00e9u azul Te louva. As delicadas flores verdes e as alaranjadas das \u00e1rvores Te louvam. As colinas azuis distantes Te louvam justamente com a aragem de suave perfume repleto de luz brilhante. Os insetos voltejantes Te louvam. Tamb\u00e9m o gado Te louva e as codornizes que assoviam \u00e0 dist\u00e2ncia. E [&hellip;]\" \/>\n<meta property=\"og:url\" content=\"https:\/\/www.oarcanjo.net\/site\/oracao-a-deus-pai-na-vigilia-de-pentecostes\/\" \/>\n<meta property=\"og:site_name\" content=\"O Arcanjo no ar\" \/>\n<meta property=\"article:publisher\" content=\"https:\/\/www.facebook.com\/OArcanjoNoAr\/\" \/>\n<meta property=\"article:published_time\" content=\"2009-05-30T13:12:56+00:00\" \/>\n<meta property=\"article:modified_time\" content=\"2009-05-30T13:13:28+00:00\" \/>\n<meta property=\"og:image\" content=\"https:\/\/www.oarcanjo.net\/site\/wp-content\/uploads\/logo-o-arcanjo-no-ar-facebook.png\" \/>\n\t<meta property=\"og:image:width\" content=\"300\" \/>\n\t<meta property=\"og:image:height\" content=\"300\" \/>\n\t<meta property=\"og:image:type\" content=\"image\/png\" \/>\n<meta name=\"author\" content=\"editor\" \/>\n<meta name=\"twitter:card\" content=\"summary_large_image\" \/>\n<meta name=\"twitter:label1\" content=\"Escrito por\" \/>\n\t<meta name=\"twitter:data1\" content=\"editor\" \/>\n<script type=\"application\/ld+json\" class=\"yoast-schema-graph\">{\"@context\":\"https:\/\/schema.org\",\"@graph\":[{\"@type\":\"Article\",\"@id\":\"https:\/\/www.oarcanjo.net\/site\/oracao-a-deus-pai-na-vigilia-de-pentecostes\/#article\",\"isPartOf\":{\"@id\":\"https:\/\/www.oarcanjo.net\/site\/oracao-a-deus-pai-na-vigilia-de-pentecostes\/\"},\"author\":{\"name\":\"editor\",\"@id\":\"https:\/\/www.oarcanjo.net\/site\/#\/schema\/person\/f7024d007863202483a31326673a0838\"},\"headline\":\"Ora\u00e7\u00e3o a Deus Pai na vig\u00edlia de Pentecostes\",\"datePublished\":\"2009-05-30T13:12:56+00:00\",\"dateModified\":\"2009-05-30T13:13:28+00:00\",\"mainEntityOfPage\":{\"@id\":\"https:\/\/www.oarcanjo.net\/site\/oracao-a-deus-pai-na-vigilia-de-pentecostes\/\"},\"wordCount\":102,\"commentCount\":2,\"publisher\":{\"@id\":\"https:\/\/www.oarcanjo.net\/site\/#organization\"},\"keywords\":[\"Ora\u00e7\u00f5es\",\"Pentecostes\",\"Thomas Merton\"],\"articleSection\":[\"Ora\u00e7\u00f5es\"],\"inLanguage\":\"pt-BR\",\"potentialAction\":[{\"@type\":\"CommentAction\",\"name\":\"Comment\",\"target\":[\"https:\/\/www.oarcanjo.net\/site\/oracao-a-deus-pai-na-vigilia-de-pentecostes\/#respond\"]}]},{\"@type\":\"WebPage\",\"@id\":\"https:\/\/www.oarcanjo.net\/site\/oracao-a-deus-pai-na-vigilia-de-pentecostes\/\",\"url\":\"https:\/\/www.oarcanjo.net\/site\/oracao-a-deus-pai-na-vigilia-de-pentecostes\/\",\"name\":\"Ora\u00e7\u00e3o a Deus Pai na vig\u00edlia de Pentecostes - O Arcanjo no ar\",\"isPartOf\":{\"@id\":\"https:\/\/www.oarcanjo.net\/site\/#website\"},\"datePublished\":\"2009-05-30T13:12:56+00:00\",\"dateModified\":\"2009-05-30T13:13:28+00:00\",\"breadcrumb\":{\"@id\":\"https:\/\/www.oarcanjo.net\/site\/oracao-a-deus-pai-na-vigilia-de-pentecostes\/#breadcrumb\"},\"inLanguage\":\"pt-BR\",\"potentialAction\":[{\"@type\":\"ReadAction\",\"target\":[\"https:\/\/www.oarcanjo.net\/site\/oracao-a-deus-pai-na-vigilia-de-pentecostes\/\"]}]},{\"@type\":\"BreadcrumbList\",\"@id\":\"https:\/\/www.oarcanjo.net\/site\/oracao-a-deus-pai-na-vigilia-de-pentecostes\/#breadcrumb\",\"itemListElement\":[{\"@type\":\"ListItem\",\"position\":1,\"name\":\"In\u00edcio\",\"item\":\"https:\/\/www.oarcanjo.net\/site\/\"},{\"@type\":\"ListItem\",\"position\":2,\"name\":\"Ora\u00e7\u00e3o a Deus Pai na vig\u00edlia de Pentecostes\"}]},{\"@type\":\"WebSite\",\"@id\":\"https:\/\/www.oarcanjo.net\/site\/#website\",\"url\":\"https:\/\/www.oarcanjo.net\/site\/\",\"name\":\"O Arcanjo no ar\",\"description\":\"Site da Par\u00f3quia S\u00e3o Miguel Arcanjo (Arquidiocese de SP)\",\"publisher\":{\"@id\":\"https:\/\/www.oarcanjo.net\/site\/#organization\"},\"potentialAction\":[{\"@type\":\"SearchAction\",\"target\":{\"@type\":\"EntryPoint\",\"urlTemplate\":\"https:\/\/www.oarcanjo.net\/site\/?s={search_term_string}\"},\"query-input\":{\"@type\":\"PropertyValueSpecification\",\"valueRequired\":true,\"valueName\":\"search_term_string\"}}],\"inLanguage\":\"pt-BR\"},{\"@type\":\"Organization\",\"@id\":\"https:\/\/www.oarcanjo.net\/site\/#organization\",\"name\":\"Par\u00f3quia S\u00e3o Miguel Arcanjo\",\"url\":\"https:\/\/www.oarcanjo.net\/site\/\",\"logo\":{\"@type\":\"ImageObject\",\"inLanguage\":\"pt-BR\",\"@id\":\"https:\/\/www.oarcanjo.net\/site\/#\/schema\/logo\/image\/\",\"url\":\"https:\/\/www.oarcanjo.net\/site\/wp-content\/uploads\/LogoOArcanjo.png\",\"contentUrl\":\"https:\/\/www.oarcanjo.net\/site\/wp-content\/uploads\/LogoOArcanjo.png\",\"width\":319,\"height\":99,\"caption\":\"Par\u00f3quia S\u00e3o Miguel Arcanjo\"},\"image\":{\"@id\":\"https:\/\/www.oarcanjo.net\/site\/#\/schema\/logo\/image\/\"},\"sameAs\":[\"https:\/\/www.facebook.com\/OArcanjoNoAr\/\"]},{\"@type\":\"Person\",\"@id\":\"https:\/\/www.oarcanjo.net\/site\/#\/schema\/person\/f7024d007863202483a31326673a0838\",\"name\":\"editor\",\"sameAs\":[\"http:\/\/www.oarcanjo.net\"]}]}<\/script>\n<!-- \/ Yoast SEO plugin. -->","yoast_head_json":{"title":"Ora\u00e7\u00e3o a Deus Pai na vig\u00edlia de Pentecostes - O Arcanjo no ar","robots":{"index":"index","follow":"follow","max-snippet":"max-snippet:-1","max-image-preview":"max-image-preview:large","max-video-preview":"max-video-preview:-1"},"canonical":"https:\/\/www.oarcanjo.net\/site\/oracao-a-deus-pai-na-vigilia-de-pentecostes\/","og_locale":"pt_BR","og_type":"article","og_title":"Ora\u00e7\u00e3o a Deus Pai na vig\u00edlia de Pentecostes - O Arcanjo no ar","og_description":"Thomas Merton Hoje, Pai, este c\u00e9u azul Te louva. As delicadas flores verdes e as alaranjadas das \u00e1rvores Te louvam. As colinas azuis distantes Te louvam justamente com a aragem de suave perfume repleto de luz brilhante. Os insetos voltejantes Te louvam. Tamb\u00e9m o gado Te louva e as codornizes que assoviam \u00e0 dist\u00e2ncia. E [&hellip;]","og_url":"https:\/\/www.oarcanjo.net\/site\/oracao-a-deus-pai-na-vigilia-de-pentecostes\/","og_site_name":"O Arcanjo no ar","article_publisher":"https:\/\/www.facebook.com\/OArcanjoNoAr\/","article_published_time":"2009-05-30T13:12:56+00:00","article_modified_time":"2009-05-30T13:13:28+00:00","og_image":[{"width":300,"height":300,"url":"https:\/\/www.oarcanjo.net\/site\/wp-content\/uploads\/logo-o-arcanjo-no-ar-facebook.png","type":"image\/png"}],"author":"editor","twitter_card":"summary_large_image","twitter_misc":{"Escrito por":"editor"},"schema":{"@context":"https:\/\/schema.org","@graph":[{"@type":"Article","@id":"https:\/\/www.oarcanjo.net\/site\/oracao-a-deus-pai-na-vigilia-de-pentecostes\/#article","isPartOf":{"@id":"https:\/\/www.oarcanjo.net\/site\/oracao-a-deus-pai-na-vigilia-de-pentecostes\/"},"author":{"name":"editor","@id":"https:\/\/www.oarcanjo.net\/site\/#\/schema\/person\/f7024d007863202483a31326673a0838"},"headline":"Ora\u00e7\u00e3o a Deus Pai na vig\u00edlia de Pentecostes","datePublished":"2009-05-30T13:12:56+00:00","dateModified":"2009-05-30T13:13:28+00:00","mainEntityOfPage":{"@id":"https:\/\/www.oarcanjo.net\/site\/oracao-a-deus-pai-na-vigilia-de-pentecostes\/"},"wordCount":102,"commentCount":2,"publisher":{"@id":"https:\/\/www.oarcanjo.net\/site\/#organization"},"keywords":["Ora\u00e7\u00f5es","Pentecostes","Thomas Merton"],"articleSection":["Ora\u00e7\u00f5es"],"inLanguage":"pt-BR","potentialAction":[{"@type":"CommentAction","name":"Comment","target":["https:\/\/www.oarcanjo.net\/site\/oracao-a-deus-pai-na-vigilia-de-pentecostes\/#respond"]}]},{"@type":"WebPage","@id":"https:\/\/www.oarcanjo.net\/site\/oracao-a-deus-pai-na-vigilia-de-pentecostes\/","url":"https:\/\/www.oarcanjo.net\/site\/oracao-a-deus-pai-na-vigilia-de-pentecostes\/","name":"Ora\u00e7\u00e3o a Deus Pai na vig\u00edlia de Pentecostes - O Arcanjo no ar","isPartOf":{"@id":"https:\/\/www.oarcanjo.net\/site\/#website"},"datePublished":"2009-05-30T13:12:56+00:00","dateModified":"2009-05-30T13:13:28+00:00","breadcrumb":{"@id":"https:\/\/www.oarcanjo.net\/site\/oracao-a-deus-pai-na-vigilia-de-pentecostes\/#breadcrumb"},"inLanguage":"pt-BR","potentialAction":[{"@type":"ReadAction","target":["https:\/\/www.oarcanjo.net\/site\/oracao-a-deus-pai-na-vigilia-de-pentecostes\/"]}]},{"@type":"BreadcrumbList","@id":"https:\/\/www.oarcanjo.net\/site\/oracao-a-deus-pai-na-vigilia-de-pentecostes\/#breadcrumb","itemListElement":[{"@type":"ListItem","position":1,"name":"In\u00edcio","item":"https:\/\/www.oarcanjo.net\/site\/"},{"@type":"ListItem","position":2,"name":"Ora\u00e7\u00e3o a Deus Pai na vig\u00edlia de Pentecostes"}]},{"@type":"WebSite","@id":"https:\/\/www.oarcanjo.net\/site\/#website","url":"https:\/\/www.oarcanjo.net\/site\/","name":"O Arcanjo no ar","description":"Site da Par\u00f3quia S\u00e3o Miguel Arcanjo (Arquidiocese de SP)","publisher":{"@id":"https:\/\/www.oarcanjo.net\/site\/#organization"},"potentialAction":[{"@type":"SearchAction","target":{"@type":"EntryPoint","urlTemplate":"https:\/\/www.oarcanjo.net\/site\/?s={search_term_string}"},"query-input":{"@type":"PropertyValueSpecification","valueRequired":true,"valueName":"search_term_string"}}],"inLanguage":"pt-BR"},{"@type":"Organization","@id":"https:\/\/www.oarcanjo.net\/site\/#organization","name":"Par\u00f3quia S\u00e3o Miguel Arcanjo","url":"https:\/\/www.oarcanjo.net\/site\/","logo":{"@type":"ImageObject","inLanguage":"pt-BR","@id":"https:\/\/www.oarcanjo.net\/site\/#\/schema\/logo\/image\/","url":"https:\/\/www.oarcanjo.net\/site\/wp-content\/uploads\/LogoOArcanjo.png","contentUrl":"https:\/\/www.oarcanjo.net\/site\/wp-content\/uploads\/LogoOArcanjo.png","width":319,"height":99,"caption":"Par\u00f3quia S\u00e3o Miguel Arcanjo"},"image":{"@id":"https:\/\/www.oarcanjo.net\/site\/#\/schema\/logo\/image\/"},"sameAs":["https:\/\/www.facebook.com\/OArcanjoNoAr\/"]},{"@type":"Person","@id":"https:\/\/www.oarcanjo.net\/site\/#\/schema\/person\/f7024d007863202483a31326673a0838","name":"editor","sameAs":["http:\/\/www.oarcanjo.net"]}]}},"publishpress_future_action":{"enabled":false,"date":"2026-05-07 15:58:07","action":"category","newStatus":"draft","terms":[],"taxonomy":"category"},"publishpress_future_workflow_manual_trigger":{"enabledWorkflows":[]},"_links":{"self":[{"href":"https:\/\/www.oarcanjo.net\/site\/wp-json\/wp\/v2\/posts\/3701"}],"collection":[{"href":"https:\/\/www.oarcanjo.net\/site\/wp-json\/wp\/v2\/posts"}],"about":[{"href":"https:\/\/www.oarcanjo.net\/site\/wp-json\/wp\/v2\/types\/post"}],"author":[{"embeddable":true,"href":"https:\/\/www.oarcanjo.net\/site\/wp-json\/wp\/v2\/users\/5"}],"replies":[{"embeddable":true,"href":"https:\/\/www.oarcanjo.net\/site\/wp-json\/wp\/v2\/comments?post=3701"}],"version-history":[{"count":0,"href":"https:\/\/www.oarcanjo.net\/site\/wp-json\/wp\/v2\/posts\/3701\/revisions"}],"wp:attachment":[{"href":"https:\/\/www.oarcanjo.net\/site\/wp-json\/wp\/v2\/media?parent=3701"}],"wp:term":[{"taxonomy":"category","embeddable":true,"href":"https:\/\/www.oarcanjo.net\/site\/wp-json\/wp\/v2\/categories?post=3701"},{"taxonomy":"post_tag","embeddable":true,"href":"https:\/\/www.oarcanjo.net\/site\/wp-json\/wp\/v2\/tags?post=3701"}],"curies":[{"name":"wp","href":"https:\/\/api.w.org\/{rel}","templated":true}]}}