
{"id":3706,"date":"2009-05-30T17:16:58","date_gmt":"2009-05-30T20:16:58","guid":{"rendered":"http:\/\/www.oarcanjo.net\/site\/?p=3706"},"modified":"2009-06-12T08:15:54","modified_gmt":"2009-06-12T11:15:54","slug":"recebei-o-espirito-santo","status":"publish","type":"post","link":"https:\/\/www.oarcanjo.net\/site\/recebei-o-espirito-santo\/","title":{"rendered":"Recebei o ESP\u00cdRITO SANTO !"},"content":{"rendered":"<p>Celebramos com j\u00fabilio a Solenidade de Pentecostes , a Vinda do Esp\u00edrito Santo !<br \/>\nO Nascimento da Igreja !<br \/>\nO rompimento de todas as barreiras  , o vento impetuoso que move , transforma , modifica , refaz , vivifica , inquieta e pacifica enfim age e faz caminhar , falar , anunciar e dununciar que n\u00e3o aceita a indiferen\u00e7a e queima , consome e faz caminhar !<\/p>\n<p>O Esp\u00edrito Santo \u00e9 movimento, dinamismo, entranhado na hist\u00f3ria humana, reconhecido pela discernimento, muitas vezes impercept\u00edvel, mas cheio de consequ\u00eancias, desinstala os que det\u00eam despoticamente o poder e traz a novidade que questiona e humaniza.<\/p>\n<p>O Esp\u00edrito Santo nem sempre \u00e9 f\u00e1cil de reconhecer pois despe de privil\u00e9gios e prioriza os exclu\u00eddos, sopra onde quer e ningu\u00e9m pode aprisionar.<\/p>\n<p>O Esp\u00edrito Santo garante coragem aos seguidores de JESUS em cada tempo e \u00e9poca, n\u00e3o \u00e9 imita\u00e7\u00e3o, mas novidade que atualiza, que faz contempor\u00e2neo e consequente, que grita a partir dos fracos e faz vis\u00edvel os que eram invis\u00edveis.<\/p>\n<p>A partir de Pentecostes, a comunidade dos que creem em JESUS, come\u00e7a a caminhar, a peregrinar, a vivenciar a mem\u00f3ria perigosa do CRUCUFICADO e RESSUSCITADO !<\/p>\n<p>A presen\u00e7a do ESP\u00cdRITO SANTO, que a conduz e ensina, leva \u00e0 fidelidade sem medo e comodismo, sem domesticar, n\u00e3o cala mas leva \u00e0 anunciar de modo que possa ser entendida a Defesa da Vida.<\/p>\n<p>Quando nos deixamos imbuir do ESP\u00cdRITO SANTO<br \/>\nnossa vida n\u00e3o ser\u00e1 a mesma,<br \/>\nnossos olhos passar\u00e3o a enxergar<br \/>\no que nem sempre se v\u00ea<br \/>\na n\u00e3o ser pelos olhos do Amor!<\/p>\n<p>ESP\u00cdRITO SANTO VEM!<br \/>\nVEM ILUMINAR!<br \/>\nAjuda-me a ver o que TE conv\u00e9m,<br \/>\nAM\u00c9M!<\/p>\n<hr \/>\n<p>Assista abaixo \u00e0 homilia de domingo, 31\/05\/2009 e \u00e0 Coroa\u00e7\u00e3o de Nossa Senhora:<\/p>\n<p><video style=\"width: 100%; height: auto; aspect-ratio: 480\/334; border: none; overflow: hidden;\" controls>\n                <source src=\"mms:\/\/mms.bizmedia.com.br\/bizmedia\/CoroacaoMaria20090531-final.wmv\" type=\"video\/x-ms-wmv\">\n                <source src=\"mms:\/\/mms.bizmedia.com.br\/bizmedia\/CoroacaoMaria20090531-final.wmv\" type=\"video\/wmv\">\n                Your browser does not support the video tag.\n            <\/video><\/p>\n<p><video style=\"width: 100%; height: auto; aspect-ratio: 480\/334; border: none; overflow: hidden;\" controls>\n                <source src=\"mms:\/\/mms.bizmedia.com.br\/bizmedia\/Homilia20090531-final.wmv\" type=\"video\/x-ms-wmv\">\n                <source src=\"mms:\/\/mms.bizmedia.com.br\/bizmedia\/Homilia20090531-final.wmv\" type=\"video\/wmv\">\n                Your browser does not support the video tag.\n            <\/video><\/p>\n<p>Veja as imagens do dia de Pentecostes e da Coroa\u00e7\u00e3o de Nossa Senhora:<\/p>ngg_shortcode_0_placeholder<p><em>Fotos de Carlos Beatriz, Diego e Wanderley<\/em><\/p>\n<div id=\"themify_builder_content-3706\" data-postid=\"3706\" class=\"themify_builder_content themify_builder_content-3706 themify_builder themify_builder_front\">\n\t<\/div>\n<!-- \/themify_builder_content -->","protected":false},"excerpt":{"rendered":"<p>Celebramos com j\u00fabilio a Solenidade de Pentecostes , a Vinda do Esp\u00edrito Santo ! O Nascimento da Igreja ! O rompimento de todas as barreiras , o vento impetuoso que move , transforma , modifica , refaz , vivifica , inquieta e pacifica enfim age e faz caminhar , falar , anunciar e dununciar que [&hellip;]<\/p>\n","protected":false},"author":4,"featured_media":0,"comment_status":"open","ping_status":"open","sticky":false,"template":"","format":"standard","meta":{"ngg_post_thumbnail":0,"footnotes":""},"categories":[4,475,280],"tags":[426,743],"yoast_head":"<!-- This site is optimized with the Yoast SEO plugin v23.5 - https:\/\/yoast.com\/wordpress\/plugins\/seo\/ -->\n<title>Recebei o ESP\u00cdRITO SANTO ! - O Arcanjo no ar<\/title>\n<meta name=\"robots\" content=\"index, follow, max-snippet:-1, max-image-preview:large, max-video-preview:-1\" \/>\n<link rel=\"canonical\" href=\"https:\/\/www.oarcanjo.net\/site\/recebei-o-espirito-santo\/\" \/>\n<meta property=\"og:locale\" content=\"pt_BR\" \/>\n<meta property=\"og:type\" content=\"article\" \/>\n<meta property=\"og:title\" content=\"Recebei o ESP\u00cdRITO SANTO ! - O Arcanjo no ar\" \/>\n<meta property=\"og:description\" content=\"Celebramos com j\u00fabilio a Solenidade de Pentecostes , a Vinda do Esp\u00edrito Santo ! O Nascimento da Igreja ! O rompimento de todas as barreiras , o vento impetuoso que move , transforma , modifica , refaz , vivifica , inquieta e pacifica enfim age e faz caminhar , falar , anunciar e dununciar que [&hellip;]\" \/>\n<meta property=\"og:url\" content=\"https:\/\/www.oarcanjo.net\/site\/recebei-o-espirito-santo\/\" \/>\n<meta property=\"og:site_name\" content=\"O Arcanjo no ar\" \/>\n<meta property=\"article:publisher\" content=\"https:\/\/www.facebook.com\/OArcanjoNoAr\/\" \/>\n<meta property=\"article:published_time\" content=\"2009-05-30T20:16:58+00:00\" \/>\n<meta property=\"article:modified_time\" content=\"2009-06-12T11:15:54+00:00\" \/>\n<meta property=\"og:image\" content=\"https:\/\/www.oarcanjo.net\/site\/wp-content\/uploads\/logo-o-arcanjo-no-ar-facebook.png\" \/>\n\t<meta property=\"og:image:width\" content=\"300\" \/>\n\t<meta property=\"og:image:height\" content=\"300\" \/>\n\t<meta property=\"og:image:type\" content=\"image\/png\" \/>\n<meta name=\"author\" content=\"julio\" \/>\n<meta name=\"twitter:card\" content=\"summary_large_image\" \/>\n<meta name=\"twitter:label1\" content=\"Escrito por\" \/>\n\t<meta name=\"twitter:data1\" content=\"julio\" \/>\n\t<meta name=\"twitter:label2\" content=\"Est. tempo de leitura\" \/>\n\t<meta name=\"twitter:data2\" content=\"2 minutos\" \/>\n<script type=\"application\/ld+json\" class=\"yoast-schema-graph\">{\"@context\":\"https:\/\/schema.org\",\"@graph\":[{\"@type\":\"Article\",\"@id\":\"https:\/\/www.oarcanjo.net\/site\/recebei-o-espirito-santo\/#article\",\"isPartOf\":{\"@id\":\"https:\/\/www.oarcanjo.net\/site\/recebei-o-espirito-santo\/\"},\"author\":{\"name\":\"julio\",\"@id\":\"https:\/\/www.oarcanjo.net\/site\/#\/schema\/person\/d78ea01c648c91e29c364b516767079e\"},\"headline\":\"Recebei o ESP\u00cdRITO SANTO !\",\"datePublished\":\"2009-05-30T20:16:58+00:00\",\"dateModified\":\"2009-06-12T11:15:54+00:00\",\"mainEntityOfPage\":{\"@id\":\"https:\/\/www.oarcanjo.net\/site\/recebei-o-espirito-santo\/\"},\"wordCount\":343,\"commentCount\":9,\"publisher\":{\"@id\":\"https:\/\/www.oarcanjo.net\/site\/#organization\"},\"keywords\":[\"Esp\u00edrito Santo\",\"Pentecostes\"],\"articleSection\":[\"Blog\",\"Homilias\",\"V\u00eddeos\"],\"inLanguage\":\"pt-BR\",\"potentialAction\":[{\"@type\":\"CommentAction\",\"name\":\"Comment\",\"target\":[\"https:\/\/www.oarcanjo.net\/site\/recebei-o-espirito-santo\/#respond\"]}]},{\"@type\":\"WebPage\",\"@id\":\"https:\/\/www.oarcanjo.net\/site\/recebei-o-espirito-santo\/\",\"url\":\"https:\/\/www.oarcanjo.net\/site\/recebei-o-espirito-santo\/\",\"name\":\"Recebei o ESP\u00cdRITO SANTO ! - O Arcanjo no ar\",\"isPartOf\":{\"@id\":\"https:\/\/www.oarcanjo.net\/site\/#website\"},\"datePublished\":\"2009-05-30T20:16:58+00:00\",\"dateModified\":\"2009-06-12T11:15:54+00:00\",\"breadcrumb\":{\"@id\":\"https:\/\/www.oarcanjo.net\/site\/recebei-o-espirito-santo\/#breadcrumb\"},\"inLanguage\":\"pt-BR\",\"potentialAction\":[{\"@type\":\"ReadAction\",\"target\":[\"https:\/\/www.oarcanjo.net\/site\/recebei-o-espirito-santo\/\"]}]},{\"@type\":\"BreadcrumbList\",\"@id\":\"https:\/\/www.oarcanjo.net\/site\/recebei-o-espirito-santo\/#breadcrumb\",\"itemListElement\":[{\"@type\":\"ListItem\",\"position\":1,\"name\":\"In\u00edcio\",\"item\":\"https:\/\/www.oarcanjo.net\/site\/\"},{\"@type\":\"ListItem\",\"position\":2,\"name\":\"Recebei o ESP\u00cdRITO SANTO !\"}]},{\"@type\":\"WebSite\",\"@id\":\"https:\/\/www.oarcanjo.net\/site\/#website\",\"url\":\"https:\/\/www.oarcanjo.net\/site\/\",\"name\":\"O Arcanjo no ar\",\"description\":\"Site da Par\u00f3quia S\u00e3o Miguel Arcanjo (Arquidiocese de SP)\",\"publisher\":{\"@id\":\"https:\/\/www.oarcanjo.net\/site\/#organization\"},\"potentialAction\":[{\"@type\":\"SearchAction\",\"target\":{\"@type\":\"EntryPoint\",\"urlTemplate\":\"https:\/\/www.oarcanjo.net\/site\/?s={search_term_string}\"},\"query-input\":{\"@type\":\"PropertyValueSpecification\",\"valueRequired\":true,\"valueName\":\"search_term_string\"}}],\"inLanguage\":\"pt-BR\"},{\"@type\":\"Organization\",\"@id\":\"https:\/\/www.oarcanjo.net\/site\/#organization\",\"name\":\"Par\u00f3quia S\u00e3o Miguel Arcanjo\",\"url\":\"https:\/\/www.oarcanjo.net\/site\/\",\"logo\":{\"@type\":\"ImageObject\",\"inLanguage\":\"pt-BR\",\"@id\":\"https:\/\/www.oarcanjo.net\/site\/#\/schema\/logo\/image\/\",\"url\":\"https:\/\/www.oarcanjo.net\/site\/wp-content\/uploads\/LogoOArcanjo.png\",\"contentUrl\":\"https:\/\/www.oarcanjo.net\/site\/wp-content\/uploads\/LogoOArcanjo.png\",\"width\":319,\"height\":99,\"caption\":\"Par\u00f3quia S\u00e3o Miguel Arcanjo\"},\"image\":{\"@id\":\"https:\/\/www.oarcanjo.net\/site\/#\/schema\/logo\/image\/\"},\"sameAs\":[\"https:\/\/www.facebook.com\/OArcanjoNoAr\/\"]},{\"@type\":\"Person\",\"@id\":\"https:\/\/www.oarcanjo.net\/site\/#\/schema\/person\/d78ea01c648c91e29c364b516767079e\",\"name\":\"julio\",\"sameAs\":[\"http:\/\/www.oarcanjo.net\"]}]}<\/script>\n<!-- \/ Yoast SEO plugin. -->","yoast_head_json":{"title":"Recebei o ESP\u00cdRITO SANTO ! - O Arcanjo no ar","robots":{"index":"index","follow":"follow","max-snippet":"max-snippet:-1","max-image-preview":"max-image-preview:large","max-video-preview":"max-video-preview:-1"},"canonical":"https:\/\/www.oarcanjo.net\/site\/recebei-o-espirito-santo\/","og_locale":"pt_BR","og_type":"article","og_title":"Recebei o ESP\u00cdRITO SANTO ! - O Arcanjo no ar","og_description":"Celebramos com j\u00fabilio a Solenidade de Pentecostes , a Vinda do Esp\u00edrito Santo ! O Nascimento da Igreja ! O rompimento de todas as barreiras , o vento impetuoso que move , transforma , modifica , refaz , vivifica , inquieta e pacifica enfim age e faz caminhar , falar , anunciar e dununciar que [&hellip;]","og_url":"https:\/\/www.oarcanjo.net\/site\/recebei-o-espirito-santo\/","og_site_name":"O Arcanjo no ar","article_publisher":"https:\/\/www.facebook.com\/OArcanjoNoAr\/","article_published_time":"2009-05-30T20:16:58+00:00","article_modified_time":"2009-06-12T11:15:54+00:00","og_image":[{"width":300,"height":300,"url":"https:\/\/www.oarcanjo.net\/site\/wp-content\/uploads\/logo-o-arcanjo-no-ar-facebook.png","type":"image\/png"}],"author":"julio","twitter_card":"summary_large_image","twitter_misc":{"Escrito por":"julio","Est. tempo de leitura":"2 minutos"},"schema":{"@context":"https:\/\/schema.org","@graph":[{"@type":"Article","@id":"https:\/\/www.oarcanjo.net\/site\/recebei-o-espirito-santo\/#article","isPartOf":{"@id":"https:\/\/www.oarcanjo.net\/site\/recebei-o-espirito-santo\/"},"author":{"name":"julio","@id":"https:\/\/www.oarcanjo.net\/site\/#\/schema\/person\/d78ea01c648c91e29c364b516767079e"},"headline":"Recebei o ESP\u00cdRITO SANTO !","datePublished":"2009-05-30T20:16:58+00:00","dateModified":"2009-06-12T11:15:54+00:00","mainEntityOfPage":{"@id":"https:\/\/www.oarcanjo.net\/site\/recebei-o-espirito-santo\/"},"wordCount":343,"commentCount":9,"publisher":{"@id":"https:\/\/www.oarcanjo.net\/site\/#organization"},"keywords":["Esp\u00edrito Santo","Pentecostes"],"articleSection":["Blog","Homilias","V\u00eddeos"],"inLanguage":"pt-BR","potentialAction":[{"@type":"CommentAction","name":"Comment","target":["https:\/\/www.oarcanjo.net\/site\/recebei-o-espirito-santo\/#respond"]}]},{"@type":"WebPage","@id":"https:\/\/www.oarcanjo.net\/site\/recebei-o-espirito-santo\/","url":"https:\/\/www.oarcanjo.net\/site\/recebei-o-espirito-santo\/","name":"Recebei o ESP\u00cdRITO SANTO ! - O Arcanjo no ar","isPartOf":{"@id":"https:\/\/www.oarcanjo.net\/site\/#website"},"datePublished":"2009-05-30T20:16:58+00:00","dateModified":"2009-06-12T11:15:54+00:00","breadcrumb":{"@id":"https:\/\/www.oarcanjo.net\/site\/recebei-o-espirito-santo\/#breadcrumb"},"inLanguage":"pt-BR","potentialAction":[{"@type":"ReadAction","target":["https:\/\/www.oarcanjo.net\/site\/recebei-o-espirito-santo\/"]}]},{"@type":"BreadcrumbList","@id":"https:\/\/www.oarcanjo.net\/site\/recebei-o-espirito-santo\/#breadcrumb","itemListElement":[{"@type":"ListItem","position":1,"name":"In\u00edcio","item":"https:\/\/www.oarcanjo.net\/site\/"},{"@type":"ListItem","position":2,"name":"Recebei o ESP\u00cdRITO SANTO !"}]},{"@type":"WebSite","@id":"https:\/\/www.oarcanjo.net\/site\/#website","url":"https:\/\/www.oarcanjo.net\/site\/","name":"O Arcanjo no ar","description":"Site da Par\u00f3quia S\u00e3o Miguel Arcanjo (Arquidiocese de SP)","publisher":{"@id":"https:\/\/www.oarcanjo.net\/site\/#organization"},"potentialAction":[{"@type":"SearchAction","target":{"@type":"EntryPoint","urlTemplate":"https:\/\/www.oarcanjo.net\/site\/?s={search_term_string}"},"query-input":{"@type":"PropertyValueSpecification","valueRequired":true,"valueName":"search_term_string"}}],"inLanguage":"pt-BR"},{"@type":"Organization","@id":"https:\/\/www.oarcanjo.net\/site\/#organization","name":"Par\u00f3quia S\u00e3o Miguel Arcanjo","url":"https:\/\/www.oarcanjo.net\/site\/","logo":{"@type":"ImageObject","inLanguage":"pt-BR","@id":"https:\/\/www.oarcanjo.net\/site\/#\/schema\/logo\/image\/","url":"https:\/\/www.oarcanjo.net\/site\/wp-content\/uploads\/LogoOArcanjo.png","contentUrl":"https:\/\/www.oarcanjo.net\/site\/wp-content\/uploads\/LogoOArcanjo.png","width":319,"height":99,"caption":"Par\u00f3quia S\u00e3o Miguel Arcanjo"},"image":{"@id":"https:\/\/www.oarcanjo.net\/site\/#\/schema\/logo\/image\/"},"sameAs":["https:\/\/www.facebook.com\/OArcanjoNoAr\/"]},{"@type":"Person","@id":"https:\/\/www.oarcanjo.net\/site\/#\/schema\/person\/d78ea01c648c91e29c364b516767079e","name":"julio","sameAs":["http:\/\/www.oarcanjo.net"]}]}},"publishpress_future_action":{"enabled":false,"date":"2026-05-08 22:29:29","action":"category","newStatus":"draft","terms":[],"taxonomy":"category"},"publishpress_future_workflow_manual_trigger":{"enabledWorkflows":[]},"_links":{"self":[{"href":"https:\/\/www.oarcanjo.net\/site\/wp-json\/wp\/v2\/posts\/3706"}],"collection":[{"href":"https:\/\/www.oarcanjo.net\/site\/wp-json\/wp\/v2\/posts"}],"about":[{"href":"https:\/\/www.oarcanjo.net\/site\/wp-json\/wp\/v2\/types\/post"}],"author":[{"embeddable":true,"href":"https:\/\/www.oarcanjo.net\/site\/wp-json\/wp\/v2\/users\/4"}],"replies":[{"embeddable":true,"href":"https:\/\/www.oarcanjo.net\/site\/wp-json\/wp\/v2\/comments?post=3706"}],"version-history":[{"count":0,"href":"https:\/\/www.oarcanjo.net\/site\/wp-json\/wp\/v2\/posts\/3706\/revisions"}],"wp:attachment":[{"href":"https:\/\/www.oarcanjo.net\/site\/wp-json\/wp\/v2\/media?parent=3706"}],"wp:term":[{"taxonomy":"category","embeddable":true,"href":"https:\/\/www.oarcanjo.net\/site\/wp-json\/wp\/v2\/categories?post=3706"},{"taxonomy":"post_tag","embeddable":true,"href":"https:\/\/www.oarcanjo.net\/site\/wp-json\/wp\/v2\/tags?post=3706"}],"curies":[{"name":"wp","href":"https:\/\/api.w.org\/{rel}","templated":true}]}}