
{"id":3712,"date":"2009-05-30T18:43:50","date_gmt":"2009-05-30T21:43:50","guid":{"rendered":"http:\/\/www.oarcanjo.net\/site\/?p=3712"},"modified":"2009-05-30T18:43:50","modified_gmt":"2009-05-30T21:43:50","slug":"papa-deplora-ataques-contra-cristaos-na-india","status":"publish","type":"post","link":"https:\/\/www.oarcanjo.net\/site\/papa-deplora-ataques-contra-cristaos-na-india\/","title":{"rendered":"Papa deplora ataques contra crist\u00e3os na \u00cdndia"},"content":{"rendered":"<p>CIDADE DO VATICANO, sexta-feira, 29 de maio de 2009 (ZENIT.org) &#8211; Bento XVI deplorou nesta sexta-feira os ataques contra os crist\u00e3os em v\u00e1rias regi\u00f5es da \u00cdndia, no discurso que dirigiu ao novo embaixador desse pa\u00eds na Santa S\u00e9. &#8220;Uno-me aos respons\u00e1veis religiosos e governamentais de todo o mundo que compartilham o desejo comum de que todos os membros da fam\u00edlia humana desfrutem da liberdade de praticar sua religi\u00e3o e participem da vida c\u00edvica sem medo das repercuss\u00f5es negativas em virtude de suas cren\u00e7as&#8221;, disse o Papa em seu discurso \u00e0 embaixadora Chitra Narayanan. <\/p>\n<p>&#8220;N\u00e3o posso deixar de expressar minha profunda preocupa\u00e7\u00e3o pelos crist\u00e3os que foram v\u00edtimas de explos\u00f5es de viol\u00eancia em certas regi\u00f5es no interior de vossas fronteiras&#8221;, acrescentou. <\/p>\n<p>O pont\u00edfice reconheceu os esfor\u00e7os aplicados pelo pa\u00eds para &#8220;oferecer \u00e0s v\u00edtimas teto e ajuda, aux\u00edlio e reinser\u00e7\u00e3o&#8221;. <\/p>\n<p>Desta forma, pediu que se realizem as &#8220;investiga\u00e7\u00f5es criminosas&#8221; necess\u00e1rias e &#8220;processos judiciais justos para resolver estas quest\u00f5es&#8221;. <\/p>\n<p>&#8220;Fa\u00e7o um convite a todos a respeitarem a dignidade humana, rejeitando o \u00f3dio e renunciando \u00e0 viol\u00eancia em todas as suas formas.&#8221;<\/p>\n<p>Os crist\u00e3os da \u00cdndia, particularmente no Estado de Orissa, foram v\u00edtimas de uma selvagem onda de viol\u00eancia desde 24 de agosto de 2008, que se estendeu durante o outono. <\/p>\n<p>A partir desse dia, os ataques de fundamentalistas hindus provocaram a fuga de 10 mil fam\u00edlias de suas casas, cerca de 54 mil pessoas. Segundo fontes da C\u00e1ritas diocesana de Bhubaneswar, capital do Estado de Orissa, os mortos seriam 80; segundo o governo local, cerca de 40. <\/p>\n<p>Mais de 5 mil casas foram devastadas ou queimadas, em uma campanha de ataques que se estendeu por 392 povos. As igrejas cat\u00f3licas e protestantes afetadas ou completamente destru\u00eddas foram 149. Cerca de 40 escolas e centros de catequese crist\u00e3os sofreram danos. <\/p>\n<p>Segundo o Papa explicou \u00e0 embaixadora, neste ambiente, &#8220;a Igreja Cat\u00f3lica continuar\u00e1 desempenhando em seu pa\u00eds um papel de promo\u00e7\u00e3o da paz, da harmonia e da reconcilia\u00e7\u00e3o entre os disc\u00edpulos de todas as religi\u00f5es, especialmente atrav\u00e9s da educa\u00e7\u00e3o e da forma\u00e7\u00e3o nas virtudes da justi\u00e7a, da toler\u00e2ncia e da caridade&#8221;.<\/p>\n<p>Toda forma de educa\u00e7\u00e3o aut\u00eantica, declarou, busca &#8220;cultivar as virtudes morais e preparar os jovens para assumirem suas responsabilidades sociais com uma profunda sensibilidade no que \u00e9 bom, justo e nobre&#8221;. <\/p>\n<div id=\"themify_builder_content-3712\" data-postid=\"3712\" class=\"themify_builder_content themify_builder_content-3712 themify_builder themify_builder_front\">\n\t<\/div>\n<!-- \/themify_builder_content -->","protected":false},"excerpt":{"rendered":"<p>CIDADE DO VATICANO, sexta-feira, 29 de maio de 2009 (ZENIT.org) &#8211; Bento XVI deplorou nesta sexta-feira os ataques contra os crist\u00e3os em v\u00e1rias regi\u00f5es da \u00cdndia, no discurso que dirigiu ao novo embaixador desse pa\u00eds na Santa S\u00e9. &#8220;Uno-me aos respons\u00e1veis religiosos e governamentais de todo o mundo que compartilham o desejo comum de que [&hellip;]<\/p>\n","protected":false},"author":5,"featured_media":0,"comment_status":"open","ping_status":"open","sticky":false,"template":"","format":"standard","meta":{"ngg_post_thumbnail":0,"footnotes":""},"categories":[8],"tags":[206,763,157,762,34,20],"yoast_head":"<!-- This site is optimized with the Yoast SEO plugin v23.5 - https:\/\/yoast.com\/wordpress\/plugins\/seo\/ -->\n<title>Papa deplora ataques contra crist\u00e3os na \u00cdndia - O Arcanjo no ar<\/title>\n<meta name=\"robots\" content=\"index, follow, max-snippet:-1, max-image-preview:large, max-video-preview:-1\" \/>\n<link rel=\"canonical\" href=\"https:\/\/www.oarcanjo.net\/site\/papa-deplora-ataques-contra-cristaos-na-india\/\" \/>\n<meta property=\"og:locale\" content=\"pt_BR\" \/>\n<meta property=\"og:type\" content=\"article\" \/>\n<meta property=\"og:title\" content=\"Papa deplora ataques contra crist\u00e3os na \u00cdndia - O Arcanjo no ar\" \/>\n<meta property=\"og:description\" content=\"CIDADE DO VATICANO, sexta-feira, 29 de maio de 2009 (ZENIT.org) &#8211; Bento XVI deplorou nesta sexta-feira os ataques contra os crist\u00e3os em v\u00e1rias regi\u00f5es da \u00cdndia, no discurso que dirigiu ao novo embaixador desse pa\u00eds na Santa S\u00e9. &#8220;Uno-me aos respons\u00e1veis religiosos e governamentais de todo o mundo que compartilham o desejo comum de que [&hellip;]\" \/>\n<meta property=\"og:url\" content=\"https:\/\/www.oarcanjo.net\/site\/papa-deplora-ataques-contra-cristaos-na-india\/\" \/>\n<meta property=\"og:site_name\" content=\"O Arcanjo no ar\" \/>\n<meta property=\"article:publisher\" content=\"https:\/\/www.facebook.com\/OArcanjoNoAr\/\" \/>\n<meta property=\"article:published_time\" content=\"2009-05-30T21:43:50+00:00\" \/>\n<meta property=\"og:image\" content=\"https:\/\/www.oarcanjo.net\/site\/wp-content\/uploads\/logo-o-arcanjo-no-ar-facebook.png\" \/>\n\t<meta property=\"og:image:width\" content=\"300\" \/>\n\t<meta property=\"og:image:height\" content=\"300\" \/>\n\t<meta property=\"og:image:type\" content=\"image\/png\" \/>\n<meta name=\"author\" content=\"editor\" \/>\n<meta name=\"twitter:card\" content=\"summary_large_image\" \/>\n<meta name=\"twitter:label1\" content=\"Escrito por\" \/>\n\t<meta name=\"twitter:data1\" content=\"editor\" \/>\n\t<meta name=\"twitter:label2\" content=\"Est. tempo de leitura\" \/>\n\t<meta name=\"twitter:data2\" content=\"2 minutos\" \/>\n<script type=\"application\/ld+json\" class=\"yoast-schema-graph\">{\"@context\":\"https:\/\/schema.org\",\"@graph\":[{\"@type\":\"Article\",\"@id\":\"https:\/\/www.oarcanjo.net\/site\/papa-deplora-ataques-contra-cristaos-na-india\/#article\",\"isPartOf\":{\"@id\":\"https:\/\/www.oarcanjo.net\/site\/papa-deplora-ataques-contra-cristaos-na-india\/\"},\"author\":{\"name\":\"editor\",\"@id\":\"https:\/\/www.oarcanjo.net\/site\/#\/schema\/person\/f7024d007863202483a31326673a0838\"},\"headline\":\"Papa deplora ataques contra crist\u00e3os na \u00cdndia\",\"datePublished\":\"2009-05-30T21:43:50+00:00\",\"dateModified\":\"2009-05-30T21:43:50+00:00\",\"mainEntityOfPage\":{\"@id\":\"https:\/\/www.oarcanjo.net\/site\/papa-deplora-ataques-contra-cristaos-na-india\/\"},\"wordCount\":418,\"commentCount\":0,\"publisher\":{\"@id\":\"https:\/\/www.oarcanjo.net\/site\/#organization\"},\"keywords\":[\"Bento XVI\",\"\u00cdndia\",\"papa\",\"persegui\u00e7\u00e3o religiosa\",\"vaticano\",\"viol\u00eancia\"],\"articleSection\":[\"Not\u00edcias\"],\"inLanguage\":\"pt-BR\",\"potentialAction\":[{\"@type\":\"CommentAction\",\"name\":\"Comment\",\"target\":[\"https:\/\/www.oarcanjo.net\/site\/papa-deplora-ataques-contra-cristaos-na-india\/#respond\"]}]},{\"@type\":\"WebPage\",\"@id\":\"https:\/\/www.oarcanjo.net\/site\/papa-deplora-ataques-contra-cristaos-na-india\/\",\"url\":\"https:\/\/www.oarcanjo.net\/site\/papa-deplora-ataques-contra-cristaos-na-india\/\",\"name\":\"Papa deplora ataques contra crist\u00e3os na \u00cdndia - O Arcanjo no ar\",\"isPartOf\":{\"@id\":\"https:\/\/www.oarcanjo.net\/site\/#website\"},\"datePublished\":\"2009-05-30T21:43:50+00:00\",\"dateModified\":\"2009-05-30T21:43:50+00:00\",\"breadcrumb\":{\"@id\":\"https:\/\/www.oarcanjo.net\/site\/papa-deplora-ataques-contra-cristaos-na-india\/#breadcrumb\"},\"inLanguage\":\"pt-BR\",\"potentialAction\":[{\"@type\":\"ReadAction\",\"target\":[\"https:\/\/www.oarcanjo.net\/site\/papa-deplora-ataques-contra-cristaos-na-india\/\"]}]},{\"@type\":\"BreadcrumbList\",\"@id\":\"https:\/\/www.oarcanjo.net\/site\/papa-deplora-ataques-contra-cristaos-na-india\/#breadcrumb\",\"itemListElement\":[{\"@type\":\"ListItem\",\"position\":1,\"name\":\"In\u00edcio\",\"item\":\"https:\/\/www.oarcanjo.net\/site\/\"},{\"@type\":\"ListItem\",\"position\":2,\"name\":\"Papa deplora ataques contra crist\u00e3os na \u00cdndia\"}]},{\"@type\":\"WebSite\",\"@id\":\"https:\/\/www.oarcanjo.net\/site\/#website\",\"url\":\"https:\/\/www.oarcanjo.net\/site\/\",\"name\":\"O Arcanjo no ar\",\"description\":\"Site da Par\u00f3quia S\u00e3o Miguel Arcanjo (Arquidiocese de SP)\",\"publisher\":{\"@id\":\"https:\/\/www.oarcanjo.net\/site\/#organization\"},\"potentialAction\":[{\"@type\":\"SearchAction\",\"target\":{\"@type\":\"EntryPoint\",\"urlTemplate\":\"https:\/\/www.oarcanjo.net\/site\/?s={search_term_string}\"},\"query-input\":{\"@type\":\"PropertyValueSpecification\",\"valueRequired\":true,\"valueName\":\"search_term_string\"}}],\"inLanguage\":\"pt-BR\"},{\"@type\":\"Organization\",\"@id\":\"https:\/\/www.oarcanjo.net\/site\/#organization\",\"name\":\"Par\u00f3quia S\u00e3o Miguel Arcanjo\",\"url\":\"https:\/\/www.oarcanjo.net\/site\/\",\"logo\":{\"@type\":\"ImageObject\",\"inLanguage\":\"pt-BR\",\"@id\":\"https:\/\/www.oarcanjo.net\/site\/#\/schema\/logo\/image\/\",\"url\":\"https:\/\/www.oarcanjo.net\/site\/wp-content\/uploads\/LogoOArcanjo.png\",\"contentUrl\":\"https:\/\/www.oarcanjo.net\/site\/wp-content\/uploads\/LogoOArcanjo.png\",\"width\":319,\"height\":99,\"caption\":\"Par\u00f3quia S\u00e3o Miguel Arcanjo\"},\"image\":{\"@id\":\"https:\/\/www.oarcanjo.net\/site\/#\/schema\/logo\/image\/\"},\"sameAs\":[\"https:\/\/www.facebook.com\/OArcanjoNoAr\/\"]},{\"@type\":\"Person\",\"@id\":\"https:\/\/www.oarcanjo.net\/site\/#\/schema\/person\/f7024d007863202483a31326673a0838\",\"name\":\"editor\",\"sameAs\":[\"http:\/\/www.oarcanjo.net\"]}]}<\/script>\n<!-- \/ Yoast SEO plugin. -->","yoast_head_json":{"title":"Papa deplora ataques contra crist\u00e3os na \u00cdndia - O Arcanjo no ar","robots":{"index":"index","follow":"follow","max-snippet":"max-snippet:-1","max-image-preview":"max-image-preview:large","max-video-preview":"max-video-preview:-1"},"canonical":"https:\/\/www.oarcanjo.net\/site\/papa-deplora-ataques-contra-cristaos-na-india\/","og_locale":"pt_BR","og_type":"article","og_title":"Papa deplora ataques contra crist\u00e3os na \u00cdndia - O Arcanjo no ar","og_description":"CIDADE DO VATICANO, sexta-feira, 29 de maio de 2009 (ZENIT.org) &#8211; Bento XVI deplorou nesta sexta-feira os ataques contra os crist\u00e3os em v\u00e1rias regi\u00f5es da \u00cdndia, no discurso que dirigiu ao novo embaixador desse pa\u00eds na Santa S\u00e9. &#8220;Uno-me aos respons\u00e1veis religiosos e governamentais de todo o mundo que compartilham o desejo comum de que [&hellip;]","og_url":"https:\/\/www.oarcanjo.net\/site\/papa-deplora-ataques-contra-cristaos-na-india\/","og_site_name":"O Arcanjo no ar","article_publisher":"https:\/\/www.facebook.com\/OArcanjoNoAr\/","article_published_time":"2009-05-30T21:43:50+00:00","og_image":[{"width":300,"height":300,"url":"https:\/\/www.oarcanjo.net\/site\/wp-content\/uploads\/logo-o-arcanjo-no-ar-facebook.png","type":"image\/png"}],"author":"editor","twitter_card":"summary_large_image","twitter_misc":{"Escrito por":"editor","Est. tempo de leitura":"2 minutos"},"schema":{"@context":"https:\/\/schema.org","@graph":[{"@type":"Article","@id":"https:\/\/www.oarcanjo.net\/site\/papa-deplora-ataques-contra-cristaos-na-india\/#article","isPartOf":{"@id":"https:\/\/www.oarcanjo.net\/site\/papa-deplora-ataques-contra-cristaos-na-india\/"},"author":{"name":"editor","@id":"https:\/\/www.oarcanjo.net\/site\/#\/schema\/person\/f7024d007863202483a31326673a0838"},"headline":"Papa deplora ataques contra crist\u00e3os na \u00cdndia","datePublished":"2009-05-30T21:43:50+00:00","dateModified":"2009-05-30T21:43:50+00:00","mainEntityOfPage":{"@id":"https:\/\/www.oarcanjo.net\/site\/papa-deplora-ataques-contra-cristaos-na-india\/"},"wordCount":418,"commentCount":0,"publisher":{"@id":"https:\/\/www.oarcanjo.net\/site\/#organization"},"keywords":["Bento XVI","\u00cdndia","papa","persegui\u00e7\u00e3o religiosa","vaticano","viol\u00eancia"],"articleSection":["Not\u00edcias"],"inLanguage":"pt-BR","potentialAction":[{"@type":"CommentAction","name":"Comment","target":["https:\/\/www.oarcanjo.net\/site\/papa-deplora-ataques-contra-cristaos-na-india\/#respond"]}]},{"@type":"WebPage","@id":"https:\/\/www.oarcanjo.net\/site\/papa-deplora-ataques-contra-cristaos-na-india\/","url":"https:\/\/www.oarcanjo.net\/site\/papa-deplora-ataques-contra-cristaos-na-india\/","name":"Papa deplora ataques contra crist\u00e3os na \u00cdndia - O Arcanjo no ar","isPartOf":{"@id":"https:\/\/www.oarcanjo.net\/site\/#website"},"datePublished":"2009-05-30T21:43:50+00:00","dateModified":"2009-05-30T21:43:50+00:00","breadcrumb":{"@id":"https:\/\/www.oarcanjo.net\/site\/papa-deplora-ataques-contra-cristaos-na-india\/#breadcrumb"},"inLanguage":"pt-BR","potentialAction":[{"@type":"ReadAction","target":["https:\/\/www.oarcanjo.net\/site\/papa-deplora-ataques-contra-cristaos-na-india\/"]}]},{"@type":"BreadcrumbList","@id":"https:\/\/www.oarcanjo.net\/site\/papa-deplora-ataques-contra-cristaos-na-india\/#breadcrumb","itemListElement":[{"@type":"ListItem","position":1,"name":"In\u00edcio","item":"https:\/\/www.oarcanjo.net\/site\/"},{"@type":"ListItem","position":2,"name":"Papa deplora ataques contra crist\u00e3os na \u00cdndia"}]},{"@type":"WebSite","@id":"https:\/\/www.oarcanjo.net\/site\/#website","url":"https:\/\/www.oarcanjo.net\/site\/","name":"O Arcanjo no ar","description":"Site da Par\u00f3quia S\u00e3o Miguel Arcanjo (Arquidiocese de SP)","publisher":{"@id":"https:\/\/www.oarcanjo.net\/site\/#organization"},"potentialAction":[{"@type":"SearchAction","target":{"@type":"EntryPoint","urlTemplate":"https:\/\/www.oarcanjo.net\/site\/?s={search_term_string}"},"query-input":{"@type":"PropertyValueSpecification","valueRequired":true,"valueName":"search_term_string"}}],"inLanguage":"pt-BR"},{"@type":"Organization","@id":"https:\/\/www.oarcanjo.net\/site\/#organization","name":"Par\u00f3quia S\u00e3o Miguel Arcanjo","url":"https:\/\/www.oarcanjo.net\/site\/","logo":{"@type":"ImageObject","inLanguage":"pt-BR","@id":"https:\/\/www.oarcanjo.net\/site\/#\/schema\/logo\/image\/","url":"https:\/\/www.oarcanjo.net\/site\/wp-content\/uploads\/LogoOArcanjo.png","contentUrl":"https:\/\/www.oarcanjo.net\/site\/wp-content\/uploads\/LogoOArcanjo.png","width":319,"height":99,"caption":"Par\u00f3quia S\u00e3o Miguel Arcanjo"},"image":{"@id":"https:\/\/www.oarcanjo.net\/site\/#\/schema\/logo\/image\/"},"sameAs":["https:\/\/www.facebook.com\/OArcanjoNoAr\/"]},{"@type":"Person","@id":"https:\/\/www.oarcanjo.net\/site\/#\/schema\/person\/f7024d007863202483a31326673a0838","name":"editor","sameAs":["http:\/\/www.oarcanjo.net"]}]}},"publishpress_future_action":{"enabled":false,"date":"2026-05-09 01:12:29","action":"category","newStatus":"draft","terms":[],"taxonomy":"category"},"publishpress_future_workflow_manual_trigger":{"enabledWorkflows":[]},"_links":{"self":[{"href":"https:\/\/www.oarcanjo.net\/site\/wp-json\/wp\/v2\/posts\/3712"}],"collection":[{"href":"https:\/\/www.oarcanjo.net\/site\/wp-json\/wp\/v2\/posts"}],"about":[{"href":"https:\/\/www.oarcanjo.net\/site\/wp-json\/wp\/v2\/types\/post"}],"author":[{"embeddable":true,"href":"https:\/\/www.oarcanjo.net\/site\/wp-json\/wp\/v2\/users\/5"}],"replies":[{"embeddable":true,"href":"https:\/\/www.oarcanjo.net\/site\/wp-json\/wp\/v2\/comments?post=3712"}],"version-history":[{"count":0,"href":"https:\/\/www.oarcanjo.net\/site\/wp-json\/wp\/v2\/posts\/3712\/revisions"}],"wp:attachment":[{"href":"https:\/\/www.oarcanjo.net\/site\/wp-json\/wp\/v2\/media?parent=3712"}],"wp:term":[{"taxonomy":"category","embeddable":true,"href":"https:\/\/www.oarcanjo.net\/site\/wp-json\/wp\/v2\/categories?post=3712"},{"taxonomy":"post_tag","embeddable":true,"href":"https:\/\/www.oarcanjo.net\/site\/wp-json\/wp\/v2\/tags?post=3712"}],"curies":[{"name":"wp","href":"https:\/\/api.w.org\/{rel}","templated":true}]}}