
{"id":3737,"date":"2009-05-31T21:57:42","date_gmt":"2009-06-01T00:57:42","guid":{"rendered":"http:\/\/www.oarcanjo.net\/site\/?p=3737"},"modified":"2009-06-12T08:35:19","modified_gmt":"2009-06-12T11:35:19","slug":"imagens-do-domingo-de-pentecostes","status":"publish","type":"post","link":"https:\/\/www.oarcanjo.net\/site\/imagens-do-domingo-de-pentecostes\/","title":{"rendered":"Imagens do domingo de Pentecostes"},"content":{"rendered":"<p>Neste domingo, 31 de maio, a comunidade celebrou Pentecostes, repetiu a tradi\u00e7\u00e3o de coroar Nossa Senhora no \u00faltimo dia do m\u00eas de Maria e os crismandos participaram de celebra\u00e7\u00e3o na Catedral da S\u00e9.<\/p>\n<p>Na Capela S\u00e3o Judas Tadeu, quanta emo\u00e7\u00e3o. Sempre estamos em ora\u00e7\u00e3o e esperando os dons do Esp\u00edrito Santo. <\/p>\n<p>A Capela estava carinhosamente decorada com flores, que nos fizeram ver que a primavera ainda n\u00e3o passou. Eram bel\u00edssimos os arranjos. Nossos agradecimentos \u00e0 Universidade S\u00e3o Judas Tadeu.<\/p>\n<p>Nossa Senhora estava rodeada de exuberantes rosas. Um colorido que enchia nossos olhos. Antes da coroa\u00e7\u00e3o, mais delicadas rosas. Os anjinhos demonstravam o carinho da comunidade com a M\u00e3e do Senhor. As velinhas acesas traziam o caminho iluminado da coroa que chegava para Nossa Senhora. <\/p>\n<p>Com a coroa\u00e7\u00e3o, a gratid\u00e3o de todos \u00e0 nossa M\u00e3e querida. Muitas l\u00e1grimas e a f\u00e9 mais fortalecida.<\/p>\n<p>A foto bem demonstra essa bel\u00edssima celebra\u00e7\u00e3o:<\/p>\n<p><img loading=\"lazy\" decoding=\"async\" src=\"http:\/\/www.oarcanjo.net\/site\/wp-content\/uploads\/coroacao-nossa-senhora-2009-01.jpg\" alt=\"Coroa\u00e7\u00e3o de Nossa Senhora 2009\" title=\"Coroa\u00e7\u00e3o de Nossa Senhora 2009\" width=\"350\" height=\"234\" \/><\/p>\n<p>Veja tamb\u00e9m as fotos da celebra\u00e7\u00e3o na igreja S\u00e3o Miguel:<\/p>\n<p><img loading=\"lazy\" decoding=\"async\" src=\"http:\/\/www.oarcanjo.net\/site\/wp-content\/uploads\/coroacao-nossa-senhora-2009-05.jpg\" alt=\"Coroa\u00e7\u00e3o de Nossa Senhora 2009\" title=\"Coroa\u00e7\u00e3o de Nossa Senhora 2009\" width=\"350\" height=\"234\" \/><\/p>\n<p><img loading=\"lazy\" decoding=\"async\" src=\"http:\/\/www.oarcanjo.net\/site\/wp-content\/uploads\/coroacao-nossa-senhora-2009-06.jpg\" alt=\"Coroa\u00e7\u00e3o de Nossa Senhora 2009\" title=\"Coroa\u00e7\u00e3o de Nossa Senhora 2009\" width=\"350\" height=\"234\" \/><\/p>\n<p><img loading=\"lazy\" decoding=\"async\" src=\"http:\/\/www.oarcanjo.net\/site\/wp-content\/uploads\/coroacao-nossa-senhora-2009-07.jpg\" alt=\"Coroa\u00e7\u00e3o de Nossa Senhora 2009\" title=\"Coroa\u00e7\u00e3o de Nossa Senhora 2009\" width=\"350\" height=\"234\" \/><\/p>\n<p><img loading=\"lazy\" decoding=\"async\" src=\"http:\/\/www.oarcanjo.net\/site\/wp-content\/uploads\/coroacao-nossa-senhora-2009-08.jpg\" alt=\"Coroa\u00e7\u00e3o de Nossa Senhora 2009\" title=\"Coroa\u00e7\u00e3o de Nossa Senhora 2009\" width=\"350\" height=\"234\" \/><\/p>\n<p><img loading=\"lazy\" decoding=\"async\" src=\"http:\/\/www.oarcanjo.net\/site\/wp-content\/uploads\/coroacao-nossa-senhora-2009-09.jpg\" alt=\"Coroa\u00e7\u00e3o de Nossa Senhora 2009\" title=\"Coroa\u00e7\u00e3o de Nossa Senhora 2009\" width=\"350\" height=\"234\" \/><\/p>\n<p><img loading=\"lazy\" decoding=\"async\" src=\"http:\/\/www.oarcanjo.net\/site\/wp-content\/uploads\/coroacao-nossa-senhora-2009-10.jpg\" alt=\"Coroa\u00e7\u00e3o de Nossa Senhora 2009\" title=\"Coroa\u00e7\u00e3o de Nossa Senhora 2009\" width=\"350\" height=\"234\" \/><\/p>\n<p><img loading=\"lazy\" decoding=\"async\" src=\"http:\/\/www.oarcanjo.net\/site\/wp-content\/uploads\/coroacao-nossa-senhora-2009-11.jpg\" alt=\"Coroa\u00e7\u00e3o de Nossa Senhora 2009\" title=\"Coroa\u00e7\u00e3o de Nossa Senhora 2009\" width=\"350\" height=\"234\" \/><\/p>\n<p><img loading=\"lazy\" decoding=\"async\" src=\"http:\/\/www.oarcanjo.net\/site\/wp-content\/uploads\/coroacao-nossa-senhora-2009-12.jpg\" alt=\"Coroa\u00e7\u00e3o de Nossa Senhora 2009\" title=\"Coroa\u00e7\u00e3o de Nossa Senhora 2009\" width=\"350\" height=\"234\" \/><\/p>\n<p><img loading=\"lazy\" decoding=\"async\" src=\"http:\/\/www.oarcanjo.net\/site\/wp-content\/uploads\/coroacao-nossa-senhora-2009-13.jpg\" alt=\"Coroa\u00e7\u00e3o de Nossa Senhora 2009\" title=\"Coroa\u00e7\u00e3o de Nossa Senhora 2009\" width=\"350\" height=\"234\" \/><\/p>\n<p><img loading=\"lazy\" decoding=\"async\" src=\"http:\/\/www.oarcanjo.net\/site\/wp-content\/uploads\/coroacao-nossa-senhora-2009-02.jpg\" alt=\"Coroa\u00e7\u00e3o de Nossa Senhora 2009\" title=\"Coroa\u00e7\u00e3o de Nossa Senhora 2009\" width=\"350\" height=\"234\" \/><\/p>\n<p><img loading=\"lazy\" decoding=\"async\" src=\"http:\/\/www.oarcanjo.net\/site\/wp-content\/uploads\/coroacao-nossa-senhora-2009-14.jpg\" alt=\"Coroa\u00e7\u00e3o de Nossa Senhora 2009\" title=\"Coroa\u00e7\u00e3o de Nossa Senhora 2009\" width=\"350\" height=\"234\" \/><\/p>\n<p>Abaixo, ainda, as fotos dos crismandos na Catedral da S\u00e9:<\/p>\n<p><img loading=\"lazy\" decoding=\"async\" src=\"http:\/\/www.oarcanjo.net\/site\/wp-content\/uploads\/coroacao-nossa-senhora-2009-032.jpg\" alt=\"Crismandos na Catedral da S\u00e9\" title=\"Crismandos na Catedral da S\u00e9\" width=\"350\" height=\"234\" \/><\/p>\n<p><img loading=\"lazy\" decoding=\"async\" src=\"http:\/\/www.oarcanjo.net\/site\/wp-content\/uploads\/coroacao-nossa-senhora-2009-04.jpg\" alt=\"Celebra\u00e7\u00e3o de Pentecostes na Catedral da S\u00e9\" title=\"Celebra\u00e7\u00e3o de Pentecostes na Catedral da S\u00e9\" width=\"350\" height=\"234\" \/><\/p>\n<p><em>Fotos de Carlos Beatriz, Diego e Wanderley.<\/em><\/p>\n<p><em>Texto adaptado de Carlos Beatriz.<\/em><\/p>\n<div id=\"themify_builder_content-3737\" data-postid=\"3737\" class=\"themify_builder_content themify_builder_content-3737 themify_builder themify_builder_front\">\n\t<\/div>\n<!-- \/themify_builder_content -->","protected":false},"excerpt":{"rendered":"<p>Neste domingo, 31 de maio, a comunidade celebrou Pentecostes, repetiu a tradi\u00e7\u00e3o de coroar Nossa Senhora no \u00faltimo dia do m\u00eas de Maria e os crismandos participaram de celebra\u00e7\u00e3o na Catedral da S\u00e9. Na Capela S\u00e3o Judas Tadeu, quanta emo\u00e7\u00e3o. Sempre estamos em ora\u00e7\u00e3o e esperando os dons do Esp\u00edrito Santo. A Capela estava carinhosamente [&hellip;]<\/p>\n","protected":false},"author":5,"featured_media":0,"comment_status":"open","ping_status":"open","sticky":false,"template":"","format":"standard","meta":{"ngg_post_thumbnail":0,"footnotes":""},"categories":[8,7],"tags":[819,142,743],"yoast_head":"<!-- This site is optimized with the Yoast SEO plugin v23.5 - https:\/\/yoast.com\/wordpress\/plugins\/seo\/ -->\n<title>Imagens do domingo de Pentecostes - O Arcanjo no ar<\/title>\n<meta name=\"robots\" content=\"index, follow, max-snippet:-1, max-image-preview:large, max-video-preview:-1\" \/>\n<link rel=\"canonical\" href=\"https:\/\/www.oarcanjo.net\/site\/imagens-do-domingo-de-pentecostes\/\" \/>\n<meta property=\"og:locale\" content=\"pt_BR\" \/>\n<meta property=\"og:type\" content=\"article\" \/>\n<meta property=\"og:title\" content=\"Imagens do domingo de Pentecostes - O Arcanjo no ar\" \/>\n<meta property=\"og:description\" content=\"Neste domingo, 31 de maio, a comunidade celebrou Pentecostes, repetiu a tradi\u00e7\u00e3o de coroar Nossa Senhora no \u00faltimo dia do m\u00eas de Maria e os crismandos participaram de celebra\u00e7\u00e3o na Catedral da S\u00e9. Na Capela S\u00e3o Judas Tadeu, quanta emo\u00e7\u00e3o. Sempre estamos em ora\u00e7\u00e3o e esperando os dons do Esp\u00edrito Santo. A Capela estava carinhosamente [&hellip;]\" \/>\n<meta property=\"og:url\" content=\"https:\/\/www.oarcanjo.net\/site\/imagens-do-domingo-de-pentecostes\/\" \/>\n<meta property=\"og:site_name\" content=\"O Arcanjo no ar\" \/>\n<meta property=\"article:publisher\" content=\"https:\/\/www.facebook.com\/OArcanjoNoAr\/\" \/>\n<meta property=\"article:published_time\" content=\"2009-06-01T00:57:42+00:00\" \/>\n<meta property=\"article:modified_time\" content=\"2009-06-12T11:35:19+00:00\" \/>\n<meta property=\"og:image\" content=\"http:\/\/www.oarcanjo.net\/site\/wp-content\/uploads\/coroacao-nossa-senhora-2009-01.jpg\" \/>\n<meta name=\"author\" content=\"editor\" \/>\n<meta name=\"twitter:card\" content=\"summary_large_image\" \/>\n<meta name=\"twitter:label1\" content=\"Escrito por\" \/>\n\t<meta name=\"twitter:data1\" content=\"editor\" \/>\n\t<meta name=\"twitter:label2\" content=\"Est. tempo de leitura\" \/>\n\t<meta name=\"twitter:data2\" content=\"1 minuto\" \/>\n<script type=\"application\/ld+json\" class=\"yoast-schema-graph\">{\"@context\":\"https:\/\/schema.org\",\"@graph\":[{\"@type\":\"Article\",\"@id\":\"https:\/\/www.oarcanjo.net\/site\/imagens-do-domingo-de-pentecostes\/#article\",\"isPartOf\":{\"@id\":\"https:\/\/www.oarcanjo.net\/site\/imagens-do-domingo-de-pentecostes\/\"},\"author\":{\"name\":\"editor\",\"@id\":\"https:\/\/www.oarcanjo.net\/site\/#\/schema\/person\/f7024d007863202483a31326673a0838\"},\"headline\":\"Imagens do domingo de Pentecostes\",\"datePublished\":\"2009-06-01T00:57:42+00:00\",\"dateModified\":\"2009-06-12T11:35:19+00:00\",\"mainEntityOfPage\":{\"@id\":\"https:\/\/www.oarcanjo.net\/site\/imagens-do-domingo-de-pentecostes\/\"},\"wordCount\":204,\"commentCount\":8,\"publisher\":{\"@id\":\"https:\/\/www.oarcanjo.net\/site\/#organization\"},\"image\":{\"@id\":\"https:\/\/www.oarcanjo.net\/site\/imagens-do-domingo-de-pentecostes\/#primaryimage\"},\"thumbnailUrl\":\"http:\/\/www.oarcanjo.net\/site\/wp-content\/uploads\/coroacao-nossa-senhora-2009-01.jpg\",\"keywords\":[\"Anjos\",\"Crisma\",\"Pentecostes\"],\"articleSection\":[\"Not\u00edcias\",\"Rosto da comunidade\"],\"inLanguage\":\"pt-BR\",\"potentialAction\":[{\"@type\":\"CommentAction\",\"name\":\"Comment\",\"target\":[\"https:\/\/www.oarcanjo.net\/site\/imagens-do-domingo-de-pentecostes\/#respond\"]}]},{\"@type\":\"WebPage\",\"@id\":\"https:\/\/www.oarcanjo.net\/site\/imagens-do-domingo-de-pentecostes\/\",\"url\":\"https:\/\/www.oarcanjo.net\/site\/imagens-do-domingo-de-pentecostes\/\",\"name\":\"Imagens do domingo de Pentecostes - O Arcanjo no ar\",\"isPartOf\":{\"@id\":\"https:\/\/www.oarcanjo.net\/site\/#website\"},\"primaryImageOfPage\":{\"@id\":\"https:\/\/www.oarcanjo.net\/site\/imagens-do-domingo-de-pentecostes\/#primaryimage\"},\"image\":{\"@id\":\"https:\/\/www.oarcanjo.net\/site\/imagens-do-domingo-de-pentecostes\/#primaryimage\"},\"thumbnailUrl\":\"http:\/\/www.oarcanjo.net\/site\/wp-content\/uploads\/coroacao-nossa-senhora-2009-01.jpg\",\"datePublished\":\"2009-06-01T00:57:42+00:00\",\"dateModified\":\"2009-06-12T11:35:19+00:00\",\"breadcrumb\":{\"@id\":\"https:\/\/www.oarcanjo.net\/site\/imagens-do-domingo-de-pentecostes\/#breadcrumb\"},\"inLanguage\":\"pt-BR\",\"potentialAction\":[{\"@type\":\"ReadAction\",\"target\":[\"https:\/\/www.oarcanjo.net\/site\/imagens-do-domingo-de-pentecostes\/\"]}]},{\"@type\":\"ImageObject\",\"inLanguage\":\"pt-BR\",\"@id\":\"https:\/\/www.oarcanjo.net\/site\/imagens-do-domingo-de-pentecostes\/#primaryimage\",\"url\":\"http:\/\/www.oarcanjo.net\/site\/wp-content\/uploads\/coroacao-nossa-senhora-2009-01.jpg\",\"contentUrl\":\"http:\/\/www.oarcanjo.net\/site\/wp-content\/uploads\/coroacao-nossa-senhora-2009-01.jpg\"},{\"@type\":\"BreadcrumbList\",\"@id\":\"https:\/\/www.oarcanjo.net\/site\/imagens-do-domingo-de-pentecostes\/#breadcrumb\",\"itemListElement\":[{\"@type\":\"ListItem\",\"position\":1,\"name\":\"In\u00edcio\",\"item\":\"https:\/\/www.oarcanjo.net\/site\/\"},{\"@type\":\"ListItem\",\"position\":2,\"name\":\"Imagens do domingo de Pentecostes\"}]},{\"@type\":\"WebSite\",\"@id\":\"https:\/\/www.oarcanjo.net\/site\/#website\",\"url\":\"https:\/\/www.oarcanjo.net\/site\/\",\"name\":\"O Arcanjo no ar\",\"description\":\"Site da Par\u00f3quia S\u00e3o Miguel Arcanjo (Arquidiocese de SP)\",\"publisher\":{\"@id\":\"https:\/\/www.oarcanjo.net\/site\/#organization\"},\"potentialAction\":[{\"@type\":\"SearchAction\",\"target\":{\"@type\":\"EntryPoint\",\"urlTemplate\":\"https:\/\/www.oarcanjo.net\/site\/?s={search_term_string}\"},\"query-input\":{\"@type\":\"PropertyValueSpecification\",\"valueRequired\":true,\"valueName\":\"search_term_string\"}}],\"inLanguage\":\"pt-BR\"},{\"@type\":\"Organization\",\"@id\":\"https:\/\/www.oarcanjo.net\/site\/#organization\",\"name\":\"Par\u00f3quia S\u00e3o Miguel Arcanjo\",\"url\":\"https:\/\/www.oarcanjo.net\/site\/\",\"logo\":{\"@type\":\"ImageObject\",\"inLanguage\":\"pt-BR\",\"@id\":\"https:\/\/www.oarcanjo.net\/site\/#\/schema\/logo\/image\/\",\"url\":\"https:\/\/www.oarcanjo.net\/site\/wp-content\/uploads\/LogoOArcanjo.png\",\"contentUrl\":\"https:\/\/www.oarcanjo.net\/site\/wp-content\/uploads\/LogoOArcanjo.png\",\"width\":319,\"height\":99,\"caption\":\"Par\u00f3quia S\u00e3o Miguel Arcanjo\"},\"image\":{\"@id\":\"https:\/\/www.oarcanjo.net\/site\/#\/schema\/logo\/image\/\"},\"sameAs\":[\"https:\/\/www.facebook.com\/OArcanjoNoAr\/\"]},{\"@type\":\"Person\",\"@id\":\"https:\/\/www.oarcanjo.net\/site\/#\/schema\/person\/f7024d007863202483a31326673a0838\",\"name\":\"editor\",\"sameAs\":[\"http:\/\/www.oarcanjo.net\"]}]}<\/script>\n<!-- \/ Yoast SEO plugin. -->","yoast_head_json":{"title":"Imagens do domingo de Pentecostes - O Arcanjo no ar","robots":{"index":"index","follow":"follow","max-snippet":"max-snippet:-1","max-image-preview":"max-image-preview:large","max-video-preview":"max-video-preview:-1"},"canonical":"https:\/\/www.oarcanjo.net\/site\/imagens-do-domingo-de-pentecostes\/","og_locale":"pt_BR","og_type":"article","og_title":"Imagens do domingo de Pentecostes - O Arcanjo no ar","og_description":"Neste domingo, 31 de maio, a comunidade celebrou Pentecostes, repetiu a tradi\u00e7\u00e3o de coroar Nossa Senhora no \u00faltimo dia do m\u00eas de Maria e os crismandos participaram de celebra\u00e7\u00e3o na Catedral da S\u00e9. Na Capela S\u00e3o Judas Tadeu, quanta emo\u00e7\u00e3o. Sempre estamos em ora\u00e7\u00e3o e esperando os dons do Esp\u00edrito Santo. A Capela estava carinhosamente [&hellip;]","og_url":"https:\/\/www.oarcanjo.net\/site\/imagens-do-domingo-de-pentecostes\/","og_site_name":"O Arcanjo no ar","article_publisher":"https:\/\/www.facebook.com\/OArcanjoNoAr\/","article_published_time":"2009-06-01T00:57:42+00:00","article_modified_time":"2009-06-12T11:35:19+00:00","og_image":[{"url":"http:\/\/www.oarcanjo.net\/site\/wp-content\/uploads\/coroacao-nossa-senhora-2009-01.jpg"}],"author":"editor","twitter_card":"summary_large_image","twitter_misc":{"Escrito por":"editor","Est. tempo de leitura":"1 minuto"},"schema":{"@context":"https:\/\/schema.org","@graph":[{"@type":"Article","@id":"https:\/\/www.oarcanjo.net\/site\/imagens-do-domingo-de-pentecostes\/#article","isPartOf":{"@id":"https:\/\/www.oarcanjo.net\/site\/imagens-do-domingo-de-pentecostes\/"},"author":{"name":"editor","@id":"https:\/\/www.oarcanjo.net\/site\/#\/schema\/person\/f7024d007863202483a31326673a0838"},"headline":"Imagens do domingo de Pentecostes","datePublished":"2009-06-01T00:57:42+00:00","dateModified":"2009-06-12T11:35:19+00:00","mainEntityOfPage":{"@id":"https:\/\/www.oarcanjo.net\/site\/imagens-do-domingo-de-pentecostes\/"},"wordCount":204,"commentCount":8,"publisher":{"@id":"https:\/\/www.oarcanjo.net\/site\/#organization"},"image":{"@id":"https:\/\/www.oarcanjo.net\/site\/imagens-do-domingo-de-pentecostes\/#primaryimage"},"thumbnailUrl":"http:\/\/www.oarcanjo.net\/site\/wp-content\/uploads\/coroacao-nossa-senhora-2009-01.jpg","keywords":["Anjos","Crisma","Pentecostes"],"articleSection":["Not\u00edcias","Rosto da comunidade"],"inLanguage":"pt-BR","potentialAction":[{"@type":"CommentAction","name":"Comment","target":["https:\/\/www.oarcanjo.net\/site\/imagens-do-domingo-de-pentecostes\/#respond"]}]},{"@type":"WebPage","@id":"https:\/\/www.oarcanjo.net\/site\/imagens-do-domingo-de-pentecostes\/","url":"https:\/\/www.oarcanjo.net\/site\/imagens-do-domingo-de-pentecostes\/","name":"Imagens do domingo de Pentecostes - O Arcanjo no ar","isPartOf":{"@id":"https:\/\/www.oarcanjo.net\/site\/#website"},"primaryImageOfPage":{"@id":"https:\/\/www.oarcanjo.net\/site\/imagens-do-domingo-de-pentecostes\/#primaryimage"},"image":{"@id":"https:\/\/www.oarcanjo.net\/site\/imagens-do-domingo-de-pentecostes\/#primaryimage"},"thumbnailUrl":"http:\/\/www.oarcanjo.net\/site\/wp-content\/uploads\/coroacao-nossa-senhora-2009-01.jpg","datePublished":"2009-06-01T00:57:42+00:00","dateModified":"2009-06-12T11:35:19+00:00","breadcrumb":{"@id":"https:\/\/www.oarcanjo.net\/site\/imagens-do-domingo-de-pentecostes\/#breadcrumb"},"inLanguage":"pt-BR","potentialAction":[{"@type":"ReadAction","target":["https:\/\/www.oarcanjo.net\/site\/imagens-do-domingo-de-pentecostes\/"]}]},{"@type":"ImageObject","inLanguage":"pt-BR","@id":"https:\/\/www.oarcanjo.net\/site\/imagens-do-domingo-de-pentecostes\/#primaryimage","url":"http:\/\/www.oarcanjo.net\/site\/wp-content\/uploads\/coroacao-nossa-senhora-2009-01.jpg","contentUrl":"http:\/\/www.oarcanjo.net\/site\/wp-content\/uploads\/coroacao-nossa-senhora-2009-01.jpg"},{"@type":"BreadcrumbList","@id":"https:\/\/www.oarcanjo.net\/site\/imagens-do-domingo-de-pentecostes\/#breadcrumb","itemListElement":[{"@type":"ListItem","position":1,"name":"In\u00edcio","item":"https:\/\/www.oarcanjo.net\/site\/"},{"@type":"ListItem","position":2,"name":"Imagens do domingo de Pentecostes"}]},{"@type":"WebSite","@id":"https:\/\/www.oarcanjo.net\/site\/#website","url":"https:\/\/www.oarcanjo.net\/site\/","name":"O Arcanjo no ar","description":"Site da Par\u00f3quia S\u00e3o Miguel Arcanjo (Arquidiocese de SP)","publisher":{"@id":"https:\/\/www.oarcanjo.net\/site\/#organization"},"potentialAction":[{"@type":"SearchAction","target":{"@type":"EntryPoint","urlTemplate":"https:\/\/www.oarcanjo.net\/site\/?s={search_term_string}"},"query-input":{"@type":"PropertyValueSpecification","valueRequired":true,"valueName":"search_term_string"}}],"inLanguage":"pt-BR"},{"@type":"Organization","@id":"https:\/\/www.oarcanjo.net\/site\/#organization","name":"Par\u00f3quia S\u00e3o Miguel Arcanjo","url":"https:\/\/www.oarcanjo.net\/site\/","logo":{"@type":"ImageObject","inLanguage":"pt-BR","@id":"https:\/\/www.oarcanjo.net\/site\/#\/schema\/logo\/image\/","url":"https:\/\/www.oarcanjo.net\/site\/wp-content\/uploads\/LogoOArcanjo.png","contentUrl":"https:\/\/www.oarcanjo.net\/site\/wp-content\/uploads\/LogoOArcanjo.png","width":319,"height":99,"caption":"Par\u00f3quia S\u00e3o Miguel Arcanjo"},"image":{"@id":"https:\/\/www.oarcanjo.net\/site\/#\/schema\/logo\/image\/"},"sameAs":["https:\/\/www.facebook.com\/OArcanjoNoAr\/"]},{"@type":"Person","@id":"https:\/\/www.oarcanjo.net\/site\/#\/schema\/person\/f7024d007863202483a31326673a0838","name":"editor","sameAs":["http:\/\/www.oarcanjo.net"]}]}},"publishpress_future_action":{"enabled":false,"date":"2026-05-06 07:35:38","action":"category","newStatus":"draft","terms":[],"taxonomy":"category"},"publishpress_future_workflow_manual_trigger":{"enabledWorkflows":[]},"_links":{"self":[{"href":"https:\/\/www.oarcanjo.net\/site\/wp-json\/wp\/v2\/posts\/3737"}],"collection":[{"href":"https:\/\/www.oarcanjo.net\/site\/wp-json\/wp\/v2\/posts"}],"about":[{"href":"https:\/\/www.oarcanjo.net\/site\/wp-json\/wp\/v2\/types\/post"}],"author":[{"embeddable":true,"href":"https:\/\/www.oarcanjo.net\/site\/wp-json\/wp\/v2\/users\/5"}],"replies":[{"embeddable":true,"href":"https:\/\/www.oarcanjo.net\/site\/wp-json\/wp\/v2\/comments?post=3737"}],"version-history":[{"count":0,"href":"https:\/\/www.oarcanjo.net\/site\/wp-json\/wp\/v2\/posts\/3737\/revisions"}],"wp:attachment":[{"href":"https:\/\/www.oarcanjo.net\/site\/wp-json\/wp\/v2\/media?parent=3737"}],"wp:term":[{"taxonomy":"category","embeddable":true,"href":"https:\/\/www.oarcanjo.net\/site\/wp-json\/wp\/v2\/categories?post=3737"},{"taxonomy":"post_tag","embeddable":true,"href":"https:\/\/www.oarcanjo.net\/site\/wp-json\/wp\/v2\/tags?post=3737"}],"curies":[{"name":"wp","href":"https:\/\/api.w.org\/{rel}","templated":true}]}}