
{"id":37496,"date":"2014-05-04T20:33:47","date_gmt":"2014-05-04T23:33:47","guid":{"rendered":"http:\/\/www.oarcanjo.net\/site\/?p=37496"},"modified":"2014-05-04T20:37:59","modified_gmt":"2014-05-04T23:37:59","slug":"comunidade-sao-miguel-arcanjo-solidaria-com-o-povo-do-haiti","status":"publish","type":"post","link":"https:\/\/www.oarcanjo.net\/site\/comunidade-sao-miguel-arcanjo-solidaria-com-o-povo-do-haiti\/","title":{"rendered":"Comunidade S\u00e3o Miguel Arcanjo solid\u00e1ria com o povo do Haiti"},"content":{"rendered":"<p>Muitas doa\u00e7\u00f5es j\u00e1 foram levadas da Comunidade\u00a0S\u00e3o Miguel Arcanjo\u00a0para a Par\u00f3quia Nossa Senhora da Paz, aqui na baixada do Glic\u00e9rio, onde est\u00e3o sendo acolhidos os haitianos que buscam aux\u00edlio no Brasil considerando sua aflitiva situa\u00e7\u00e3o no Haiti, especialmente depois do terremoto que arrasou tudo por l\u00e1. Neste domingo, mais um significativo volume de roupas, cal\u00e7ados, produtos de higiene e alimentos foram levados ap\u00f3s a missa das dez da Capela S\u00e3o Judas Tadeu. Mas falta muito e espera-se que venham outras doa\u00e7\u00f5es.<\/p>\n<p>Al\u00e9m da calorosa alegria de receber as doa\u00e7\u00f5es, vemos os volunt\u00e1rios da Cruz Vermelha selecionando as roupas. Do lado de fora da Igreja, os haitianos e sua alegria e esperan\u00e7a por um futuro melhor, nossos irm\u00e3os.<\/p>\n<p>Aqui algumas fotos ngg_shortcode_0_placeholder<\/p>\n<div id=\"themify_builder_content-37496\" data-postid=\"37496\" class=\"themify_builder_content themify_builder_content-37496 themify_builder themify_builder_front\">\n\t<\/div>\n<!-- \/themify_builder_content -->","protected":false},"excerpt":{"rendered":"<p>Muitas doa\u00e7\u00f5es j\u00e1 foram levadas da Comunidade\u00a0S\u00e3o Miguel Arcanjo\u00a0para a Par\u00f3quia Nossa Senhora da Paz, aqui na baixada do Glic\u00e9rio, onde est\u00e3o sendo acolhidos os haitianos que buscam aux\u00edlio no Brasil considerando sua aflitiva situa\u00e7\u00e3o no Haiti, especialmente depois do terremoto que arrasou tudo por l\u00e1. Neste domingo, mais um significativo volume de roupas, cal\u00e7ados, [&hellip;]<\/p>\n","protected":false},"author":10,"featured_media":0,"comment_status":"open","ping_status":"open","sticky":false,"template":"","format":"standard","meta":{"ngg_post_thumbnail":0,"footnotes":""},"categories":[8],"tags":[3059],"yoast_head":"<!-- This site is optimized with the Yoast SEO plugin v23.5 - https:\/\/yoast.com\/wordpress\/plugins\/seo\/ -->\n<title>Comunidade S\u00e3o Miguel Arcanjo solid\u00e1ria com o povo do Haiti - O Arcanjo no ar<\/title>\n<meta name=\"robots\" content=\"index, follow, max-snippet:-1, max-image-preview:large, max-video-preview:-1\" \/>\n<link rel=\"canonical\" href=\"https:\/\/www.oarcanjo.net\/site\/comunidade-sao-miguel-arcanjo-solidaria-com-o-povo-do-haiti\/\" \/>\n<meta property=\"og:locale\" content=\"pt_BR\" \/>\n<meta property=\"og:type\" content=\"article\" \/>\n<meta property=\"og:title\" content=\"Comunidade S\u00e3o Miguel Arcanjo solid\u00e1ria com o povo do Haiti - O Arcanjo no ar\" \/>\n<meta property=\"og:description\" content=\"Muitas doa\u00e7\u00f5es j\u00e1 foram levadas da Comunidade\u00a0S\u00e3o Miguel Arcanjo\u00a0para a Par\u00f3quia Nossa Senhora da Paz, aqui na baixada do Glic\u00e9rio, onde est\u00e3o sendo acolhidos os haitianos que buscam aux\u00edlio no Brasil considerando sua aflitiva situa\u00e7\u00e3o no Haiti, especialmente depois do terremoto que arrasou tudo por l\u00e1. Neste domingo, mais um significativo volume de roupas, cal\u00e7ados, [&hellip;]\" \/>\n<meta property=\"og:url\" content=\"https:\/\/www.oarcanjo.net\/site\/comunidade-sao-miguel-arcanjo-solidaria-com-o-povo-do-haiti\/\" \/>\n<meta property=\"og:site_name\" content=\"O Arcanjo no ar\" \/>\n<meta property=\"article:publisher\" content=\"https:\/\/www.facebook.com\/OArcanjoNoAr\/\" \/>\n<meta property=\"article:published_time\" content=\"2014-05-04T23:33:47+00:00\" \/>\n<meta property=\"article:modified_time\" content=\"2014-05-04T23:37:59+00:00\" \/>\n<meta property=\"og:image\" content=\"https:\/\/www.oarcanjo.net\/site\/wp-content\/uploads\/logo-o-arcanjo-no-ar-facebook.png\" \/>\n\t<meta property=\"og:image:width\" content=\"300\" \/>\n\t<meta property=\"og:image:height\" content=\"300\" \/>\n\t<meta property=\"og:image:type\" content=\"image\/png\" \/>\n<meta name=\"author\" content=\"carlos\" \/>\n<meta name=\"twitter:card\" content=\"summary_large_image\" \/>\n<meta name=\"twitter:label1\" content=\"Escrito por\" \/>\n\t<meta name=\"twitter:data1\" content=\"carlos\" \/>\n\t<meta name=\"twitter:label2\" content=\"Est. tempo de leitura\" \/>\n\t<meta name=\"twitter:data2\" content=\"1 minuto\" \/>\n<script type=\"application\/ld+json\" class=\"yoast-schema-graph\">{\"@context\":\"https:\/\/schema.org\",\"@graph\":[{\"@type\":\"Article\",\"@id\":\"https:\/\/www.oarcanjo.net\/site\/comunidade-sao-miguel-arcanjo-solidaria-com-o-povo-do-haiti\/#article\",\"isPartOf\":{\"@id\":\"https:\/\/www.oarcanjo.net\/site\/comunidade-sao-miguel-arcanjo-solidaria-com-o-povo-do-haiti\/\"},\"author\":{\"name\":\"carlos\",\"@id\":\"https:\/\/www.oarcanjo.net\/site\/#\/schema\/person\/f7870e710d8c8c30673de3a0ac2e451d\"},\"headline\":\"Comunidade S\u00e3o Miguel Arcanjo solid\u00e1ria com o povo do Haiti\",\"datePublished\":\"2014-05-04T23:33:47+00:00\",\"dateModified\":\"2014-05-04T23:37:59+00:00\",\"mainEntityOfPage\":{\"@id\":\"https:\/\/www.oarcanjo.net\/site\/comunidade-sao-miguel-arcanjo-solidaria-com-o-povo-do-haiti\/\"},\"wordCount\":152,\"commentCount\":0,\"publisher\":{\"@id\":\"https:\/\/www.oarcanjo.net\/site\/#organization\"},\"keywords\":[\"doa\u00e7\u00f5es para o povo do Haiti\"],\"articleSection\":[\"Not\u00edcias\"],\"inLanguage\":\"pt-BR\",\"potentialAction\":[{\"@type\":\"CommentAction\",\"name\":\"Comment\",\"target\":[\"https:\/\/www.oarcanjo.net\/site\/comunidade-sao-miguel-arcanjo-solidaria-com-o-povo-do-haiti\/#respond\"]}]},{\"@type\":\"WebPage\",\"@id\":\"https:\/\/www.oarcanjo.net\/site\/comunidade-sao-miguel-arcanjo-solidaria-com-o-povo-do-haiti\/\",\"url\":\"https:\/\/www.oarcanjo.net\/site\/comunidade-sao-miguel-arcanjo-solidaria-com-o-povo-do-haiti\/\",\"name\":\"Comunidade S\u00e3o Miguel Arcanjo solid\u00e1ria com o povo do Haiti - O Arcanjo no ar\",\"isPartOf\":{\"@id\":\"https:\/\/www.oarcanjo.net\/site\/#website\"},\"datePublished\":\"2014-05-04T23:33:47+00:00\",\"dateModified\":\"2014-05-04T23:37:59+00:00\",\"breadcrumb\":{\"@id\":\"https:\/\/www.oarcanjo.net\/site\/comunidade-sao-miguel-arcanjo-solidaria-com-o-povo-do-haiti\/#breadcrumb\"},\"inLanguage\":\"pt-BR\",\"potentialAction\":[{\"@type\":\"ReadAction\",\"target\":[\"https:\/\/www.oarcanjo.net\/site\/comunidade-sao-miguel-arcanjo-solidaria-com-o-povo-do-haiti\/\"]}]},{\"@type\":\"BreadcrumbList\",\"@id\":\"https:\/\/www.oarcanjo.net\/site\/comunidade-sao-miguel-arcanjo-solidaria-com-o-povo-do-haiti\/#breadcrumb\",\"itemListElement\":[{\"@type\":\"ListItem\",\"position\":1,\"name\":\"In\u00edcio\",\"item\":\"https:\/\/www.oarcanjo.net\/site\/\"},{\"@type\":\"ListItem\",\"position\":2,\"name\":\"Comunidade S\u00e3o Miguel Arcanjo solid\u00e1ria com o povo do Haiti\"}]},{\"@type\":\"WebSite\",\"@id\":\"https:\/\/www.oarcanjo.net\/site\/#website\",\"url\":\"https:\/\/www.oarcanjo.net\/site\/\",\"name\":\"O Arcanjo no ar\",\"description\":\"Site da Par\u00f3quia S\u00e3o Miguel Arcanjo (Arquidiocese de SP)\",\"publisher\":{\"@id\":\"https:\/\/www.oarcanjo.net\/site\/#organization\"},\"potentialAction\":[{\"@type\":\"SearchAction\",\"target\":{\"@type\":\"EntryPoint\",\"urlTemplate\":\"https:\/\/www.oarcanjo.net\/site\/?s={search_term_string}\"},\"query-input\":{\"@type\":\"PropertyValueSpecification\",\"valueRequired\":true,\"valueName\":\"search_term_string\"}}],\"inLanguage\":\"pt-BR\"},{\"@type\":\"Organization\",\"@id\":\"https:\/\/www.oarcanjo.net\/site\/#organization\",\"name\":\"Par\u00f3quia S\u00e3o Miguel Arcanjo\",\"url\":\"https:\/\/www.oarcanjo.net\/site\/\",\"logo\":{\"@type\":\"ImageObject\",\"inLanguage\":\"pt-BR\",\"@id\":\"https:\/\/www.oarcanjo.net\/site\/#\/schema\/logo\/image\/\",\"url\":\"https:\/\/www.oarcanjo.net\/site\/wp-content\/uploads\/LogoOArcanjo.png\",\"contentUrl\":\"https:\/\/www.oarcanjo.net\/site\/wp-content\/uploads\/LogoOArcanjo.png\",\"width\":319,\"height\":99,\"caption\":\"Par\u00f3quia S\u00e3o Miguel Arcanjo\"},\"image\":{\"@id\":\"https:\/\/www.oarcanjo.net\/site\/#\/schema\/logo\/image\/\"},\"sameAs\":[\"https:\/\/www.facebook.com\/OArcanjoNoAr\/\"]},{\"@type\":\"Person\",\"@id\":\"https:\/\/www.oarcanjo.net\/site\/#\/schema\/person\/f7870e710d8c8c30673de3a0ac2e451d\",\"name\":\"carlos\"}]}<\/script>\n<!-- \/ Yoast SEO plugin. -->","yoast_head_json":{"title":"Comunidade S\u00e3o Miguel Arcanjo solid\u00e1ria com o povo do Haiti - O Arcanjo no ar","robots":{"index":"index","follow":"follow","max-snippet":"max-snippet:-1","max-image-preview":"max-image-preview:large","max-video-preview":"max-video-preview:-1"},"canonical":"https:\/\/www.oarcanjo.net\/site\/comunidade-sao-miguel-arcanjo-solidaria-com-o-povo-do-haiti\/","og_locale":"pt_BR","og_type":"article","og_title":"Comunidade S\u00e3o Miguel Arcanjo solid\u00e1ria com o povo do Haiti - O Arcanjo no ar","og_description":"Muitas doa\u00e7\u00f5es j\u00e1 foram levadas da Comunidade\u00a0S\u00e3o Miguel Arcanjo\u00a0para a Par\u00f3quia Nossa Senhora da Paz, aqui na baixada do Glic\u00e9rio, onde est\u00e3o sendo acolhidos os haitianos que buscam aux\u00edlio no Brasil considerando sua aflitiva situa\u00e7\u00e3o no Haiti, especialmente depois do terremoto que arrasou tudo por l\u00e1. Neste domingo, mais um significativo volume de roupas, cal\u00e7ados, [&hellip;]","og_url":"https:\/\/www.oarcanjo.net\/site\/comunidade-sao-miguel-arcanjo-solidaria-com-o-povo-do-haiti\/","og_site_name":"O Arcanjo no ar","article_publisher":"https:\/\/www.facebook.com\/OArcanjoNoAr\/","article_published_time":"2014-05-04T23:33:47+00:00","article_modified_time":"2014-05-04T23:37:59+00:00","og_image":[{"width":300,"height":300,"url":"https:\/\/www.oarcanjo.net\/site\/wp-content\/uploads\/logo-o-arcanjo-no-ar-facebook.png","type":"image\/png"}],"author":"carlos","twitter_card":"summary_large_image","twitter_misc":{"Escrito por":"carlos","Est. tempo de leitura":"1 minuto"},"schema":{"@context":"https:\/\/schema.org","@graph":[{"@type":"Article","@id":"https:\/\/www.oarcanjo.net\/site\/comunidade-sao-miguel-arcanjo-solidaria-com-o-povo-do-haiti\/#article","isPartOf":{"@id":"https:\/\/www.oarcanjo.net\/site\/comunidade-sao-miguel-arcanjo-solidaria-com-o-povo-do-haiti\/"},"author":{"name":"carlos","@id":"https:\/\/www.oarcanjo.net\/site\/#\/schema\/person\/f7870e710d8c8c30673de3a0ac2e451d"},"headline":"Comunidade S\u00e3o Miguel Arcanjo solid\u00e1ria com o povo do Haiti","datePublished":"2014-05-04T23:33:47+00:00","dateModified":"2014-05-04T23:37:59+00:00","mainEntityOfPage":{"@id":"https:\/\/www.oarcanjo.net\/site\/comunidade-sao-miguel-arcanjo-solidaria-com-o-povo-do-haiti\/"},"wordCount":152,"commentCount":0,"publisher":{"@id":"https:\/\/www.oarcanjo.net\/site\/#organization"},"keywords":["doa\u00e7\u00f5es para o povo do Haiti"],"articleSection":["Not\u00edcias"],"inLanguage":"pt-BR","potentialAction":[{"@type":"CommentAction","name":"Comment","target":["https:\/\/www.oarcanjo.net\/site\/comunidade-sao-miguel-arcanjo-solidaria-com-o-povo-do-haiti\/#respond"]}]},{"@type":"WebPage","@id":"https:\/\/www.oarcanjo.net\/site\/comunidade-sao-miguel-arcanjo-solidaria-com-o-povo-do-haiti\/","url":"https:\/\/www.oarcanjo.net\/site\/comunidade-sao-miguel-arcanjo-solidaria-com-o-povo-do-haiti\/","name":"Comunidade S\u00e3o Miguel Arcanjo solid\u00e1ria com o povo do Haiti - O Arcanjo no ar","isPartOf":{"@id":"https:\/\/www.oarcanjo.net\/site\/#website"},"datePublished":"2014-05-04T23:33:47+00:00","dateModified":"2014-05-04T23:37:59+00:00","breadcrumb":{"@id":"https:\/\/www.oarcanjo.net\/site\/comunidade-sao-miguel-arcanjo-solidaria-com-o-povo-do-haiti\/#breadcrumb"},"inLanguage":"pt-BR","potentialAction":[{"@type":"ReadAction","target":["https:\/\/www.oarcanjo.net\/site\/comunidade-sao-miguel-arcanjo-solidaria-com-o-povo-do-haiti\/"]}]},{"@type":"BreadcrumbList","@id":"https:\/\/www.oarcanjo.net\/site\/comunidade-sao-miguel-arcanjo-solidaria-com-o-povo-do-haiti\/#breadcrumb","itemListElement":[{"@type":"ListItem","position":1,"name":"In\u00edcio","item":"https:\/\/www.oarcanjo.net\/site\/"},{"@type":"ListItem","position":2,"name":"Comunidade S\u00e3o Miguel Arcanjo solid\u00e1ria com o povo do Haiti"}]},{"@type":"WebSite","@id":"https:\/\/www.oarcanjo.net\/site\/#website","url":"https:\/\/www.oarcanjo.net\/site\/","name":"O Arcanjo no ar","description":"Site da Par\u00f3quia S\u00e3o Miguel Arcanjo (Arquidiocese de SP)","publisher":{"@id":"https:\/\/www.oarcanjo.net\/site\/#organization"},"potentialAction":[{"@type":"SearchAction","target":{"@type":"EntryPoint","urlTemplate":"https:\/\/www.oarcanjo.net\/site\/?s={search_term_string}"},"query-input":{"@type":"PropertyValueSpecification","valueRequired":true,"valueName":"search_term_string"}}],"inLanguage":"pt-BR"},{"@type":"Organization","@id":"https:\/\/www.oarcanjo.net\/site\/#organization","name":"Par\u00f3quia S\u00e3o Miguel Arcanjo","url":"https:\/\/www.oarcanjo.net\/site\/","logo":{"@type":"ImageObject","inLanguage":"pt-BR","@id":"https:\/\/www.oarcanjo.net\/site\/#\/schema\/logo\/image\/","url":"https:\/\/www.oarcanjo.net\/site\/wp-content\/uploads\/LogoOArcanjo.png","contentUrl":"https:\/\/www.oarcanjo.net\/site\/wp-content\/uploads\/LogoOArcanjo.png","width":319,"height":99,"caption":"Par\u00f3quia S\u00e3o Miguel Arcanjo"},"image":{"@id":"https:\/\/www.oarcanjo.net\/site\/#\/schema\/logo\/image\/"},"sameAs":["https:\/\/www.facebook.com\/OArcanjoNoAr\/"]},{"@type":"Person","@id":"https:\/\/www.oarcanjo.net\/site\/#\/schema\/person\/f7870e710d8c8c30673de3a0ac2e451d","name":"carlos"}]}},"publishpress_future_action":{"enabled":false,"date":"2026-05-07 08:33:15","action":"category","newStatus":"draft","terms":[],"taxonomy":"category"},"publishpress_future_workflow_manual_trigger":{"enabledWorkflows":[]},"_links":{"self":[{"href":"https:\/\/www.oarcanjo.net\/site\/wp-json\/wp\/v2\/posts\/37496"}],"collection":[{"href":"https:\/\/www.oarcanjo.net\/site\/wp-json\/wp\/v2\/posts"}],"about":[{"href":"https:\/\/www.oarcanjo.net\/site\/wp-json\/wp\/v2\/types\/post"}],"author":[{"embeddable":true,"href":"https:\/\/www.oarcanjo.net\/site\/wp-json\/wp\/v2\/users\/10"}],"replies":[{"embeddable":true,"href":"https:\/\/www.oarcanjo.net\/site\/wp-json\/wp\/v2\/comments?post=37496"}],"version-history":[{"count":0,"href":"https:\/\/www.oarcanjo.net\/site\/wp-json\/wp\/v2\/posts\/37496\/revisions"}],"wp:attachment":[{"href":"https:\/\/www.oarcanjo.net\/site\/wp-json\/wp\/v2\/media?parent=37496"}],"wp:term":[{"taxonomy":"category","embeddable":true,"href":"https:\/\/www.oarcanjo.net\/site\/wp-json\/wp\/v2\/categories?post=37496"},{"taxonomy":"post_tag","embeddable":true,"href":"https:\/\/www.oarcanjo.net\/site\/wp-json\/wp\/v2\/tags?post=37496"}],"curies":[{"name":"wp","href":"https:\/\/api.w.org\/{rel}","templated":true}]}}