
{"id":37499,"date":"2014-05-04T23:52:16","date_gmt":"2014-05-05T02:52:16","guid":{"rendered":"http:\/\/www.oarcanjo.net\/site\/?p=37499"},"modified":"2014-05-04T23:52:16","modified_gmt":"2014-05-05T02:52:16","slug":"video-homilia-do-pe-julio-no-3o-domingo-da-pascoa-2014","status":"publish","type":"post","link":"https:\/\/www.oarcanjo.net\/site\/video-homilia-do-pe-julio-no-3o-domingo-da-pascoa-2014\/","title":{"rendered":"V\u00cdDEO: Homilia do Pe. Julio no 3\u00ba Domingo da P\u00e1scoa 2014"},"content":{"rendered":"<p>Assista \u00e0 prega\u00e7\u00e3o do Pe. Julio Lancellotti no 3\u00ba Domingo da P\u00e1scoa, celebrado em 04\/05\/2014. No Evangelho, Lucas narra o epis\u00f3dio conhecido como os &#8220;disc\u00edpulos de Ema\u00fas&#8221;, que andaram com Jesus ressuscitado, mas s\u00f3 o reconheceram quando ele partilhou do p\u00e3o.<\/p>\n<p><iframe loading=\"lazy\" width=\"560\" height=\"315\" src=\"\/\/www.youtube.com\/embed\/dxXFMkOESYM?rel=0\" frameborder=\"0\" allowfullscreen><\/iframe><\/p>\n<p>Grava\u00e7\u00e3o realizada na missa das 18h na igreja S\u00e3o Miguel Arcanjo.<\/p>\n<div id=\"themify_builder_content-37499\" data-postid=\"37499\" class=\"themify_builder_content themify_builder_content-37499 themify_builder themify_builder_front\">\n\t<\/div>\n<!-- \/themify_builder_content -->","protected":false},"excerpt":{"rendered":"<p>Assista \u00e0 prega\u00e7\u00e3o do Pe. Julio Lancellotti no 3\u00ba Domingo da P\u00e1scoa, celebrado em 04\/05\/2014. No Evangelho, Lucas narra o epis\u00f3dio conhecido como os &#8220;disc\u00edpulos de Ema\u00fas&#8221;, que andaram com Jesus ressuscitado, mas s\u00f3 o reconheceram quando ele partilhou do p\u00e3o. Grava\u00e7\u00e3o realizada na missa das 18h na igreja S\u00e3o Miguel Arcanjo.<\/p>\n","protected":false},"author":5,"featured_media":0,"comment_status":"open","ping_status":"open","sticky":false,"template":"","format":"standard","meta":{"ngg_post_thumbnail":0,"footnotes":""},"categories":[4,475],"tags":[1550,467,242],"yoast_head":"<!-- This site is optimized with the Yoast SEO plugin v23.5 - https:\/\/yoast.com\/wordpress\/plugins\/seo\/ -->\n<title>V\u00cdDEO: Homilia do Pe. Julio no 3\u00ba Domingo da P\u00e1scoa 2014 - O Arcanjo no ar<\/title>\n<meta name=\"robots\" content=\"index, follow, max-snippet:-1, max-image-preview:large, max-video-preview:-1\" \/>\n<link rel=\"canonical\" href=\"https:\/\/www.oarcanjo.net\/site\/video-homilia-do-pe-julio-no-3o-domingo-da-pascoa-2014\/\" \/>\n<meta property=\"og:locale\" content=\"pt_BR\" \/>\n<meta property=\"og:type\" content=\"article\" \/>\n<meta property=\"og:title\" content=\"V\u00cdDEO: Homilia do Pe. Julio no 3\u00ba Domingo da P\u00e1scoa 2014 - O Arcanjo no ar\" \/>\n<meta property=\"og:description\" content=\"Assista \u00e0 prega\u00e7\u00e3o do Pe. Julio Lancellotti no 3\u00ba Domingo da P\u00e1scoa, celebrado em 04\/05\/2014. No Evangelho, Lucas narra o epis\u00f3dio conhecido como os &#8220;disc\u00edpulos de Ema\u00fas&#8221;, que andaram com Jesus ressuscitado, mas s\u00f3 o reconheceram quando ele partilhou do p\u00e3o. Grava\u00e7\u00e3o realizada na missa das 18h na igreja S\u00e3o Miguel Arcanjo.\" \/>\n<meta property=\"og:url\" content=\"https:\/\/www.oarcanjo.net\/site\/video-homilia-do-pe-julio-no-3o-domingo-da-pascoa-2014\/\" \/>\n<meta property=\"og:site_name\" content=\"O Arcanjo no ar\" \/>\n<meta property=\"article:publisher\" content=\"https:\/\/www.facebook.com\/OArcanjoNoAr\/\" \/>\n<meta property=\"article:published_time\" content=\"2014-05-05T02:52:16+00:00\" \/>\n<meta property=\"og:image\" content=\"https:\/\/www.oarcanjo.net\/site\/wp-content\/uploads\/logo-o-arcanjo-no-ar-facebook.png\" \/>\n\t<meta property=\"og:image:width\" content=\"300\" \/>\n\t<meta property=\"og:image:height\" content=\"300\" \/>\n\t<meta property=\"og:image:type\" content=\"image\/png\" \/>\n<meta name=\"author\" content=\"editor\" \/>\n<meta name=\"twitter:card\" content=\"summary_large_image\" \/>\n<meta name=\"twitter:label1\" content=\"Escrito por\" \/>\n\t<meta name=\"twitter:data1\" content=\"editor\" \/>\n<script type=\"application\/ld+json\" class=\"yoast-schema-graph\">{\"@context\":\"https:\/\/schema.org\",\"@graph\":[{\"@type\":\"Article\",\"@id\":\"https:\/\/www.oarcanjo.net\/site\/video-homilia-do-pe-julio-no-3o-domingo-da-pascoa-2014\/#article\",\"isPartOf\":{\"@id\":\"https:\/\/www.oarcanjo.net\/site\/video-homilia-do-pe-julio-no-3o-domingo-da-pascoa-2014\/\"},\"author\":{\"name\":\"editor\",\"@id\":\"https:\/\/www.oarcanjo.net\/site\/#\/schema\/person\/f7024d007863202483a31326673a0838\"},\"headline\":\"V\u00cdDEO: Homilia do Pe. Julio no 3\u00ba Domingo da P\u00e1scoa 2014\",\"datePublished\":\"2014-05-05T02:52:16+00:00\",\"dateModified\":\"2014-05-05T02:52:16+00:00\",\"mainEntityOfPage\":{\"@id\":\"https:\/\/www.oarcanjo.net\/site\/video-homilia-do-pe-julio-no-3o-domingo-da-pascoa-2014\/\"},\"wordCount\":68,\"commentCount\":2,\"publisher\":{\"@id\":\"https:\/\/www.oarcanjo.net\/site\/#organization\"},\"keywords\":[\"Ema\u00fas\",\"Jesus Ressuscitado\",\"P\u00e1scoa\"],\"articleSection\":[\"Blog\",\"Homilias\"],\"inLanguage\":\"pt-BR\",\"potentialAction\":[{\"@type\":\"CommentAction\",\"name\":\"Comment\",\"target\":[\"https:\/\/www.oarcanjo.net\/site\/video-homilia-do-pe-julio-no-3o-domingo-da-pascoa-2014\/#respond\"]}]},{\"@type\":\"WebPage\",\"@id\":\"https:\/\/www.oarcanjo.net\/site\/video-homilia-do-pe-julio-no-3o-domingo-da-pascoa-2014\/\",\"url\":\"https:\/\/www.oarcanjo.net\/site\/video-homilia-do-pe-julio-no-3o-domingo-da-pascoa-2014\/\",\"name\":\"V\u00cdDEO: Homilia do Pe. Julio no 3\u00ba Domingo da P\u00e1scoa 2014 - O Arcanjo no ar\",\"isPartOf\":{\"@id\":\"https:\/\/www.oarcanjo.net\/site\/#website\"},\"datePublished\":\"2014-05-05T02:52:16+00:00\",\"dateModified\":\"2014-05-05T02:52:16+00:00\",\"breadcrumb\":{\"@id\":\"https:\/\/www.oarcanjo.net\/site\/video-homilia-do-pe-julio-no-3o-domingo-da-pascoa-2014\/#breadcrumb\"},\"inLanguage\":\"pt-BR\",\"potentialAction\":[{\"@type\":\"ReadAction\",\"target\":[\"https:\/\/www.oarcanjo.net\/site\/video-homilia-do-pe-julio-no-3o-domingo-da-pascoa-2014\/\"]}]},{\"@type\":\"BreadcrumbList\",\"@id\":\"https:\/\/www.oarcanjo.net\/site\/video-homilia-do-pe-julio-no-3o-domingo-da-pascoa-2014\/#breadcrumb\",\"itemListElement\":[{\"@type\":\"ListItem\",\"position\":1,\"name\":\"In\u00edcio\",\"item\":\"https:\/\/www.oarcanjo.net\/site\/\"},{\"@type\":\"ListItem\",\"position\":2,\"name\":\"V\u00cdDEO: Homilia do Pe. Julio no 3\u00ba Domingo da P\u00e1scoa 2014\"}]},{\"@type\":\"WebSite\",\"@id\":\"https:\/\/www.oarcanjo.net\/site\/#website\",\"url\":\"https:\/\/www.oarcanjo.net\/site\/\",\"name\":\"O Arcanjo no ar\",\"description\":\"Site da Par\u00f3quia S\u00e3o Miguel Arcanjo (Arquidiocese de SP)\",\"publisher\":{\"@id\":\"https:\/\/www.oarcanjo.net\/site\/#organization\"},\"potentialAction\":[{\"@type\":\"SearchAction\",\"target\":{\"@type\":\"EntryPoint\",\"urlTemplate\":\"https:\/\/www.oarcanjo.net\/site\/?s={search_term_string}\"},\"query-input\":{\"@type\":\"PropertyValueSpecification\",\"valueRequired\":true,\"valueName\":\"search_term_string\"}}],\"inLanguage\":\"pt-BR\"},{\"@type\":\"Organization\",\"@id\":\"https:\/\/www.oarcanjo.net\/site\/#organization\",\"name\":\"Par\u00f3quia S\u00e3o Miguel Arcanjo\",\"url\":\"https:\/\/www.oarcanjo.net\/site\/\",\"logo\":{\"@type\":\"ImageObject\",\"inLanguage\":\"pt-BR\",\"@id\":\"https:\/\/www.oarcanjo.net\/site\/#\/schema\/logo\/image\/\",\"url\":\"https:\/\/www.oarcanjo.net\/site\/wp-content\/uploads\/LogoOArcanjo.png\",\"contentUrl\":\"https:\/\/www.oarcanjo.net\/site\/wp-content\/uploads\/LogoOArcanjo.png\",\"width\":319,\"height\":99,\"caption\":\"Par\u00f3quia S\u00e3o Miguel Arcanjo\"},\"image\":{\"@id\":\"https:\/\/www.oarcanjo.net\/site\/#\/schema\/logo\/image\/\"},\"sameAs\":[\"https:\/\/www.facebook.com\/OArcanjoNoAr\/\"]},{\"@type\":\"Person\",\"@id\":\"https:\/\/www.oarcanjo.net\/site\/#\/schema\/person\/f7024d007863202483a31326673a0838\",\"name\":\"editor\",\"sameAs\":[\"http:\/\/www.oarcanjo.net\"]}]}<\/script>\n<!-- \/ Yoast SEO plugin. -->","yoast_head_json":{"title":"V\u00cdDEO: Homilia do Pe. Julio no 3\u00ba Domingo da P\u00e1scoa 2014 - O Arcanjo no ar","robots":{"index":"index","follow":"follow","max-snippet":"max-snippet:-1","max-image-preview":"max-image-preview:large","max-video-preview":"max-video-preview:-1"},"canonical":"https:\/\/www.oarcanjo.net\/site\/video-homilia-do-pe-julio-no-3o-domingo-da-pascoa-2014\/","og_locale":"pt_BR","og_type":"article","og_title":"V\u00cdDEO: Homilia do Pe. Julio no 3\u00ba Domingo da P\u00e1scoa 2014 - O Arcanjo no ar","og_description":"Assista \u00e0 prega\u00e7\u00e3o do Pe. Julio Lancellotti no 3\u00ba Domingo da P\u00e1scoa, celebrado em 04\/05\/2014. No Evangelho, Lucas narra o epis\u00f3dio conhecido como os &#8220;disc\u00edpulos de Ema\u00fas&#8221;, que andaram com Jesus ressuscitado, mas s\u00f3 o reconheceram quando ele partilhou do p\u00e3o. Grava\u00e7\u00e3o realizada na missa das 18h na igreja S\u00e3o Miguel Arcanjo.","og_url":"https:\/\/www.oarcanjo.net\/site\/video-homilia-do-pe-julio-no-3o-domingo-da-pascoa-2014\/","og_site_name":"O Arcanjo no ar","article_publisher":"https:\/\/www.facebook.com\/OArcanjoNoAr\/","article_published_time":"2014-05-05T02:52:16+00:00","og_image":[{"width":300,"height":300,"url":"https:\/\/www.oarcanjo.net\/site\/wp-content\/uploads\/logo-o-arcanjo-no-ar-facebook.png","type":"image\/png"}],"author":"editor","twitter_card":"summary_large_image","twitter_misc":{"Escrito por":"editor"},"schema":{"@context":"https:\/\/schema.org","@graph":[{"@type":"Article","@id":"https:\/\/www.oarcanjo.net\/site\/video-homilia-do-pe-julio-no-3o-domingo-da-pascoa-2014\/#article","isPartOf":{"@id":"https:\/\/www.oarcanjo.net\/site\/video-homilia-do-pe-julio-no-3o-domingo-da-pascoa-2014\/"},"author":{"name":"editor","@id":"https:\/\/www.oarcanjo.net\/site\/#\/schema\/person\/f7024d007863202483a31326673a0838"},"headline":"V\u00cdDEO: Homilia do Pe. Julio no 3\u00ba Domingo da P\u00e1scoa 2014","datePublished":"2014-05-05T02:52:16+00:00","dateModified":"2014-05-05T02:52:16+00:00","mainEntityOfPage":{"@id":"https:\/\/www.oarcanjo.net\/site\/video-homilia-do-pe-julio-no-3o-domingo-da-pascoa-2014\/"},"wordCount":68,"commentCount":2,"publisher":{"@id":"https:\/\/www.oarcanjo.net\/site\/#organization"},"keywords":["Ema\u00fas","Jesus Ressuscitado","P\u00e1scoa"],"articleSection":["Blog","Homilias"],"inLanguage":"pt-BR","potentialAction":[{"@type":"CommentAction","name":"Comment","target":["https:\/\/www.oarcanjo.net\/site\/video-homilia-do-pe-julio-no-3o-domingo-da-pascoa-2014\/#respond"]}]},{"@type":"WebPage","@id":"https:\/\/www.oarcanjo.net\/site\/video-homilia-do-pe-julio-no-3o-domingo-da-pascoa-2014\/","url":"https:\/\/www.oarcanjo.net\/site\/video-homilia-do-pe-julio-no-3o-domingo-da-pascoa-2014\/","name":"V\u00cdDEO: Homilia do Pe. Julio no 3\u00ba Domingo da P\u00e1scoa 2014 - O Arcanjo no ar","isPartOf":{"@id":"https:\/\/www.oarcanjo.net\/site\/#website"},"datePublished":"2014-05-05T02:52:16+00:00","dateModified":"2014-05-05T02:52:16+00:00","breadcrumb":{"@id":"https:\/\/www.oarcanjo.net\/site\/video-homilia-do-pe-julio-no-3o-domingo-da-pascoa-2014\/#breadcrumb"},"inLanguage":"pt-BR","potentialAction":[{"@type":"ReadAction","target":["https:\/\/www.oarcanjo.net\/site\/video-homilia-do-pe-julio-no-3o-domingo-da-pascoa-2014\/"]}]},{"@type":"BreadcrumbList","@id":"https:\/\/www.oarcanjo.net\/site\/video-homilia-do-pe-julio-no-3o-domingo-da-pascoa-2014\/#breadcrumb","itemListElement":[{"@type":"ListItem","position":1,"name":"In\u00edcio","item":"https:\/\/www.oarcanjo.net\/site\/"},{"@type":"ListItem","position":2,"name":"V\u00cdDEO: Homilia do Pe. Julio no 3\u00ba Domingo da P\u00e1scoa 2014"}]},{"@type":"WebSite","@id":"https:\/\/www.oarcanjo.net\/site\/#website","url":"https:\/\/www.oarcanjo.net\/site\/","name":"O Arcanjo no ar","description":"Site da Par\u00f3quia S\u00e3o Miguel Arcanjo (Arquidiocese de SP)","publisher":{"@id":"https:\/\/www.oarcanjo.net\/site\/#organization"},"potentialAction":[{"@type":"SearchAction","target":{"@type":"EntryPoint","urlTemplate":"https:\/\/www.oarcanjo.net\/site\/?s={search_term_string}"},"query-input":{"@type":"PropertyValueSpecification","valueRequired":true,"valueName":"search_term_string"}}],"inLanguage":"pt-BR"},{"@type":"Organization","@id":"https:\/\/www.oarcanjo.net\/site\/#organization","name":"Par\u00f3quia S\u00e3o Miguel Arcanjo","url":"https:\/\/www.oarcanjo.net\/site\/","logo":{"@type":"ImageObject","inLanguage":"pt-BR","@id":"https:\/\/www.oarcanjo.net\/site\/#\/schema\/logo\/image\/","url":"https:\/\/www.oarcanjo.net\/site\/wp-content\/uploads\/LogoOArcanjo.png","contentUrl":"https:\/\/www.oarcanjo.net\/site\/wp-content\/uploads\/LogoOArcanjo.png","width":319,"height":99,"caption":"Par\u00f3quia S\u00e3o Miguel Arcanjo"},"image":{"@id":"https:\/\/www.oarcanjo.net\/site\/#\/schema\/logo\/image\/"},"sameAs":["https:\/\/www.facebook.com\/OArcanjoNoAr\/"]},{"@type":"Person","@id":"https:\/\/www.oarcanjo.net\/site\/#\/schema\/person\/f7024d007863202483a31326673a0838","name":"editor","sameAs":["http:\/\/www.oarcanjo.net"]}]}},"publishpress_future_action":{"enabled":false,"date":"2026-05-07 11:59:06","action":"category","newStatus":"draft","terms":[],"taxonomy":"category"},"publishpress_future_workflow_manual_trigger":{"enabledWorkflows":[]},"_links":{"self":[{"href":"https:\/\/www.oarcanjo.net\/site\/wp-json\/wp\/v2\/posts\/37499"}],"collection":[{"href":"https:\/\/www.oarcanjo.net\/site\/wp-json\/wp\/v2\/posts"}],"about":[{"href":"https:\/\/www.oarcanjo.net\/site\/wp-json\/wp\/v2\/types\/post"}],"author":[{"embeddable":true,"href":"https:\/\/www.oarcanjo.net\/site\/wp-json\/wp\/v2\/users\/5"}],"replies":[{"embeddable":true,"href":"https:\/\/www.oarcanjo.net\/site\/wp-json\/wp\/v2\/comments?post=37499"}],"version-history":[{"count":0,"href":"https:\/\/www.oarcanjo.net\/site\/wp-json\/wp\/v2\/posts\/37499\/revisions"}],"wp:attachment":[{"href":"https:\/\/www.oarcanjo.net\/site\/wp-json\/wp\/v2\/media?parent=37499"}],"wp:term":[{"taxonomy":"category","embeddable":true,"href":"https:\/\/www.oarcanjo.net\/site\/wp-json\/wp\/v2\/categories?post=37499"},{"taxonomy":"post_tag","embeddable":true,"href":"https:\/\/www.oarcanjo.net\/site\/wp-json\/wp\/v2\/tags?post=37499"}],"curies":[{"name":"wp","href":"https:\/\/api.w.org\/{rel}","templated":true}]}}