
{"id":37502,"date":"2014-05-05T00:14:27","date_gmt":"2014-05-05T03:14:27","guid":{"rendered":"http:\/\/www.oarcanjo.net\/site\/?p=37502"},"modified":"2014-05-05T00:23:46","modified_gmt":"2014-05-05T03:23:46","slug":"papa-francisco-pede-apoio-a-campanha-contra-a-fome-no-mundo","status":"publish","type":"post","link":"https:\/\/www.oarcanjo.net\/site\/papa-francisco-pede-apoio-a-campanha-contra-a-fome-no-mundo\/","title":{"rendered":"Papa Francisco pede apoio \u00e0 campanha contra a fome no mundo"},"content":{"rendered":"<p><img loading=\"lazy\" decoding=\"async\" class=\"alignnone size-full wp-image-23965\" src=\"http:\/\/www.oarcanjo.net\/site\/wp-content\/uploads\/banner-combate-a-fome-dezembro-2013.jpg\" alt=\"Campanha Mundial de combate \u00e0 fome\" width=\"600\" height=\"250\" srcset=\"https:\/\/www.oarcanjo.net\/site\/wp-content\/uploads\/banner-combate-a-fome-dezembro-2013.jpg 600w, https:\/\/www.oarcanjo.net\/site\/wp-content\/uploads\/banner-combate-a-fome-dezembro-2013-300x125.jpg 300w\" sizes=\"(max-width: 600px) 100vw, 600px\" \/><\/p>\n<p>O Papa Francisco voltou a destacar neste per\u00edodo de P\u00e1scoa a campanha &#8220;<strong>Uma fam\u00edlia humana, p\u00e3o e justi\u00e7a para todas as pessoas<\/strong>&#8220;, lan\u00e7ada no Dia dos Direitos Humanos. A campanha \u00e9 realizada pela <strong>C\u00e1ritas Internacional<\/strong> e pretende combater a fome, a mis\u00e9ria e as desigualdades no mundo.<\/p>\n<p>Para conhecer melhor as a\u00e7\u00f5es, os motivos, a ora\u00e7\u00e3o e reflex\u00e3o pastoral e ver como ajudar, visite o site <a title=\"Campanha da C\u00e1ritas\" href=\"http:\/\/caritas.org.br\/campanha-mundial\" target=\"_blank\">caritas.org.br\/campanha-mundial<\/a>. Leia tamb\u00e9m as not\u00edcias publicadas nO Arcanjo sobre o <a href=\"http:\/\/www.oarcanjo.net\/site\/index.php\/noticias\/igreja-lanca-campanha-mundial-contra-a-fome-e-a-pobreza\/\" target=\"_blank\">lan\u00e7amento da campanha<\/a> e a <a href=\"http:\/\/www.oarcanjo.net\/site\/index.php\/noticias\/papa-pede-a-erradicacao-do-escandalo-da-fome\/\" target=\"_blank\">mensagem do Papa<\/a>.<\/p>\n<p>No final da missa de domingo, 04\/05, o Pe. Julio apresentou alguns n\u00fameros da desigualdade e convidou a comunidade a se engajar nessa luta.<\/p>\n<p>Veja outras informa\u00e7\u00f5es nos avisos da semana:<\/p>\n<p><iframe loading=\"lazy\" frameborder=\"0\" height=\"315\" src=\"\/\/www.youtube.com\/embed\/9BgPGyoVGK4?rel=0\" width=\"560\"><\/iframe><\/p>\n<p>Grava\u00e7\u00e3o realizada na missa das 18h na igreja Sao Miguel Arcanjo.<\/p>\n<div id=\"themify_builder_content-37502\" data-postid=\"37502\" class=\"themify_builder_content themify_builder_content-37502 themify_builder themify_builder_front\">\n\t<\/div>\n<!-- \/themify_builder_content -->","protected":false},"excerpt":{"rendered":"<p>O Papa Francisco voltou a destacar neste per\u00edodo de P\u00e1scoa a campanha &#8220;Uma fam\u00edlia humana, p\u00e3o e justi\u00e7a para todas as pessoas&#8220;, lan\u00e7ada no Dia dos Direitos Humanos. A campanha \u00e9 realizada pela C\u00e1ritas Internacional e pretende combater a fome, a mis\u00e9ria e as desigualdades no mundo. Para conhecer melhor as a\u00e7\u00f5es, os motivos, a [&hellip;]<\/p>\n","protected":false},"author":5,"featured_media":0,"comment_status":"open","ping_status":"open","sticky":false,"template":"","format":"standard","meta":{"ngg_post_thumbnail":0,"footnotes":""},"categories":[476,8],"tags":[3061,90,142,1404,3060,240,2433,88],"yoast_head":"<!-- This site is optimized with the Yoast SEO plugin v23.5 - https:\/\/yoast.com\/wordpress\/plugins\/seo\/ -->\n<title>Papa Francisco pede apoio \u00e0 campanha contra a fome no mundo - O Arcanjo no ar<\/title>\n<meta name=\"robots\" content=\"index, follow, max-snippet:-1, max-image-preview:large, max-video-preview:-1\" \/>\n<link rel=\"canonical\" href=\"https:\/\/www.oarcanjo.net\/site\/papa-francisco-pede-apoio-a-campanha-contra-a-fome-no-mundo\/\" \/>\n<meta property=\"og:locale\" content=\"pt_BR\" \/>\n<meta property=\"og:type\" content=\"article\" \/>\n<meta property=\"og:title\" content=\"Papa Francisco pede apoio \u00e0 campanha contra a fome no mundo - O Arcanjo no ar\" \/>\n<meta property=\"og:description\" content=\"O Papa Francisco voltou a destacar neste per\u00edodo de P\u00e1scoa a campanha &#8220;Uma fam\u00edlia humana, p\u00e3o e justi\u00e7a para todas as pessoas&#8220;, lan\u00e7ada no Dia dos Direitos Humanos. A campanha \u00e9 realizada pela C\u00e1ritas Internacional e pretende combater a fome, a mis\u00e9ria e as desigualdades no mundo. Para conhecer melhor as a\u00e7\u00f5es, os motivos, a [&hellip;]\" \/>\n<meta property=\"og:url\" content=\"https:\/\/www.oarcanjo.net\/site\/papa-francisco-pede-apoio-a-campanha-contra-a-fome-no-mundo\/\" \/>\n<meta property=\"og:site_name\" content=\"O Arcanjo no ar\" \/>\n<meta property=\"article:publisher\" content=\"https:\/\/www.facebook.com\/OArcanjoNoAr\/\" \/>\n<meta property=\"article:published_time\" content=\"2014-05-05T03:14:27+00:00\" \/>\n<meta property=\"article:modified_time\" content=\"2014-05-05T03:23:46+00:00\" \/>\n<meta property=\"og:image\" content=\"http:\/\/www.oarcanjo.net\/site\/wp-content\/uploads\/banner-combate-a-fome-dezembro-2013.jpg\" \/>\n<meta name=\"author\" content=\"editor\" \/>\n<meta name=\"twitter:card\" content=\"summary_large_image\" \/>\n<meta name=\"twitter:label1\" content=\"Escrito por\" \/>\n\t<meta name=\"twitter:data1\" content=\"editor\" \/>\n\t<meta name=\"twitter:label2\" content=\"Est. tempo de leitura\" \/>\n\t<meta name=\"twitter:data2\" content=\"1 minuto\" \/>\n<script type=\"application\/ld+json\" class=\"yoast-schema-graph\">{\"@context\":\"https:\/\/schema.org\",\"@graph\":[{\"@type\":\"Article\",\"@id\":\"https:\/\/www.oarcanjo.net\/site\/papa-francisco-pede-apoio-a-campanha-contra-a-fome-no-mundo\/#article\",\"isPartOf\":{\"@id\":\"https:\/\/www.oarcanjo.net\/site\/papa-francisco-pede-apoio-a-campanha-contra-a-fome-no-mundo\/\"},\"author\":{\"name\":\"editor\",\"@id\":\"https:\/\/www.oarcanjo.net\/site\/#\/schema\/person\/f7024d007863202483a31326673a0838\"},\"headline\":\"Papa Francisco pede apoio \u00e0 campanha contra a fome no mundo\",\"datePublished\":\"2014-05-05T03:14:27+00:00\",\"dateModified\":\"2014-05-05T03:23:46+00:00\",\"mainEntityOfPage\":{\"@id\":\"https:\/\/www.oarcanjo.net\/site\/papa-francisco-pede-apoio-a-campanha-contra-a-fome-no-mundo\/\"},\"wordCount\":154,\"commentCount\":0,\"publisher\":{\"@id\":\"https:\/\/www.oarcanjo.net\/site\/#organization\"},\"image\":{\"@id\":\"https:\/\/www.oarcanjo.net\/site\/papa-francisco-pede-apoio-a-campanha-contra-a-fome-no-mundo\/#primaryimage\"},\"thumbnailUrl\":\"http:\/\/www.oarcanjo.net\/site\/wp-content\/uploads\/banner-combate-a-fome-dezembro-2013.jpg\",\"keywords\":[\"campanha contra a fome\",\"C\u00e1ritas\",\"Crisma\",\"Haiti\",\"hatianos\",\"migra\u00e7\u00e3o\",\"Papa Francisco\",\"solidariedade\"],\"articleSection\":[\"Avisos\",\"Not\u00edcias\"],\"inLanguage\":\"pt-BR\",\"potentialAction\":[{\"@type\":\"CommentAction\",\"name\":\"Comment\",\"target\":[\"https:\/\/www.oarcanjo.net\/site\/papa-francisco-pede-apoio-a-campanha-contra-a-fome-no-mundo\/#respond\"]}]},{\"@type\":\"WebPage\",\"@id\":\"https:\/\/www.oarcanjo.net\/site\/papa-francisco-pede-apoio-a-campanha-contra-a-fome-no-mundo\/\",\"url\":\"https:\/\/www.oarcanjo.net\/site\/papa-francisco-pede-apoio-a-campanha-contra-a-fome-no-mundo\/\",\"name\":\"Papa Francisco pede apoio \u00e0 campanha contra a fome no mundo - O Arcanjo no ar\",\"isPartOf\":{\"@id\":\"https:\/\/www.oarcanjo.net\/site\/#website\"},\"primaryImageOfPage\":{\"@id\":\"https:\/\/www.oarcanjo.net\/site\/papa-francisco-pede-apoio-a-campanha-contra-a-fome-no-mundo\/#primaryimage\"},\"image\":{\"@id\":\"https:\/\/www.oarcanjo.net\/site\/papa-francisco-pede-apoio-a-campanha-contra-a-fome-no-mundo\/#primaryimage\"},\"thumbnailUrl\":\"http:\/\/www.oarcanjo.net\/site\/wp-content\/uploads\/banner-combate-a-fome-dezembro-2013.jpg\",\"datePublished\":\"2014-05-05T03:14:27+00:00\",\"dateModified\":\"2014-05-05T03:23:46+00:00\",\"breadcrumb\":{\"@id\":\"https:\/\/www.oarcanjo.net\/site\/papa-francisco-pede-apoio-a-campanha-contra-a-fome-no-mundo\/#breadcrumb\"},\"inLanguage\":\"pt-BR\",\"potentialAction\":[{\"@type\":\"ReadAction\",\"target\":[\"https:\/\/www.oarcanjo.net\/site\/papa-francisco-pede-apoio-a-campanha-contra-a-fome-no-mundo\/\"]}]},{\"@type\":\"ImageObject\",\"inLanguage\":\"pt-BR\",\"@id\":\"https:\/\/www.oarcanjo.net\/site\/papa-francisco-pede-apoio-a-campanha-contra-a-fome-no-mundo\/#primaryimage\",\"url\":\"https:\/\/www.oarcanjo.net\/site\/wp-content\/uploads\/banner-combate-a-fome-dezembro-2013.jpg\",\"contentUrl\":\"https:\/\/www.oarcanjo.net\/site\/wp-content\/uploads\/banner-combate-a-fome-dezembro-2013.jpg\",\"width\":\"600\",\"height\":\"250\",\"caption\":\"Campanha Mundial de combate \u00e0 fome\"},{\"@type\":\"BreadcrumbList\",\"@id\":\"https:\/\/www.oarcanjo.net\/site\/papa-francisco-pede-apoio-a-campanha-contra-a-fome-no-mundo\/#breadcrumb\",\"itemListElement\":[{\"@type\":\"ListItem\",\"position\":1,\"name\":\"In\u00edcio\",\"item\":\"https:\/\/www.oarcanjo.net\/site\/\"},{\"@type\":\"ListItem\",\"position\":2,\"name\":\"Papa Francisco pede apoio \u00e0 campanha contra a fome no mundo\"}]},{\"@type\":\"WebSite\",\"@id\":\"https:\/\/www.oarcanjo.net\/site\/#website\",\"url\":\"https:\/\/www.oarcanjo.net\/site\/\",\"name\":\"O Arcanjo no ar\",\"description\":\"Site da Par\u00f3quia S\u00e3o Miguel Arcanjo (Arquidiocese de SP)\",\"publisher\":{\"@id\":\"https:\/\/www.oarcanjo.net\/site\/#organization\"},\"potentialAction\":[{\"@type\":\"SearchAction\",\"target\":{\"@type\":\"EntryPoint\",\"urlTemplate\":\"https:\/\/www.oarcanjo.net\/site\/?s={search_term_string}\"},\"query-input\":{\"@type\":\"PropertyValueSpecification\",\"valueRequired\":true,\"valueName\":\"search_term_string\"}}],\"inLanguage\":\"pt-BR\"},{\"@type\":\"Organization\",\"@id\":\"https:\/\/www.oarcanjo.net\/site\/#organization\",\"name\":\"Par\u00f3quia S\u00e3o Miguel Arcanjo\",\"url\":\"https:\/\/www.oarcanjo.net\/site\/\",\"logo\":{\"@type\":\"ImageObject\",\"inLanguage\":\"pt-BR\",\"@id\":\"https:\/\/www.oarcanjo.net\/site\/#\/schema\/logo\/image\/\",\"url\":\"https:\/\/www.oarcanjo.net\/site\/wp-content\/uploads\/LogoOArcanjo.png\",\"contentUrl\":\"https:\/\/www.oarcanjo.net\/site\/wp-content\/uploads\/LogoOArcanjo.png\",\"width\":319,\"height\":99,\"caption\":\"Par\u00f3quia S\u00e3o Miguel Arcanjo\"},\"image\":{\"@id\":\"https:\/\/www.oarcanjo.net\/site\/#\/schema\/logo\/image\/\"},\"sameAs\":[\"https:\/\/www.facebook.com\/OArcanjoNoAr\/\"]},{\"@type\":\"Person\",\"@id\":\"https:\/\/www.oarcanjo.net\/site\/#\/schema\/person\/f7024d007863202483a31326673a0838\",\"name\":\"editor\",\"sameAs\":[\"http:\/\/www.oarcanjo.net\"]}]}<\/script>\n<!-- \/ Yoast SEO plugin. -->","yoast_head_json":{"title":"Papa Francisco pede apoio \u00e0 campanha contra a fome no mundo - O Arcanjo no ar","robots":{"index":"index","follow":"follow","max-snippet":"max-snippet:-1","max-image-preview":"max-image-preview:large","max-video-preview":"max-video-preview:-1"},"canonical":"https:\/\/www.oarcanjo.net\/site\/papa-francisco-pede-apoio-a-campanha-contra-a-fome-no-mundo\/","og_locale":"pt_BR","og_type":"article","og_title":"Papa Francisco pede apoio \u00e0 campanha contra a fome no mundo - O Arcanjo no ar","og_description":"O Papa Francisco voltou a destacar neste per\u00edodo de P\u00e1scoa a campanha &#8220;Uma fam\u00edlia humana, p\u00e3o e justi\u00e7a para todas as pessoas&#8220;, lan\u00e7ada no Dia dos Direitos Humanos. A campanha \u00e9 realizada pela C\u00e1ritas Internacional e pretende combater a fome, a mis\u00e9ria e as desigualdades no mundo. Para conhecer melhor as a\u00e7\u00f5es, os motivos, a [&hellip;]","og_url":"https:\/\/www.oarcanjo.net\/site\/papa-francisco-pede-apoio-a-campanha-contra-a-fome-no-mundo\/","og_site_name":"O Arcanjo no ar","article_publisher":"https:\/\/www.facebook.com\/OArcanjoNoAr\/","article_published_time":"2014-05-05T03:14:27+00:00","article_modified_time":"2014-05-05T03:23:46+00:00","og_image":[{"url":"http:\/\/www.oarcanjo.net\/site\/wp-content\/uploads\/banner-combate-a-fome-dezembro-2013.jpg"}],"author":"editor","twitter_card":"summary_large_image","twitter_misc":{"Escrito por":"editor","Est. tempo de leitura":"1 minuto"},"schema":{"@context":"https:\/\/schema.org","@graph":[{"@type":"Article","@id":"https:\/\/www.oarcanjo.net\/site\/papa-francisco-pede-apoio-a-campanha-contra-a-fome-no-mundo\/#article","isPartOf":{"@id":"https:\/\/www.oarcanjo.net\/site\/papa-francisco-pede-apoio-a-campanha-contra-a-fome-no-mundo\/"},"author":{"name":"editor","@id":"https:\/\/www.oarcanjo.net\/site\/#\/schema\/person\/f7024d007863202483a31326673a0838"},"headline":"Papa Francisco pede apoio \u00e0 campanha contra a fome no mundo","datePublished":"2014-05-05T03:14:27+00:00","dateModified":"2014-05-05T03:23:46+00:00","mainEntityOfPage":{"@id":"https:\/\/www.oarcanjo.net\/site\/papa-francisco-pede-apoio-a-campanha-contra-a-fome-no-mundo\/"},"wordCount":154,"commentCount":0,"publisher":{"@id":"https:\/\/www.oarcanjo.net\/site\/#organization"},"image":{"@id":"https:\/\/www.oarcanjo.net\/site\/papa-francisco-pede-apoio-a-campanha-contra-a-fome-no-mundo\/#primaryimage"},"thumbnailUrl":"http:\/\/www.oarcanjo.net\/site\/wp-content\/uploads\/banner-combate-a-fome-dezembro-2013.jpg","keywords":["campanha contra a fome","C\u00e1ritas","Crisma","Haiti","hatianos","migra\u00e7\u00e3o","Papa Francisco","solidariedade"],"articleSection":["Avisos","Not\u00edcias"],"inLanguage":"pt-BR","potentialAction":[{"@type":"CommentAction","name":"Comment","target":["https:\/\/www.oarcanjo.net\/site\/papa-francisco-pede-apoio-a-campanha-contra-a-fome-no-mundo\/#respond"]}]},{"@type":"WebPage","@id":"https:\/\/www.oarcanjo.net\/site\/papa-francisco-pede-apoio-a-campanha-contra-a-fome-no-mundo\/","url":"https:\/\/www.oarcanjo.net\/site\/papa-francisco-pede-apoio-a-campanha-contra-a-fome-no-mundo\/","name":"Papa Francisco pede apoio \u00e0 campanha contra a fome no mundo - O Arcanjo no ar","isPartOf":{"@id":"https:\/\/www.oarcanjo.net\/site\/#website"},"primaryImageOfPage":{"@id":"https:\/\/www.oarcanjo.net\/site\/papa-francisco-pede-apoio-a-campanha-contra-a-fome-no-mundo\/#primaryimage"},"image":{"@id":"https:\/\/www.oarcanjo.net\/site\/papa-francisco-pede-apoio-a-campanha-contra-a-fome-no-mundo\/#primaryimage"},"thumbnailUrl":"http:\/\/www.oarcanjo.net\/site\/wp-content\/uploads\/banner-combate-a-fome-dezembro-2013.jpg","datePublished":"2014-05-05T03:14:27+00:00","dateModified":"2014-05-05T03:23:46+00:00","breadcrumb":{"@id":"https:\/\/www.oarcanjo.net\/site\/papa-francisco-pede-apoio-a-campanha-contra-a-fome-no-mundo\/#breadcrumb"},"inLanguage":"pt-BR","potentialAction":[{"@type":"ReadAction","target":["https:\/\/www.oarcanjo.net\/site\/papa-francisco-pede-apoio-a-campanha-contra-a-fome-no-mundo\/"]}]},{"@type":"ImageObject","inLanguage":"pt-BR","@id":"https:\/\/www.oarcanjo.net\/site\/papa-francisco-pede-apoio-a-campanha-contra-a-fome-no-mundo\/#primaryimage","url":"https:\/\/www.oarcanjo.net\/site\/wp-content\/uploads\/banner-combate-a-fome-dezembro-2013.jpg","contentUrl":"https:\/\/www.oarcanjo.net\/site\/wp-content\/uploads\/banner-combate-a-fome-dezembro-2013.jpg","width":"600","height":"250","caption":"Campanha Mundial de combate \u00e0 fome"},{"@type":"BreadcrumbList","@id":"https:\/\/www.oarcanjo.net\/site\/papa-francisco-pede-apoio-a-campanha-contra-a-fome-no-mundo\/#breadcrumb","itemListElement":[{"@type":"ListItem","position":1,"name":"In\u00edcio","item":"https:\/\/www.oarcanjo.net\/site\/"},{"@type":"ListItem","position":2,"name":"Papa Francisco pede apoio \u00e0 campanha contra a fome no mundo"}]},{"@type":"WebSite","@id":"https:\/\/www.oarcanjo.net\/site\/#website","url":"https:\/\/www.oarcanjo.net\/site\/","name":"O Arcanjo no ar","description":"Site da Par\u00f3quia S\u00e3o Miguel Arcanjo (Arquidiocese de SP)","publisher":{"@id":"https:\/\/www.oarcanjo.net\/site\/#organization"},"potentialAction":[{"@type":"SearchAction","target":{"@type":"EntryPoint","urlTemplate":"https:\/\/www.oarcanjo.net\/site\/?s={search_term_string}"},"query-input":{"@type":"PropertyValueSpecification","valueRequired":true,"valueName":"search_term_string"}}],"inLanguage":"pt-BR"},{"@type":"Organization","@id":"https:\/\/www.oarcanjo.net\/site\/#organization","name":"Par\u00f3quia S\u00e3o Miguel Arcanjo","url":"https:\/\/www.oarcanjo.net\/site\/","logo":{"@type":"ImageObject","inLanguage":"pt-BR","@id":"https:\/\/www.oarcanjo.net\/site\/#\/schema\/logo\/image\/","url":"https:\/\/www.oarcanjo.net\/site\/wp-content\/uploads\/LogoOArcanjo.png","contentUrl":"https:\/\/www.oarcanjo.net\/site\/wp-content\/uploads\/LogoOArcanjo.png","width":319,"height":99,"caption":"Par\u00f3quia S\u00e3o Miguel Arcanjo"},"image":{"@id":"https:\/\/www.oarcanjo.net\/site\/#\/schema\/logo\/image\/"},"sameAs":["https:\/\/www.facebook.com\/OArcanjoNoAr\/"]},{"@type":"Person","@id":"https:\/\/www.oarcanjo.net\/site\/#\/schema\/person\/f7024d007863202483a31326673a0838","name":"editor","sameAs":["http:\/\/www.oarcanjo.net"]}]}},"publishpress_future_action":{"enabled":false,"date":"2026-05-07 06:54:53","action":"category","newStatus":"draft","terms":[],"taxonomy":"category"},"publishpress_future_workflow_manual_trigger":{"enabledWorkflows":[]},"_links":{"self":[{"href":"https:\/\/www.oarcanjo.net\/site\/wp-json\/wp\/v2\/posts\/37502"}],"collection":[{"href":"https:\/\/www.oarcanjo.net\/site\/wp-json\/wp\/v2\/posts"}],"about":[{"href":"https:\/\/www.oarcanjo.net\/site\/wp-json\/wp\/v2\/types\/post"}],"author":[{"embeddable":true,"href":"https:\/\/www.oarcanjo.net\/site\/wp-json\/wp\/v2\/users\/5"}],"replies":[{"embeddable":true,"href":"https:\/\/www.oarcanjo.net\/site\/wp-json\/wp\/v2\/comments?post=37502"}],"version-history":[{"count":0,"href":"https:\/\/www.oarcanjo.net\/site\/wp-json\/wp\/v2\/posts\/37502\/revisions"}],"wp:attachment":[{"href":"https:\/\/www.oarcanjo.net\/site\/wp-json\/wp\/v2\/media?parent=37502"}],"wp:term":[{"taxonomy":"category","embeddable":true,"href":"https:\/\/www.oarcanjo.net\/site\/wp-json\/wp\/v2\/categories?post=37502"},{"taxonomy":"post_tag","embeddable":true,"href":"https:\/\/www.oarcanjo.net\/site\/wp-json\/wp\/v2\/tags?post=37502"}],"curies":[{"name":"wp","href":"https:\/\/api.w.org\/{rel}","templated":true}]}}