
{"id":3763,"date":"2009-06-01T17:37:38","date_gmt":"2009-06-01T20:37:38","guid":{"rendered":"http:\/\/www.oarcanjo.net\/site\/?p=3763"},"modified":"2009-06-01T17:37:38","modified_gmt":"2009-06-01T20:37:38","slug":"o-sonho-tornou-se-realidade","status":"publish","type":"post","link":"https:\/\/www.oarcanjo.net\/site\/o-sonho-tornou-se-realidade\/","title":{"rendered":"O sonho tornou-se realidade"},"content":{"rendered":"<p>Pe Geovane Saraiva <\/p>\n<p>Dom Helder soube vencer e ultrapassar as barreiras do assistencialismo, quase sempre necess\u00e1rio, indo ao encontro da justi\u00e7a e da paz, n\u00e3o apenas apontando os caminhos que levassem os homens a um mundo mais justo, solid\u00e1rio e humano, mas ele foi concreto, ao colocar sua vida a servi\u00e7o da humanidade, atrav\u00e9s das suas a\u00e7\u00f5es, gestos e pr\u00e1ticas pastorais.<\/p>\n<p>Sonhar com uma civiliza\u00e7\u00e3o ideal, com um povo organizado, vivendo em boas condi\u00e7\u00f5es, com equil\u00edbrio, justi\u00e7a e paz, em um lugar e em um mundo poss\u00edvel, n\u00e3o s\u00f3 no futuro, mas j\u00e1 no presente, no tempo real, esta foi, durante toda vida, a luta do peregrino da paz, Dom Helder C\u00e2mara.<\/p>\n<p>Carregou dentro de si os grandes problemas e desafios da humanidade do seu tempo, tais como: dois ter\u00e7o da humanidade passando fome; a dist\u00e2ncia entre pa\u00edses pobres e ricos; o constante apelo ao desenvolvimento social; o desemprego no Brasil e no mundo inteiro; todo tipo de preconceito: raciais, \u00e9tnicos e religiosos \u00e9 sua grande bandeira; quer a cidadania, isto \u00e9, o pobre se colocando como sujeito da sua pr\u00f3pria hist\u00f3ria; abre os olhos para uma tomada de consci\u00eancia dos pecados sociais; prop\u00f5e a n\u00e3o viol\u00eancia ativa como meio de solucionar os conflitos sociais; condena todo tipo de guerra como solu\u00e7\u00e3o para os conflitos sociais e condena com veem\u00eancia todas as formas de exclus\u00e3o social.<\/p>\n<p>Ele n\u00e3o s\u00f3 pensou e imaginou, mas teve clareza e persist\u00eancia e, com suas id\u00e9ias fixas, aspirou por mundo segundo a vontade Deus, de tal modo que os seus sonhos e suas utopias transformaram-se em realidade. Essa afirma\u00e7\u00e3o nos faz pensar nas suas obras e realiza\u00e7\u00f5es em favor da humanidade. \u00c9 s\u00f3 olhar para seus escritos, poemas e pensamentos. Sua fidelidade a Deus e ao povo o fez manter-se acordado, olhando para dentro de si e, ao mesmo tempo, externando-a atrav\u00e9s dos sonhos e utopias.<\/p>\n<p>Como Abra\u00e3o, acreditou, sem jamais perder a esperan\u00e7a. Da\u00ed as marcas profundas deixadas por este homem de Deus.  Neste ano do seu centen\u00e1rio, percebemos, com todas as evid\u00eancias, tudo o que ele representou para o Brasil e para o mundo, como um s\u00edmbolo, como um patrim\u00f4nio e, sobretudo, como um referencial. Por isso, mesmo que algu\u00e9m ou grupo tentem ofuscar ou neutralizar, n\u00e3o ir\u00e3o destru\u00ed-lo nunca. A hist\u00f3ria o tem e o ter\u00e1 sempre como imortal.<\/p>\n<p>Dom Helder, pastor da paz e da ternura, sentia-se honrado quando seus inimigos o acusavam de ut\u00f3pico e demagogo, porque se aproximava do \u201ccavaleiro andante\u201d. Ele, com seu grande cora\u00e7\u00e3o e na sua maneira de ver o mundo, longe do esp\u00edrito de \u00f3dio e vingan\u00e7a, dizia-lhes: \u201cComparar-me a Dom Quixote, est\u00e1 longe de ser uma nota depreciativa\u201d e acrescentava: \u201cAi do mundo se n\u00e3o fosse a utopia, ai do mundo se n\u00e3o fossem os sonhadores\u201d. <\/p>\n<p>Hoje, diante do avan\u00e7o que experimentamos no mundo inteiro, nem sempre positivo, deve-se aos sonhadores. Dom Dem\u00e9trio Valentini, bispo de Jales \u2013 SP, afirmou: \u201cDom Helder foi indiscutivelmente um grande poeta e um sonhador das grandes utopias humanas e crist\u00e3s\u201d (cf. Adital, 04.02.2009). Os sonhadores e os ut\u00f3picos, a exemplo de Dom Helder, mudaram e continuar\u00e3o a mudar a hist\u00f3ria da humanidade, porque aventura e fasc\u00ednio maior n\u00e3o \u00e9 s\u00f3 sonhar, mas, sobretudo, ver os sonhos transformados em realidade.<\/p>\n<p>Poeta e um sonhador, ele o foi. Eu, por\u00e9m, digo que ele foi muito mais: Foi um santo, porque forte e corajoso, ao mesmo tempo em que se igualou ao menor dos menores. Guardemos esse seu pensamento: \u201cQuem aceita o imposs\u00edvel como uma realidade e acolhe o mist\u00e9rio como bebe \u00e1gua? Sem d\u00favida, as crian\u00e7as, os embriagados, os loucos, os poetas e os santos\u201d. <\/p>\n<p>Urge n\u00e3o ter medo da utopia, como aquele lugar que parece n\u00e3o existir, como um mundo poss\u00edvel e harm\u00f4nico, j\u00e1 aqui e agora. Dom Helder, homem dos grandes sonhos e das realidades \u00faltimas, gostava de repetir: \u201cQuando se sonha sozinho, \u00e9 apenas um sonho, mas quando se sonha em mutir\u00e3o, j\u00e1 \u00e9 uma realidade\u201d.<\/p>\n<div id=\"themify_builder_content-3763\" data-postid=\"3763\" class=\"themify_builder_content themify_builder_content-3763 themify_builder themify_builder_front\">\n\t<\/div>\n<!-- \/themify_builder_content -->","protected":false},"excerpt":{"rendered":"<p>Pe Geovane Saraiva Dom Helder soube vencer e ultrapassar as barreiras do assistencialismo, quase sempre necess\u00e1rio, indo ao encontro da justi\u00e7a e da paz, n\u00e3o apenas apontando os caminhos que levassem os homens a um mundo mais justo, solid\u00e1rio e humano, mas ele foi concreto, ao colocar sua vida a servi\u00e7o da humanidade, atrav\u00e9s das [&hellip;]<\/p>\n","protected":false},"author":5,"featured_media":0,"comment_status":"open","ping_status":"open","sticky":false,"template":"","format":"standard","meta":{"ngg_post_thumbnail":0,"footnotes":""},"categories":[192],"tags":[356,230,167,166],"yoast_head":"<!-- This site is optimized with the Yoast SEO plugin v23.5 - https:\/\/yoast.com\/wordpress\/plugins\/seo\/ -->\n<title>O sonho tornou-se realidade - O Arcanjo no ar<\/title>\n<meta name=\"robots\" content=\"index, follow, max-snippet:-1, max-image-preview:large, max-video-preview:-1\" \/>\n<link rel=\"canonical\" href=\"https:\/\/www.oarcanjo.net\/site\/o-sonho-tornou-se-realidade\/\" \/>\n<meta property=\"og:locale\" content=\"pt_BR\" \/>\n<meta property=\"og:type\" content=\"article\" \/>\n<meta property=\"og:title\" content=\"O sonho tornou-se realidade - O Arcanjo no ar\" \/>\n<meta property=\"og:description\" content=\"Pe Geovane Saraiva Dom Helder soube vencer e ultrapassar as barreiras do assistencialismo, quase sempre necess\u00e1rio, indo ao encontro da justi\u00e7a e da paz, n\u00e3o apenas apontando os caminhos que levassem os homens a um mundo mais justo, solid\u00e1rio e humano, mas ele foi concreto, ao colocar sua vida a servi\u00e7o da humanidade, atrav\u00e9s das [&hellip;]\" \/>\n<meta property=\"og:url\" content=\"https:\/\/www.oarcanjo.net\/site\/o-sonho-tornou-se-realidade\/\" \/>\n<meta property=\"og:site_name\" content=\"O Arcanjo no ar\" \/>\n<meta property=\"article:publisher\" content=\"https:\/\/www.facebook.com\/OArcanjoNoAr\/\" \/>\n<meta property=\"article:published_time\" content=\"2009-06-01T20:37:38+00:00\" \/>\n<meta property=\"og:image\" content=\"https:\/\/www.oarcanjo.net\/site\/wp-content\/uploads\/logo-o-arcanjo-no-ar-facebook.png\" \/>\n\t<meta property=\"og:image:width\" content=\"300\" \/>\n\t<meta property=\"og:image:height\" content=\"300\" \/>\n\t<meta property=\"og:image:type\" content=\"image\/png\" \/>\n<meta name=\"author\" content=\"editor\" \/>\n<meta name=\"twitter:card\" content=\"summary_large_image\" \/>\n<meta name=\"twitter:label1\" content=\"Escrito por\" \/>\n\t<meta name=\"twitter:data1\" content=\"editor\" \/>\n\t<meta name=\"twitter:label2\" content=\"Est. tempo de leitura\" \/>\n\t<meta name=\"twitter:data2\" content=\"4 minutos\" \/>\n<script type=\"application\/ld+json\" class=\"yoast-schema-graph\">{\"@context\":\"https:\/\/schema.org\",\"@graph\":[{\"@type\":\"Article\",\"@id\":\"https:\/\/www.oarcanjo.net\/site\/o-sonho-tornou-se-realidade\/#article\",\"isPartOf\":{\"@id\":\"https:\/\/www.oarcanjo.net\/site\/o-sonho-tornou-se-realidade\/\"},\"author\":{\"name\":\"editor\",\"@id\":\"https:\/\/www.oarcanjo.net\/site\/#\/schema\/person\/f7024d007863202483a31326673a0838\"},\"headline\":\"O sonho tornou-se realidade\",\"datePublished\":\"2009-06-01T20:37:38+00:00\",\"dateModified\":\"2009-06-01T20:37:38+00:00\",\"mainEntityOfPage\":{\"@id\":\"https:\/\/www.oarcanjo.net\/site\/o-sonho-tornou-se-realidade\/\"},\"wordCount\":723,\"commentCount\":0,\"publisher\":{\"@id\":\"https:\/\/www.oarcanjo.net\/site\/#organization\"},\"keywords\":[\"D. Helder Camara\",\"justi\u00e7a\",\"paz\",\"utopia\"],\"articleSection\":[\"D. Helder C\u00e2mara\"],\"inLanguage\":\"pt-BR\",\"potentialAction\":[{\"@type\":\"CommentAction\",\"name\":\"Comment\",\"target\":[\"https:\/\/www.oarcanjo.net\/site\/o-sonho-tornou-se-realidade\/#respond\"]}]},{\"@type\":\"WebPage\",\"@id\":\"https:\/\/www.oarcanjo.net\/site\/o-sonho-tornou-se-realidade\/\",\"url\":\"https:\/\/www.oarcanjo.net\/site\/o-sonho-tornou-se-realidade\/\",\"name\":\"O sonho tornou-se realidade - O Arcanjo no ar\",\"isPartOf\":{\"@id\":\"https:\/\/www.oarcanjo.net\/site\/#website\"},\"datePublished\":\"2009-06-01T20:37:38+00:00\",\"dateModified\":\"2009-06-01T20:37:38+00:00\",\"breadcrumb\":{\"@id\":\"https:\/\/www.oarcanjo.net\/site\/o-sonho-tornou-se-realidade\/#breadcrumb\"},\"inLanguage\":\"pt-BR\",\"potentialAction\":[{\"@type\":\"ReadAction\",\"target\":[\"https:\/\/www.oarcanjo.net\/site\/o-sonho-tornou-se-realidade\/\"]}]},{\"@type\":\"BreadcrumbList\",\"@id\":\"https:\/\/www.oarcanjo.net\/site\/o-sonho-tornou-se-realidade\/#breadcrumb\",\"itemListElement\":[{\"@type\":\"ListItem\",\"position\":1,\"name\":\"In\u00edcio\",\"item\":\"https:\/\/www.oarcanjo.net\/site\/\"},{\"@type\":\"ListItem\",\"position\":2,\"name\":\"O sonho tornou-se realidade\"}]},{\"@type\":\"WebSite\",\"@id\":\"https:\/\/www.oarcanjo.net\/site\/#website\",\"url\":\"https:\/\/www.oarcanjo.net\/site\/\",\"name\":\"O Arcanjo no ar\",\"description\":\"Site da Par\u00f3quia S\u00e3o Miguel Arcanjo (Arquidiocese de SP)\",\"publisher\":{\"@id\":\"https:\/\/www.oarcanjo.net\/site\/#organization\"},\"potentialAction\":[{\"@type\":\"SearchAction\",\"target\":{\"@type\":\"EntryPoint\",\"urlTemplate\":\"https:\/\/www.oarcanjo.net\/site\/?s={search_term_string}\"},\"query-input\":{\"@type\":\"PropertyValueSpecification\",\"valueRequired\":true,\"valueName\":\"search_term_string\"}}],\"inLanguage\":\"pt-BR\"},{\"@type\":\"Organization\",\"@id\":\"https:\/\/www.oarcanjo.net\/site\/#organization\",\"name\":\"Par\u00f3quia S\u00e3o Miguel Arcanjo\",\"url\":\"https:\/\/www.oarcanjo.net\/site\/\",\"logo\":{\"@type\":\"ImageObject\",\"inLanguage\":\"pt-BR\",\"@id\":\"https:\/\/www.oarcanjo.net\/site\/#\/schema\/logo\/image\/\",\"url\":\"https:\/\/www.oarcanjo.net\/site\/wp-content\/uploads\/LogoOArcanjo.png\",\"contentUrl\":\"https:\/\/www.oarcanjo.net\/site\/wp-content\/uploads\/LogoOArcanjo.png\",\"width\":319,\"height\":99,\"caption\":\"Par\u00f3quia S\u00e3o Miguel Arcanjo\"},\"image\":{\"@id\":\"https:\/\/www.oarcanjo.net\/site\/#\/schema\/logo\/image\/\"},\"sameAs\":[\"https:\/\/www.facebook.com\/OArcanjoNoAr\/\"]},{\"@type\":\"Person\",\"@id\":\"https:\/\/www.oarcanjo.net\/site\/#\/schema\/person\/f7024d007863202483a31326673a0838\",\"name\":\"editor\",\"sameAs\":[\"http:\/\/www.oarcanjo.net\"]}]}<\/script>\n<!-- \/ Yoast SEO plugin. -->","yoast_head_json":{"title":"O sonho tornou-se realidade - O Arcanjo no ar","robots":{"index":"index","follow":"follow","max-snippet":"max-snippet:-1","max-image-preview":"max-image-preview:large","max-video-preview":"max-video-preview:-1"},"canonical":"https:\/\/www.oarcanjo.net\/site\/o-sonho-tornou-se-realidade\/","og_locale":"pt_BR","og_type":"article","og_title":"O sonho tornou-se realidade - O Arcanjo no ar","og_description":"Pe Geovane Saraiva Dom Helder soube vencer e ultrapassar as barreiras do assistencialismo, quase sempre necess\u00e1rio, indo ao encontro da justi\u00e7a e da paz, n\u00e3o apenas apontando os caminhos que levassem os homens a um mundo mais justo, solid\u00e1rio e humano, mas ele foi concreto, ao colocar sua vida a servi\u00e7o da humanidade, atrav\u00e9s das [&hellip;]","og_url":"https:\/\/www.oarcanjo.net\/site\/o-sonho-tornou-se-realidade\/","og_site_name":"O Arcanjo no ar","article_publisher":"https:\/\/www.facebook.com\/OArcanjoNoAr\/","article_published_time":"2009-06-01T20:37:38+00:00","og_image":[{"width":300,"height":300,"url":"https:\/\/www.oarcanjo.net\/site\/wp-content\/uploads\/logo-o-arcanjo-no-ar-facebook.png","type":"image\/png"}],"author":"editor","twitter_card":"summary_large_image","twitter_misc":{"Escrito por":"editor","Est. tempo de leitura":"4 minutos"},"schema":{"@context":"https:\/\/schema.org","@graph":[{"@type":"Article","@id":"https:\/\/www.oarcanjo.net\/site\/o-sonho-tornou-se-realidade\/#article","isPartOf":{"@id":"https:\/\/www.oarcanjo.net\/site\/o-sonho-tornou-se-realidade\/"},"author":{"name":"editor","@id":"https:\/\/www.oarcanjo.net\/site\/#\/schema\/person\/f7024d007863202483a31326673a0838"},"headline":"O sonho tornou-se realidade","datePublished":"2009-06-01T20:37:38+00:00","dateModified":"2009-06-01T20:37:38+00:00","mainEntityOfPage":{"@id":"https:\/\/www.oarcanjo.net\/site\/o-sonho-tornou-se-realidade\/"},"wordCount":723,"commentCount":0,"publisher":{"@id":"https:\/\/www.oarcanjo.net\/site\/#organization"},"keywords":["D. Helder Camara","justi\u00e7a","paz","utopia"],"articleSection":["D. Helder C\u00e2mara"],"inLanguage":"pt-BR","potentialAction":[{"@type":"CommentAction","name":"Comment","target":["https:\/\/www.oarcanjo.net\/site\/o-sonho-tornou-se-realidade\/#respond"]}]},{"@type":"WebPage","@id":"https:\/\/www.oarcanjo.net\/site\/o-sonho-tornou-se-realidade\/","url":"https:\/\/www.oarcanjo.net\/site\/o-sonho-tornou-se-realidade\/","name":"O sonho tornou-se realidade - O Arcanjo no ar","isPartOf":{"@id":"https:\/\/www.oarcanjo.net\/site\/#website"},"datePublished":"2009-06-01T20:37:38+00:00","dateModified":"2009-06-01T20:37:38+00:00","breadcrumb":{"@id":"https:\/\/www.oarcanjo.net\/site\/o-sonho-tornou-se-realidade\/#breadcrumb"},"inLanguage":"pt-BR","potentialAction":[{"@type":"ReadAction","target":["https:\/\/www.oarcanjo.net\/site\/o-sonho-tornou-se-realidade\/"]}]},{"@type":"BreadcrumbList","@id":"https:\/\/www.oarcanjo.net\/site\/o-sonho-tornou-se-realidade\/#breadcrumb","itemListElement":[{"@type":"ListItem","position":1,"name":"In\u00edcio","item":"https:\/\/www.oarcanjo.net\/site\/"},{"@type":"ListItem","position":2,"name":"O sonho tornou-se realidade"}]},{"@type":"WebSite","@id":"https:\/\/www.oarcanjo.net\/site\/#website","url":"https:\/\/www.oarcanjo.net\/site\/","name":"O Arcanjo no ar","description":"Site da Par\u00f3quia S\u00e3o Miguel Arcanjo (Arquidiocese de SP)","publisher":{"@id":"https:\/\/www.oarcanjo.net\/site\/#organization"},"potentialAction":[{"@type":"SearchAction","target":{"@type":"EntryPoint","urlTemplate":"https:\/\/www.oarcanjo.net\/site\/?s={search_term_string}"},"query-input":{"@type":"PropertyValueSpecification","valueRequired":true,"valueName":"search_term_string"}}],"inLanguage":"pt-BR"},{"@type":"Organization","@id":"https:\/\/www.oarcanjo.net\/site\/#organization","name":"Par\u00f3quia S\u00e3o Miguel Arcanjo","url":"https:\/\/www.oarcanjo.net\/site\/","logo":{"@type":"ImageObject","inLanguage":"pt-BR","@id":"https:\/\/www.oarcanjo.net\/site\/#\/schema\/logo\/image\/","url":"https:\/\/www.oarcanjo.net\/site\/wp-content\/uploads\/LogoOArcanjo.png","contentUrl":"https:\/\/www.oarcanjo.net\/site\/wp-content\/uploads\/LogoOArcanjo.png","width":319,"height":99,"caption":"Par\u00f3quia S\u00e3o Miguel Arcanjo"},"image":{"@id":"https:\/\/www.oarcanjo.net\/site\/#\/schema\/logo\/image\/"},"sameAs":["https:\/\/www.facebook.com\/OArcanjoNoAr\/"]},{"@type":"Person","@id":"https:\/\/www.oarcanjo.net\/site\/#\/schema\/person\/f7024d007863202483a31326673a0838","name":"editor","sameAs":["http:\/\/www.oarcanjo.net"]}]}},"publishpress_future_action":{"enabled":false,"date":"2026-05-07 17:03:01","action":"category","newStatus":"draft","terms":[],"taxonomy":"category"},"publishpress_future_workflow_manual_trigger":{"enabledWorkflows":[]},"_links":{"self":[{"href":"https:\/\/www.oarcanjo.net\/site\/wp-json\/wp\/v2\/posts\/3763"}],"collection":[{"href":"https:\/\/www.oarcanjo.net\/site\/wp-json\/wp\/v2\/posts"}],"about":[{"href":"https:\/\/www.oarcanjo.net\/site\/wp-json\/wp\/v2\/types\/post"}],"author":[{"embeddable":true,"href":"https:\/\/www.oarcanjo.net\/site\/wp-json\/wp\/v2\/users\/5"}],"replies":[{"embeddable":true,"href":"https:\/\/www.oarcanjo.net\/site\/wp-json\/wp\/v2\/comments?post=3763"}],"version-history":[{"count":0,"href":"https:\/\/www.oarcanjo.net\/site\/wp-json\/wp\/v2\/posts\/3763\/revisions"}],"wp:attachment":[{"href":"https:\/\/www.oarcanjo.net\/site\/wp-json\/wp\/v2\/media?parent=3763"}],"wp:term":[{"taxonomy":"category","embeddable":true,"href":"https:\/\/www.oarcanjo.net\/site\/wp-json\/wp\/v2\/categories?post=3763"},{"taxonomy":"post_tag","embeddable":true,"href":"https:\/\/www.oarcanjo.net\/site\/wp-json\/wp\/v2\/tags?post=3763"}],"curies":[{"name":"wp","href":"https:\/\/api.w.org\/{rel}","templated":true}]}}