
{"id":3767,"date":"2009-06-01T22:06:20","date_gmt":"2009-06-02T01:06:20","guid":{"rendered":"http:\/\/www.oarcanjo.net\/site\/?p=3767"},"modified":"2009-06-01T22:06:20","modified_gmt":"2009-06-02T01:06:20","slug":"celebracao-de-pentecostes-na-catedral-da-se","status":"publish","type":"post","link":"https:\/\/www.oarcanjo.net\/site\/celebracao-de-pentecostes-na-catedral-da-se\/","title":{"rendered":"Celebra\u00e7\u00e3o de Pentecostes na Catedral da S\u00e9"},"content":{"rendered":"<p>Leticia de Oliveira Aio<\/p>\n<p>No dia 31 de maio os jovens crismandos de toda a Arquidiocese de S\u00e3o Paulo reuniram-se na Catedral da S\u00e9 (Igreja de Nossa Senhora da Assun\u00e7\u00e3o) para comemorar o dia de Pentecostes.<\/p>\n<p><img loading=\"lazy\" decoding=\"async\" src=\"http:\/\/www.oarcanjo.net\/site\/wp-content\/uploads\/coroacao-nossa-senhora-2009-04.jpg\" alt=\"Celebra\u00e7\u00e3o de Pentecostes na Catedral da S\u00e9\" title=\"Celebra\u00e7\u00e3o de Pentecostes na Catedral da S\u00e9\" width=\"350\" height=\"234\" \/><\/p>\n<p>O dia de Pentecostes \u00e9 celebrado sempre no 50\u00ba dia ap\u00f3s a P\u00e1scoa. Pentecostes \u00e9 s\u00edmbolo do Cen\u00e1culo, onde os ap\u00f3stolos se reuniram pela primeira vez \u00e0 espera do Esp\u00edrito Santo, inspirador de todos os trabalhos na Igreja. Desde a funda\u00e7\u00e3o \u00e9 no Cen\u00e1culo que a comunidade crist\u00e3 se re\u00fane, para ser conduzida pelo Sopro Inspirador, compartilhando o amor em Cristo.<\/p>\n<p>Nos reunimos no sal\u00e3o da Igreja S\u00e3o Miguel, onde realizamos nossos encontros quinzenais da Crisma, colocamos a camiseta da nossa igreja e caminhamos at\u00e9 o metr\u00f4 Bel\u00e9m. De l\u00e1 fomos at\u00e9 a esta\u00e7\u00e3o S\u00e9 e caminhamos at\u00e9 a Catedral. J\u00e1 estava lotada de jovens quando chegamos, dos lugares mais distantes da cidade, como Santana e Brasil\u00e2ndia. Encontramos um cantinho perto das portas da Igreja, do lado esquerdo do corredor principal e pudemos observar a entrada dos membros da Igreja bem de perto.<\/p>\n<p>Como a Igreja estava lotada, permitiram que fic\u00e1ssemos no corredor principal muito pr\u00f3ximos ao altar, o que foi muito bom pois pudemos visualizar muito bem a linda missa daquele dia. Ap\u00f3s a Comunh\u00e3o sa\u00edmos da Igreja, pois seria dif\u00edcil voltarmos para casa ao final da celebra\u00e7\u00e3o, mas desfrutamos de momentos lindos dentro do templo e com certeza foi uma experi\u00eancia bastante marcante para todos n\u00f3s, uma vez que muitos (como eu) nunca tinham assistido a uma missa na Catedral.<\/p>\n<p>Creio que este dia foi muito importante pois n\u00e3o temos id\u00e9ia de quantos jovens se re\u00fanem em busca de um mesmo objetivo, em busca de compreender os ensinamentos da Igreja e buscarmos sempre ajudar aos nossos irm\u00e3os, e neste dia foi poss\u00edvel ver que somos um grupo muito grande e que, embora perten\u00e7amos a diferentes comunidades, somos todos irm\u00e3os unidos por um mesmo ideal.<\/p>\n<p>Aos amigos da crisma gostaria de deixar um grande abra\u00e7o, pois durante este tempo que estamos juntos nos encontros estabelecemos grandes la\u00e7os de amizade que, eu espero, permanecer\u00e3o para sempre.<\/p>\n<p><img loading=\"lazy\" decoding=\"async\" src=\"http:\/\/www.oarcanjo.net\/site\/wp-content\/uploads\/coroacao-nossa-senhora-2009-032.jpg\" alt=\"Crismandos na Catedral da S\u00e9\" title=\"Crismandos na Catedral da S\u00e9\" width=\"350\" height=\"234\" \/><\/p>\n<p><em>Fotos de Diego Teixeira.<\/em><\/p>\n<div id=\"themify_builder_content-3767\" data-postid=\"3767\" class=\"themify_builder_content themify_builder_content-3767 themify_builder themify_builder_front\">\n\t<\/div>\n<!-- \/themify_builder_content -->","protected":false},"excerpt":{"rendered":"<p>Leticia de Oliveira Aio No dia 31 de maio os jovens crismandos de toda a Arquidiocese de S\u00e3o Paulo reuniram-se na Catedral da S\u00e9 (Igreja de Nossa Senhora da Assun\u00e7\u00e3o) para comemorar o dia de Pentecostes. O dia de Pentecostes \u00e9 celebrado sempre no 50\u00ba dia ap\u00f3s a P\u00e1scoa. Pentecostes \u00e9 s\u00edmbolo do Cen\u00e1culo, onde [&hellip;]<\/p>\n","protected":false},"author":5,"featured_media":0,"comment_status":"open","ping_status":"open","sticky":false,"template":"","format":"standard","meta":{"ngg_post_thumbnail":0,"footnotes":""},"categories":[395,8],"tags":[452,771,426,743],"yoast_head":"<!-- This site is optimized with the Yoast SEO plugin v23.5 - https:\/\/yoast.com\/wordpress\/plugins\/seo\/ -->\n<title>Celebra\u00e7\u00e3o de Pentecostes na Catedral da S\u00e9 - O Arcanjo no ar<\/title>\n<meta name=\"robots\" content=\"index, follow, max-snippet:-1, max-image-preview:large, max-video-preview:-1\" \/>\n<link rel=\"canonical\" href=\"https:\/\/www.oarcanjo.net\/site\/celebracao-de-pentecostes-na-catedral-da-se\/\" \/>\n<meta property=\"og:locale\" content=\"pt_BR\" \/>\n<meta property=\"og:type\" content=\"article\" \/>\n<meta property=\"og:title\" content=\"Celebra\u00e7\u00e3o de Pentecostes na Catedral da S\u00e9 - O Arcanjo no ar\" \/>\n<meta property=\"og:description\" content=\"Leticia de Oliveira Aio No dia 31 de maio os jovens crismandos de toda a Arquidiocese de S\u00e3o Paulo reuniram-se na Catedral da S\u00e9 (Igreja de Nossa Senhora da Assun\u00e7\u00e3o) para comemorar o dia de Pentecostes. O dia de Pentecostes \u00e9 celebrado sempre no 50\u00ba dia ap\u00f3s a P\u00e1scoa. Pentecostes \u00e9 s\u00edmbolo do Cen\u00e1culo, onde [&hellip;]\" \/>\n<meta property=\"og:url\" content=\"https:\/\/www.oarcanjo.net\/site\/celebracao-de-pentecostes-na-catedral-da-se\/\" \/>\n<meta property=\"og:site_name\" content=\"O Arcanjo no ar\" \/>\n<meta property=\"article:publisher\" content=\"https:\/\/www.facebook.com\/OArcanjoNoAr\/\" \/>\n<meta property=\"article:published_time\" content=\"2009-06-02T01:06:20+00:00\" \/>\n<meta property=\"og:image\" content=\"http:\/\/www.oarcanjo.net\/site\/wp-content\/uploads\/coroacao-nossa-senhora-2009-04.jpg\" \/>\n<meta name=\"author\" content=\"editor\" \/>\n<meta name=\"twitter:card\" content=\"summary_large_image\" \/>\n<meta name=\"twitter:label1\" content=\"Escrito por\" \/>\n\t<meta name=\"twitter:data1\" content=\"editor\" \/>\n\t<meta name=\"twitter:label2\" content=\"Est. tempo de leitura\" \/>\n\t<meta name=\"twitter:data2\" content=\"2 minutos\" \/>\n<script type=\"application\/ld+json\" class=\"yoast-schema-graph\">{\"@context\":\"https:\/\/schema.org\",\"@graph\":[{\"@type\":\"Article\",\"@id\":\"https:\/\/www.oarcanjo.net\/site\/celebracao-de-pentecostes-na-catedral-da-se\/#article\",\"isPartOf\":{\"@id\":\"https:\/\/www.oarcanjo.net\/site\/celebracao-de-pentecostes-na-catedral-da-se\/\"},\"author\":{\"name\":\"editor\",\"@id\":\"https:\/\/www.oarcanjo.net\/site\/#\/schema\/person\/f7024d007863202483a31326673a0838\"},\"headline\":\"Celebra\u00e7\u00e3o de Pentecostes na Catedral da S\u00e9\",\"datePublished\":\"2009-06-02T01:06:20+00:00\",\"dateModified\":\"2009-06-02T01:06:20+00:00\",\"mainEntityOfPage\":{\"@id\":\"https:\/\/www.oarcanjo.net\/site\/celebracao-de-pentecostes-na-catedral-da-se\/\"},\"wordCount\":393,\"commentCount\":6,\"publisher\":{\"@id\":\"https:\/\/www.oarcanjo.net\/site\/#organization\"},\"image\":{\"@id\":\"https:\/\/www.oarcanjo.net\/site\/celebracao-de-pentecostes-na-catedral-da-se\/#primaryimage\"},\"thumbnailUrl\":\"http:\/\/www.oarcanjo.net\/site\/wp-content\/uploads\/coroacao-nossa-senhora-2009-04.jpg\",\"keywords\":[\"Catedral da S\u00e9\",\"crismandos\",\"Esp\u00edrito Santo\",\"Pentecostes\"],\"articleSection\":[\"Jovens\",\"Not\u00edcias\"],\"inLanguage\":\"pt-BR\",\"potentialAction\":[{\"@type\":\"CommentAction\",\"name\":\"Comment\",\"target\":[\"https:\/\/www.oarcanjo.net\/site\/celebracao-de-pentecostes-na-catedral-da-se\/#respond\"]}]},{\"@type\":\"WebPage\",\"@id\":\"https:\/\/www.oarcanjo.net\/site\/celebracao-de-pentecostes-na-catedral-da-se\/\",\"url\":\"https:\/\/www.oarcanjo.net\/site\/celebracao-de-pentecostes-na-catedral-da-se\/\",\"name\":\"Celebra\u00e7\u00e3o de Pentecostes na Catedral da S\u00e9 - O Arcanjo no ar\",\"isPartOf\":{\"@id\":\"https:\/\/www.oarcanjo.net\/site\/#website\"},\"primaryImageOfPage\":{\"@id\":\"https:\/\/www.oarcanjo.net\/site\/celebracao-de-pentecostes-na-catedral-da-se\/#primaryimage\"},\"image\":{\"@id\":\"https:\/\/www.oarcanjo.net\/site\/celebracao-de-pentecostes-na-catedral-da-se\/#primaryimage\"},\"thumbnailUrl\":\"http:\/\/www.oarcanjo.net\/site\/wp-content\/uploads\/coroacao-nossa-senhora-2009-04.jpg\",\"datePublished\":\"2009-06-02T01:06:20+00:00\",\"dateModified\":\"2009-06-02T01:06:20+00:00\",\"breadcrumb\":{\"@id\":\"https:\/\/www.oarcanjo.net\/site\/celebracao-de-pentecostes-na-catedral-da-se\/#breadcrumb\"},\"inLanguage\":\"pt-BR\",\"potentialAction\":[{\"@type\":\"ReadAction\",\"target\":[\"https:\/\/www.oarcanjo.net\/site\/celebracao-de-pentecostes-na-catedral-da-se\/\"]}]},{\"@type\":\"ImageObject\",\"inLanguage\":\"pt-BR\",\"@id\":\"https:\/\/www.oarcanjo.net\/site\/celebracao-de-pentecostes-na-catedral-da-se\/#primaryimage\",\"url\":\"http:\/\/www.oarcanjo.net\/site\/wp-content\/uploads\/coroacao-nossa-senhora-2009-04.jpg\",\"contentUrl\":\"http:\/\/www.oarcanjo.net\/site\/wp-content\/uploads\/coroacao-nossa-senhora-2009-04.jpg\"},{\"@type\":\"BreadcrumbList\",\"@id\":\"https:\/\/www.oarcanjo.net\/site\/celebracao-de-pentecostes-na-catedral-da-se\/#breadcrumb\",\"itemListElement\":[{\"@type\":\"ListItem\",\"position\":1,\"name\":\"In\u00edcio\",\"item\":\"https:\/\/www.oarcanjo.net\/site\/\"},{\"@type\":\"ListItem\",\"position\":2,\"name\":\"Celebra\u00e7\u00e3o de Pentecostes na Catedral da S\u00e9\"}]},{\"@type\":\"WebSite\",\"@id\":\"https:\/\/www.oarcanjo.net\/site\/#website\",\"url\":\"https:\/\/www.oarcanjo.net\/site\/\",\"name\":\"O Arcanjo no ar\",\"description\":\"Site da Par\u00f3quia S\u00e3o Miguel Arcanjo (Arquidiocese de SP)\",\"publisher\":{\"@id\":\"https:\/\/www.oarcanjo.net\/site\/#organization\"},\"potentialAction\":[{\"@type\":\"SearchAction\",\"target\":{\"@type\":\"EntryPoint\",\"urlTemplate\":\"https:\/\/www.oarcanjo.net\/site\/?s={search_term_string}\"},\"query-input\":{\"@type\":\"PropertyValueSpecification\",\"valueRequired\":true,\"valueName\":\"search_term_string\"}}],\"inLanguage\":\"pt-BR\"},{\"@type\":\"Organization\",\"@id\":\"https:\/\/www.oarcanjo.net\/site\/#organization\",\"name\":\"Par\u00f3quia S\u00e3o Miguel Arcanjo\",\"url\":\"https:\/\/www.oarcanjo.net\/site\/\",\"logo\":{\"@type\":\"ImageObject\",\"inLanguage\":\"pt-BR\",\"@id\":\"https:\/\/www.oarcanjo.net\/site\/#\/schema\/logo\/image\/\",\"url\":\"https:\/\/www.oarcanjo.net\/site\/wp-content\/uploads\/LogoOArcanjo.png\",\"contentUrl\":\"https:\/\/www.oarcanjo.net\/site\/wp-content\/uploads\/LogoOArcanjo.png\",\"width\":319,\"height\":99,\"caption\":\"Par\u00f3quia S\u00e3o Miguel Arcanjo\"},\"image\":{\"@id\":\"https:\/\/www.oarcanjo.net\/site\/#\/schema\/logo\/image\/\"},\"sameAs\":[\"https:\/\/www.facebook.com\/OArcanjoNoAr\/\"]},{\"@type\":\"Person\",\"@id\":\"https:\/\/www.oarcanjo.net\/site\/#\/schema\/person\/f7024d007863202483a31326673a0838\",\"name\":\"editor\",\"sameAs\":[\"http:\/\/www.oarcanjo.net\"]}]}<\/script>\n<!-- \/ Yoast SEO plugin. -->","yoast_head_json":{"title":"Celebra\u00e7\u00e3o de Pentecostes na Catedral da S\u00e9 - O Arcanjo no ar","robots":{"index":"index","follow":"follow","max-snippet":"max-snippet:-1","max-image-preview":"max-image-preview:large","max-video-preview":"max-video-preview:-1"},"canonical":"https:\/\/www.oarcanjo.net\/site\/celebracao-de-pentecostes-na-catedral-da-se\/","og_locale":"pt_BR","og_type":"article","og_title":"Celebra\u00e7\u00e3o de Pentecostes na Catedral da S\u00e9 - O Arcanjo no ar","og_description":"Leticia de Oliveira Aio No dia 31 de maio os jovens crismandos de toda a Arquidiocese de S\u00e3o Paulo reuniram-se na Catedral da S\u00e9 (Igreja de Nossa Senhora da Assun\u00e7\u00e3o) para comemorar o dia de Pentecostes. O dia de Pentecostes \u00e9 celebrado sempre no 50\u00ba dia ap\u00f3s a P\u00e1scoa. Pentecostes \u00e9 s\u00edmbolo do Cen\u00e1culo, onde [&hellip;]","og_url":"https:\/\/www.oarcanjo.net\/site\/celebracao-de-pentecostes-na-catedral-da-se\/","og_site_name":"O Arcanjo no ar","article_publisher":"https:\/\/www.facebook.com\/OArcanjoNoAr\/","article_published_time":"2009-06-02T01:06:20+00:00","og_image":[{"url":"http:\/\/www.oarcanjo.net\/site\/wp-content\/uploads\/coroacao-nossa-senhora-2009-04.jpg"}],"author":"editor","twitter_card":"summary_large_image","twitter_misc":{"Escrito por":"editor","Est. tempo de leitura":"2 minutos"},"schema":{"@context":"https:\/\/schema.org","@graph":[{"@type":"Article","@id":"https:\/\/www.oarcanjo.net\/site\/celebracao-de-pentecostes-na-catedral-da-se\/#article","isPartOf":{"@id":"https:\/\/www.oarcanjo.net\/site\/celebracao-de-pentecostes-na-catedral-da-se\/"},"author":{"name":"editor","@id":"https:\/\/www.oarcanjo.net\/site\/#\/schema\/person\/f7024d007863202483a31326673a0838"},"headline":"Celebra\u00e7\u00e3o de Pentecostes na Catedral da S\u00e9","datePublished":"2009-06-02T01:06:20+00:00","dateModified":"2009-06-02T01:06:20+00:00","mainEntityOfPage":{"@id":"https:\/\/www.oarcanjo.net\/site\/celebracao-de-pentecostes-na-catedral-da-se\/"},"wordCount":393,"commentCount":6,"publisher":{"@id":"https:\/\/www.oarcanjo.net\/site\/#organization"},"image":{"@id":"https:\/\/www.oarcanjo.net\/site\/celebracao-de-pentecostes-na-catedral-da-se\/#primaryimage"},"thumbnailUrl":"http:\/\/www.oarcanjo.net\/site\/wp-content\/uploads\/coroacao-nossa-senhora-2009-04.jpg","keywords":["Catedral da S\u00e9","crismandos","Esp\u00edrito Santo","Pentecostes"],"articleSection":["Jovens","Not\u00edcias"],"inLanguage":"pt-BR","potentialAction":[{"@type":"CommentAction","name":"Comment","target":["https:\/\/www.oarcanjo.net\/site\/celebracao-de-pentecostes-na-catedral-da-se\/#respond"]}]},{"@type":"WebPage","@id":"https:\/\/www.oarcanjo.net\/site\/celebracao-de-pentecostes-na-catedral-da-se\/","url":"https:\/\/www.oarcanjo.net\/site\/celebracao-de-pentecostes-na-catedral-da-se\/","name":"Celebra\u00e7\u00e3o de Pentecostes na Catedral da S\u00e9 - O Arcanjo no ar","isPartOf":{"@id":"https:\/\/www.oarcanjo.net\/site\/#website"},"primaryImageOfPage":{"@id":"https:\/\/www.oarcanjo.net\/site\/celebracao-de-pentecostes-na-catedral-da-se\/#primaryimage"},"image":{"@id":"https:\/\/www.oarcanjo.net\/site\/celebracao-de-pentecostes-na-catedral-da-se\/#primaryimage"},"thumbnailUrl":"http:\/\/www.oarcanjo.net\/site\/wp-content\/uploads\/coroacao-nossa-senhora-2009-04.jpg","datePublished":"2009-06-02T01:06:20+00:00","dateModified":"2009-06-02T01:06:20+00:00","breadcrumb":{"@id":"https:\/\/www.oarcanjo.net\/site\/celebracao-de-pentecostes-na-catedral-da-se\/#breadcrumb"},"inLanguage":"pt-BR","potentialAction":[{"@type":"ReadAction","target":["https:\/\/www.oarcanjo.net\/site\/celebracao-de-pentecostes-na-catedral-da-se\/"]}]},{"@type":"ImageObject","inLanguage":"pt-BR","@id":"https:\/\/www.oarcanjo.net\/site\/celebracao-de-pentecostes-na-catedral-da-se\/#primaryimage","url":"http:\/\/www.oarcanjo.net\/site\/wp-content\/uploads\/coroacao-nossa-senhora-2009-04.jpg","contentUrl":"http:\/\/www.oarcanjo.net\/site\/wp-content\/uploads\/coroacao-nossa-senhora-2009-04.jpg"},{"@type":"BreadcrumbList","@id":"https:\/\/www.oarcanjo.net\/site\/celebracao-de-pentecostes-na-catedral-da-se\/#breadcrumb","itemListElement":[{"@type":"ListItem","position":1,"name":"In\u00edcio","item":"https:\/\/www.oarcanjo.net\/site\/"},{"@type":"ListItem","position":2,"name":"Celebra\u00e7\u00e3o de Pentecostes na Catedral da S\u00e9"}]},{"@type":"WebSite","@id":"https:\/\/www.oarcanjo.net\/site\/#website","url":"https:\/\/www.oarcanjo.net\/site\/","name":"O Arcanjo no ar","description":"Site da Par\u00f3quia S\u00e3o Miguel Arcanjo (Arquidiocese de SP)","publisher":{"@id":"https:\/\/www.oarcanjo.net\/site\/#organization"},"potentialAction":[{"@type":"SearchAction","target":{"@type":"EntryPoint","urlTemplate":"https:\/\/www.oarcanjo.net\/site\/?s={search_term_string}"},"query-input":{"@type":"PropertyValueSpecification","valueRequired":true,"valueName":"search_term_string"}}],"inLanguage":"pt-BR"},{"@type":"Organization","@id":"https:\/\/www.oarcanjo.net\/site\/#organization","name":"Par\u00f3quia S\u00e3o Miguel Arcanjo","url":"https:\/\/www.oarcanjo.net\/site\/","logo":{"@type":"ImageObject","inLanguage":"pt-BR","@id":"https:\/\/www.oarcanjo.net\/site\/#\/schema\/logo\/image\/","url":"https:\/\/www.oarcanjo.net\/site\/wp-content\/uploads\/LogoOArcanjo.png","contentUrl":"https:\/\/www.oarcanjo.net\/site\/wp-content\/uploads\/LogoOArcanjo.png","width":319,"height":99,"caption":"Par\u00f3quia S\u00e3o Miguel Arcanjo"},"image":{"@id":"https:\/\/www.oarcanjo.net\/site\/#\/schema\/logo\/image\/"},"sameAs":["https:\/\/www.facebook.com\/OArcanjoNoAr\/"]},{"@type":"Person","@id":"https:\/\/www.oarcanjo.net\/site\/#\/schema\/person\/f7024d007863202483a31326673a0838","name":"editor","sameAs":["http:\/\/www.oarcanjo.net"]}]}},"publishpress_future_action":{"enabled":false,"date":"2026-05-06 12:44:29","action":"category","newStatus":"draft","terms":[],"taxonomy":"category"},"publishpress_future_workflow_manual_trigger":{"enabledWorkflows":[]},"_links":{"self":[{"href":"https:\/\/www.oarcanjo.net\/site\/wp-json\/wp\/v2\/posts\/3767"}],"collection":[{"href":"https:\/\/www.oarcanjo.net\/site\/wp-json\/wp\/v2\/posts"}],"about":[{"href":"https:\/\/www.oarcanjo.net\/site\/wp-json\/wp\/v2\/types\/post"}],"author":[{"embeddable":true,"href":"https:\/\/www.oarcanjo.net\/site\/wp-json\/wp\/v2\/users\/5"}],"replies":[{"embeddable":true,"href":"https:\/\/www.oarcanjo.net\/site\/wp-json\/wp\/v2\/comments?post=3767"}],"version-history":[{"count":0,"href":"https:\/\/www.oarcanjo.net\/site\/wp-json\/wp\/v2\/posts\/3767\/revisions"}],"wp:attachment":[{"href":"https:\/\/www.oarcanjo.net\/site\/wp-json\/wp\/v2\/media?parent=3767"}],"wp:term":[{"taxonomy":"category","embeddable":true,"href":"https:\/\/www.oarcanjo.net\/site\/wp-json\/wp\/v2\/categories?post=3767"},{"taxonomy":"post_tag","embeddable":true,"href":"https:\/\/www.oarcanjo.net\/site\/wp-json\/wp\/v2\/tags?post=3767"}],"curies":[{"name":"wp","href":"https:\/\/api.w.org\/{rel}","templated":true}]}}