
{"id":3769,"date":"2009-06-02T09:12:50","date_gmt":"2009-06-02T12:12:50","guid":{"rendered":"http:\/\/www.oarcanjo.net\/site\/?p=3769"},"modified":"2009-06-02T16:56:52","modified_gmt":"2009-06-02T19:56:52","slug":"coracao-de-jesus-junho-e-muito-mais","status":"publish","type":"post","link":"https:\/\/www.oarcanjo.net\/site\/coracao-de-jesus-junho-e-muito-mais\/","title":{"rendered":"Cora\u00e7\u00e3o de JESUS! Junho e muito mais!"},"content":{"rendered":"<p>O m\u00eas de junho \u00e9 todo dedicado ao Corac\u00e3o de JESUS, <strong>dia 5<\/strong> a primeira sexta-feira,<strong> dia 19 <\/strong>ser\u00e1 a solenidade do Cora\u00e7\u00e3o de JESUS e o inic\u00edo da Ano Sacerdotal, por ocasi\u00e3o dos 150 anos da morte de S\u00e3o Jo\u00e3o Maria Vianey, o Cura Dars.<\/p>\n<p><strong>Dia 11 <\/strong>a solenidade de CORPUS CHRISTI, a missa ser\u00e1 \u00e0s 15h na Capela S\u00e3o Judas e a seguir a prociss\u00e3o pelas ruas do nosso bairro.<\/p>\n<p><strong>Dia 13<\/strong>, dia de Santo Ant\u00f4nio, s\u00e1bado, missa \u00e0s 7h na Igreja de S\u00e3o Miguel e b\u00ean\u00e7\u00e3o e distribui\u00e7\u00e3o de p\u00e3es.<\/p>\n<p>Dia 14 de junho chegada da Imagem de S\u00e3o Paulo Apost\u00f3lo \u00e0 nossa par\u00f3quia por ocasi\u00e3o do Ano Santo Paulino.<\/p>\n<p><strong>Dias 20 e 21 <\/strong>a festa junina. Vamos todos participar!<\/p>\n<p><strong>Dia 28 <\/strong>encerramento do Ano Paulino!<\/p>\n<p>Que este m\u00eas seja vivido com fervor e devo\u00e7\u00e3o, que o CORA\u00c7\u00c3O Sacrat\u00edssimo de JESUS seja honrado pelas nossas a\u00e7\u00f5es de solidaridade.<\/p>\n<p>Precisamos de mais cobertores e agasalhos para o Povo da Rua.<\/p>\n<p>Que todos participem e colaborem com a festa junina.<\/p>\n<p>O m\u00eas de junho ser\u00e1 frio mas aquecido pela caridade, solidaridade e participa\u00e7\u00e3o de todos.<\/p>\n<div id=\"themify_builder_content-3769\" data-postid=\"3769\" class=\"themify_builder_content themify_builder_content-3769 themify_builder themify_builder_front\">\n\t<\/div>\n<!-- \/themify_builder_content -->","protected":false},"excerpt":{"rendered":"<p>O m\u00eas de junho \u00e9 todo dedicado ao Corac\u00e3o de JESUS, dia 5 a primeira sexta-feira, dia 19 ser\u00e1 a solenidade do Cora\u00e7\u00e3o de JESUS e o inic\u00edo da Ano Sacerdotal, por ocasi\u00e3o dos 150 anos da morte de S\u00e3o Jo\u00e3o Maria Vianey, o Cura Dars. Dia 11 a solenidade de CORPUS CHRISTI, a missa [&hellip;]<\/p>\n","protected":false},"author":4,"featured_media":0,"comment_status":"open","ping_status":"open","sticky":false,"template":"","format":"standard","meta":{"ngg_post_thumbnail":0,"footnotes":""},"categories":[4],"tags":[773,565,755,766],"yoast_head":"<!-- This site is optimized with the Yoast SEO plugin v23.5 - https:\/\/yoast.com\/wordpress\/plugins\/seo\/ -->\n<title>Cora\u00e7\u00e3o de JESUS! Junho e muito mais! - O Arcanjo no ar<\/title>\n<meta name=\"robots\" content=\"index, follow, max-snippet:-1, max-image-preview:large, max-video-preview:-1\" \/>\n<link rel=\"canonical\" href=\"https:\/\/www.oarcanjo.net\/site\/coracao-de-jesus-junho-e-muito-mais\/\" \/>\n<meta property=\"og:locale\" content=\"pt_BR\" \/>\n<meta property=\"og:type\" content=\"article\" \/>\n<meta property=\"og:title\" content=\"Cora\u00e7\u00e3o de JESUS! Junho e muito mais! - O Arcanjo no ar\" \/>\n<meta property=\"og:description\" content=\"O m\u00eas de junho \u00e9 todo dedicado ao Corac\u00e3o de JESUS, dia 5 a primeira sexta-feira, dia 19 ser\u00e1 a solenidade do Cora\u00e7\u00e3o de JESUS e o inic\u00edo da Ano Sacerdotal, por ocasi\u00e3o dos 150 anos da morte de S\u00e3o Jo\u00e3o Maria Vianey, o Cura Dars. Dia 11 a solenidade de CORPUS CHRISTI, a missa [&hellip;]\" \/>\n<meta property=\"og:url\" content=\"https:\/\/www.oarcanjo.net\/site\/coracao-de-jesus-junho-e-muito-mais\/\" \/>\n<meta property=\"og:site_name\" content=\"O Arcanjo no ar\" \/>\n<meta property=\"article:publisher\" content=\"https:\/\/www.facebook.com\/OArcanjoNoAr\/\" \/>\n<meta property=\"article:published_time\" content=\"2009-06-02T12:12:50+00:00\" \/>\n<meta property=\"article:modified_time\" content=\"2009-06-02T19:56:52+00:00\" \/>\n<meta property=\"og:image\" content=\"https:\/\/www.oarcanjo.net\/site\/wp-content\/uploads\/logo-o-arcanjo-no-ar-facebook.png\" \/>\n\t<meta property=\"og:image:width\" content=\"300\" \/>\n\t<meta property=\"og:image:height\" content=\"300\" \/>\n\t<meta property=\"og:image:type\" content=\"image\/png\" \/>\n<meta name=\"author\" content=\"julio\" \/>\n<meta name=\"twitter:card\" content=\"summary_large_image\" \/>\n<meta name=\"twitter:label1\" content=\"Escrito por\" \/>\n\t<meta name=\"twitter:data1\" content=\"julio\" \/>\n\t<meta name=\"twitter:label2\" content=\"Est. tempo de leitura\" \/>\n\t<meta name=\"twitter:data2\" content=\"1 minuto\" \/>\n<script type=\"application\/ld+json\" class=\"yoast-schema-graph\">{\"@context\":\"https:\/\/schema.org\",\"@graph\":[{\"@type\":\"Article\",\"@id\":\"https:\/\/www.oarcanjo.net\/site\/coracao-de-jesus-junho-e-muito-mais\/#article\",\"isPartOf\":{\"@id\":\"https:\/\/www.oarcanjo.net\/site\/coracao-de-jesus-junho-e-muito-mais\/\"},\"author\":{\"name\":\"julio\",\"@id\":\"https:\/\/www.oarcanjo.net\/site\/#\/schema\/person\/d78ea01c648c91e29c364b516767079e\"},\"headline\":\"Cora\u00e7\u00e3o de JESUS! Junho e muito mais!\",\"datePublished\":\"2009-06-02T12:12:50+00:00\",\"dateModified\":\"2009-06-02T19:56:52+00:00\",\"mainEntityOfPage\":{\"@id\":\"https:\/\/www.oarcanjo.net\/site\/coracao-de-jesus-junho-e-muito-mais\/\"},\"wordCount\":210,\"commentCount\":2,\"publisher\":{\"@id\":\"https:\/\/www.oarcanjo.net\/site\/#organization\"},\"keywords\":[\"Ano Sacerdotal\",\"cora\u00e7\u00e3o de Jesus\",\"Corpus Christi\",\"festa junina\"],\"articleSection\":[\"Blog\"],\"inLanguage\":\"pt-BR\",\"potentialAction\":[{\"@type\":\"CommentAction\",\"name\":\"Comment\",\"target\":[\"https:\/\/www.oarcanjo.net\/site\/coracao-de-jesus-junho-e-muito-mais\/#respond\"]}]},{\"@type\":\"WebPage\",\"@id\":\"https:\/\/www.oarcanjo.net\/site\/coracao-de-jesus-junho-e-muito-mais\/\",\"url\":\"https:\/\/www.oarcanjo.net\/site\/coracao-de-jesus-junho-e-muito-mais\/\",\"name\":\"Cora\u00e7\u00e3o de JESUS! Junho e muito mais! - O Arcanjo no ar\",\"isPartOf\":{\"@id\":\"https:\/\/www.oarcanjo.net\/site\/#website\"},\"datePublished\":\"2009-06-02T12:12:50+00:00\",\"dateModified\":\"2009-06-02T19:56:52+00:00\",\"breadcrumb\":{\"@id\":\"https:\/\/www.oarcanjo.net\/site\/coracao-de-jesus-junho-e-muito-mais\/#breadcrumb\"},\"inLanguage\":\"pt-BR\",\"potentialAction\":[{\"@type\":\"ReadAction\",\"target\":[\"https:\/\/www.oarcanjo.net\/site\/coracao-de-jesus-junho-e-muito-mais\/\"]}]},{\"@type\":\"BreadcrumbList\",\"@id\":\"https:\/\/www.oarcanjo.net\/site\/coracao-de-jesus-junho-e-muito-mais\/#breadcrumb\",\"itemListElement\":[{\"@type\":\"ListItem\",\"position\":1,\"name\":\"In\u00edcio\",\"item\":\"https:\/\/www.oarcanjo.net\/site\/\"},{\"@type\":\"ListItem\",\"position\":2,\"name\":\"Cora\u00e7\u00e3o de JESUS! Junho e muito mais!\"}]},{\"@type\":\"WebSite\",\"@id\":\"https:\/\/www.oarcanjo.net\/site\/#website\",\"url\":\"https:\/\/www.oarcanjo.net\/site\/\",\"name\":\"O Arcanjo no ar\",\"description\":\"Site da Par\u00f3quia S\u00e3o Miguel Arcanjo (Arquidiocese de SP)\",\"publisher\":{\"@id\":\"https:\/\/www.oarcanjo.net\/site\/#organization\"},\"potentialAction\":[{\"@type\":\"SearchAction\",\"target\":{\"@type\":\"EntryPoint\",\"urlTemplate\":\"https:\/\/www.oarcanjo.net\/site\/?s={search_term_string}\"},\"query-input\":{\"@type\":\"PropertyValueSpecification\",\"valueRequired\":true,\"valueName\":\"search_term_string\"}}],\"inLanguage\":\"pt-BR\"},{\"@type\":\"Organization\",\"@id\":\"https:\/\/www.oarcanjo.net\/site\/#organization\",\"name\":\"Par\u00f3quia S\u00e3o Miguel Arcanjo\",\"url\":\"https:\/\/www.oarcanjo.net\/site\/\",\"logo\":{\"@type\":\"ImageObject\",\"inLanguage\":\"pt-BR\",\"@id\":\"https:\/\/www.oarcanjo.net\/site\/#\/schema\/logo\/image\/\",\"url\":\"https:\/\/www.oarcanjo.net\/site\/wp-content\/uploads\/LogoOArcanjo.png\",\"contentUrl\":\"https:\/\/www.oarcanjo.net\/site\/wp-content\/uploads\/LogoOArcanjo.png\",\"width\":319,\"height\":99,\"caption\":\"Par\u00f3quia S\u00e3o Miguel Arcanjo\"},\"image\":{\"@id\":\"https:\/\/www.oarcanjo.net\/site\/#\/schema\/logo\/image\/\"},\"sameAs\":[\"https:\/\/www.facebook.com\/OArcanjoNoAr\/\"]},{\"@type\":\"Person\",\"@id\":\"https:\/\/www.oarcanjo.net\/site\/#\/schema\/person\/d78ea01c648c91e29c364b516767079e\",\"name\":\"julio\",\"sameAs\":[\"http:\/\/www.oarcanjo.net\"]}]}<\/script>\n<!-- \/ Yoast SEO plugin. -->","yoast_head_json":{"title":"Cora\u00e7\u00e3o de JESUS! Junho e muito mais! - O Arcanjo no ar","robots":{"index":"index","follow":"follow","max-snippet":"max-snippet:-1","max-image-preview":"max-image-preview:large","max-video-preview":"max-video-preview:-1"},"canonical":"https:\/\/www.oarcanjo.net\/site\/coracao-de-jesus-junho-e-muito-mais\/","og_locale":"pt_BR","og_type":"article","og_title":"Cora\u00e7\u00e3o de JESUS! Junho e muito mais! - O Arcanjo no ar","og_description":"O m\u00eas de junho \u00e9 todo dedicado ao Corac\u00e3o de JESUS, dia 5 a primeira sexta-feira, dia 19 ser\u00e1 a solenidade do Cora\u00e7\u00e3o de JESUS e o inic\u00edo da Ano Sacerdotal, por ocasi\u00e3o dos 150 anos da morte de S\u00e3o Jo\u00e3o Maria Vianey, o Cura Dars. Dia 11 a solenidade de CORPUS CHRISTI, a missa [&hellip;]","og_url":"https:\/\/www.oarcanjo.net\/site\/coracao-de-jesus-junho-e-muito-mais\/","og_site_name":"O Arcanjo no ar","article_publisher":"https:\/\/www.facebook.com\/OArcanjoNoAr\/","article_published_time":"2009-06-02T12:12:50+00:00","article_modified_time":"2009-06-02T19:56:52+00:00","og_image":[{"width":300,"height":300,"url":"https:\/\/www.oarcanjo.net\/site\/wp-content\/uploads\/logo-o-arcanjo-no-ar-facebook.png","type":"image\/png"}],"author":"julio","twitter_card":"summary_large_image","twitter_misc":{"Escrito por":"julio","Est. tempo de leitura":"1 minuto"},"schema":{"@context":"https:\/\/schema.org","@graph":[{"@type":"Article","@id":"https:\/\/www.oarcanjo.net\/site\/coracao-de-jesus-junho-e-muito-mais\/#article","isPartOf":{"@id":"https:\/\/www.oarcanjo.net\/site\/coracao-de-jesus-junho-e-muito-mais\/"},"author":{"name":"julio","@id":"https:\/\/www.oarcanjo.net\/site\/#\/schema\/person\/d78ea01c648c91e29c364b516767079e"},"headline":"Cora\u00e7\u00e3o de JESUS! Junho e muito mais!","datePublished":"2009-06-02T12:12:50+00:00","dateModified":"2009-06-02T19:56:52+00:00","mainEntityOfPage":{"@id":"https:\/\/www.oarcanjo.net\/site\/coracao-de-jesus-junho-e-muito-mais\/"},"wordCount":210,"commentCount":2,"publisher":{"@id":"https:\/\/www.oarcanjo.net\/site\/#organization"},"keywords":["Ano Sacerdotal","cora\u00e7\u00e3o de Jesus","Corpus Christi","festa junina"],"articleSection":["Blog"],"inLanguage":"pt-BR","potentialAction":[{"@type":"CommentAction","name":"Comment","target":["https:\/\/www.oarcanjo.net\/site\/coracao-de-jesus-junho-e-muito-mais\/#respond"]}]},{"@type":"WebPage","@id":"https:\/\/www.oarcanjo.net\/site\/coracao-de-jesus-junho-e-muito-mais\/","url":"https:\/\/www.oarcanjo.net\/site\/coracao-de-jesus-junho-e-muito-mais\/","name":"Cora\u00e7\u00e3o de JESUS! Junho e muito mais! - O Arcanjo no ar","isPartOf":{"@id":"https:\/\/www.oarcanjo.net\/site\/#website"},"datePublished":"2009-06-02T12:12:50+00:00","dateModified":"2009-06-02T19:56:52+00:00","breadcrumb":{"@id":"https:\/\/www.oarcanjo.net\/site\/coracao-de-jesus-junho-e-muito-mais\/#breadcrumb"},"inLanguage":"pt-BR","potentialAction":[{"@type":"ReadAction","target":["https:\/\/www.oarcanjo.net\/site\/coracao-de-jesus-junho-e-muito-mais\/"]}]},{"@type":"BreadcrumbList","@id":"https:\/\/www.oarcanjo.net\/site\/coracao-de-jesus-junho-e-muito-mais\/#breadcrumb","itemListElement":[{"@type":"ListItem","position":1,"name":"In\u00edcio","item":"https:\/\/www.oarcanjo.net\/site\/"},{"@type":"ListItem","position":2,"name":"Cora\u00e7\u00e3o de JESUS! Junho e muito mais!"}]},{"@type":"WebSite","@id":"https:\/\/www.oarcanjo.net\/site\/#website","url":"https:\/\/www.oarcanjo.net\/site\/","name":"O Arcanjo no ar","description":"Site da Par\u00f3quia S\u00e3o Miguel Arcanjo (Arquidiocese de SP)","publisher":{"@id":"https:\/\/www.oarcanjo.net\/site\/#organization"},"potentialAction":[{"@type":"SearchAction","target":{"@type":"EntryPoint","urlTemplate":"https:\/\/www.oarcanjo.net\/site\/?s={search_term_string}"},"query-input":{"@type":"PropertyValueSpecification","valueRequired":true,"valueName":"search_term_string"}}],"inLanguage":"pt-BR"},{"@type":"Organization","@id":"https:\/\/www.oarcanjo.net\/site\/#organization","name":"Par\u00f3quia S\u00e3o Miguel Arcanjo","url":"https:\/\/www.oarcanjo.net\/site\/","logo":{"@type":"ImageObject","inLanguage":"pt-BR","@id":"https:\/\/www.oarcanjo.net\/site\/#\/schema\/logo\/image\/","url":"https:\/\/www.oarcanjo.net\/site\/wp-content\/uploads\/LogoOArcanjo.png","contentUrl":"https:\/\/www.oarcanjo.net\/site\/wp-content\/uploads\/LogoOArcanjo.png","width":319,"height":99,"caption":"Par\u00f3quia S\u00e3o Miguel Arcanjo"},"image":{"@id":"https:\/\/www.oarcanjo.net\/site\/#\/schema\/logo\/image\/"},"sameAs":["https:\/\/www.facebook.com\/OArcanjoNoAr\/"]},{"@type":"Person","@id":"https:\/\/www.oarcanjo.net\/site\/#\/schema\/person\/d78ea01c648c91e29c364b516767079e","name":"julio","sameAs":["http:\/\/www.oarcanjo.net"]}]}},"publishpress_future_action":{"enabled":false,"date":"2026-05-08 21:00:12","action":"category","newStatus":"draft","terms":[],"taxonomy":"category"},"publishpress_future_workflow_manual_trigger":{"enabledWorkflows":[]},"_links":{"self":[{"href":"https:\/\/www.oarcanjo.net\/site\/wp-json\/wp\/v2\/posts\/3769"}],"collection":[{"href":"https:\/\/www.oarcanjo.net\/site\/wp-json\/wp\/v2\/posts"}],"about":[{"href":"https:\/\/www.oarcanjo.net\/site\/wp-json\/wp\/v2\/types\/post"}],"author":[{"embeddable":true,"href":"https:\/\/www.oarcanjo.net\/site\/wp-json\/wp\/v2\/users\/4"}],"replies":[{"embeddable":true,"href":"https:\/\/www.oarcanjo.net\/site\/wp-json\/wp\/v2\/comments?post=3769"}],"version-history":[{"count":0,"href":"https:\/\/www.oarcanjo.net\/site\/wp-json\/wp\/v2\/posts\/3769\/revisions"}],"wp:attachment":[{"href":"https:\/\/www.oarcanjo.net\/site\/wp-json\/wp\/v2\/media?parent=3769"}],"wp:term":[{"taxonomy":"category","embeddable":true,"href":"https:\/\/www.oarcanjo.net\/site\/wp-json\/wp\/v2\/categories?post=3769"},{"taxonomy":"post_tag","embeddable":true,"href":"https:\/\/www.oarcanjo.net\/site\/wp-json\/wp\/v2\/tags?post=3769"}],"curies":[{"name":"wp","href":"https:\/\/api.w.org\/{rel}","templated":true}]}}