
{"id":3776,"date":"2009-06-02T10:15:12","date_gmt":"2009-06-02T13:15:12","guid":{"rendered":"http:\/\/www.oarcanjo.net\/site\/?p=3776"},"modified":"2009-06-02T10:39:39","modified_gmt":"2009-06-02T13:39:39","slug":"consagracao-ao-sagrado-coracao","status":"publish","type":"post","link":"https:\/\/www.oarcanjo.net\/site\/consagracao-ao-sagrado-coracao\/","title":{"rendered":"Consagra\u00e7\u00e3o ao Sagrado Cora\u00e7\u00e3o"},"content":{"rendered":"<p><em>Santa Margarida Maria Alacoque<\/em><\/p>\n<p>Me entrego e consagro ao Sagrado Cora\u00e7\u00e3o de Nosso Senhor Jesus Cristo, minha pessoa e vida, a\u00e7\u00f5es, dores e sofrimentos para que utilize meu corpo somente para honrar, amar e glorificar ao Sagrado Cora\u00e7\u00e3o.<\/p>\n<p>Este \u00e9 meu prop\u00f3sito definitivo, \u00fanico, ser todo d&#8217;Ele, e fazer tudo por amor a Ele, e ao mesmo tempo renunciar com todo meu cora\u00e7\u00e3o qualquer coisa que n\u00e3o lhe compraz, al\u00e9m de tomar-te, \u00d3 Sagrado Cora\u00e7\u00e3o, para que sejas ele o \u00fanico objeto de meu amor, o guardi\u00e3o de minha vida, meu seguro de salva\u00e7\u00e3o, o rem\u00e9dio para minhas fraquezas e inconst\u00e2ncia, a solu\u00e7\u00e3o aos erros de minha vida e meu ref\u00fagio seguro \u00e0 hora da morte.<\/p>\n<p>Seja, \u00d3 Cora\u00e7\u00e3o de Bondade, meu intercessor ante Deus Pai, e livra-me de sua sabia ira. \u00d3 Cora\u00e7\u00e3o de amor, ponho toda minha confian\u00e7a em ti, temo minhas fraquezas e falhas, mas tenho esperan\u00e7a em tua Divindade e Bondade.<\/p>\n<p>Tira de mim tudo o que est\u00e1 mal e tudo o que provoque que n\u00e3o fa\u00e7a tua santa vontade, permite a teu amor puro a que se imprima no mais profundo de meu cora\u00e7\u00e3o, para que eu n\u00e3o me esque\u00e7a nem me separe de ti.<\/p>\n<p>Que eu obtenha de tua amada bondade a gra\u00e7a de Ter meu nome escrito em Teu cora\u00e7\u00e3o, para depositar em ti toda minha felicidade e gl\u00f3ria, viver e morrer em tua bondade.<\/p>\n<p>Am\u00e9m<\/p>\n<div id=\"themify_builder_content-3776\" data-postid=\"3776\" class=\"themify_builder_content themify_builder_content-3776 themify_builder themify_builder_front\">\n\t<\/div>\n<!-- \/themify_builder_content -->","protected":false},"excerpt":{"rendered":"<p>Santa Margarida Maria Alacoque Me entrego e consagro ao Sagrado Cora\u00e7\u00e3o de Nosso Senhor Jesus Cristo, minha pessoa e vida, a\u00e7\u00f5es, dores e sofrimentos para que utilize meu corpo somente para honrar, amar e glorificar ao Sagrado Cora\u00e7\u00e3o. Este \u00e9 meu prop\u00f3sito definitivo, \u00fanico, ser todo d&#8217;Ele, e fazer tudo por amor a Ele, e [&hellip;]<\/p>\n","protected":false},"author":5,"featured_media":0,"comment_status":"open","ping_status":"open","sticky":false,"template":"","format":"standard","meta":{"ngg_post_thumbnail":0,"footnotes":""},"categories":[6],"tags":[772,3201],"yoast_head":"<!-- This site is optimized with the Yoast SEO plugin v23.5 - https:\/\/yoast.com\/wordpress\/plugins\/seo\/ -->\n<title>Consagra\u00e7\u00e3o ao Sagrado Cora\u00e7\u00e3o - O Arcanjo no ar<\/title>\n<meta name=\"robots\" content=\"index, follow, max-snippet:-1, max-image-preview:large, max-video-preview:-1\" \/>\n<link rel=\"canonical\" href=\"https:\/\/www.oarcanjo.net\/site\/consagracao-ao-sagrado-coracao\/\" \/>\n<meta property=\"og:locale\" content=\"pt_BR\" \/>\n<meta property=\"og:type\" content=\"article\" \/>\n<meta property=\"og:title\" content=\"Consagra\u00e7\u00e3o ao Sagrado Cora\u00e7\u00e3o - O Arcanjo no ar\" \/>\n<meta property=\"og:description\" content=\"Santa Margarida Maria Alacoque Me entrego e consagro ao Sagrado Cora\u00e7\u00e3o de Nosso Senhor Jesus Cristo, minha pessoa e vida, a\u00e7\u00f5es, dores e sofrimentos para que utilize meu corpo somente para honrar, amar e glorificar ao Sagrado Cora\u00e7\u00e3o. Este \u00e9 meu prop\u00f3sito definitivo, \u00fanico, ser todo d&#8217;Ele, e fazer tudo por amor a Ele, e [&hellip;]\" \/>\n<meta property=\"og:url\" content=\"https:\/\/www.oarcanjo.net\/site\/consagracao-ao-sagrado-coracao\/\" \/>\n<meta property=\"og:site_name\" content=\"O Arcanjo no ar\" \/>\n<meta property=\"article:publisher\" content=\"https:\/\/www.facebook.com\/OArcanjoNoAr\/\" \/>\n<meta property=\"article:published_time\" content=\"2009-06-02T13:15:12+00:00\" \/>\n<meta property=\"article:modified_time\" content=\"2009-06-02T13:39:39+00:00\" \/>\n<meta property=\"og:image\" content=\"https:\/\/www.oarcanjo.net\/site\/wp-content\/uploads\/logo-o-arcanjo-no-ar-facebook.png\" \/>\n\t<meta property=\"og:image:width\" content=\"300\" \/>\n\t<meta property=\"og:image:height\" content=\"300\" \/>\n\t<meta property=\"og:image:type\" content=\"image\/png\" \/>\n<meta name=\"author\" content=\"editor\" \/>\n<meta name=\"twitter:card\" content=\"summary_large_image\" \/>\n<meta name=\"twitter:label1\" content=\"Escrito por\" \/>\n\t<meta name=\"twitter:data1\" content=\"editor\" \/>\n\t<meta name=\"twitter:label2\" content=\"Est. tempo de leitura\" \/>\n\t<meta name=\"twitter:data2\" content=\"1 minuto\" \/>\n<script type=\"application\/ld+json\" class=\"yoast-schema-graph\">{\"@context\":\"https:\/\/schema.org\",\"@graph\":[{\"@type\":\"Article\",\"@id\":\"https:\/\/www.oarcanjo.net\/site\/consagracao-ao-sagrado-coracao\/#article\",\"isPartOf\":{\"@id\":\"https:\/\/www.oarcanjo.net\/site\/consagracao-ao-sagrado-coracao\/\"},\"author\":{\"name\":\"editor\",\"@id\":\"https:\/\/www.oarcanjo.net\/site\/#\/schema\/person\/f7024d007863202483a31326673a0838\"},\"headline\":\"Consagra\u00e7\u00e3o ao Sagrado Cora\u00e7\u00e3o\",\"datePublished\":\"2009-06-02T13:15:12+00:00\",\"dateModified\":\"2009-06-02T13:39:39+00:00\",\"mainEntityOfPage\":{\"@id\":\"https:\/\/www.oarcanjo.net\/site\/consagracao-ao-sagrado-coracao\/\"},\"wordCount\":261,\"commentCount\":0,\"publisher\":{\"@id\":\"https:\/\/www.oarcanjo.net\/site\/#organization\"},\"keywords\":[\"Consagra\u00e7\u00e3o ao Sagrado Cora\u00e7\u00e3o de Jesus\",\"Ora\u00e7\u00f5es\"],\"articleSection\":[\"Ora\u00e7\u00f5es\"],\"inLanguage\":\"pt-BR\",\"potentialAction\":[{\"@type\":\"CommentAction\",\"name\":\"Comment\",\"target\":[\"https:\/\/www.oarcanjo.net\/site\/consagracao-ao-sagrado-coracao\/#respond\"]}]},{\"@type\":\"WebPage\",\"@id\":\"https:\/\/www.oarcanjo.net\/site\/consagracao-ao-sagrado-coracao\/\",\"url\":\"https:\/\/www.oarcanjo.net\/site\/consagracao-ao-sagrado-coracao\/\",\"name\":\"Consagra\u00e7\u00e3o ao Sagrado Cora\u00e7\u00e3o - O Arcanjo no ar\",\"isPartOf\":{\"@id\":\"https:\/\/www.oarcanjo.net\/site\/#website\"},\"datePublished\":\"2009-06-02T13:15:12+00:00\",\"dateModified\":\"2009-06-02T13:39:39+00:00\",\"breadcrumb\":{\"@id\":\"https:\/\/www.oarcanjo.net\/site\/consagracao-ao-sagrado-coracao\/#breadcrumb\"},\"inLanguage\":\"pt-BR\",\"potentialAction\":[{\"@type\":\"ReadAction\",\"target\":[\"https:\/\/www.oarcanjo.net\/site\/consagracao-ao-sagrado-coracao\/\"]}]},{\"@type\":\"BreadcrumbList\",\"@id\":\"https:\/\/www.oarcanjo.net\/site\/consagracao-ao-sagrado-coracao\/#breadcrumb\",\"itemListElement\":[{\"@type\":\"ListItem\",\"position\":1,\"name\":\"In\u00edcio\",\"item\":\"https:\/\/www.oarcanjo.net\/site\/\"},{\"@type\":\"ListItem\",\"position\":2,\"name\":\"Consagra\u00e7\u00e3o ao Sagrado Cora\u00e7\u00e3o\"}]},{\"@type\":\"WebSite\",\"@id\":\"https:\/\/www.oarcanjo.net\/site\/#website\",\"url\":\"https:\/\/www.oarcanjo.net\/site\/\",\"name\":\"O Arcanjo no ar\",\"description\":\"Site da Par\u00f3quia S\u00e3o Miguel Arcanjo (Arquidiocese de SP)\",\"publisher\":{\"@id\":\"https:\/\/www.oarcanjo.net\/site\/#organization\"},\"potentialAction\":[{\"@type\":\"SearchAction\",\"target\":{\"@type\":\"EntryPoint\",\"urlTemplate\":\"https:\/\/www.oarcanjo.net\/site\/?s={search_term_string}\"},\"query-input\":{\"@type\":\"PropertyValueSpecification\",\"valueRequired\":true,\"valueName\":\"search_term_string\"}}],\"inLanguage\":\"pt-BR\"},{\"@type\":\"Organization\",\"@id\":\"https:\/\/www.oarcanjo.net\/site\/#organization\",\"name\":\"Par\u00f3quia S\u00e3o Miguel Arcanjo\",\"url\":\"https:\/\/www.oarcanjo.net\/site\/\",\"logo\":{\"@type\":\"ImageObject\",\"inLanguage\":\"pt-BR\",\"@id\":\"https:\/\/www.oarcanjo.net\/site\/#\/schema\/logo\/image\/\",\"url\":\"https:\/\/www.oarcanjo.net\/site\/wp-content\/uploads\/LogoOArcanjo.png\",\"contentUrl\":\"https:\/\/www.oarcanjo.net\/site\/wp-content\/uploads\/LogoOArcanjo.png\",\"width\":319,\"height\":99,\"caption\":\"Par\u00f3quia S\u00e3o Miguel Arcanjo\"},\"image\":{\"@id\":\"https:\/\/www.oarcanjo.net\/site\/#\/schema\/logo\/image\/\"},\"sameAs\":[\"https:\/\/www.facebook.com\/OArcanjoNoAr\/\"]},{\"@type\":\"Person\",\"@id\":\"https:\/\/www.oarcanjo.net\/site\/#\/schema\/person\/f7024d007863202483a31326673a0838\",\"name\":\"editor\",\"sameAs\":[\"http:\/\/www.oarcanjo.net\"]}]}<\/script>\n<!-- \/ Yoast SEO plugin. -->","yoast_head_json":{"title":"Consagra\u00e7\u00e3o ao Sagrado Cora\u00e7\u00e3o - O Arcanjo no ar","robots":{"index":"index","follow":"follow","max-snippet":"max-snippet:-1","max-image-preview":"max-image-preview:large","max-video-preview":"max-video-preview:-1"},"canonical":"https:\/\/www.oarcanjo.net\/site\/consagracao-ao-sagrado-coracao\/","og_locale":"pt_BR","og_type":"article","og_title":"Consagra\u00e7\u00e3o ao Sagrado Cora\u00e7\u00e3o - O Arcanjo no ar","og_description":"Santa Margarida Maria Alacoque Me entrego e consagro ao Sagrado Cora\u00e7\u00e3o de Nosso Senhor Jesus Cristo, minha pessoa e vida, a\u00e7\u00f5es, dores e sofrimentos para que utilize meu corpo somente para honrar, amar e glorificar ao Sagrado Cora\u00e7\u00e3o. Este \u00e9 meu prop\u00f3sito definitivo, \u00fanico, ser todo d&#8217;Ele, e fazer tudo por amor a Ele, e [&hellip;]","og_url":"https:\/\/www.oarcanjo.net\/site\/consagracao-ao-sagrado-coracao\/","og_site_name":"O Arcanjo no ar","article_publisher":"https:\/\/www.facebook.com\/OArcanjoNoAr\/","article_published_time":"2009-06-02T13:15:12+00:00","article_modified_time":"2009-06-02T13:39:39+00:00","og_image":[{"width":300,"height":300,"url":"https:\/\/www.oarcanjo.net\/site\/wp-content\/uploads\/logo-o-arcanjo-no-ar-facebook.png","type":"image\/png"}],"author":"editor","twitter_card":"summary_large_image","twitter_misc":{"Escrito por":"editor","Est. tempo de leitura":"1 minuto"},"schema":{"@context":"https:\/\/schema.org","@graph":[{"@type":"Article","@id":"https:\/\/www.oarcanjo.net\/site\/consagracao-ao-sagrado-coracao\/#article","isPartOf":{"@id":"https:\/\/www.oarcanjo.net\/site\/consagracao-ao-sagrado-coracao\/"},"author":{"name":"editor","@id":"https:\/\/www.oarcanjo.net\/site\/#\/schema\/person\/f7024d007863202483a31326673a0838"},"headline":"Consagra\u00e7\u00e3o ao Sagrado Cora\u00e7\u00e3o","datePublished":"2009-06-02T13:15:12+00:00","dateModified":"2009-06-02T13:39:39+00:00","mainEntityOfPage":{"@id":"https:\/\/www.oarcanjo.net\/site\/consagracao-ao-sagrado-coracao\/"},"wordCount":261,"commentCount":0,"publisher":{"@id":"https:\/\/www.oarcanjo.net\/site\/#organization"},"keywords":["Consagra\u00e7\u00e3o ao Sagrado Cora\u00e7\u00e3o de Jesus","Ora\u00e7\u00f5es"],"articleSection":["Ora\u00e7\u00f5es"],"inLanguage":"pt-BR","potentialAction":[{"@type":"CommentAction","name":"Comment","target":["https:\/\/www.oarcanjo.net\/site\/consagracao-ao-sagrado-coracao\/#respond"]}]},{"@type":"WebPage","@id":"https:\/\/www.oarcanjo.net\/site\/consagracao-ao-sagrado-coracao\/","url":"https:\/\/www.oarcanjo.net\/site\/consagracao-ao-sagrado-coracao\/","name":"Consagra\u00e7\u00e3o ao Sagrado Cora\u00e7\u00e3o - O Arcanjo no ar","isPartOf":{"@id":"https:\/\/www.oarcanjo.net\/site\/#website"},"datePublished":"2009-06-02T13:15:12+00:00","dateModified":"2009-06-02T13:39:39+00:00","breadcrumb":{"@id":"https:\/\/www.oarcanjo.net\/site\/consagracao-ao-sagrado-coracao\/#breadcrumb"},"inLanguage":"pt-BR","potentialAction":[{"@type":"ReadAction","target":["https:\/\/www.oarcanjo.net\/site\/consagracao-ao-sagrado-coracao\/"]}]},{"@type":"BreadcrumbList","@id":"https:\/\/www.oarcanjo.net\/site\/consagracao-ao-sagrado-coracao\/#breadcrumb","itemListElement":[{"@type":"ListItem","position":1,"name":"In\u00edcio","item":"https:\/\/www.oarcanjo.net\/site\/"},{"@type":"ListItem","position":2,"name":"Consagra\u00e7\u00e3o ao Sagrado Cora\u00e7\u00e3o"}]},{"@type":"WebSite","@id":"https:\/\/www.oarcanjo.net\/site\/#website","url":"https:\/\/www.oarcanjo.net\/site\/","name":"O Arcanjo no ar","description":"Site da Par\u00f3quia S\u00e3o Miguel Arcanjo (Arquidiocese de SP)","publisher":{"@id":"https:\/\/www.oarcanjo.net\/site\/#organization"},"potentialAction":[{"@type":"SearchAction","target":{"@type":"EntryPoint","urlTemplate":"https:\/\/www.oarcanjo.net\/site\/?s={search_term_string}"},"query-input":{"@type":"PropertyValueSpecification","valueRequired":true,"valueName":"search_term_string"}}],"inLanguage":"pt-BR"},{"@type":"Organization","@id":"https:\/\/www.oarcanjo.net\/site\/#organization","name":"Par\u00f3quia S\u00e3o Miguel Arcanjo","url":"https:\/\/www.oarcanjo.net\/site\/","logo":{"@type":"ImageObject","inLanguage":"pt-BR","@id":"https:\/\/www.oarcanjo.net\/site\/#\/schema\/logo\/image\/","url":"https:\/\/www.oarcanjo.net\/site\/wp-content\/uploads\/LogoOArcanjo.png","contentUrl":"https:\/\/www.oarcanjo.net\/site\/wp-content\/uploads\/LogoOArcanjo.png","width":319,"height":99,"caption":"Par\u00f3quia S\u00e3o Miguel Arcanjo"},"image":{"@id":"https:\/\/www.oarcanjo.net\/site\/#\/schema\/logo\/image\/"},"sameAs":["https:\/\/www.facebook.com\/OArcanjoNoAr\/"]},{"@type":"Person","@id":"https:\/\/www.oarcanjo.net\/site\/#\/schema\/person\/f7024d007863202483a31326673a0838","name":"editor","sameAs":["http:\/\/www.oarcanjo.net"]}]}},"publishpress_future_action":{"enabled":false,"date":"2026-05-07 15:47:15","action":"category","newStatus":"draft","terms":[],"taxonomy":"category"},"publishpress_future_workflow_manual_trigger":{"enabledWorkflows":[]},"_links":{"self":[{"href":"https:\/\/www.oarcanjo.net\/site\/wp-json\/wp\/v2\/posts\/3776"}],"collection":[{"href":"https:\/\/www.oarcanjo.net\/site\/wp-json\/wp\/v2\/posts"}],"about":[{"href":"https:\/\/www.oarcanjo.net\/site\/wp-json\/wp\/v2\/types\/post"}],"author":[{"embeddable":true,"href":"https:\/\/www.oarcanjo.net\/site\/wp-json\/wp\/v2\/users\/5"}],"replies":[{"embeddable":true,"href":"https:\/\/www.oarcanjo.net\/site\/wp-json\/wp\/v2\/comments?post=3776"}],"version-history":[{"count":0,"href":"https:\/\/www.oarcanjo.net\/site\/wp-json\/wp\/v2\/posts\/3776\/revisions"}],"wp:attachment":[{"href":"https:\/\/www.oarcanjo.net\/site\/wp-json\/wp\/v2\/media?parent=3776"}],"wp:term":[{"taxonomy":"category","embeddable":true,"href":"https:\/\/www.oarcanjo.net\/site\/wp-json\/wp\/v2\/categories?post=3776"},{"taxonomy":"post_tag","embeddable":true,"href":"https:\/\/www.oarcanjo.net\/site\/wp-json\/wp\/v2\/tags?post=3776"}],"curies":[{"name":"wp","href":"https:\/\/api.w.org\/{rel}","templated":true}]}}