
{"id":37817,"date":"2014-05-06T05:30:33","date_gmt":"2014-05-06T08:30:33","guid":{"rendered":"http:\/\/www.oarcanjo.net\/site\/?p=37817"},"modified":"2014-05-05T14:58:03","modified_gmt":"2014-05-05T17:58:03","slug":"espiritualidade-pascal-o-domingo","status":"publish","type":"post","link":"https:\/\/www.oarcanjo.net\/site\/espiritualidade-pascal-o-domingo\/","title":{"rendered":"Espiritualidade Pascal: o Domingo"},"content":{"rendered":"<p><em>Dom Edmar Peron<\/em><\/p>\n<p>\u201cEm cada semana, no dia a que chamou domingo, a Igreja celebra a Ressurrei\u00e7\u00e3o do Senhor, como a celebra tamb\u00e9m uma vez no ano na P\u00e1scoa, a maior das solenidades, unida \u00e0 mem\u00f3ria da sua Paix\u00e3o\u201d (<em>Sacrosanctum Concilium<\/em>, 102). Mas a cada domingo celebramos a P\u00e1scoa? J\u00e1 n\u00e3o bastaria celebr\u00e1-la uma vez por ano e, assim, ficar livre nos outros domingos para sair da Cidade ou ir ao Shopping? Bem, que o domingo seja dia de repouso e de alegria, a Igreja n\u00e3o nega (mesmo que a sociedade a apresente o domingo cada vez mais como um dia qualquer de trabalho para muitos homens e mulheres), assim como n\u00e3o deixa de nos convocar para a celebra\u00e7\u00e3o, reunidos em comunidade. Vejamos alguns textos que podem nos ajudar a meditar sobre esse assunto.<\/p>\n<p>A cada celebra\u00e7\u00e3o dominical, desde a P\u00e1scoa, a leitura do Evangelho nos tem proposto o Domingo como dia do encontro com o ressuscitado. Maria Madalena, \u201cno primeiro dia da semana, foi ao t\u00famulo de Jesus bem de madrugada, quando ainda estava escuro\u201d (Jo 20,1 \u2013 <em>Domingo de P\u00e1scoa<\/em>).<sup> <\/sup>Os disc\u00edpulos se reuniram \u201cao anoitecer desse dia, que era o primeiro da semana\u201d e, depois, outra vez os encontramos reunidos no domingo e, dessa vez, \u201cTom\u00e9 estava com eles\u201d (Jo 20,19.26 \u2013 <em>Segundo Domingo da P\u00e1scoa<\/em>). S\u00e3o Lucas nos apresenta Jesus caminhando com os dois disc\u00edpulos de Ema\u00fas, \u201cnesse mesmo dia\u201d, isto \u00e9, \u201cno primeiro dia da semana\u201d (24,1.13 \u2013 <em>Terceiro Domingo da P\u00e1scoa<\/em>). Assim, a partir desses evangelhos, podemos dizer que a experi\u00eancia do encontro com Jesus ressuscitado que fizeram Maria Madalena, os Ap\u00f3stolos e os disc\u00edpulos que iam para Ema\u00fas aconteceu no domingo.<\/p>\n<p>A Igreja, no Conc\u00edlio Vaticano II, resgatou o Domingo como \u201cprincipal dia de festa, [&#8230;] dia da alegria e dia do repouso\u201d (SC 106). Esse \u00e9 o dia no qual nos reunimos para fazer mem\u00f3ria da Paix\u00e3o, Ressurrei\u00e7\u00e3o e gl\u00f3ria do Senhor Jesus e dar gra\u00e7as a Deus que em sua \u201cgrande miseric\u00f3rdia\u201d, ao ressuscitar Jesus dentre os mortos, \u201cnos fez renascer para uma esperan\u00e7a viva\u201d (1Pd 1,3). E fazemos isso de modo particular pela celebra\u00e7\u00e3o da eucaristia, pela qual anunciamos a morte do Senhor e proclamamos a sua ressurrei\u00e7\u00e3o, at\u00e9 que ele venha (1Cor 11,26 \u2013 <em>Ora\u00e7\u00e3o Eucar\u00edstica<\/em>). Podemos, pois, com toda confian\u00e7a proclamar que o Domingo, pela ressurrei\u00e7\u00e3o de Jesus dentre os mortos, \u00e9 o dia que o Senhor fez para n\u00f3s, dia de exulta\u00e7\u00e3o e de alegria.<\/p>\n<p>Lembro um testemunho. Em tempo de persegui\u00e7\u00e3o, no ano 304, em Abitene, atual Turquia, 49 crist\u00e3o foram pegos reunidos no domingo, enquanto celebravam a Eucaristia \u2013 o que lhes era proibido pelas leis do imperador Dioclesiano; ao serem interrogados no tribunal sobre tal desobedi\u00eancia, um deles, chamado Em\u00e9rito, respondeu: \u201cSine dominico non possumus\u201d, ou seja, n\u00f3s n\u00e3o podemos viver sem nos reunirmos em assembleia no domingo para celebrar a Eucaristia. Faltar-nos-iam as for\u00e7as para enfrentar as dificuldades quotidianas sem sucumbir. Depois de terr\u00edveis torturas, os 49 crist\u00e3o foram mortos. Eis os m\u00e1rtires do domingo. Sobre esse assunto, meditemos a homilia de Bento XVI, em Bari, no dia 29 de maio de 2005.<\/p>\n<p>Desse modo, a espiritualidade pascal inclui a viv\u00eancia do Domingo: reunir-se para celebrar, alegrar-se no Senhor e repousar. \u00c9 claro que esse ideal \u00e9, em nossos dias, uma profecia daquela liberdade que Deus oferece aos seus filhos e filhas. Como vivemos o Domingo? Deixemo-nos impulsionar pelos m\u00e1rtires de Abitene: sem o Domingo, o dia do Senhor, n\u00f3s n\u00e3o podemos viver!<\/p>\n<div id=\"themify_builder_content-37817\" data-postid=\"37817\" class=\"themify_builder_content themify_builder_content-37817 themify_builder themify_builder_front\">\n\t<\/div>\n<!-- \/themify_builder_content -->","protected":false},"excerpt":{"rendered":"<p>Dom Edmar Peron \u201cEm cada semana, no dia a que chamou domingo, a Igreja celebra a Ressurrei\u00e7\u00e3o do Senhor, como a celebra tamb\u00e9m uma vez no ano na P\u00e1scoa, a maior das solenidades, unida \u00e0 mem\u00f3ria da sua Paix\u00e3o\u201d (Sacrosanctum Concilium, 102). Mas a cada domingo celebramos a P\u00e1scoa? J\u00e1 n\u00e3o bastaria celebr\u00e1-la uma vez [&hellip;]<\/p>\n","protected":false},"author":5,"featured_media":0,"comment_status":"open","ping_status":"open","sticky":false,"template":"","format":"standard","meta":{"ngg_post_thumbnail":0,"footnotes":""},"categories":[9],"tags":[871,156,24,3062,1186,86,242,486],"yoast_head":"<!-- This site is optimized with the Yoast SEO plugin v23.5 - https:\/\/yoast.com\/wordpress\/plugins\/seo\/ -->\n<title>Espiritualidade Pascal: o Domingo - O Arcanjo no ar<\/title>\n<meta name=\"robots\" content=\"index, follow, max-snippet:-1, max-image-preview:large, max-video-preview:-1\" \/>\n<link rel=\"canonical\" href=\"https:\/\/www.oarcanjo.net\/site\/espiritualidade-pascal-o-domingo\/\" \/>\n<meta property=\"og:locale\" content=\"pt_BR\" \/>\n<meta property=\"og:type\" content=\"article\" \/>\n<meta property=\"og:title\" content=\"Espiritualidade Pascal: o Domingo - O Arcanjo no ar\" \/>\n<meta property=\"og:description\" content=\"Dom Edmar Peron \u201cEm cada semana, no dia a que chamou domingo, a Igreja celebra a Ressurrei\u00e7\u00e3o do Senhor, como a celebra tamb\u00e9m uma vez no ano na P\u00e1scoa, a maior das solenidades, unida \u00e0 mem\u00f3ria da sua Paix\u00e3o\u201d (Sacrosanctum Concilium, 102). Mas a cada domingo celebramos a P\u00e1scoa? J\u00e1 n\u00e3o bastaria celebr\u00e1-la uma vez [&hellip;]\" \/>\n<meta property=\"og:url\" content=\"https:\/\/www.oarcanjo.net\/site\/espiritualidade-pascal-o-domingo\/\" \/>\n<meta property=\"og:site_name\" content=\"O Arcanjo no ar\" \/>\n<meta property=\"article:publisher\" content=\"https:\/\/www.facebook.com\/OArcanjoNoAr\/\" \/>\n<meta property=\"article:published_time\" content=\"2014-05-06T08:30:33+00:00\" \/>\n<meta property=\"article:modified_time\" content=\"2014-05-05T17:58:03+00:00\" \/>\n<meta property=\"og:image\" content=\"https:\/\/www.oarcanjo.net\/site\/wp-content\/uploads\/logo-o-arcanjo-no-ar-facebook.png\" \/>\n\t<meta property=\"og:image:width\" content=\"300\" \/>\n\t<meta property=\"og:image:height\" content=\"300\" \/>\n\t<meta property=\"og:image:type\" content=\"image\/png\" \/>\n<meta name=\"author\" content=\"editor\" \/>\n<meta name=\"twitter:card\" content=\"summary_large_image\" \/>\n<meta name=\"twitter:label1\" content=\"Escrito por\" \/>\n\t<meta name=\"twitter:data1\" content=\"editor\" \/>\n\t<meta name=\"twitter:label2\" content=\"Est. tempo de leitura\" \/>\n\t<meta name=\"twitter:data2\" content=\"3 minutos\" \/>\n<script type=\"application\/ld+json\" class=\"yoast-schema-graph\">{\"@context\":\"https:\/\/schema.org\",\"@graph\":[{\"@type\":\"Article\",\"@id\":\"https:\/\/www.oarcanjo.net\/site\/espiritualidade-pascal-o-domingo\/#article\",\"isPartOf\":{\"@id\":\"https:\/\/www.oarcanjo.net\/site\/espiritualidade-pascal-o-domingo\/\"},\"author\":{\"name\":\"editor\",\"@id\":\"https:\/\/www.oarcanjo.net\/site\/#\/schema\/person\/f7024d007863202483a31326673a0838\"},\"headline\":\"Espiritualidade Pascal: o Domingo\",\"datePublished\":\"2014-05-06T08:30:33+00:00\",\"dateModified\":\"2014-05-05T17:58:03+00:00\",\"mainEntityOfPage\":{\"@id\":\"https:\/\/www.oarcanjo.net\/site\/espiritualidade-pascal-o-domingo\/\"},\"wordCount\":615,\"commentCount\":0,\"publisher\":{\"@id\":\"https:\/\/www.oarcanjo.net\/site\/#organization\"},\"keywords\":[\"alegria\",\"comunh\u00e3o\",\"comunidade\",\"Descanso\",\"Domingo\",\"festa\",\"P\u00e1scoa\",\"Ressurrei\u00e7\u00e3o\"],\"articleSection\":[\"Reflex\u00f5es\"],\"inLanguage\":\"pt-BR\",\"potentialAction\":[{\"@type\":\"CommentAction\",\"name\":\"Comment\",\"target\":[\"https:\/\/www.oarcanjo.net\/site\/espiritualidade-pascal-o-domingo\/#respond\"]}]},{\"@type\":\"WebPage\",\"@id\":\"https:\/\/www.oarcanjo.net\/site\/espiritualidade-pascal-o-domingo\/\",\"url\":\"https:\/\/www.oarcanjo.net\/site\/espiritualidade-pascal-o-domingo\/\",\"name\":\"Espiritualidade Pascal: o Domingo - O Arcanjo no ar\",\"isPartOf\":{\"@id\":\"https:\/\/www.oarcanjo.net\/site\/#website\"},\"datePublished\":\"2014-05-06T08:30:33+00:00\",\"dateModified\":\"2014-05-05T17:58:03+00:00\",\"breadcrumb\":{\"@id\":\"https:\/\/www.oarcanjo.net\/site\/espiritualidade-pascal-o-domingo\/#breadcrumb\"},\"inLanguage\":\"pt-BR\",\"potentialAction\":[{\"@type\":\"ReadAction\",\"target\":[\"https:\/\/www.oarcanjo.net\/site\/espiritualidade-pascal-o-domingo\/\"]}]},{\"@type\":\"BreadcrumbList\",\"@id\":\"https:\/\/www.oarcanjo.net\/site\/espiritualidade-pascal-o-domingo\/#breadcrumb\",\"itemListElement\":[{\"@type\":\"ListItem\",\"position\":1,\"name\":\"In\u00edcio\",\"item\":\"https:\/\/www.oarcanjo.net\/site\/\"},{\"@type\":\"ListItem\",\"position\":2,\"name\":\"Espiritualidade Pascal: o Domingo\"}]},{\"@type\":\"WebSite\",\"@id\":\"https:\/\/www.oarcanjo.net\/site\/#website\",\"url\":\"https:\/\/www.oarcanjo.net\/site\/\",\"name\":\"O Arcanjo no ar\",\"description\":\"Site da Par\u00f3quia S\u00e3o Miguel Arcanjo (Arquidiocese de SP)\",\"publisher\":{\"@id\":\"https:\/\/www.oarcanjo.net\/site\/#organization\"},\"potentialAction\":[{\"@type\":\"SearchAction\",\"target\":{\"@type\":\"EntryPoint\",\"urlTemplate\":\"https:\/\/www.oarcanjo.net\/site\/?s={search_term_string}\"},\"query-input\":{\"@type\":\"PropertyValueSpecification\",\"valueRequired\":true,\"valueName\":\"search_term_string\"}}],\"inLanguage\":\"pt-BR\"},{\"@type\":\"Organization\",\"@id\":\"https:\/\/www.oarcanjo.net\/site\/#organization\",\"name\":\"Par\u00f3quia S\u00e3o Miguel Arcanjo\",\"url\":\"https:\/\/www.oarcanjo.net\/site\/\",\"logo\":{\"@type\":\"ImageObject\",\"inLanguage\":\"pt-BR\",\"@id\":\"https:\/\/www.oarcanjo.net\/site\/#\/schema\/logo\/image\/\",\"url\":\"https:\/\/www.oarcanjo.net\/site\/wp-content\/uploads\/LogoOArcanjo.png\",\"contentUrl\":\"https:\/\/www.oarcanjo.net\/site\/wp-content\/uploads\/LogoOArcanjo.png\",\"width\":319,\"height\":99,\"caption\":\"Par\u00f3quia S\u00e3o Miguel Arcanjo\"},\"image\":{\"@id\":\"https:\/\/www.oarcanjo.net\/site\/#\/schema\/logo\/image\/\"},\"sameAs\":[\"https:\/\/www.facebook.com\/OArcanjoNoAr\/\"]},{\"@type\":\"Person\",\"@id\":\"https:\/\/www.oarcanjo.net\/site\/#\/schema\/person\/f7024d007863202483a31326673a0838\",\"name\":\"editor\",\"sameAs\":[\"http:\/\/www.oarcanjo.net\"]}]}<\/script>\n<!-- \/ Yoast SEO plugin. -->","yoast_head_json":{"title":"Espiritualidade Pascal: o Domingo - O Arcanjo no ar","robots":{"index":"index","follow":"follow","max-snippet":"max-snippet:-1","max-image-preview":"max-image-preview:large","max-video-preview":"max-video-preview:-1"},"canonical":"https:\/\/www.oarcanjo.net\/site\/espiritualidade-pascal-o-domingo\/","og_locale":"pt_BR","og_type":"article","og_title":"Espiritualidade Pascal: o Domingo - O Arcanjo no ar","og_description":"Dom Edmar Peron \u201cEm cada semana, no dia a que chamou domingo, a Igreja celebra a Ressurrei\u00e7\u00e3o do Senhor, como a celebra tamb\u00e9m uma vez no ano na P\u00e1scoa, a maior das solenidades, unida \u00e0 mem\u00f3ria da sua Paix\u00e3o\u201d (Sacrosanctum Concilium, 102). Mas a cada domingo celebramos a P\u00e1scoa? J\u00e1 n\u00e3o bastaria celebr\u00e1-la uma vez [&hellip;]","og_url":"https:\/\/www.oarcanjo.net\/site\/espiritualidade-pascal-o-domingo\/","og_site_name":"O Arcanjo no ar","article_publisher":"https:\/\/www.facebook.com\/OArcanjoNoAr\/","article_published_time":"2014-05-06T08:30:33+00:00","article_modified_time":"2014-05-05T17:58:03+00:00","og_image":[{"width":300,"height":300,"url":"https:\/\/www.oarcanjo.net\/site\/wp-content\/uploads\/logo-o-arcanjo-no-ar-facebook.png","type":"image\/png"}],"author":"editor","twitter_card":"summary_large_image","twitter_misc":{"Escrito por":"editor","Est. tempo de leitura":"3 minutos"},"schema":{"@context":"https:\/\/schema.org","@graph":[{"@type":"Article","@id":"https:\/\/www.oarcanjo.net\/site\/espiritualidade-pascal-o-domingo\/#article","isPartOf":{"@id":"https:\/\/www.oarcanjo.net\/site\/espiritualidade-pascal-o-domingo\/"},"author":{"name":"editor","@id":"https:\/\/www.oarcanjo.net\/site\/#\/schema\/person\/f7024d007863202483a31326673a0838"},"headline":"Espiritualidade Pascal: o Domingo","datePublished":"2014-05-06T08:30:33+00:00","dateModified":"2014-05-05T17:58:03+00:00","mainEntityOfPage":{"@id":"https:\/\/www.oarcanjo.net\/site\/espiritualidade-pascal-o-domingo\/"},"wordCount":615,"commentCount":0,"publisher":{"@id":"https:\/\/www.oarcanjo.net\/site\/#organization"},"keywords":["alegria","comunh\u00e3o","comunidade","Descanso","Domingo","festa","P\u00e1scoa","Ressurrei\u00e7\u00e3o"],"articleSection":["Reflex\u00f5es"],"inLanguage":"pt-BR","potentialAction":[{"@type":"CommentAction","name":"Comment","target":["https:\/\/www.oarcanjo.net\/site\/espiritualidade-pascal-o-domingo\/#respond"]}]},{"@type":"WebPage","@id":"https:\/\/www.oarcanjo.net\/site\/espiritualidade-pascal-o-domingo\/","url":"https:\/\/www.oarcanjo.net\/site\/espiritualidade-pascal-o-domingo\/","name":"Espiritualidade Pascal: o Domingo - O Arcanjo no ar","isPartOf":{"@id":"https:\/\/www.oarcanjo.net\/site\/#website"},"datePublished":"2014-05-06T08:30:33+00:00","dateModified":"2014-05-05T17:58:03+00:00","breadcrumb":{"@id":"https:\/\/www.oarcanjo.net\/site\/espiritualidade-pascal-o-domingo\/#breadcrumb"},"inLanguage":"pt-BR","potentialAction":[{"@type":"ReadAction","target":["https:\/\/www.oarcanjo.net\/site\/espiritualidade-pascal-o-domingo\/"]}]},{"@type":"BreadcrumbList","@id":"https:\/\/www.oarcanjo.net\/site\/espiritualidade-pascal-o-domingo\/#breadcrumb","itemListElement":[{"@type":"ListItem","position":1,"name":"In\u00edcio","item":"https:\/\/www.oarcanjo.net\/site\/"},{"@type":"ListItem","position":2,"name":"Espiritualidade Pascal: o Domingo"}]},{"@type":"WebSite","@id":"https:\/\/www.oarcanjo.net\/site\/#website","url":"https:\/\/www.oarcanjo.net\/site\/","name":"O Arcanjo no ar","description":"Site da Par\u00f3quia S\u00e3o Miguel Arcanjo (Arquidiocese de SP)","publisher":{"@id":"https:\/\/www.oarcanjo.net\/site\/#organization"},"potentialAction":[{"@type":"SearchAction","target":{"@type":"EntryPoint","urlTemplate":"https:\/\/www.oarcanjo.net\/site\/?s={search_term_string}"},"query-input":{"@type":"PropertyValueSpecification","valueRequired":true,"valueName":"search_term_string"}}],"inLanguage":"pt-BR"},{"@type":"Organization","@id":"https:\/\/www.oarcanjo.net\/site\/#organization","name":"Par\u00f3quia S\u00e3o Miguel Arcanjo","url":"https:\/\/www.oarcanjo.net\/site\/","logo":{"@type":"ImageObject","inLanguage":"pt-BR","@id":"https:\/\/www.oarcanjo.net\/site\/#\/schema\/logo\/image\/","url":"https:\/\/www.oarcanjo.net\/site\/wp-content\/uploads\/LogoOArcanjo.png","contentUrl":"https:\/\/www.oarcanjo.net\/site\/wp-content\/uploads\/LogoOArcanjo.png","width":319,"height":99,"caption":"Par\u00f3quia S\u00e3o Miguel Arcanjo"},"image":{"@id":"https:\/\/www.oarcanjo.net\/site\/#\/schema\/logo\/image\/"},"sameAs":["https:\/\/www.facebook.com\/OArcanjoNoAr\/"]},{"@type":"Person","@id":"https:\/\/www.oarcanjo.net\/site\/#\/schema\/person\/f7024d007863202483a31326673a0838","name":"editor","sameAs":["http:\/\/www.oarcanjo.net"]}]}},"publishpress_future_action":{"enabled":false,"date":"2026-05-08 20:33:48","action":"category","newStatus":"draft","terms":[],"taxonomy":"category"},"publishpress_future_workflow_manual_trigger":{"enabledWorkflows":[]},"_links":{"self":[{"href":"https:\/\/www.oarcanjo.net\/site\/wp-json\/wp\/v2\/posts\/37817"}],"collection":[{"href":"https:\/\/www.oarcanjo.net\/site\/wp-json\/wp\/v2\/posts"}],"about":[{"href":"https:\/\/www.oarcanjo.net\/site\/wp-json\/wp\/v2\/types\/post"}],"author":[{"embeddable":true,"href":"https:\/\/www.oarcanjo.net\/site\/wp-json\/wp\/v2\/users\/5"}],"replies":[{"embeddable":true,"href":"https:\/\/www.oarcanjo.net\/site\/wp-json\/wp\/v2\/comments?post=37817"}],"version-history":[{"count":0,"href":"https:\/\/www.oarcanjo.net\/site\/wp-json\/wp\/v2\/posts\/37817\/revisions"}],"wp:attachment":[{"href":"https:\/\/www.oarcanjo.net\/site\/wp-json\/wp\/v2\/media?parent=37817"}],"wp:term":[{"taxonomy":"category","embeddable":true,"href":"https:\/\/www.oarcanjo.net\/site\/wp-json\/wp\/v2\/categories?post=37817"},{"taxonomy":"post_tag","embeddable":true,"href":"https:\/\/www.oarcanjo.net\/site\/wp-json\/wp\/v2\/tags?post=37817"}],"curies":[{"name":"wp","href":"https:\/\/api.w.org\/{rel}","templated":true}]}}