
{"id":3789,"date":"2009-06-01T16:33:23","date_gmt":"2009-06-01T19:33:23","guid":{"rendered":"http:\/\/www.oarcanjo.net\/site\/?p=3789"},"modified":"2009-06-02T10:16:52","modified_gmt":"2009-06-02T13:16:52","slug":"oracao-de-cura-fisica","status":"publish","type":"post","link":"https:\/\/www.oarcanjo.net\/site\/oracao-de-cura-fisica\/","title":{"rendered":"Ora\u00e7\u00e3o de Cura F\u00edsica"},"content":{"rendered":"<p><em>Por M\u00e1rcio Abbate Vieira<\/em><\/p>\n<p><em>Ora\u00e7\u00f5es de Dom Cipriano Chagas<\/em><\/p>\n<p>Jesus, sede bendito pela luz de vossa vida que agora vem sobre mim. Que a qu\u00edmica de meu c\u00e9rebro, os impulsos el\u00e9tricos, todo o sistema circulat\u00f3rio estejam hoje debaixo de vosso Senhorio de tal modo que meu corpo possa funcionar em perfeita sa\u00fade.<\/p>\n<p>Que a minha mente possa ser assumida pela vossa para que eu possa caminhar hoje na perfeita verdade de vossa palavra. Que meu cora\u00e7\u00e3o possa entrar em vosso Sagrado Cora\u00e7\u00e3o, que meu sangue possa unir-se ao vosso Precios\u00edssimo Sangue para que, ao circular pelo meu corpo, ele leve as boas novas de vossa Presen\u00e7a do topo da minha cabe\u00e7a \u00e0 sola de meus p\u00e9s. Que meu sangue carregue a mensagem: Jesus Cristo \u00e9 o Senhor.<\/p>\n<p>Ele que me criou, me ama e me chama hoje \u00e0 sua vida de ressurrei\u00e7\u00e3o. Ordeno a meu sangue que leve a cada c\u00e9lula o que ela precisa para estar em perfeita sa\u00fade e em harmonia com todo o corpo, nada levando de alguma c\u00e9lula que n\u00e3o esteja de acordo com o plano perfeito de Jesus para mim.<\/p>\n<p>Dou-vos gra\u00e7as, Jesus, por unir-me ao vosso Cora\u00e7\u00e3o.<\/p>\n<p>Suavizai o meu cora\u00e7\u00e3o; enchei-o com o vosso amor.<\/p>\n<p>Enchei-o com a vossa Luz de modo a que toda pessoa que eu encontrar hoje, encontre um lugar de repouso neste cora\u00e7\u00e3o, entrando e saindo de minha vida com perfeita liberdade, da mesma forma como entramos e saimos da presen\u00e7a do Pai atrav\u00e9s do v\u00e9u que \u00e9 a vossa Presen\u00e7a entre n\u00f3s.<br \/>\nEu vos dou gra\u00e7a, Jesus, e pe\u00e7o que , mesmo em meus momentos de desaten\u00e7\u00e3o, sejais capaz de dar-me, com o vosso amor perfeito, a misteriosa presen\u00e7a de vossa paz.<\/p>\n<p>Guardai-me hoje em vossa palavra, em vossa verdade, em vosso perfeito amor. Lavai-me e purificai-me pelos acontecimentos deste dia. Gra\u00e7as a v\u00f3s, Senhor!<\/p>\n<div id=\"themify_builder_content-3789\" data-postid=\"3789\" class=\"themify_builder_content themify_builder_content-3789 themify_builder themify_builder_front\">\n\t<\/div>\n<!-- \/themify_builder_content -->","protected":false},"excerpt":{"rendered":"<p>Por M\u00e1rcio Abbate Vieira Ora\u00e7\u00f5es de Dom Cipriano Chagas Jesus, sede bendito pela luz de vossa vida que agora vem sobre mim. Que a qu\u00edmica de meu c\u00e9rebro, os impulsos el\u00e9tricos, todo o sistema circulat\u00f3rio estejam hoje debaixo de vosso Senhorio de tal modo que meu corpo possa funcionar em perfeita sa\u00fade. Que a minha [&hellip;]<\/p>\n","protected":false},"author":5,"featured_media":0,"comment_status":"open","ping_status":"open","sticky":false,"template":"","format":"standard","meta":{"ngg_post_thumbnail":0,"footnotes":""},"categories":[6],"tags":[774,3201],"yoast_head":"<!-- This site is optimized with the Yoast SEO plugin v23.5 - https:\/\/yoast.com\/wordpress\/plugins\/seo\/ -->\n<title>Ora\u00e7\u00e3o de Cura F\u00edsica - O Arcanjo no ar<\/title>\n<meta name=\"robots\" content=\"index, follow, max-snippet:-1, max-image-preview:large, max-video-preview:-1\" \/>\n<link rel=\"canonical\" href=\"https:\/\/www.oarcanjo.net\/site\/oracao-de-cura-fisica\/\" \/>\n<meta property=\"og:locale\" content=\"pt_BR\" \/>\n<meta property=\"og:type\" content=\"article\" \/>\n<meta property=\"og:title\" content=\"Ora\u00e7\u00e3o de Cura F\u00edsica - O Arcanjo no ar\" \/>\n<meta property=\"og:description\" content=\"Por M\u00e1rcio Abbate Vieira Ora\u00e7\u00f5es de Dom Cipriano Chagas Jesus, sede bendito pela luz de vossa vida que agora vem sobre mim. Que a qu\u00edmica de meu c\u00e9rebro, os impulsos el\u00e9tricos, todo o sistema circulat\u00f3rio estejam hoje debaixo de vosso Senhorio de tal modo que meu corpo possa funcionar em perfeita sa\u00fade. Que a minha [&hellip;]\" \/>\n<meta property=\"og:url\" content=\"https:\/\/www.oarcanjo.net\/site\/oracao-de-cura-fisica\/\" \/>\n<meta property=\"og:site_name\" content=\"O Arcanjo no ar\" \/>\n<meta property=\"article:publisher\" content=\"https:\/\/www.facebook.com\/OArcanjoNoAr\/\" \/>\n<meta property=\"article:published_time\" content=\"2009-06-01T19:33:23+00:00\" \/>\n<meta property=\"article:modified_time\" content=\"2009-06-02T13:16:52+00:00\" \/>\n<meta property=\"og:image\" content=\"https:\/\/www.oarcanjo.net\/site\/wp-content\/uploads\/logo-o-arcanjo-no-ar-facebook.png\" \/>\n\t<meta property=\"og:image:width\" content=\"300\" \/>\n\t<meta property=\"og:image:height\" content=\"300\" \/>\n\t<meta property=\"og:image:type\" content=\"image\/png\" \/>\n<meta name=\"author\" content=\"editor\" \/>\n<meta name=\"twitter:card\" content=\"summary_large_image\" \/>\n<meta name=\"twitter:label1\" content=\"Escrito por\" \/>\n\t<meta name=\"twitter:data1\" content=\"editor\" \/>\n\t<meta name=\"twitter:label2\" content=\"Est. tempo de leitura\" \/>\n\t<meta name=\"twitter:data2\" content=\"2 minutos\" \/>\n<script type=\"application\/ld+json\" class=\"yoast-schema-graph\">{\"@context\":\"https:\/\/schema.org\",\"@graph\":[{\"@type\":\"Article\",\"@id\":\"https:\/\/www.oarcanjo.net\/site\/oracao-de-cura-fisica\/#article\",\"isPartOf\":{\"@id\":\"https:\/\/www.oarcanjo.net\/site\/oracao-de-cura-fisica\/\"},\"author\":{\"name\":\"editor\",\"@id\":\"https:\/\/www.oarcanjo.net\/site\/#\/schema\/person\/f7024d007863202483a31326673a0838\"},\"headline\":\"Ora\u00e7\u00e3o de Cura F\u00edsica\",\"datePublished\":\"2009-06-01T19:33:23+00:00\",\"dateModified\":\"2009-06-02T13:16:52+00:00\",\"mainEntityOfPage\":{\"@id\":\"https:\/\/www.oarcanjo.net\/site\/oracao-de-cura-fisica\/\"},\"wordCount\":341,\"commentCount\":4,\"publisher\":{\"@id\":\"https:\/\/www.oarcanjo.net\/site\/#organization\"},\"keywords\":[\"Cura\",\"Ora\u00e7\u00f5es\"],\"articleSection\":[\"Ora\u00e7\u00f5es\"],\"inLanguage\":\"pt-BR\",\"potentialAction\":[{\"@type\":\"CommentAction\",\"name\":\"Comment\",\"target\":[\"https:\/\/www.oarcanjo.net\/site\/oracao-de-cura-fisica\/#respond\"]}]},{\"@type\":\"WebPage\",\"@id\":\"https:\/\/www.oarcanjo.net\/site\/oracao-de-cura-fisica\/\",\"url\":\"https:\/\/www.oarcanjo.net\/site\/oracao-de-cura-fisica\/\",\"name\":\"Ora\u00e7\u00e3o de Cura F\u00edsica - O Arcanjo no ar\",\"isPartOf\":{\"@id\":\"https:\/\/www.oarcanjo.net\/site\/#website\"},\"datePublished\":\"2009-06-01T19:33:23+00:00\",\"dateModified\":\"2009-06-02T13:16:52+00:00\",\"breadcrumb\":{\"@id\":\"https:\/\/www.oarcanjo.net\/site\/oracao-de-cura-fisica\/#breadcrumb\"},\"inLanguage\":\"pt-BR\",\"potentialAction\":[{\"@type\":\"ReadAction\",\"target\":[\"https:\/\/www.oarcanjo.net\/site\/oracao-de-cura-fisica\/\"]}]},{\"@type\":\"BreadcrumbList\",\"@id\":\"https:\/\/www.oarcanjo.net\/site\/oracao-de-cura-fisica\/#breadcrumb\",\"itemListElement\":[{\"@type\":\"ListItem\",\"position\":1,\"name\":\"In\u00edcio\",\"item\":\"https:\/\/www.oarcanjo.net\/site\/\"},{\"@type\":\"ListItem\",\"position\":2,\"name\":\"Ora\u00e7\u00e3o de Cura F\u00edsica\"}]},{\"@type\":\"WebSite\",\"@id\":\"https:\/\/www.oarcanjo.net\/site\/#website\",\"url\":\"https:\/\/www.oarcanjo.net\/site\/\",\"name\":\"O Arcanjo no ar\",\"description\":\"Site da Par\u00f3quia S\u00e3o Miguel Arcanjo (Arquidiocese de SP)\",\"publisher\":{\"@id\":\"https:\/\/www.oarcanjo.net\/site\/#organization\"},\"potentialAction\":[{\"@type\":\"SearchAction\",\"target\":{\"@type\":\"EntryPoint\",\"urlTemplate\":\"https:\/\/www.oarcanjo.net\/site\/?s={search_term_string}\"},\"query-input\":{\"@type\":\"PropertyValueSpecification\",\"valueRequired\":true,\"valueName\":\"search_term_string\"}}],\"inLanguage\":\"pt-BR\"},{\"@type\":\"Organization\",\"@id\":\"https:\/\/www.oarcanjo.net\/site\/#organization\",\"name\":\"Par\u00f3quia S\u00e3o Miguel Arcanjo\",\"url\":\"https:\/\/www.oarcanjo.net\/site\/\",\"logo\":{\"@type\":\"ImageObject\",\"inLanguage\":\"pt-BR\",\"@id\":\"https:\/\/www.oarcanjo.net\/site\/#\/schema\/logo\/image\/\",\"url\":\"https:\/\/www.oarcanjo.net\/site\/wp-content\/uploads\/LogoOArcanjo.png\",\"contentUrl\":\"https:\/\/www.oarcanjo.net\/site\/wp-content\/uploads\/LogoOArcanjo.png\",\"width\":319,\"height\":99,\"caption\":\"Par\u00f3quia S\u00e3o Miguel Arcanjo\"},\"image\":{\"@id\":\"https:\/\/www.oarcanjo.net\/site\/#\/schema\/logo\/image\/\"},\"sameAs\":[\"https:\/\/www.facebook.com\/OArcanjoNoAr\/\"]},{\"@type\":\"Person\",\"@id\":\"https:\/\/www.oarcanjo.net\/site\/#\/schema\/person\/f7024d007863202483a31326673a0838\",\"name\":\"editor\",\"sameAs\":[\"http:\/\/www.oarcanjo.net\"]}]}<\/script>\n<!-- \/ Yoast SEO plugin. -->","yoast_head_json":{"title":"Ora\u00e7\u00e3o de Cura F\u00edsica - O Arcanjo no ar","robots":{"index":"index","follow":"follow","max-snippet":"max-snippet:-1","max-image-preview":"max-image-preview:large","max-video-preview":"max-video-preview:-1"},"canonical":"https:\/\/www.oarcanjo.net\/site\/oracao-de-cura-fisica\/","og_locale":"pt_BR","og_type":"article","og_title":"Ora\u00e7\u00e3o de Cura F\u00edsica - O Arcanjo no ar","og_description":"Por M\u00e1rcio Abbate Vieira Ora\u00e7\u00f5es de Dom Cipriano Chagas Jesus, sede bendito pela luz de vossa vida que agora vem sobre mim. Que a qu\u00edmica de meu c\u00e9rebro, os impulsos el\u00e9tricos, todo o sistema circulat\u00f3rio estejam hoje debaixo de vosso Senhorio de tal modo que meu corpo possa funcionar em perfeita sa\u00fade. Que a minha [&hellip;]","og_url":"https:\/\/www.oarcanjo.net\/site\/oracao-de-cura-fisica\/","og_site_name":"O Arcanjo no ar","article_publisher":"https:\/\/www.facebook.com\/OArcanjoNoAr\/","article_published_time":"2009-06-01T19:33:23+00:00","article_modified_time":"2009-06-02T13:16:52+00:00","og_image":[{"width":300,"height":300,"url":"https:\/\/www.oarcanjo.net\/site\/wp-content\/uploads\/logo-o-arcanjo-no-ar-facebook.png","type":"image\/png"}],"author":"editor","twitter_card":"summary_large_image","twitter_misc":{"Escrito por":"editor","Est. tempo de leitura":"2 minutos"},"schema":{"@context":"https:\/\/schema.org","@graph":[{"@type":"Article","@id":"https:\/\/www.oarcanjo.net\/site\/oracao-de-cura-fisica\/#article","isPartOf":{"@id":"https:\/\/www.oarcanjo.net\/site\/oracao-de-cura-fisica\/"},"author":{"name":"editor","@id":"https:\/\/www.oarcanjo.net\/site\/#\/schema\/person\/f7024d007863202483a31326673a0838"},"headline":"Ora\u00e7\u00e3o de Cura F\u00edsica","datePublished":"2009-06-01T19:33:23+00:00","dateModified":"2009-06-02T13:16:52+00:00","mainEntityOfPage":{"@id":"https:\/\/www.oarcanjo.net\/site\/oracao-de-cura-fisica\/"},"wordCount":341,"commentCount":4,"publisher":{"@id":"https:\/\/www.oarcanjo.net\/site\/#organization"},"keywords":["Cura","Ora\u00e7\u00f5es"],"articleSection":["Ora\u00e7\u00f5es"],"inLanguage":"pt-BR","potentialAction":[{"@type":"CommentAction","name":"Comment","target":["https:\/\/www.oarcanjo.net\/site\/oracao-de-cura-fisica\/#respond"]}]},{"@type":"WebPage","@id":"https:\/\/www.oarcanjo.net\/site\/oracao-de-cura-fisica\/","url":"https:\/\/www.oarcanjo.net\/site\/oracao-de-cura-fisica\/","name":"Ora\u00e7\u00e3o de Cura F\u00edsica - O Arcanjo no ar","isPartOf":{"@id":"https:\/\/www.oarcanjo.net\/site\/#website"},"datePublished":"2009-06-01T19:33:23+00:00","dateModified":"2009-06-02T13:16:52+00:00","breadcrumb":{"@id":"https:\/\/www.oarcanjo.net\/site\/oracao-de-cura-fisica\/#breadcrumb"},"inLanguage":"pt-BR","potentialAction":[{"@type":"ReadAction","target":["https:\/\/www.oarcanjo.net\/site\/oracao-de-cura-fisica\/"]}]},{"@type":"BreadcrumbList","@id":"https:\/\/www.oarcanjo.net\/site\/oracao-de-cura-fisica\/#breadcrumb","itemListElement":[{"@type":"ListItem","position":1,"name":"In\u00edcio","item":"https:\/\/www.oarcanjo.net\/site\/"},{"@type":"ListItem","position":2,"name":"Ora\u00e7\u00e3o de Cura F\u00edsica"}]},{"@type":"WebSite","@id":"https:\/\/www.oarcanjo.net\/site\/#website","url":"https:\/\/www.oarcanjo.net\/site\/","name":"O Arcanjo no ar","description":"Site da Par\u00f3quia S\u00e3o Miguel Arcanjo (Arquidiocese de SP)","publisher":{"@id":"https:\/\/www.oarcanjo.net\/site\/#organization"},"potentialAction":[{"@type":"SearchAction","target":{"@type":"EntryPoint","urlTemplate":"https:\/\/www.oarcanjo.net\/site\/?s={search_term_string}"},"query-input":{"@type":"PropertyValueSpecification","valueRequired":true,"valueName":"search_term_string"}}],"inLanguage":"pt-BR"},{"@type":"Organization","@id":"https:\/\/www.oarcanjo.net\/site\/#organization","name":"Par\u00f3quia S\u00e3o Miguel Arcanjo","url":"https:\/\/www.oarcanjo.net\/site\/","logo":{"@type":"ImageObject","inLanguage":"pt-BR","@id":"https:\/\/www.oarcanjo.net\/site\/#\/schema\/logo\/image\/","url":"https:\/\/www.oarcanjo.net\/site\/wp-content\/uploads\/LogoOArcanjo.png","contentUrl":"https:\/\/www.oarcanjo.net\/site\/wp-content\/uploads\/LogoOArcanjo.png","width":319,"height":99,"caption":"Par\u00f3quia S\u00e3o Miguel Arcanjo"},"image":{"@id":"https:\/\/www.oarcanjo.net\/site\/#\/schema\/logo\/image\/"},"sameAs":["https:\/\/www.facebook.com\/OArcanjoNoAr\/"]},{"@type":"Person","@id":"https:\/\/www.oarcanjo.net\/site\/#\/schema\/person\/f7024d007863202483a31326673a0838","name":"editor","sameAs":["http:\/\/www.oarcanjo.net"]}]}},"publishpress_future_action":{"enabled":false,"date":"2026-05-07 17:02:42","action":"category","newStatus":"draft","terms":[],"taxonomy":"category"},"publishpress_future_workflow_manual_trigger":{"enabledWorkflows":[]},"_links":{"self":[{"href":"https:\/\/www.oarcanjo.net\/site\/wp-json\/wp\/v2\/posts\/3789"}],"collection":[{"href":"https:\/\/www.oarcanjo.net\/site\/wp-json\/wp\/v2\/posts"}],"about":[{"href":"https:\/\/www.oarcanjo.net\/site\/wp-json\/wp\/v2\/types\/post"}],"author":[{"embeddable":true,"href":"https:\/\/www.oarcanjo.net\/site\/wp-json\/wp\/v2\/users\/5"}],"replies":[{"embeddable":true,"href":"https:\/\/www.oarcanjo.net\/site\/wp-json\/wp\/v2\/comments?post=3789"}],"version-history":[{"count":0,"href":"https:\/\/www.oarcanjo.net\/site\/wp-json\/wp\/v2\/posts\/3789\/revisions"}],"wp:attachment":[{"href":"https:\/\/www.oarcanjo.net\/site\/wp-json\/wp\/v2\/media?parent=3789"}],"wp:term":[{"taxonomy":"category","embeddable":true,"href":"https:\/\/www.oarcanjo.net\/site\/wp-json\/wp\/v2\/categories?post=3789"},{"taxonomy":"post_tag","embeddable":true,"href":"https:\/\/www.oarcanjo.net\/site\/wp-json\/wp\/v2\/tags?post=3789"}],"curies":[{"name":"wp","href":"https:\/\/api.w.org\/{rel}","templated":true}]}}