
{"id":380,"date":"2008-10-16T08:25:57","date_gmt":"2008-10-16T11:25:57","guid":{"rendered":"http:\/\/www.oarcanjo.net\/site\/?p=380"},"modified":"2008-10-16T08:25:57","modified_gmt":"2008-10-16T11:25:57","slug":"missao-e-abertura-eclesial","status":"publish","type":"post","link":"https:\/\/www.oarcanjo.net\/site\/missao-e-abertura-eclesial\/","title":{"rendered":"Miss\u00e3o e abertura eclesial"},"content":{"rendered":"<p>Dom Dem\u00e9trio Valentini *<\/p>\n<p>Este \u00e9 o domingo das miss\u00f5es. Um dos sintomas mais positivos de renova\u00e7\u00e3o eclesial se encontra no despertar da consci\u00eancia mission\u00e1ria. A miss\u00e3o leva a Igreja a superar seus limites, para colocar-se a servi\u00e7o do Evangelho, relativizando estruturas e deixando de lado interesses institucionais.<\/p>\n<p>O clima salutar para a Igreja \u00e9 sempre o amplo horizonte descortinado por Cristo em sua \u00faltima recorda\u00e7\u00e3o aos disc\u00edpulos:  &#8220;Ide por todo o mundo, pregai o Evangelho a todas as criaturas.. estarei convosco todos os dias, at\u00e9 o fim dos tempos&#8221; (Mc 16,15 e Mt 28, 20).<\/p>\n<p>O Evangelho tem irresist\u00edvel destina\u00e7\u00e3o universal. Ele n\u00e3o pode ser detido, ele n\u00e3o deve ficar enclausurado. Esta din\u00e2mica inata do Evangelho aparece na pr\u00f3pria vida de Jesus, e no caminhar posterior da Igreja. E precisa retomar hoje novo impulso!<\/p>\n<p>Jesus passou por sucessivas supera\u00e7\u00f5es de limites, que pretendiam impedi-lo de levar adiante sua miss\u00e3o evangelizadora.<\/p>\n<p>Primeiro se libertou das resist\u00eancias de Nazar\u00e9, que impediam o an\u00fancio da mensagem libertadora. &#8220;N\u00e3o h\u00e1 profeta sem honra, exceto em sua p\u00e1tria e em sua casa&#8230; N\u00e3o fez ali muitos milagres, por causa da incredulidade deles&#8221; (Mt 13,58).<\/p>\n<p>&#8220;Deixando Nazar\u00e9, foi morar em Cafarnaum&#8221; (Mt 4, 13), encruzilhada que permitia acesso a todas as dire\u00e7\u00f5es da Galil\u00e9ia. L\u00e1, ele saiu do espa\u00e7o fechado da sinagoga, para se encontrar com as  multid\u00f5es. (Cfr Mc1, 29 e ss).<\/p>\n<p>Quando queriam det\u00ea-lo em Cafarnaum, levantou de madrugada e se p\u00f4s resolutamente a caminho da miss\u00e3o: &#8220;Vamos a outros lugares, \u00e0s aldeias da vizinhan\u00e7a, a fim de pregar tamb\u00e9m ali, pois foi para isto que eu sa\u00ed&#8221; (Mc 1, 38).<\/p>\n<p>Assim, livre para evangelizar, Jesus empreendeu a grande empreitada de ir rompendo resist\u00eancias, subvertendo hierarquias, derrubando preconceitos, desmascarando hipocrisias, proclamando a nova ordem do Reino de Deus.<\/p>\n<p>A servi\u00e7o do Evangelho empenhou por completo sua vida, at\u00e9 o seu testemunho final, colocando para sempre o fundamento da perenidade de sua mensagem, sempre atual e indispens\u00e1vel para a humanidade, &#8221; em todos os lugares e em todos os tempos&#8221;.<\/p>\n<p>S\u00e3o Paulo, o escolhido para levar o Evangelho \u00e0s Na\u00e7\u00f5es, percebeu o lance estrat\u00e9gico que precisava ser feito, para libertar o Evangelho das amarras do juda\u00edsmo, para assim ser aceito pelos gentios. Com isto se abriu o caminho para o vasto campo de miss\u00e3o no imp\u00e9rio romano. A boa semente acolhida no f\u00e9rtil terreno da cultura greco-latina foi produzindo frutos copiosos, que caracterizam at\u00e9 hoje as fei\u00e7\u00f5es da Igreja de Cristo.<\/p>\n<p>Mas a\u00ed est\u00e1 hoje a nova encruzilhada para a Igreja. Ela n\u00e3o pode repetir os condicionamentos de Nazar\u00e9, de Cafarnaum e da circuncis\u00e3o. A cultura ocidental, que soube acolher o Evangelho, n\u00e3o pode agora se tornar uma redoma, que condiciona a expans\u00e3o do Evangelho para o mundo inteiro.<\/p>\n<p>Enclausurada em suas fei\u00e7\u00f5es hist\u00f3ricas europ\u00e9ias, a Igreja perdeu impulso, e se esfacelou por questi\u00fanculas internas, desde a ruptura com os ortodoxos no in\u00edcio do segundo mil\u00eanio, passando pelo terremoto da reforma protestante, at\u00e9 o atual momento de intensa fragmenta\u00e7\u00e3o pentecostal.<br \/>\nA Igreja precisa recuperar os ares da miss\u00e3o, para romper as amarras da cultura ocidental em que ela se fechou.<\/p>\n<p>Se S\u00e3o Paulo retomasse hoje os caminhos da miss\u00e3o, n\u00e3o seria mais um &#8220;maced\u00f4nio&#8221; que lhe apareceria em sonho, chamando-o para pregar o Evangelho em terras europ\u00e9ias.  Seria certamente um tibetano, um chin\u00eas, um vietnamita, afinal se levantaria um coro pluriforme de diferentes ra\u00e7as e culturas, ansiosas por acolherem as sementes genu\u00ednas do Evangelho de Jesus.<\/p>\n<p>O Evangelho de Cristo est\u00e1 solto, exclama S\u00e3o Paulo. Nenhuma cultura pode aprision\u00e1-lo. Em vista da destina\u00e7\u00e3o universal do Evangelho, \u00e9 preciso relativizar as fei\u00e7\u00f5es europ\u00e9ias da Igreja. \u00c9  urgente desocidentalizar o Evangelho, para que ele possa ser acolhido por outras culturas e a\u00ed produzir novos frutos para o Reino e novas express\u00f5es da Igreja de Cristo. <\/p>\n<p>* Bispo de Jales, S\u00e3o Paulo.<\/p>\n<div id=\"themify_builder_content-380\" data-postid=\"380\" class=\"themify_builder_content themify_builder_content-380 themify_builder themify_builder_front\">\n\t<\/div>\n<!-- \/themify_builder_content -->","protected":false},"excerpt":{"rendered":"<p>Dom Dem\u00e9trio Valentini * Este \u00e9 o domingo das miss\u00f5es. Um dos sintomas mais positivos de renova\u00e7\u00e3o eclesial se encontra no despertar da consci\u00eancia mission\u00e1ria. A miss\u00e3o leva a Igreja a superar seus limites, para colocar-se a servi\u00e7o do Evangelho, relativizando estruturas e deixando de lado interesses institucionais. O clima salutar para a Igreja \u00e9 [&hellip;]<\/p>\n","protected":false},"author":5,"featured_media":0,"comment_status":"open","ping_status":"open","sticky":false,"template":"","format":"standard","meta":{"ngg_post_thumbnail":0,"footnotes":""},"categories":[9],"tags":[40],"yoast_head":"<!-- This site is optimized with the Yoast SEO plugin v23.5 - https:\/\/yoast.com\/wordpress\/plugins\/seo\/ -->\n<title>Miss\u00e3o e abertura eclesial - O Arcanjo no ar<\/title>\n<meta name=\"robots\" content=\"index, follow, max-snippet:-1, max-image-preview:large, max-video-preview:-1\" \/>\n<link rel=\"canonical\" href=\"https:\/\/www.oarcanjo.net\/site\/missao-e-abertura-eclesial\/\" \/>\n<meta property=\"og:locale\" content=\"pt_BR\" \/>\n<meta property=\"og:type\" content=\"article\" \/>\n<meta property=\"og:title\" content=\"Miss\u00e3o e abertura eclesial - O Arcanjo no ar\" \/>\n<meta property=\"og:description\" content=\"Dom Dem\u00e9trio Valentini * Este \u00e9 o domingo das miss\u00f5es. Um dos sintomas mais positivos de renova\u00e7\u00e3o eclesial se encontra no despertar da consci\u00eancia mission\u00e1ria. A miss\u00e3o leva a Igreja a superar seus limites, para colocar-se a servi\u00e7o do Evangelho, relativizando estruturas e deixando de lado interesses institucionais. O clima salutar para a Igreja \u00e9 [&hellip;]\" \/>\n<meta property=\"og:url\" content=\"https:\/\/www.oarcanjo.net\/site\/missao-e-abertura-eclesial\/\" \/>\n<meta property=\"og:site_name\" content=\"O Arcanjo no ar\" \/>\n<meta property=\"article:publisher\" content=\"https:\/\/www.facebook.com\/OArcanjoNoAr\/\" \/>\n<meta property=\"article:published_time\" content=\"2008-10-16T11:25:57+00:00\" \/>\n<meta property=\"og:image\" content=\"https:\/\/www.oarcanjo.net\/site\/wp-content\/uploads\/logo-o-arcanjo-no-ar-facebook.png\" \/>\n\t<meta property=\"og:image:width\" content=\"300\" \/>\n\t<meta property=\"og:image:height\" content=\"300\" \/>\n\t<meta property=\"og:image:type\" content=\"image\/png\" \/>\n<meta name=\"author\" content=\"editor\" \/>\n<meta name=\"twitter:card\" content=\"summary_large_image\" \/>\n<meta name=\"twitter:label1\" content=\"Escrito por\" \/>\n\t<meta name=\"twitter:data1\" content=\"editor\" \/>\n\t<meta name=\"twitter:label2\" content=\"Est. tempo de leitura\" \/>\n\t<meta name=\"twitter:data2\" content=\"3 minutos\" \/>\n<script type=\"application\/ld+json\" class=\"yoast-schema-graph\">{\"@context\":\"https:\/\/schema.org\",\"@graph\":[{\"@type\":\"Article\",\"@id\":\"https:\/\/www.oarcanjo.net\/site\/missao-e-abertura-eclesial\/#article\",\"isPartOf\":{\"@id\":\"https:\/\/www.oarcanjo.net\/site\/missao-e-abertura-eclesial\/\"},\"author\":{\"name\":\"editor\",\"@id\":\"https:\/\/www.oarcanjo.net\/site\/#\/schema\/person\/f7024d007863202483a31326673a0838\"},\"headline\":\"Miss\u00e3o e abertura eclesial\",\"datePublished\":\"2008-10-16T11:25:57+00:00\",\"dateModified\":\"2008-10-16T11:25:57+00:00\",\"mainEntityOfPage\":{\"@id\":\"https:\/\/www.oarcanjo.net\/site\/missao-e-abertura-eclesial\/\"},\"wordCount\":693,\"commentCount\":0,\"publisher\":{\"@id\":\"https:\/\/www.oarcanjo.net\/site\/#organization\"},\"keywords\":[\"miss\u00f5es\"],\"articleSection\":[\"Reflex\u00f5es\"],\"inLanguage\":\"pt-BR\",\"potentialAction\":[{\"@type\":\"CommentAction\",\"name\":\"Comment\",\"target\":[\"https:\/\/www.oarcanjo.net\/site\/missao-e-abertura-eclesial\/#respond\"]}]},{\"@type\":\"WebPage\",\"@id\":\"https:\/\/www.oarcanjo.net\/site\/missao-e-abertura-eclesial\/\",\"url\":\"https:\/\/www.oarcanjo.net\/site\/missao-e-abertura-eclesial\/\",\"name\":\"Miss\u00e3o e abertura eclesial - O Arcanjo no ar\",\"isPartOf\":{\"@id\":\"https:\/\/www.oarcanjo.net\/site\/#website\"},\"datePublished\":\"2008-10-16T11:25:57+00:00\",\"dateModified\":\"2008-10-16T11:25:57+00:00\",\"breadcrumb\":{\"@id\":\"https:\/\/www.oarcanjo.net\/site\/missao-e-abertura-eclesial\/#breadcrumb\"},\"inLanguage\":\"pt-BR\",\"potentialAction\":[{\"@type\":\"ReadAction\",\"target\":[\"https:\/\/www.oarcanjo.net\/site\/missao-e-abertura-eclesial\/\"]}]},{\"@type\":\"BreadcrumbList\",\"@id\":\"https:\/\/www.oarcanjo.net\/site\/missao-e-abertura-eclesial\/#breadcrumb\",\"itemListElement\":[{\"@type\":\"ListItem\",\"position\":1,\"name\":\"In\u00edcio\",\"item\":\"https:\/\/www.oarcanjo.net\/site\/\"},{\"@type\":\"ListItem\",\"position\":2,\"name\":\"Miss\u00e3o e abertura eclesial\"}]},{\"@type\":\"WebSite\",\"@id\":\"https:\/\/www.oarcanjo.net\/site\/#website\",\"url\":\"https:\/\/www.oarcanjo.net\/site\/\",\"name\":\"O Arcanjo no ar\",\"description\":\"Site da Par\u00f3quia S\u00e3o Miguel Arcanjo (Arquidiocese de SP)\",\"publisher\":{\"@id\":\"https:\/\/www.oarcanjo.net\/site\/#organization\"},\"potentialAction\":[{\"@type\":\"SearchAction\",\"target\":{\"@type\":\"EntryPoint\",\"urlTemplate\":\"https:\/\/www.oarcanjo.net\/site\/?s={search_term_string}\"},\"query-input\":{\"@type\":\"PropertyValueSpecification\",\"valueRequired\":true,\"valueName\":\"search_term_string\"}}],\"inLanguage\":\"pt-BR\"},{\"@type\":\"Organization\",\"@id\":\"https:\/\/www.oarcanjo.net\/site\/#organization\",\"name\":\"Par\u00f3quia S\u00e3o Miguel Arcanjo\",\"url\":\"https:\/\/www.oarcanjo.net\/site\/\",\"logo\":{\"@type\":\"ImageObject\",\"inLanguage\":\"pt-BR\",\"@id\":\"https:\/\/www.oarcanjo.net\/site\/#\/schema\/logo\/image\/\",\"url\":\"https:\/\/www.oarcanjo.net\/site\/wp-content\/uploads\/LogoOArcanjo.png\",\"contentUrl\":\"https:\/\/www.oarcanjo.net\/site\/wp-content\/uploads\/LogoOArcanjo.png\",\"width\":319,\"height\":99,\"caption\":\"Par\u00f3quia S\u00e3o Miguel Arcanjo\"},\"image\":{\"@id\":\"https:\/\/www.oarcanjo.net\/site\/#\/schema\/logo\/image\/\"},\"sameAs\":[\"https:\/\/www.facebook.com\/OArcanjoNoAr\/\"]},{\"@type\":\"Person\",\"@id\":\"https:\/\/www.oarcanjo.net\/site\/#\/schema\/person\/f7024d007863202483a31326673a0838\",\"name\":\"editor\",\"sameAs\":[\"http:\/\/www.oarcanjo.net\"]}]}<\/script>\n<!-- \/ Yoast SEO plugin. -->","yoast_head_json":{"title":"Miss\u00e3o e abertura eclesial - O Arcanjo no ar","robots":{"index":"index","follow":"follow","max-snippet":"max-snippet:-1","max-image-preview":"max-image-preview:large","max-video-preview":"max-video-preview:-1"},"canonical":"https:\/\/www.oarcanjo.net\/site\/missao-e-abertura-eclesial\/","og_locale":"pt_BR","og_type":"article","og_title":"Miss\u00e3o e abertura eclesial - O Arcanjo no ar","og_description":"Dom Dem\u00e9trio Valentini * Este \u00e9 o domingo das miss\u00f5es. Um dos sintomas mais positivos de renova\u00e7\u00e3o eclesial se encontra no despertar da consci\u00eancia mission\u00e1ria. A miss\u00e3o leva a Igreja a superar seus limites, para colocar-se a servi\u00e7o do Evangelho, relativizando estruturas e deixando de lado interesses institucionais. O clima salutar para a Igreja \u00e9 [&hellip;]","og_url":"https:\/\/www.oarcanjo.net\/site\/missao-e-abertura-eclesial\/","og_site_name":"O Arcanjo no ar","article_publisher":"https:\/\/www.facebook.com\/OArcanjoNoAr\/","article_published_time":"2008-10-16T11:25:57+00:00","og_image":[{"width":300,"height":300,"url":"https:\/\/www.oarcanjo.net\/site\/wp-content\/uploads\/logo-o-arcanjo-no-ar-facebook.png","type":"image\/png"}],"author":"editor","twitter_card":"summary_large_image","twitter_misc":{"Escrito por":"editor","Est. tempo de leitura":"3 minutos"},"schema":{"@context":"https:\/\/schema.org","@graph":[{"@type":"Article","@id":"https:\/\/www.oarcanjo.net\/site\/missao-e-abertura-eclesial\/#article","isPartOf":{"@id":"https:\/\/www.oarcanjo.net\/site\/missao-e-abertura-eclesial\/"},"author":{"name":"editor","@id":"https:\/\/www.oarcanjo.net\/site\/#\/schema\/person\/f7024d007863202483a31326673a0838"},"headline":"Miss\u00e3o e abertura eclesial","datePublished":"2008-10-16T11:25:57+00:00","dateModified":"2008-10-16T11:25:57+00:00","mainEntityOfPage":{"@id":"https:\/\/www.oarcanjo.net\/site\/missao-e-abertura-eclesial\/"},"wordCount":693,"commentCount":0,"publisher":{"@id":"https:\/\/www.oarcanjo.net\/site\/#organization"},"keywords":["miss\u00f5es"],"articleSection":["Reflex\u00f5es"],"inLanguage":"pt-BR","potentialAction":[{"@type":"CommentAction","name":"Comment","target":["https:\/\/www.oarcanjo.net\/site\/missao-e-abertura-eclesial\/#respond"]}]},{"@type":"WebPage","@id":"https:\/\/www.oarcanjo.net\/site\/missao-e-abertura-eclesial\/","url":"https:\/\/www.oarcanjo.net\/site\/missao-e-abertura-eclesial\/","name":"Miss\u00e3o e abertura eclesial - O Arcanjo no ar","isPartOf":{"@id":"https:\/\/www.oarcanjo.net\/site\/#website"},"datePublished":"2008-10-16T11:25:57+00:00","dateModified":"2008-10-16T11:25:57+00:00","breadcrumb":{"@id":"https:\/\/www.oarcanjo.net\/site\/missao-e-abertura-eclesial\/#breadcrumb"},"inLanguage":"pt-BR","potentialAction":[{"@type":"ReadAction","target":["https:\/\/www.oarcanjo.net\/site\/missao-e-abertura-eclesial\/"]}]},{"@type":"BreadcrumbList","@id":"https:\/\/www.oarcanjo.net\/site\/missao-e-abertura-eclesial\/#breadcrumb","itemListElement":[{"@type":"ListItem","position":1,"name":"In\u00edcio","item":"https:\/\/www.oarcanjo.net\/site\/"},{"@type":"ListItem","position":2,"name":"Miss\u00e3o e abertura eclesial"}]},{"@type":"WebSite","@id":"https:\/\/www.oarcanjo.net\/site\/#website","url":"https:\/\/www.oarcanjo.net\/site\/","name":"O Arcanjo no ar","description":"Site da Par\u00f3quia S\u00e3o Miguel Arcanjo (Arquidiocese de SP)","publisher":{"@id":"https:\/\/www.oarcanjo.net\/site\/#organization"},"potentialAction":[{"@type":"SearchAction","target":{"@type":"EntryPoint","urlTemplate":"https:\/\/www.oarcanjo.net\/site\/?s={search_term_string}"},"query-input":{"@type":"PropertyValueSpecification","valueRequired":true,"valueName":"search_term_string"}}],"inLanguage":"pt-BR"},{"@type":"Organization","@id":"https:\/\/www.oarcanjo.net\/site\/#organization","name":"Par\u00f3quia S\u00e3o Miguel Arcanjo","url":"https:\/\/www.oarcanjo.net\/site\/","logo":{"@type":"ImageObject","inLanguage":"pt-BR","@id":"https:\/\/www.oarcanjo.net\/site\/#\/schema\/logo\/image\/","url":"https:\/\/www.oarcanjo.net\/site\/wp-content\/uploads\/LogoOArcanjo.png","contentUrl":"https:\/\/www.oarcanjo.net\/site\/wp-content\/uploads\/LogoOArcanjo.png","width":319,"height":99,"caption":"Par\u00f3quia S\u00e3o Miguel Arcanjo"},"image":{"@id":"https:\/\/www.oarcanjo.net\/site\/#\/schema\/logo\/image\/"},"sameAs":["https:\/\/www.facebook.com\/OArcanjoNoAr\/"]},{"@type":"Person","@id":"https:\/\/www.oarcanjo.net\/site\/#\/schema\/person\/f7024d007863202483a31326673a0838","name":"editor","sameAs":["http:\/\/www.oarcanjo.net"]}]}},"publishpress_future_action":{"enabled":false,"date":"2026-05-08 20:31:24","action":"category","newStatus":"draft","terms":[],"taxonomy":"category"},"publishpress_future_workflow_manual_trigger":{"enabledWorkflows":[]},"_links":{"self":[{"href":"https:\/\/www.oarcanjo.net\/site\/wp-json\/wp\/v2\/posts\/380"}],"collection":[{"href":"https:\/\/www.oarcanjo.net\/site\/wp-json\/wp\/v2\/posts"}],"about":[{"href":"https:\/\/www.oarcanjo.net\/site\/wp-json\/wp\/v2\/types\/post"}],"author":[{"embeddable":true,"href":"https:\/\/www.oarcanjo.net\/site\/wp-json\/wp\/v2\/users\/5"}],"replies":[{"embeddable":true,"href":"https:\/\/www.oarcanjo.net\/site\/wp-json\/wp\/v2\/comments?post=380"}],"version-history":[{"count":0,"href":"https:\/\/www.oarcanjo.net\/site\/wp-json\/wp\/v2\/posts\/380\/revisions"}],"wp:attachment":[{"href":"https:\/\/www.oarcanjo.net\/site\/wp-json\/wp\/v2\/media?parent=380"}],"wp:term":[{"taxonomy":"category","embeddable":true,"href":"https:\/\/www.oarcanjo.net\/site\/wp-json\/wp\/v2\/categories?post=380"},{"taxonomy":"post_tag","embeddable":true,"href":"https:\/\/www.oarcanjo.net\/site\/wp-json\/wp\/v2\/tags?post=380"}],"curies":[{"name":"wp","href":"https:\/\/api.w.org\/{rel}","templated":true}]}}