
{"id":3803,"date":"2009-06-02T19:00:33","date_gmt":"2009-06-02T22:00:33","guid":{"rendered":"http:\/\/www.oarcanjo.net\/site\/?p=3803"},"modified":"2009-06-02T19:23:50","modified_gmt":"2009-06-02T22:23:50","slug":"a-voz-das-vitimas-quem-a-escutara","status":"publish","type":"post","link":"https:\/\/www.oarcanjo.net\/site\/a-voz-das-vitimas-quem-a-escutara\/","title":{"rendered":"A voz das v\u00edtimas quem a escutar\u00e1?"},"content":{"rendered":"<p>Leonardo Boff<\/p>\n<p>Os 192 chefes de Estado ou de governo dever\u00e3o se reunir no final de junho em Nova York convocados pela ONU para discutir a crise econ\u00f4mico-financeira e seus impactos sobre os diferentes pa\u00edses, especialmente sobre os pobres. Para prepar\u00e1-la, o Presidente da Assembleia Miguel D\u2019Escoto Brockmann, ex-chanceler da Nicar\u00e1gua, criou uma Comiss\u00e3o para a Reforma do Sistema Financeiro e Monet\u00e1rio Internacional constitu\u00edda por 20 celebridades da economia e da pol\u00edtica sob a coordena\u00e7\u00e3o do pr\u00eamio Nobel de economia Joseph Stiglitz.<\/p>\n<p>Os resultados j\u00e1 foram entregues e sabe-se mais ou menos os conte\u00fados principais. Como marco te\u00f3rico, \u00e9tico e human\u00edstico que deve inspirar as novas medidas concretas, \u00e9 sugerida uma Declara\u00e7\u00e3o Universal do Bem Comum da Humanidade e da Terra, tarefa dif\u00edcil de ser realizada por falta de tradi\u00e7\u00e3o jur\u00eddica e social nesta \u00e1rea. Em seguida, se recomenda a cria\u00e7\u00e3o de um Conselho Mundial de Coordena\u00e7\u00e3o Econ\u00f4mica, paralelo ao Conselho de Seguran\u00e7a, desdobrado em duas autoridades mundiais, uma que cuida da regula\u00e7\u00e3o financeira e a outra da concorr\u00eancia na economia. Sugere-se uma reforma das institui\u00e7\u00f5es de Bretton Woods (FMI e Banco Mundial) e uma regionaliza\u00e7\u00e3o das institui\u00e7\u00f5es financeiras que ap\u00f3iam os processos de desenvolvimento. Pede-se ainda que, uma vez ao ano, os chefes de estado ou de governo de todo o mundo se encontrem para discutir o estado da Terra e da Humanidade e tomar medidas coletivas.<\/p>\n<p>O grande temor \u00e9 que esta reuni\u00e3o mundial seja esvaziada pelas press\u00f5es dos principais membros do G-20, enviando apenas representantes diplom\u00e1ticos ou ministros. Por detr\u00e1s destas press\u00f5es est\u00e3o duas maneiras diferentes de enfrentar a crise atual.<\/p>\n<p>Uma \u00e9 a do G-20 que se reuniu em Londres em abril. Fundamentalmente se prop\u00f5e salvar o sistema econ\u00f4mico-financeiro imperante para que, no fundo, tudo funcione como antes, com certos controles mas com n\u00edveis razo\u00e1veis de crescimento, mesmo sacrificando o equil\u00edbrio da Terra e perpetuando o escandaloso fosso entre ricos e pobres. O prop\u00f3sito \u00e9 o mesmo: como ganhar mais com o m\u00ednimo de investimento, competindo no mercado e considerando o estresse da natureza e a pobreza como externalidades.<\/p>\n<p>A outra \u00e9 dos grupos altermundistas, presentes em todos os estratos sociais do mundo e, em parte, assumida pela Comiss\u00e3o da ONU. Trata-se de situar a crise econ\u00f4mica no conjunto das demais crises: a energ\u00e9tica, a aliment\u00e1ria, a do aquecimento global, a da insustentabilidade do planeta (passamos em 40% a capacidade de reposi\u00e7\u00e3o dos recursos naturais) e a social e humanit\u00e1ria (quase um bilh\u00e3o de pessoas abaixo da linha da pobreza). Mais que salvar o sistema trata-se de salvar a humanidade, a vida amea\u00e7ada e o planeta em estado ca\u00f3tico. O prop\u00f3sito \u00e9 como garantir o bem viver em harmonia com os outros e com a natureza, produzindo conforme os seus ciclos, com equidade social e com solidariedade generacional.<\/p>\n<p>Sendo o problema global, as solu\u00e7\u00f5es devem ser tamb\u00e9m globais. O \u00fanico \u00f3rg\u00e3o glabal que existe \u00e9 a ONU e \u00e9 ela que deveria coordenar os esfor\u00e7os coletivos de enfrentamento da crise e n\u00e3o o G-20. Este n\u00e3o possui delega\u00e7\u00e3o para representar os demais 172 pa\u00edses, v\u00edtimas da crise global, cujas vozes n\u00e3o s\u00e3o escutadas.<\/p>\n<p>As crises n\u00e3o surgem em v\u00e3o. Elas emergem daquela Energia de fundo, carregada de prop\u00f3sito, que comanda o universo, a Terra e cada um de n\u00f3s e que est\u00e1 exigindo um novo patamar de civiliza\u00e7\u00e3o, capaz de desenhar um outro futuro de esperan\u00e7a. Face a esta grav\u00edssima situa\u00e7\u00e3o notam-se duas limita\u00e7\u00f5es: a primeira, \u00e9 dos economistas que, por of\u00edcio, tratam de economia mas possuem parca acumula\u00e7\u00e3o em ecologia; por isso, como se v\u00ea em todas as partes, n\u00e3o incluem a natureza em suas pondera\u00e7\u00f5es como se a Terra fosse inesgot\u00e1vel e estivesse em ordem, como n\u00e3o est\u00e1. A segunda \u00e9 dos chefes de estado: depois de s\u00e9culos de racionalismo e de materialismo ficaram todos embotados. N\u00e3o percebem as mensagens que o universo e a Terra, como superorganismo vivo, lhes est\u00e3o enviando no sentido de uma transforma\u00e7\u00e3o.  Por sua falta de escuta, acontece o que dizia Gramcsi: &#8220;o velho resiste em morrer e o novo n\u00e3o consegue nascer&#8221;. E assim perdemos a chance, das \u00faltimas, para um novo come\u00e7o. E nos atolamos em nossas pr\u00f3prias crises.<\/p>\n<div id=\"themify_builder_content-3803\" data-postid=\"3803\" class=\"themify_builder_content themify_builder_content-3803 themify_builder themify_builder_front\">\n\t<\/div>\n<!-- \/themify_builder_content -->","protected":false},"excerpt":{"rendered":"<p>Leonardo Boff Os 192 chefes de Estado ou de governo dever\u00e3o se reunir no final de junho em Nova York convocados pela ONU para discutir a crise econ\u00f4mico-financeira e seus impactos sobre os diferentes pa\u00edses, especialmente sobre os pobres. Para prepar\u00e1-la, o Presidente da Assembleia Miguel D\u2019Escoto Brockmann, ex-chanceler da Nicar\u00e1gua, criou uma Comiss\u00e3o para [&hellip;]<\/p>\n","protected":false},"author":5,"featured_media":0,"comment_status":"open","ping_status":"open","sticky":false,"template":"","format":"standard","meta":{"ngg_post_thumbnail":0,"footnotes":""},"categories":[9],"tags":[783,36,781,782,784,673,511],"yoast_head":"<!-- This site is optimized with the Yoast SEO plugin v23.5 - https:\/\/yoast.com\/wordpress\/plugins\/seo\/ -->\n<title>A voz das v\u00edtimas quem a escutar\u00e1? - O Arcanjo no ar<\/title>\n<meta name=\"robots\" content=\"index, follow, max-snippet:-1, max-image-preview:large, max-video-preview:-1\" \/>\n<link rel=\"canonical\" href=\"https:\/\/www.oarcanjo.net\/site\/a-voz-das-vitimas-quem-a-escutara\/\" \/>\n<meta property=\"og:locale\" content=\"pt_BR\" \/>\n<meta property=\"og:type\" content=\"article\" \/>\n<meta property=\"og:title\" content=\"A voz das v\u00edtimas quem a escutar\u00e1? - O Arcanjo no ar\" \/>\n<meta property=\"og:description\" content=\"Leonardo Boff Os 192 chefes de Estado ou de governo dever\u00e3o se reunir no final de junho em Nova York convocados pela ONU para discutir a crise econ\u00f4mico-financeira e seus impactos sobre os diferentes pa\u00edses, especialmente sobre os pobres. Para prepar\u00e1-la, o Presidente da Assembleia Miguel D\u2019Escoto Brockmann, ex-chanceler da Nicar\u00e1gua, criou uma Comiss\u00e3o para [&hellip;]\" \/>\n<meta property=\"og:url\" content=\"https:\/\/www.oarcanjo.net\/site\/a-voz-das-vitimas-quem-a-escutara\/\" \/>\n<meta property=\"og:site_name\" content=\"O Arcanjo no ar\" \/>\n<meta property=\"article:publisher\" content=\"https:\/\/www.facebook.com\/OArcanjoNoAr\/\" \/>\n<meta property=\"article:published_time\" content=\"2009-06-02T22:00:33+00:00\" \/>\n<meta property=\"article:modified_time\" content=\"2009-06-02T22:23:50+00:00\" \/>\n<meta property=\"og:image\" content=\"https:\/\/www.oarcanjo.net\/site\/wp-content\/uploads\/logo-o-arcanjo-no-ar-facebook.png\" \/>\n\t<meta property=\"og:image:width\" content=\"300\" \/>\n\t<meta property=\"og:image:height\" content=\"300\" \/>\n\t<meta property=\"og:image:type\" content=\"image\/png\" \/>\n<meta name=\"author\" content=\"editor\" \/>\n<meta name=\"twitter:card\" content=\"summary_large_image\" \/>\n<meta name=\"twitter:label1\" content=\"Escrito por\" \/>\n\t<meta name=\"twitter:data1\" content=\"editor\" \/>\n\t<meta name=\"twitter:label2\" content=\"Est. tempo de leitura\" \/>\n\t<meta name=\"twitter:data2\" content=\"4 minutos\" \/>\n<script type=\"application\/ld+json\" class=\"yoast-schema-graph\">{\"@context\":\"https:\/\/schema.org\",\"@graph\":[{\"@type\":\"Article\",\"@id\":\"https:\/\/www.oarcanjo.net\/site\/a-voz-das-vitimas-quem-a-escutara\/#article\",\"isPartOf\":{\"@id\":\"https:\/\/www.oarcanjo.net\/site\/a-voz-das-vitimas-quem-a-escutara\/\"},\"author\":{\"name\":\"editor\",\"@id\":\"https:\/\/www.oarcanjo.net\/site\/#\/schema\/person\/f7024d007863202483a31326673a0838\"},\"headline\":\"A voz das v\u00edtimas quem a escutar\u00e1?\",\"datePublished\":\"2009-06-02T22:00:33+00:00\",\"dateModified\":\"2009-06-02T22:23:50+00:00\",\"mainEntityOfPage\":{\"@id\":\"https:\/\/www.oarcanjo.net\/site\/a-voz-das-vitimas-quem-a-escutara\/\"},\"wordCount\":771,\"commentCount\":0,\"publisher\":{\"@id\":\"https:\/\/www.oarcanjo.net\/site\/#organization\"},\"keywords\":[\"Banco Mundial\",\"crise\",\"Declara\u00e7\u00e3o Universal do Bem Comum da Humanidade e da Terra\",\"FMI\",\"G-20\",\"Na\u00e7\u00f5es Unidas\",\"ONU\"],\"articleSection\":[\"Reflex\u00f5es\"],\"inLanguage\":\"pt-BR\",\"potentialAction\":[{\"@type\":\"CommentAction\",\"name\":\"Comment\",\"target\":[\"https:\/\/www.oarcanjo.net\/site\/a-voz-das-vitimas-quem-a-escutara\/#respond\"]}]},{\"@type\":\"WebPage\",\"@id\":\"https:\/\/www.oarcanjo.net\/site\/a-voz-das-vitimas-quem-a-escutara\/\",\"url\":\"https:\/\/www.oarcanjo.net\/site\/a-voz-das-vitimas-quem-a-escutara\/\",\"name\":\"A voz das v\u00edtimas quem a escutar\u00e1? - O Arcanjo no ar\",\"isPartOf\":{\"@id\":\"https:\/\/www.oarcanjo.net\/site\/#website\"},\"datePublished\":\"2009-06-02T22:00:33+00:00\",\"dateModified\":\"2009-06-02T22:23:50+00:00\",\"breadcrumb\":{\"@id\":\"https:\/\/www.oarcanjo.net\/site\/a-voz-das-vitimas-quem-a-escutara\/#breadcrumb\"},\"inLanguage\":\"pt-BR\",\"potentialAction\":[{\"@type\":\"ReadAction\",\"target\":[\"https:\/\/www.oarcanjo.net\/site\/a-voz-das-vitimas-quem-a-escutara\/\"]}]},{\"@type\":\"BreadcrumbList\",\"@id\":\"https:\/\/www.oarcanjo.net\/site\/a-voz-das-vitimas-quem-a-escutara\/#breadcrumb\",\"itemListElement\":[{\"@type\":\"ListItem\",\"position\":1,\"name\":\"In\u00edcio\",\"item\":\"https:\/\/www.oarcanjo.net\/site\/\"},{\"@type\":\"ListItem\",\"position\":2,\"name\":\"A voz das v\u00edtimas quem a escutar\u00e1?\"}]},{\"@type\":\"WebSite\",\"@id\":\"https:\/\/www.oarcanjo.net\/site\/#website\",\"url\":\"https:\/\/www.oarcanjo.net\/site\/\",\"name\":\"O Arcanjo no ar\",\"description\":\"Site da Par\u00f3quia S\u00e3o Miguel Arcanjo (Arquidiocese de SP)\",\"publisher\":{\"@id\":\"https:\/\/www.oarcanjo.net\/site\/#organization\"},\"potentialAction\":[{\"@type\":\"SearchAction\",\"target\":{\"@type\":\"EntryPoint\",\"urlTemplate\":\"https:\/\/www.oarcanjo.net\/site\/?s={search_term_string}\"},\"query-input\":{\"@type\":\"PropertyValueSpecification\",\"valueRequired\":true,\"valueName\":\"search_term_string\"}}],\"inLanguage\":\"pt-BR\"},{\"@type\":\"Organization\",\"@id\":\"https:\/\/www.oarcanjo.net\/site\/#organization\",\"name\":\"Par\u00f3quia S\u00e3o Miguel Arcanjo\",\"url\":\"https:\/\/www.oarcanjo.net\/site\/\",\"logo\":{\"@type\":\"ImageObject\",\"inLanguage\":\"pt-BR\",\"@id\":\"https:\/\/www.oarcanjo.net\/site\/#\/schema\/logo\/image\/\",\"url\":\"https:\/\/www.oarcanjo.net\/site\/wp-content\/uploads\/LogoOArcanjo.png\",\"contentUrl\":\"https:\/\/www.oarcanjo.net\/site\/wp-content\/uploads\/LogoOArcanjo.png\",\"width\":319,\"height\":99,\"caption\":\"Par\u00f3quia S\u00e3o Miguel Arcanjo\"},\"image\":{\"@id\":\"https:\/\/www.oarcanjo.net\/site\/#\/schema\/logo\/image\/\"},\"sameAs\":[\"https:\/\/www.facebook.com\/OArcanjoNoAr\/\"]},{\"@type\":\"Person\",\"@id\":\"https:\/\/www.oarcanjo.net\/site\/#\/schema\/person\/f7024d007863202483a31326673a0838\",\"name\":\"editor\",\"sameAs\":[\"http:\/\/www.oarcanjo.net\"]}]}<\/script>\n<!-- \/ Yoast SEO plugin. -->","yoast_head_json":{"title":"A voz das v\u00edtimas quem a escutar\u00e1? - O Arcanjo no ar","robots":{"index":"index","follow":"follow","max-snippet":"max-snippet:-1","max-image-preview":"max-image-preview:large","max-video-preview":"max-video-preview:-1"},"canonical":"https:\/\/www.oarcanjo.net\/site\/a-voz-das-vitimas-quem-a-escutara\/","og_locale":"pt_BR","og_type":"article","og_title":"A voz das v\u00edtimas quem a escutar\u00e1? - O Arcanjo no ar","og_description":"Leonardo Boff Os 192 chefes de Estado ou de governo dever\u00e3o se reunir no final de junho em Nova York convocados pela ONU para discutir a crise econ\u00f4mico-financeira e seus impactos sobre os diferentes pa\u00edses, especialmente sobre os pobres. Para prepar\u00e1-la, o Presidente da Assembleia Miguel D\u2019Escoto Brockmann, ex-chanceler da Nicar\u00e1gua, criou uma Comiss\u00e3o para [&hellip;]","og_url":"https:\/\/www.oarcanjo.net\/site\/a-voz-das-vitimas-quem-a-escutara\/","og_site_name":"O Arcanjo no ar","article_publisher":"https:\/\/www.facebook.com\/OArcanjoNoAr\/","article_published_time":"2009-06-02T22:00:33+00:00","article_modified_time":"2009-06-02T22:23:50+00:00","og_image":[{"width":300,"height":300,"url":"https:\/\/www.oarcanjo.net\/site\/wp-content\/uploads\/logo-o-arcanjo-no-ar-facebook.png","type":"image\/png"}],"author":"editor","twitter_card":"summary_large_image","twitter_misc":{"Escrito por":"editor","Est. tempo de leitura":"4 minutos"},"schema":{"@context":"https:\/\/schema.org","@graph":[{"@type":"Article","@id":"https:\/\/www.oarcanjo.net\/site\/a-voz-das-vitimas-quem-a-escutara\/#article","isPartOf":{"@id":"https:\/\/www.oarcanjo.net\/site\/a-voz-das-vitimas-quem-a-escutara\/"},"author":{"name":"editor","@id":"https:\/\/www.oarcanjo.net\/site\/#\/schema\/person\/f7024d007863202483a31326673a0838"},"headline":"A voz das v\u00edtimas quem a escutar\u00e1?","datePublished":"2009-06-02T22:00:33+00:00","dateModified":"2009-06-02T22:23:50+00:00","mainEntityOfPage":{"@id":"https:\/\/www.oarcanjo.net\/site\/a-voz-das-vitimas-quem-a-escutara\/"},"wordCount":771,"commentCount":0,"publisher":{"@id":"https:\/\/www.oarcanjo.net\/site\/#organization"},"keywords":["Banco Mundial","crise","Declara\u00e7\u00e3o Universal do Bem Comum da Humanidade e da Terra","FMI","G-20","Na\u00e7\u00f5es Unidas","ONU"],"articleSection":["Reflex\u00f5es"],"inLanguage":"pt-BR","potentialAction":[{"@type":"CommentAction","name":"Comment","target":["https:\/\/www.oarcanjo.net\/site\/a-voz-das-vitimas-quem-a-escutara\/#respond"]}]},{"@type":"WebPage","@id":"https:\/\/www.oarcanjo.net\/site\/a-voz-das-vitimas-quem-a-escutara\/","url":"https:\/\/www.oarcanjo.net\/site\/a-voz-das-vitimas-quem-a-escutara\/","name":"A voz das v\u00edtimas quem a escutar\u00e1? - O Arcanjo no ar","isPartOf":{"@id":"https:\/\/www.oarcanjo.net\/site\/#website"},"datePublished":"2009-06-02T22:00:33+00:00","dateModified":"2009-06-02T22:23:50+00:00","breadcrumb":{"@id":"https:\/\/www.oarcanjo.net\/site\/a-voz-das-vitimas-quem-a-escutara\/#breadcrumb"},"inLanguage":"pt-BR","potentialAction":[{"@type":"ReadAction","target":["https:\/\/www.oarcanjo.net\/site\/a-voz-das-vitimas-quem-a-escutara\/"]}]},{"@type":"BreadcrumbList","@id":"https:\/\/www.oarcanjo.net\/site\/a-voz-das-vitimas-quem-a-escutara\/#breadcrumb","itemListElement":[{"@type":"ListItem","position":1,"name":"In\u00edcio","item":"https:\/\/www.oarcanjo.net\/site\/"},{"@type":"ListItem","position":2,"name":"A voz das v\u00edtimas quem a escutar\u00e1?"}]},{"@type":"WebSite","@id":"https:\/\/www.oarcanjo.net\/site\/#website","url":"https:\/\/www.oarcanjo.net\/site\/","name":"O Arcanjo no ar","description":"Site da Par\u00f3quia S\u00e3o Miguel Arcanjo (Arquidiocese de SP)","publisher":{"@id":"https:\/\/www.oarcanjo.net\/site\/#organization"},"potentialAction":[{"@type":"SearchAction","target":{"@type":"EntryPoint","urlTemplate":"https:\/\/www.oarcanjo.net\/site\/?s={search_term_string}"},"query-input":{"@type":"PropertyValueSpecification","valueRequired":true,"valueName":"search_term_string"}}],"inLanguage":"pt-BR"},{"@type":"Organization","@id":"https:\/\/www.oarcanjo.net\/site\/#organization","name":"Par\u00f3quia S\u00e3o Miguel Arcanjo","url":"https:\/\/www.oarcanjo.net\/site\/","logo":{"@type":"ImageObject","inLanguage":"pt-BR","@id":"https:\/\/www.oarcanjo.net\/site\/#\/schema\/logo\/image\/","url":"https:\/\/www.oarcanjo.net\/site\/wp-content\/uploads\/LogoOArcanjo.png","contentUrl":"https:\/\/www.oarcanjo.net\/site\/wp-content\/uploads\/LogoOArcanjo.png","width":319,"height":99,"caption":"Par\u00f3quia S\u00e3o Miguel Arcanjo"},"image":{"@id":"https:\/\/www.oarcanjo.net\/site\/#\/schema\/logo\/image\/"},"sameAs":["https:\/\/www.facebook.com\/OArcanjoNoAr\/"]},{"@type":"Person","@id":"https:\/\/www.oarcanjo.net\/site\/#\/schema\/person\/f7024d007863202483a31326673a0838","name":"editor","sameAs":["http:\/\/www.oarcanjo.net"]}]}},"publishpress_future_action":{"enabled":false,"date":"2026-05-09 07:23:41","action":"category","newStatus":"draft","terms":[],"taxonomy":"category"},"publishpress_future_workflow_manual_trigger":{"enabledWorkflows":[]},"_links":{"self":[{"href":"https:\/\/www.oarcanjo.net\/site\/wp-json\/wp\/v2\/posts\/3803"}],"collection":[{"href":"https:\/\/www.oarcanjo.net\/site\/wp-json\/wp\/v2\/posts"}],"about":[{"href":"https:\/\/www.oarcanjo.net\/site\/wp-json\/wp\/v2\/types\/post"}],"author":[{"embeddable":true,"href":"https:\/\/www.oarcanjo.net\/site\/wp-json\/wp\/v2\/users\/5"}],"replies":[{"embeddable":true,"href":"https:\/\/www.oarcanjo.net\/site\/wp-json\/wp\/v2\/comments?post=3803"}],"version-history":[{"count":0,"href":"https:\/\/www.oarcanjo.net\/site\/wp-json\/wp\/v2\/posts\/3803\/revisions"}],"wp:attachment":[{"href":"https:\/\/www.oarcanjo.net\/site\/wp-json\/wp\/v2\/media?parent=3803"}],"wp:term":[{"taxonomy":"category","embeddable":true,"href":"https:\/\/www.oarcanjo.net\/site\/wp-json\/wp\/v2\/categories?post=3803"},{"taxonomy":"post_tag","embeddable":true,"href":"https:\/\/www.oarcanjo.net\/site\/wp-json\/wp\/v2\/tags?post=3803"}],"curies":[{"name":"wp","href":"https:\/\/api.w.org\/{rel}","templated":true}]}}