
{"id":3809,"date":"2009-06-04T09:07:30","date_gmt":"2009-06-04T12:07:30","guid":{"rendered":"http:\/\/www.oarcanjo.net\/site\/?p=3809"},"modified":"2009-08-03T08:23:11","modified_gmt":"2009-08-03T11:23:11","slug":"rubens-parabens-pelo-aniversario","status":"publish","type":"post","link":"https:\/\/www.oarcanjo.net\/site\/rubens-parabens-pelo-aniversario\/","title":{"rendered":"Rubens , parab\u00e9ns pelo anivers\u00e1rio !"},"content":{"rendered":"<p>Rubens, editor do Arcanjo no Ar , parab\u00e9ns por mais um anivers\u00e1rio , desde hoje pela manh\u00e3 estou ouvindo falar que hoje \u00e9 teu anvers\u00e1rio , com inten\u00e7\u00e3o na missa e elogios de todo o lado .<br \/>\nAlgu\u00e9m t\u00e3o bom como voc\u00ea s\u00f3 podia ter encontrado algu\u00e9m t\u00e3o especial como a Miriam .<br \/>\nNa secretaria da par\u00f3quia voc\u00ea est\u00e1 em alta !<br \/>\nNo nosso site , tamb\u00e9m , muito devemos ao seu talento , criatividade , bom humor , e sobretudo \u00e0 sua forma\u00e7\u00e3o e modo de ver e agir .<br \/>\nD. Luciano deve estar muito feliz com o seu pupilo .<br \/>\nEsteja sempre conosco pois a sua presen\u00e7a \u00e9 um privil\u00e9gio e um testemunho .<\/p>\n<div id=\"themify_builder_content-3809\" data-postid=\"3809\" class=\"themify_builder_content themify_builder_content-3809 themify_builder themify_builder_front\">\n\t<\/div>\n<!-- \/themify_builder_content -->","protected":false},"excerpt":{"rendered":"<p>Rubens, editor do Arcanjo no Ar , parab\u00e9ns por mais um anivers\u00e1rio , desde hoje pela manh\u00e3 estou ouvindo falar que hoje \u00e9 teu anvers\u00e1rio , com inten\u00e7\u00e3o na missa e elogios de todo o lado . Algu\u00e9m t\u00e3o bom como voc\u00ea s\u00f3 podia ter encontrado algu\u00e9m t\u00e3o especial como a Miriam . Na secretaria [&hellip;]<\/p>\n","protected":false},"author":4,"featured_media":0,"comment_status":"open","ping_status":"open","sticky":false,"template":"","format":"standard","meta":{"ngg_post_thumbnail":0,"footnotes":""},"categories":[4],"tags":[129],"yoast_head":"<!-- This site is optimized with the Yoast SEO plugin v23.5 - https:\/\/yoast.com\/wordpress\/plugins\/seo\/ -->\n<title>Rubens , parab\u00e9ns pelo anivers\u00e1rio ! - O Arcanjo no ar<\/title>\n<meta name=\"robots\" content=\"index, follow, max-snippet:-1, max-image-preview:large, max-video-preview:-1\" \/>\n<link rel=\"canonical\" href=\"https:\/\/www.oarcanjo.net\/site\/rubens-parabens-pelo-aniversario\/\" \/>\n<meta property=\"og:locale\" content=\"pt_BR\" \/>\n<meta property=\"og:type\" content=\"article\" \/>\n<meta property=\"og:title\" content=\"Rubens , parab\u00e9ns pelo anivers\u00e1rio ! - O Arcanjo no ar\" \/>\n<meta property=\"og:description\" content=\"Rubens, editor do Arcanjo no Ar , parab\u00e9ns por mais um anivers\u00e1rio , desde hoje pela manh\u00e3 estou ouvindo falar que hoje \u00e9 teu anvers\u00e1rio , com inten\u00e7\u00e3o na missa e elogios de todo o lado . Algu\u00e9m t\u00e3o bom como voc\u00ea s\u00f3 podia ter encontrado algu\u00e9m t\u00e3o especial como a Miriam . Na secretaria [&hellip;]\" \/>\n<meta property=\"og:url\" content=\"https:\/\/www.oarcanjo.net\/site\/rubens-parabens-pelo-aniversario\/\" \/>\n<meta property=\"og:site_name\" content=\"O Arcanjo no ar\" \/>\n<meta property=\"article:publisher\" content=\"https:\/\/www.facebook.com\/OArcanjoNoAr\/\" \/>\n<meta property=\"article:published_time\" content=\"2009-06-04T12:07:30+00:00\" \/>\n<meta property=\"article:modified_time\" content=\"2009-08-03T11:23:11+00:00\" \/>\n<meta property=\"og:image\" content=\"https:\/\/www.oarcanjo.net\/site\/wp-content\/uploads\/logo-o-arcanjo-no-ar-facebook.png\" \/>\n\t<meta property=\"og:image:width\" content=\"300\" \/>\n\t<meta property=\"og:image:height\" content=\"300\" \/>\n\t<meta property=\"og:image:type\" content=\"image\/png\" \/>\n<meta name=\"author\" content=\"julio\" \/>\n<meta name=\"twitter:card\" content=\"summary_large_image\" \/>\n<meta name=\"twitter:label1\" content=\"Escrito por\" \/>\n\t<meta name=\"twitter:data1\" content=\"julio\" \/>\n\t<meta name=\"twitter:label2\" content=\"Est. tempo de leitura\" \/>\n\t<meta name=\"twitter:data2\" content=\"1 minuto\" \/>\n<script type=\"application\/ld+json\" class=\"yoast-schema-graph\">{\"@context\":\"https:\/\/schema.org\",\"@graph\":[{\"@type\":\"Article\",\"@id\":\"https:\/\/www.oarcanjo.net\/site\/rubens-parabens-pelo-aniversario\/#article\",\"isPartOf\":{\"@id\":\"https:\/\/www.oarcanjo.net\/site\/rubens-parabens-pelo-aniversario\/\"},\"author\":{\"name\":\"julio\",\"@id\":\"https:\/\/www.oarcanjo.net\/site\/#\/schema\/person\/d78ea01c648c91e29c364b516767079e\"},\"headline\":\"Rubens , parab\u00e9ns pelo anivers\u00e1rio !\",\"datePublished\":\"2009-06-04T12:07:30+00:00\",\"dateModified\":\"2009-08-03T11:23:11+00:00\",\"mainEntityOfPage\":{\"@id\":\"https:\/\/www.oarcanjo.net\/site\/rubens-parabens-pelo-aniversario\/\"},\"wordCount\":118,\"commentCount\":14,\"publisher\":{\"@id\":\"https:\/\/www.oarcanjo.net\/site\/#organization\"},\"keywords\":[\"anivers\u00e1rio\"],\"articleSection\":[\"Blog\"],\"inLanguage\":\"pt-BR\",\"potentialAction\":[{\"@type\":\"CommentAction\",\"name\":\"Comment\",\"target\":[\"https:\/\/www.oarcanjo.net\/site\/rubens-parabens-pelo-aniversario\/#respond\"]}]},{\"@type\":\"WebPage\",\"@id\":\"https:\/\/www.oarcanjo.net\/site\/rubens-parabens-pelo-aniversario\/\",\"url\":\"https:\/\/www.oarcanjo.net\/site\/rubens-parabens-pelo-aniversario\/\",\"name\":\"Rubens , parab\u00e9ns pelo anivers\u00e1rio ! - O Arcanjo no ar\",\"isPartOf\":{\"@id\":\"https:\/\/www.oarcanjo.net\/site\/#website\"},\"datePublished\":\"2009-06-04T12:07:30+00:00\",\"dateModified\":\"2009-08-03T11:23:11+00:00\",\"breadcrumb\":{\"@id\":\"https:\/\/www.oarcanjo.net\/site\/rubens-parabens-pelo-aniversario\/#breadcrumb\"},\"inLanguage\":\"pt-BR\",\"potentialAction\":[{\"@type\":\"ReadAction\",\"target\":[\"https:\/\/www.oarcanjo.net\/site\/rubens-parabens-pelo-aniversario\/\"]}]},{\"@type\":\"BreadcrumbList\",\"@id\":\"https:\/\/www.oarcanjo.net\/site\/rubens-parabens-pelo-aniversario\/#breadcrumb\",\"itemListElement\":[{\"@type\":\"ListItem\",\"position\":1,\"name\":\"In\u00edcio\",\"item\":\"https:\/\/www.oarcanjo.net\/site\/\"},{\"@type\":\"ListItem\",\"position\":2,\"name\":\"Rubens , parab\u00e9ns pelo anivers\u00e1rio !\"}]},{\"@type\":\"WebSite\",\"@id\":\"https:\/\/www.oarcanjo.net\/site\/#website\",\"url\":\"https:\/\/www.oarcanjo.net\/site\/\",\"name\":\"O Arcanjo no ar\",\"description\":\"Site da Par\u00f3quia S\u00e3o Miguel Arcanjo (Arquidiocese de SP)\",\"publisher\":{\"@id\":\"https:\/\/www.oarcanjo.net\/site\/#organization\"},\"potentialAction\":[{\"@type\":\"SearchAction\",\"target\":{\"@type\":\"EntryPoint\",\"urlTemplate\":\"https:\/\/www.oarcanjo.net\/site\/?s={search_term_string}\"},\"query-input\":{\"@type\":\"PropertyValueSpecification\",\"valueRequired\":true,\"valueName\":\"search_term_string\"}}],\"inLanguage\":\"pt-BR\"},{\"@type\":\"Organization\",\"@id\":\"https:\/\/www.oarcanjo.net\/site\/#organization\",\"name\":\"Par\u00f3quia S\u00e3o Miguel Arcanjo\",\"url\":\"https:\/\/www.oarcanjo.net\/site\/\",\"logo\":{\"@type\":\"ImageObject\",\"inLanguage\":\"pt-BR\",\"@id\":\"https:\/\/www.oarcanjo.net\/site\/#\/schema\/logo\/image\/\",\"url\":\"https:\/\/www.oarcanjo.net\/site\/wp-content\/uploads\/LogoOArcanjo.png\",\"contentUrl\":\"https:\/\/www.oarcanjo.net\/site\/wp-content\/uploads\/LogoOArcanjo.png\",\"width\":319,\"height\":99,\"caption\":\"Par\u00f3quia S\u00e3o Miguel Arcanjo\"},\"image\":{\"@id\":\"https:\/\/www.oarcanjo.net\/site\/#\/schema\/logo\/image\/\"},\"sameAs\":[\"https:\/\/www.facebook.com\/OArcanjoNoAr\/\"]},{\"@type\":\"Person\",\"@id\":\"https:\/\/www.oarcanjo.net\/site\/#\/schema\/person\/d78ea01c648c91e29c364b516767079e\",\"name\":\"julio\",\"sameAs\":[\"http:\/\/www.oarcanjo.net\"]}]}<\/script>\n<!-- \/ Yoast SEO plugin. -->","yoast_head_json":{"title":"Rubens , parab\u00e9ns pelo anivers\u00e1rio ! - O Arcanjo no ar","robots":{"index":"index","follow":"follow","max-snippet":"max-snippet:-1","max-image-preview":"max-image-preview:large","max-video-preview":"max-video-preview:-1"},"canonical":"https:\/\/www.oarcanjo.net\/site\/rubens-parabens-pelo-aniversario\/","og_locale":"pt_BR","og_type":"article","og_title":"Rubens , parab\u00e9ns pelo anivers\u00e1rio ! - O Arcanjo no ar","og_description":"Rubens, editor do Arcanjo no Ar , parab\u00e9ns por mais um anivers\u00e1rio , desde hoje pela manh\u00e3 estou ouvindo falar que hoje \u00e9 teu anvers\u00e1rio , com inten\u00e7\u00e3o na missa e elogios de todo o lado . Algu\u00e9m t\u00e3o bom como voc\u00ea s\u00f3 podia ter encontrado algu\u00e9m t\u00e3o especial como a Miriam . Na secretaria [&hellip;]","og_url":"https:\/\/www.oarcanjo.net\/site\/rubens-parabens-pelo-aniversario\/","og_site_name":"O Arcanjo no ar","article_publisher":"https:\/\/www.facebook.com\/OArcanjoNoAr\/","article_published_time":"2009-06-04T12:07:30+00:00","article_modified_time":"2009-08-03T11:23:11+00:00","og_image":[{"width":300,"height":300,"url":"https:\/\/www.oarcanjo.net\/site\/wp-content\/uploads\/logo-o-arcanjo-no-ar-facebook.png","type":"image\/png"}],"author":"julio","twitter_card":"summary_large_image","twitter_misc":{"Escrito por":"julio","Est. tempo de leitura":"1 minuto"},"schema":{"@context":"https:\/\/schema.org","@graph":[{"@type":"Article","@id":"https:\/\/www.oarcanjo.net\/site\/rubens-parabens-pelo-aniversario\/#article","isPartOf":{"@id":"https:\/\/www.oarcanjo.net\/site\/rubens-parabens-pelo-aniversario\/"},"author":{"name":"julio","@id":"https:\/\/www.oarcanjo.net\/site\/#\/schema\/person\/d78ea01c648c91e29c364b516767079e"},"headline":"Rubens , parab\u00e9ns pelo anivers\u00e1rio !","datePublished":"2009-06-04T12:07:30+00:00","dateModified":"2009-08-03T11:23:11+00:00","mainEntityOfPage":{"@id":"https:\/\/www.oarcanjo.net\/site\/rubens-parabens-pelo-aniversario\/"},"wordCount":118,"commentCount":14,"publisher":{"@id":"https:\/\/www.oarcanjo.net\/site\/#organization"},"keywords":["anivers\u00e1rio"],"articleSection":["Blog"],"inLanguage":"pt-BR","potentialAction":[{"@type":"CommentAction","name":"Comment","target":["https:\/\/www.oarcanjo.net\/site\/rubens-parabens-pelo-aniversario\/#respond"]}]},{"@type":"WebPage","@id":"https:\/\/www.oarcanjo.net\/site\/rubens-parabens-pelo-aniversario\/","url":"https:\/\/www.oarcanjo.net\/site\/rubens-parabens-pelo-aniversario\/","name":"Rubens , parab\u00e9ns pelo anivers\u00e1rio ! - O Arcanjo no ar","isPartOf":{"@id":"https:\/\/www.oarcanjo.net\/site\/#website"},"datePublished":"2009-06-04T12:07:30+00:00","dateModified":"2009-08-03T11:23:11+00:00","breadcrumb":{"@id":"https:\/\/www.oarcanjo.net\/site\/rubens-parabens-pelo-aniversario\/#breadcrumb"},"inLanguage":"pt-BR","potentialAction":[{"@type":"ReadAction","target":["https:\/\/www.oarcanjo.net\/site\/rubens-parabens-pelo-aniversario\/"]}]},{"@type":"BreadcrumbList","@id":"https:\/\/www.oarcanjo.net\/site\/rubens-parabens-pelo-aniversario\/#breadcrumb","itemListElement":[{"@type":"ListItem","position":1,"name":"In\u00edcio","item":"https:\/\/www.oarcanjo.net\/site\/"},{"@type":"ListItem","position":2,"name":"Rubens , parab\u00e9ns pelo anivers\u00e1rio !"}]},{"@type":"WebSite","@id":"https:\/\/www.oarcanjo.net\/site\/#website","url":"https:\/\/www.oarcanjo.net\/site\/","name":"O Arcanjo no ar","description":"Site da Par\u00f3quia S\u00e3o Miguel Arcanjo (Arquidiocese de SP)","publisher":{"@id":"https:\/\/www.oarcanjo.net\/site\/#organization"},"potentialAction":[{"@type":"SearchAction","target":{"@type":"EntryPoint","urlTemplate":"https:\/\/www.oarcanjo.net\/site\/?s={search_term_string}"},"query-input":{"@type":"PropertyValueSpecification","valueRequired":true,"valueName":"search_term_string"}}],"inLanguage":"pt-BR"},{"@type":"Organization","@id":"https:\/\/www.oarcanjo.net\/site\/#organization","name":"Par\u00f3quia S\u00e3o Miguel Arcanjo","url":"https:\/\/www.oarcanjo.net\/site\/","logo":{"@type":"ImageObject","inLanguage":"pt-BR","@id":"https:\/\/www.oarcanjo.net\/site\/#\/schema\/logo\/image\/","url":"https:\/\/www.oarcanjo.net\/site\/wp-content\/uploads\/LogoOArcanjo.png","contentUrl":"https:\/\/www.oarcanjo.net\/site\/wp-content\/uploads\/LogoOArcanjo.png","width":319,"height":99,"caption":"Par\u00f3quia S\u00e3o Miguel Arcanjo"},"image":{"@id":"https:\/\/www.oarcanjo.net\/site\/#\/schema\/logo\/image\/"},"sameAs":["https:\/\/www.facebook.com\/OArcanjoNoAr\/"]},{"@type":"Person","@id":"https:\/\/www.oarcanjo.net\/site\/#\/schema\/person\/d78ea01c648c91e29c364b516767079e","name":"julio","sameAs":["http:\/\/www.oarcanjo.net"]}]}},"publishpress_future_action":{"enabled":false,"date":"2026-05-08 19:33:10","action":"category","newStatus":"draft","terms":[],"taxonomy":"category"},"publishpress_future_workflow_manual_trigger":{"enabledWorkflows":[]},"_links":{"self":[{"href":"https:\/\/www.oarcanjo.net\/site\/wp-json\/wp\/v2\/posts\/3809"}],"collection":[{"href":"https:\/\/www.oarcanjo.net\/site\/wp-json\/wp\/v2\/posts"}],"about":[{"href":"https:\/\/www.oarcanjo.net\/site\/wp-json\/wp\/v2\/types\/post"}],"author":[{"embeddable":true,"href":"https:\/\/www.oarcanjo.net\/site\/wp-json\/wp\/v2\/users\/4"}],"replies":[{"embeddable":true,"href":"https:\/\/www.oarcanjo.net\/site\/wp-json\/wp\/v2\/comments?post=3809"}],"version-history":[{"count":0,"href":"https:\/\/www.oarcanjo.net\/site\/wp-json\/wp\/v2\/posts\/3809\/revisions"}],"wp:attachment":[{"href":"https:\/\/www.oarcanjo.net\/site\/wp-json\/wp\/v2\/media?parent=3809"}],"wp:term":[{"taxonomy":"category","embeddable":true,"href":"https:\/\/www.oarcanjo.net\/site\/wp-json\/wp\/v2\/categories?post=3809"},{"taxonomy":"post_tag","embeddable":true,"href":"https:\/\/www.oarcanjo.net\/site\/wp-json\/wp\/v2\/tags?post=3809"}],"curies":[{"name":"wp","href":"https:\/\/api.w.org\/{rel}","templated":true}]}}