
{"id":3812,"date":"2009-06-04T17:56:30","date_gmt":"2009-06-04T20:56:30","guid":{"rendered":"http:\/\/www.oarcanjo.net\/site\/?p=3812"},"modified":"2009-06-04T17:56:30","modified_gmt":"2009-06-04T20:56:30","slug":"novos-desafios-para-o-planeta","status":"publish","type":"post","link":"https:\/\/www.oarcanjo.net\/site\/novos-desafios-para-o-planeta\/","title":{"rendered":"Novos desafios para o planeta"},"content":{"rendered":"<p>Marcelo Barros<\/p>\n<p>Em torno ao dia 05 de junho que a ONU consagra como &#8220;dia internacional do meio ambiente&#8221;, o mundo inteiro promove uma s\u00e9rie de discuss\u00f5es e eventos que durar\u00e3o toda a semana. De fato, os problemas ambientais se agravam. Hoje, n\u00e3o h\u00e1 quem n\u00e3o se assuste com a frequ\u00eancia e a intensidade de inunda\u00e7\u00f5es e secas, assim como, em algumas regi\u00f5es do mundo, terremotos e furac\u00f5es ganham f\u00faria nunca vista.<\/p>\n<p>Como disse Leonardo Boff na assembl\u00e9ia geral da ONU: &#8220;se a crise econ\u00f4mica \u00e9 preocupante, a crise da n\u00e3o sustentabilidade da Terra se manifesta, cada dia mais, amea\u00e7adora. Os cientistas que seguem o estado do Planeta, especialmente a Global Foot Print Network, haviam falado do Earth Overshoot Day, isto \u00e9, do dia em que se ultrapassar\u00e3o os limites da Terra. Infelizmente, os dados revelam que, exatamente no dia 23 de setembro de 2008, a Terra ultrapassou em 30% sua capacidade de reposi\u00e7\u00e3o dos recursos necess\u00e1rios para as demandas humanas. Neste momento atual, precisamos de mais de uma Terra para atender \u00e0 nossa subsist\u00eancia. Como garantir ainda a sustentabilidade da Terra, j\u00e1 que esta \u00e9 a premissa para resolver as demais crises: a social, a alimentar, a energ\u00e9tica e a clim\u00e1tica? Agora, n\u00e3o temos uma &#8220;arca de No\u00e9&#8221; que salve alguns e deixe perecer a todos os demais. Como asseverou recentemente, com muita propriedade, o Secret\u00e1rio Geral desta casa, Ban Ki-Moon: \u00b4n\u00e3o podemos deixar que o urgente comprometa o essencial\u00b4. O urgente \u00e9 resolver o caos econ\u00f4mico, mas o essencial \u00e9 garantir a vitalidade e a integridade da Terra. \u00c9 importante superar a crise financeira, mas o imprescind\u00edvel e essencial \u00e9 como vamos salvar a Casa Comum e a humanidade que \u00e9 parte dela. Esta foi a raz\u00e3o pela qual a ONU adotou a resolu\u00e7\u00e3o sobre o Dia internacional da M\u00e3e Terra (International Mother Earth Day) a ser celebrado no dia 22 de abril de cada ano. Dado o agravamento da situa\u00e7\u00e3o ambiental da Terra, especialmente o aquecimento global, temos de atuar juntos e r\u00e1pido. Caso contr\u00e1rio, h\u00e1 o risco de que a Terra possa continuar, mas sem n\u00f3s&#8221; (discurso na ONU &#8211; abril de 2009).<\/p>\n<p>Infelizmente, governos e institui\u00e7\u00f5es internacionais continuam insistindo no modelo capitalista depredador. Somente o governo americano destinou este ano mais de US$ 4 trilh\u00f5es a salvar bancos e multinacionais irrespons\u00e1veis que perderam dinheiro no cassino financeiro da imprevisibilidade. Este dinheiro do povo, dado aos ricos, &#8220;\u00e9 um valor 40 vezes maior do que os recursos destinados a combater as mudan\u00e7as clim\u00e1ticas no mundo e a pobreza&#8221; (Le Monde Diplomatique Brasil, maio de 2009, p. 3). O pr\u00f3prio governo brasileiro advoga que, contra a crise econ\u00f4mica que assola o planeta e tamb\u00e9m atinge o Brasil, a solu\u00e7\u00e3o ser\u00e1 consumir e comprar, porque isso gera empregos e receitas. As conseq\u00fc\u00eancias ecol\u00f3gicas desta escolha n\u00e3o se colocam. Menos ainda o a quest\u00e3o \u00e9tica fundamental. Quantos brasileiros podem viver esta febre do consumo? O PNUD do ano passado confirma: 20% das pessoas mais ricas absorvem 82% das riquezas mundiais, enquanto 20% dos mais pobres t\u00eam de se contentar apenas com 1, 6% desta riqueza que deveria ser comum. Uma \u00ednfima minoria monopoliza o consumo e controla os processos econ\u00f4micos que implicam na devasta\u00e7\u00e3o da natureza e em uma imensa injusti\u00e7a social.<\/p>\n<p>Ainda nestes dias, a C\u00e2mara dos Deputados aprovou a Medida Provis\u00f3ria 458 que permite legalizar milhares de posse de terras p\u00fablicas com at\u00e9 1500 hectares (15 Km2) na Amaz\u00f4nia Legal. A senadora Marina Silva alerta que esta medida acabar\u00e1 de abrir totalmente as portas para a grilagem na Amaz\u00f4nia, para a destrui\u00e7\u00e3o da floresta, al\u00e9m de favorecer a concentra\u00e7\u00e3o de terras j\u00e1 escandalosa.<\/p>\n<p>Ao contr\u00e1rio, em alguns pa\u00edses, como a Alemanha e o Canad\u00e1, investimentos p\u00fablicos incentivam o uso de energia limpa, ao mesmo tempo em que contribuem para a luta contra o desemprego. Entretanto, cada vez mais os analistas e cientistas percebem que todo esfor\u00e7o ser\u00e1 in\u00fatil se n\u00e3o se superar uma economia capitalista que consiste em acumula\u00e7\u00e3o de riquezas e desperd\u00edcio de recursos, em prol de uma economia que preserve o planeta em vez de esgot\u00e1-lo.<\/p>\n<p>Para quem vive uma busca espiritual, o cuidado amoroso com a M\u00e3e Terra, com a \u00e1gua e com todo ser vivo fazem parte do testemunho que Deus \u00e9 amor, est\u00e1 presente e atuante no universo. Apesar de todas as agress\u00f5es e crimes cometidos contra o Planeta, ainda podemos salv\u00e1-lo. Em 2003, a UNESCO assumiu a &#8220;Carta da Terra&#8221;, como instrumento educativo e refer\u00eancia \u00e9tica para o desenvolvimento sustent\u00e1vel. Participaram ativamente de sua concep\u00e7\u00e3o humanista e pensadores do mundo inteiro. \u00c9 preciso que a ONU assuma este documento que qualquer pessoa pode ler e comentar na internet (basta consultar: &#8220;carta da terra&#8221;). \u00c9 o esbo\u00e7o de uma &#8220;declara\u00e7\u00e3o dos direitos da Terra&#8221; e toda a humanidade \u00e9 chamada a conhec\u00ea-la e pratic\u00e1-la.<\/p>\n<div id=\"themify_builder_content-3812\" data-postid=\"3812\" class=\"themify_builder_content themify_builder_content-3812 themify_builder themify_builder_front\">\n\t<\/div>\n<!-- \/themify_builder_content -->","protected":false},"excerpt":{"rendered":"<p>Marcelo Barros Em torno ao dia 05 de junho que a ONU consagra como &#8220;dia internacional do meio ambiente&#8221;, o mundo inteiro promove uma s\u00e9rie de discuss\u00f5es e eventos que durar\u00e3o toda a semana. De fato, os problemas ambientais se agravam. Hoje, n\u00e3o h\u00e1 quem n\u00e3o se assuste com a frequ\u00eancia e a intensidade de [&hellip;]<\/p>\n","protected":false},"author":5,"featured_media":0,"comment_status":"open","ping_status":"open","sticky":false,"template":"","format":"standard","meta":{"ngg_post_thumbnail":0,"footnotes":""},"categories":[9],"tags":[785,786,673,511,470,172],"yoast_head":"<!-- This site is optimized with the Yoast SEO plugin v23.5 - https:\/\/yoast.com\/wordpress\/plugins\/seo\/ -->\n<title>Novos desafios para o planeta - O Arcanjo no ar<\/title>\n<meta name=\"robots\" content=\"index, follow, max-snippet:-1, max-image-preview:large, max-video-preview:-1\" \/>\n<link rel=\"canonical\" href=\"https:\/\/www.oarcanjo.net\/site\/novos-desafios-para-o-planeta\/\" \/>\n<meta property=\"og:locale\" content=\"pt_BR\" \/>\n<meta property=\"og:type\" content=\"article\" \/>\n<meta property=\"og:title\" content=\"Novos desafios para o planeta - O Arcanjo no ar\" \/>\n<meta property=\"og:description\" content=\"Marcelo Barros Em torno ao dia 05 de junho que a ONU consagra como &#8220;dia internacional do meio ambiente&#8221;, o mundo inteiro promove uma s\u00e9rie de discuss\u00f5es e eventos que durar\u00e3o toda a semana. De fato, os problemas ambientais se agravam. Hoje, n\u00e3o h\u00e1 quem n\u00e3o se assuste com a frequ\u00eancia e a intensidade de [&hellip;]\" \/>\n<meta property=\"og:url\" content=\"https:\/\/www.oarcanjo.net\/site\/novos-desafios-para-o-planeta\/\" \/>\n<meta property=\"og:site_name\" content=\"O Arcanjo no ar\" \/>\n<meta property=\"article:publisher\" content=\"https:\/\/www.facebook.com\/OArcanjoNoAr\/\" \/>\n<meta property=\"article:published_time\" content=\"2009-06-04T20:56:30+00:00\" \/>\n<meta property=\"og:image\" content=\"https:\/\/www.oarcanjo.net\/site\/wp-content\/uploads\/logo-o-arcanjo-no-ar-facebook.png\" \/>\n\t<meta property=\"og:image:width\" content=\"300\" \/>\n\t<meta property=\"og:image:height\" content=\"300\" \/>\n\t<meta property=\"og:image:type\" content=\"image\/png\" \/>\n<meta name=\"author\" content=\"editor\" \/>\n<meta name=\"twitter:card\" content=\"summary_large_image\" \/>\n<meta name=\"twitter:label1\" content=\"Escrito por\" \/>\n\t<meta name=\"twitter:data1\" content=\"editor\" \/>\n\t<meta name=\"twitter:label2\" content=\"Est. tempo de leitura\" \/>\n\t<meta name=\"twitter:data2\" content=\"4 minutos\" \/>\n<script type=\"application\/ld+json\" class=\"yoast-schema-graph\">{\"@context\":\"https:\/\/schema.org\",\"@graph\":[{\"@type\":\"Article\",\"@id\":\"https:\/\/www.oarcanjo.net\/site\/novos-desafios-para-o-planeta\/#article\",\"isPartOf\":{\"@id\":\"https:\/\/www.oarcanjo.net\/site\/novos-desafios-para-o-planeta\/\"},\"author\":{\"name\":\"editor\",\"@id\":\"https:\/\/www.oarcanjo.net\/site\/#\/schema\/person\/f7024d007863202483a31326673a0838\"},\"headline\":\"Novos desafios para o planeta\",\"datePublished\":\"2009-06-04T20:56:30+00:00\",\"dateModified\":\"2009-06-04T20:56:30+00:00\",\"mainEntityOfPage\":{\"@id\":\"https:\/\/www.oarcanjo.net\/site\/novos-desafios-para-o-planeta\/\"},\"wordCount\":850,\"commentCount\":1,\"publisher\":{\"@id\":\"https:\/\/www.oarcanjo.net\/site\/#organization\"},\"keywords\":[\"Dia Mundial do Meio Ambiente\",\"Global Foot Print Network\",\"Na\u00e7\u00f5es Unidas\",\"ONU\",\"sustentabilidade\",\"Terra\"],\"articleSection\":[\"Reflex\u00f5es\"],\"inLanguage\":\"pt-BR\",\"potentialAction\":[{\"@type\":\"CommentAction\",\"name\":\"Comment\",\"target\":[\"https:\/\/www.oarcanjo.net\/site\/novos-desafios-para-o-planeta\/#respond\"]}]},{\"@type\":\"WebPage\",\"@id\":\"https:\/\/www.oarcanjo.net\/site\/novos-desafios-para-o-planeta\/\",\"url\":\"https:\/\/www.oarcanjo.net\/site\/novos-desafios-para-o-planeta\/\",\"name\":\"Novos desafios para o planeta - O Arcanjo no ar\",\"isPartOf\":{\"@id\":\"https:\/\/www.oarcanjo.net\/site\/#website\"},\"datePublished\":\"2009-06-04T20:56:30+00:00\",\"dateModified\":\"2009-06-04T20:56:30+00:00\",\"breadcrumb\":{\"@id\":\"https:\/\/www.oarcanjo.net\/site\/novos-desafios-para-o-planeta\/#breadcrumb\"},\"inLanguage\":\"pt-BR\",\"potentialAction\":[{\"@type\":\"ReadAction\",\"target\":[\"https:\/\/www.oarcanjo.net\/site\/novos-desafios-para-o-planeta\/\"]}]},{\"@type\":\"BreadcrumbList\",\"@id\":\"https:\/\/www.oarcanjo.net\/site\/novos-desafios-para-o-planeta\/#breadcrumb\",\"itemListElement\":[{\"@type\":\"ListItem\",\"position\":1,\"name\":\"In\u00edcio\",\"item\":\"https:\/\/www.oarcanjo.net\/site\/\"},{\"@type\":\"ListItem\",\"position\":2,\"name\":\"Novos desafios para o planeta\"}]},{\"@type\":\"WebSite\",\"@id\":\"https:\/\/www.oarcanjo.net\/site\/#website\",\"url\":\"https:\/\/www.oarcanjo.net\/site\/\",\"name\":\"O Arcanjo no ar\",\"description\":\"Site da Par\u00f3quia S\u00e3o Miguel Arcanjo (Arquidiocese de SP)\",\"publisher\":{\"@id\":\"https:\/\/www.oarcanjo.net\/site\/#organization\"},\"potentialAction\":[{\"@type\":\"SearchAction\",\"target\":{\"@type\":\"EntryPoint\",\"urlTemplate\":\"https:\/\/www.oarcanjo.net\/site\/?s={search_term_string}\"},\"query-input\":{\"@type\":\"PropertyValueSpecification\",\"valueRequired\":true,\"valueName\":\"search_term_string\"}}],\"inLanguage\":\"pt-BR\"},{\"@type\":\"Organization\",\"@id\":\"https:\/\/www.oarcanjo.net\/site\/#organization\",\"name\":\"Par\u00f3quia S\u00e3o Miguel Arcanjo\",\"url\":\"https:\/\/www.oarcanjo.net\/site\/\",\"logo\":{\"@type\":\"ImageObject\",\"inLanguage\":\"pt-BR\",\"@id\":\"https:\/\/www.oarcanjo.net\/site\/#\/schema\/logo\/image\/\",\"url\":\"https:\/\/www.oarcanjo.net\/site\/wp-content\/uploads\/LogoOArcanjo.png\",\"contentUrl\":\"https:\/\/www.oarcanjo.net\/site\/wp-content\/uploads\/LogoOArcanjo.png\",\"width\":319,\"height\":99,\"caption\":\"Par\u00f3quia S\u00e3o Miguel Arcanjo\"},\"image\":{\"@id\":\"https:\/\/www.oarcanjo.net\/site\/#\/schema\/logo\/image\/\"},\"sameAs\":[\"https:\/\/www.facebook.com\/OArcanjoNoAr\/\"]},{\"@type\":\"Person\",\"@id\":\"https:\/\/www.oarcanjo.net\/site\/#\/schema\/person\/f7024d007863202483a31326673a0838\",\"name\":\"editor\",\"sameAs\":[\"http:\/\/www.oarcanjo.net\"]}]}<\/script>\n<!-- \/ Yoast SEO plugin. -->","yoast_head_json":{"title":"Novos desafios para o planeta - O Arcanjo no ar","robots":{"index":"index","follow":"follow","max-snippet":"max-snippet:-1","max-image-preview":"max-image-preview:large","max-video-preview":"max-video-preview:-1"},"canonical":"https:\/\/www.oarcanjo.net\/site\/novos-desafios-para-o-planeta\/","og_locale":"pt_BR","og_type":"article","og_title":"Novos desafios para o planeta - O Arcanjo no ar","og_description":"Marcelo Barros Em torno ao dia 05 de junho que a ONU consagra como &#8220;dia internacional do meio ambiente&#8221;, o mundo inteiro promove uma s\u00e9rie de discuss\u00f5es e eventos que durar\u00e3o toda a semana. De fato, os problemas ambientais se agravam. Hoje, n\u00e3o h\u00e1 quem n\u00e3o se assuste com a frequ\u00eancia e a intensidade de [&hellip;]","og_url":"https:\/\/www.oarcanjo.net\/site\/novos-desafios-para-o-planeta\/","og_site_name":"O Arcanjo no ar","article_publisher":"https:\/\/www.facebook.com\/OArcanjoNoAr\/","article_published_time":"2009-06-04T20:56:30+00:00","og_image":[{"width":300,"height":300,"url":"https:\/\/www.oarcanjo.net\/site\/wp-content\/uploads\/logo-o-arcanjo-no-ar-facebook.png","type":"image\/png"}],"author":"editor","twitter_card":"summary_large_image","twitter_misc":{"Escrito por":"editor","Est. tempo de leitura":"4 minutos"},"schema":{"@context":"https:\/\/schema.org","@graph":[{"@type":"Article","@id":"https:\/\/www.oarcanjo.net\/site\/novos-desafios-para-o-planeta\/#article","isPartOf":{"@id":"https:\/\/www.oarcanjo.net\/site\/novos-desafios-para-o-planeta\/"},"author":{"name":"editor","@id":"https:\/\/www.oarcanjo.net\/site\/#\/schema\/person\/f7024d007863202483a31326673a0838"},"headline":"Novos desafios para o planeta","datePublished":"2009-06-04T20:56:30+00:00","dateModified":"2009-06-04T20:56:30+00:00","mainEntityOfPage":{"@id":"https:\/\/www.oarcanjo.net\/site\/novos-desafios-para-o-planeta\/"},"wordCount":850,"commentCount":1,"publisher":{"@id":"https:\/\/www.oarcanjo.net\/site\/#organization"},"keywords":["Dia Mundial do Meio Ambiente","Global Foot Print Network","Na\u00e7\u00f5es Unidas","ONU","sustentabilidade","Terra"],"articleSection":["Reflex\u00f5es"],"inLanguage":"pt-BR","potentialAction":[{"@type":"CommentAction","name":"Comment","target":["https:\/\/www.oarcanjo.net\/site\/novos-desafios-para-o-planeta\/#respond"]}]},{"@type":"WebPage","@id":"https:\/\/www.oarcanjo.net\/site\/novos-desafios-para-o-planeta\/","url":"https:\/\/www.oarcanjo.net\/site\/novos-desafios-para-o-planeta\/","name":"Novos desafios para o planeta - O Arcanjo no ar","isPartOf":{"@id":"https:\/\/www.oarcanjo.net\/site\/#website"},"datePublished":"2009-06-04T20:56:30+00:00","dateModified":"2009-06-04T20:56:30+00:00","breadcrumb":{"@id":"https:\/\/www.oarcanjo.net\/site\/novos-desafios-para-o-planeta\/#breadcrumb"},"inLanguage":"pt-BR","potentialAction":[{"@type":"ReadAction","target":["https:\/\/www.oarcanjo.net\/site\/novos-desafios-para-o-planeta\/"]}]},{"@type":"BreadcrumbList","@id":"https:\/\/www.oarcanjo.net\/site\/novos-desafios-para-o-planeta\/#breadcrumb","itemListElement":[{"@type":"ListItem","position":1,"name":"In\u00edcio","item":"https:\/\/www.oarcanjo.net\/site\/"},{"@type":"ListItem","position":2,"name":"Novos desafios para o planeta"}]},{"@type":"WebSite","@id":"https:\/\/www.oarcanjo.net\/site\/#website","url":"https:\/\/www.oarcanjo.net\/site\/","name":"O Arcanjo no ar","description":"Site da Par\u00f3quia S\u00e3o Miguel Arcanjo (Arquidiocese de SP)","publisher":{"@id":"https:\/\/www.oarcanjo.net\/site\/#organization"},"potentialAction":[{"@type":"SearchAction","target":{"@type":"EntryPoint","urlTemplate":"https:\/\/www.oarcanjo.net\/site\/?s={search_term_string}"},"query-input":{"@type":"PropertyValueSpecification","valueRequired":true,"valueName":"search_term_string"}}],"inLanguage":"pt-BR"},{"@type":"Organization","@id":"https:\/\/www.oarcanjo.net\/site\/#organization","name":"Par\u00f3quia S\u00e3o Miguel Arcanjo","url":"https:\/\/www.oarcanjo.net\/site\/","logo":{"@type":"ImageObject","inLanguage":"pt-BR","@id":"https:\/\/www.oarcanjo.net\/site\/#\/schema\/logo\/image\/","url":"https:\/\/www.oarcanjo.net\/site\/wp-content\/uploads\/LogoOArcanjo.png","contentUrl":"https:\/\/www.oarcanjo.net\/site\/wp-content\/uploads\/LogoOArcanjo.png","width":319,"height":99,"caption":"Par\u00f3quia S\u00e3o Miguel Arcanjo"},"image":{"@id":"https:\/\/www.oarcanjo.net\/site\/#\/schema\/logo\/image\/"},"sameAs":["https:\/\/www.facebook.com\/OArcanjoNoAr\/"]},{"@type":"Person","@id":"https:\/\/www.oarcanjo.net\/site\/#\/schema\/person\/f7024d007863202483a31326673a0838","name":"editor","sameAs":["http:\/\/www.oarcanjo.net"]}]}},"publishpress_future_action":{"enabled":false,"date":"2026-05-09 07:04:02","action":"category","newStatus":"draft","terms":[],"taxonomy":"category"},"publishpress_future_workflow_manual_trigger":{"enabledWorkflows":[]},"_links":{"self":[{"href":"https:\/\/www.oarcanjo.net\/site\/wp-json\/wp\/v2\/posts\/3812"}],"collection":[{"href":"https:\/\/www.oarcanjo.net\/site\/wp-json\/wp\/v2\/posts"}],"about":[{"href":"https:\/\/www.oarcanjo.net\/site\/wp-json\/wp\/v2\/types\/post"}],"author":[{"embeddable":true,"href":"https:\/\/www.oarcanjo.net\/site\/wp-json\/wp\/v2\/users\/5"}],"replies":[{"embeddable":true,"href":"https:\/\/www.oarcanjo.net\/site\/wp-json\/wp\/v2\/comments?post=3812"}],"version-history":[{"count":0,"href":"https:\/\/www.oarcanjo.net\/site\/wp-json\/wp\/v2\/posts\/3812\/revisions"}],"wp:attachment":[{"href":"https:\/\/www.oarcanjo.net\/site\/wp-json\/wp\/v2\/media?parent=3812"}],"wp:term":[{"taxonomy":"category","embeddable":true,"href":"https:\/\/www.oarcanjo.net\/site\/wp-json\/wp\/v2\/categories?post=3812"},{"taxonomy":"post_tag","embeddable":true,"href":"https:\/\/www.oarcanjo.net\/site\/wp-json\/wp\/v2\/tags?post=3812"}],"curies":[{"name":"wp","href":"https:\/\/api.w.org\/{rel}","templated":true}]}}