
{"id":3815,"date":"2009-06-04T18:17:39","date_gmt":"2009-06-04T21:17:39","guid":{"rendered":"http:\/\/www.oarcanjo.net\/site\/?p=3815"},"modified":"2009-06-04T18:17:39","modified_gmt":"2009-06-04T21:17:39","slug":"continuam-preparativos-para-12-intereclesial-das-cebs","status":"publish","type":"post","link":"https:\/\/www.oarcanjo.net\/site\/continuam-preparativos-para-12-intereclesial-das-cebs\/","title":{"rendered":"Continuam preparativos para 12\u00ba Intereclesial das CEBs"},"content":{"rendered":"<p>Ag\u00eancia Adital<\/p>\n<p>Entre os dias 21 e 25 de julho de 2009, a cidade de Porto Velho (Rond\u00f4nia) sediar\u00e1 o 12\u00b0 Intereclesial das Comunidades Eclesiais de Base (CEBs). Neste ano, o encontro ter\u00e1 como tema: &#8220;CEBs: Ecologia e Miss\u00e3o&#8221; e o lema: &#8220;Do Ventre da Terra, o Grito que vem da Amaz\u00f4nia&#8221;. <\/p>\n<p>Iniciado em 1975, os Intereclesiais mostram a caminhada das CEBs e cada edi\u00e7\u00e3o apresenta um tema diferente, relacionado \u00e0 realidade de vida do povo. De acordo com padre Luis Ceppi, membro da coordena\u00e7\u00e3o do 12\u00b0 Intereclesial, o encontro tem a inten\u00e7\u00e3o de aprofundar e viver mais ainda os caminhos que Deus prop\u00f4s, al\u00e9m de trabalhar a quest\u00e3o da ecologia.<\/p>\n<p>Luis Ceppi explica que a Amaz\u00f4nia \u00e9 uma regi\u00e3o de interesse de todos por causa das riquezas naturais que possui, entretanto, poucas pessoas atentam para as civiliza\u00e7\u00f5es que vivem na regi\u00e3o. &#8220;O Encontro visa a resgatar a dignidade dos seres que povoam a Amaz\u00f4nia&#8221;, comenta.<\/p>\n<p>Al\u00e9m disso, o coordenador comenta que o Intereclesial quer mostrar que \u00e9 poss\u00edvel viver em comunh\u00e3o com o meio ambiente sem prejudic\u00e1-lo. Para o coordenador, ind\u00edgenas, quilombolas e outros povos que vivem na regi\u00e3o sem destruir s\u00e3o o sinal de uma nova civiliza\u00e7\u00e3o, que resiste ao mundo do consumo.<\/p>\n<p>As Comunidades Eclesiais de Base (CEBs) s\u00e3o comunidades crist\u00e3s formadas por pessoas de regi\u00f5es pr\u00f3ximas que se re\u00fanem na f\u00e9 para ouvir e refletir a Palavra de Deus, levando os ensinamentos para a vida cotidiana. As CEBs estruturam-se basicamente em quatro pontos: a f\u00e9, os sacramentos, a comunh\u00e3o, e a miss\u00e3o.<\/p>\n<p>Para padre Ceppi, as CEBs s\u00e3o uma resposta ao chamado de Jesus, tentando acompanh\u00e1-lo. Ele explica que a Palavra de Deus e a ora\u00e7\u00e3o servem para a pessoa escutar e sentir o amor de Deus, al\u00e9m de mostrar que \u00e9 poss\u00edvel viver em comunh\u00e3o com o Criador. Os outros dois pontos das CEBs, a comunh\u00e3o e a miss\u00e3o, tamb\u00e9m s\u00e3o importantes, pois mostram que a uni\u00e3o entre as pessoas e o servi\u00e7o \u00e0 sociedade estimulam as pessoas a serem como Jesus Cristo.<\/p>\n<p>&#8220;As CEBs s\u00e3o est\u00edmulo para viver e trabalhar para a comunidade&#8221;, comenta Ceppi. Ele explica que a miss\u00e3o tem uma dimens\u00e3o de abertura e conscientiza\u00e7\u00e3o pol\u00edtica, social e econ\u00f4mica. &#8220;O servi\u00e7o n\u00e3o \u00e9 mero assistencialismo&#8221;, ressalta.<\/p>\n<p>Mais informa\u00e7\u00f5es em <a href=\"http:\/\/www.cebs12.org.br\" target=\"_blank\">http:\/\/www.cebs12.org.br<\/a><\/p>\n<div id=\"themify_builder_content-3815\" data-postid=\"3815\" class=\"themify_builder_content themify_builder_content-3815 themify_builder themify_builder_front\">\n\t<\/div>\n<!-- \/themify_builder_content -->","protected":false},"excerpt":{"rendered":"<p>Ag\u00eancia Adital Entre os dias 21 e 25 de julho de 2009, a cidade de Porto Velho (Rond\u00f4nia) sediar\u00e1 o 12\u00b0 Intereclesial das Comunidades Eclesiais de Base (CEBs). Neste ano, o encontro ter\u00e1 como tema: &#8220;CEBs: Ecologia e Miss\u00e3o&#8221; e o lema: &#8220;Do Ventre da Terra, o Grito que vem da Amaz\u00f4nia&#8221;. Iniciado em 1975, [&hellip;]<\/p>\n","protected":false},"author":5,"featured_media":0,"comment_status":"open","ping_status":"open","sticky":false,"template":"","format":"standard","meta":{"ngg_post_thumbnail":0,"footnotes":""},"categories":[8],"tags":[315,314,787,104,316],"yoast_head":"<!-- This site is optimized with the Yoast SEO plugin v23.5 - https:\/\/yoast.com\/wordpress\/plugins\/seo\/ -->\n<title>Continuam preparativos para 12\u00ba Intereclesial das CEBs  - O Arcanjo no ar<\/title>\n<meta name=\"robots\" content=\"index, follow, max-snippet:-1, max-image-preview:large, max-video-preview:-1\" \/>\n<link rel=\"canonical\" href=\"https:\/\/www.oarcanjo.net\/site\/continuam-preparativos-para-12-intereclesial-das-cebs\/\" \/>\n<meta property=\"og:locale\" content=\"pt_BR\" \/>\n<meta property=\"og:type\" content=\"article\" \/>\n<meta property=\"og:title\" content=\"Continuam preparativos para 12\u00ba Intereclesial das CEBs  - O Arcanjo no ar\" \/>\n<meta property=\"og:description\" content=\"Ag\u00eancia Adital Entre os dias 21 e 25 de julho de 2009, a cidade de Porto Velho (Rond\u00f4nia) sediar\u00e1 o 12\u00b0 Intereclesial das Comunidades Eclesiais de Base (CEBs). Neste ano, o encontro ter\u00e1 como tema: &#8220;CEBs: Ecologia e Miss\u00e3o&#8221; e o lema: &#8220;Do Ventre da Terra, o Grito que vem da Amaz\u00f4nia&#8221;. Iniciado em 1975, [&hellip;]\" \/>\n<meta property=\"og:url\" content=\"https:\/\/www.oarcanjo.net\/site\/continuam-preparativos-para-12-intereclesial-das-cebs\/\" \/>\n<meta property=\"og:site_name\" content=\"O Arcanjo no ar\" \/>\n<meta property=\"article:publisher\" content=\"https:\/\/www.facebook.com\/OArcanjoNoAr\/\" \/>\n<meta property=\"article:published_time\" content=\"2009-06-04T21:17:39+00:00\" \/>\n<meta property=\"og:image\" content=\"https:\/\/www.oarcanjo.net\/site\/wp-content\/uploads\/logo-o-arcanjo-no-ar-facebook.png\" \/>\n\t<meta property=\"og:image:width\" content=\"300\" \/>\n\t<meta property=\"og:image:height\" content=\"300\" \/>\n\t<meta property=\"og:image:type\" content=\"image\/png\" \/>\n<meta name=\"author\" content=\"editor\" \/>\n<meta name=\"twitter:card\" content=\"summary_large_image\" \/>\n<meta name=\"twitter:label1\" content=\"Escrito por\" \/>\n\t<meta name=\"twitter:data1\" content=\"editor\" \/>\n\t<meta name=\"twitter:label2\" content=\"Est. tempo de leitura\" \/>\n\t<meta name=\"twitter:data2\" content=\"2 minutos\" \/>\n<script type=\"application\/ld+json\" class=\"yoast-schema-graph\">{\"@context\":\"https:\/\/schema.org\",\"@graph\":[{\"@type\":\"Article\",\"@id\":\"https:\/\/www.oarcanjo.net\/site\/continuam-preparativos-para-12-intereclesial-das-cebs\/#article\",\"isPartOf\":{\"@id\":\"https:\/\/www.oarcanjo.net\/site\/continuam-preparativos-para-12-intereclesial-das-cebs\/\"},\"author\":{\"name\":\"editor\",\"@id\":\"https:\/\/www.oarcanjo.net\/site\/#\/schema\/person\/f7024d007863202483a31326673a0838\"},\"headline\":\"Continuam preparativos para 12\u00ba Intereclesial das CEBs\",\"datePublished\":\"2009-06-04T21:17:39+00:00\",\"dateModified\":\"2009-06-04T21:17:39+00:00\",\"mainEntityOfPage\":{\"@id\":\"https:\/\/www.oarcanjo.net\/site\/continuam-preparativos-para-12-intereclesial-das-cebs\/\"},\"wordCount\":428,\"commentCount\":0,\"publisher\":{\"@id\":\"https:\/\/www.oarcanjo.net\/site\/#organization\"},\"keywords\":[\"Amaz\u00f4nia\",\"CEBs\",\"comunidades de base\",\"ecologia\",\"Intereclesial\"],\"articleSection\":[\"Not\u00edcias\"],\"inLanguage\":\"pt-BR\",\"potentialAction\":[{\"@type\":\"CommentAction\",\"name\":\"Comment\",\"target\":[\"https:\/\/www.oarcanjo.net\/site\/continuam-preparativos-para-12-intereclesial-das-cebs\/#respond\"]}]},{\"@type\":\"WebPage\",\"@id\":\"https:\/\/www.oarcanjo.net\/site\/continuam-preparativos-para-12-intereclesial-das-cebs\/\",\"url\":\"https:\/\/www.oarcanjo.net\/site\/continuam-preparativos-para-12-intereclesial-das-cebs\/\",\"name\":\"Continuam preparativos para 12\u00ba Intereclesial das CEBs - O Arcanjo no ar\",\"isPartOf\":{\"@id\":\"https:\/\/www.oarcanjo.net\/site\/#website\"},\"datePublished\":\"2009-06-04T21:17:39+00:00\",\"dateModified\":\"2009-06-04T21:17:39+00:00\",\"breadcrumb\":{\"@id\":\"https:\/\/www.oarcanjo.net\/site\/continuam-preparativos-para-12-intereclesial-das-cebs\/#breadcrumb\"},\"inLanguage\":\"pt-BR\",\"potentialAction\":[{\"@type\":\"ReadAction\",\"target\":[\"https:\/\/www.oarcanjo.net\/site\/continuam-preparativos-para-12-intereclesial-das-cebs\/\"]}]},{\"@type\":\"BreadcrumbList\",\"@id\":\"https:\/\/www.oarcanjo.net\/site\/continuam-preparativos-para-12-intereclesial-das-cebs\/#breadcrumb\",\"itemListElement\":[{\"@type\":\"ListItem\",\"position\":1,\"name\":\"In\u00edcio\",\"item\":\"https:\/\/www.oarcanjo.net\/site\/\"},{\"@type\":\"ListItem\",\"position\":2,\"name\":\"Continuam preparativos para 12\u00ba Intereclesial das CEBs\"}]},{\"@type\":\"WebSite\",\"@id\":\"https:\/\/www.oarcanjo.net\/site\/#website\",\"url\":\"https:\/\/www.oarcanjo.net\/site\/\",\"name\":\"O Arcanjo no ar\",\"description\":\"Site da Par\u00f3quia S\u00e3o Miguel Arcanjo (Arquidiocese de SP)\",\"publisher\":{\"@id\":\"https:\/\/www.oarcanjo.net\/site\/#organization\"},\"potentialAction\":[{\"@type\":\"SearchAction\",\"target\":{\"@type\":\"EntryPoint\",\"urlTemplate\":\"https:\/\/www.oarcanjo.net\/site\/?s={search_term_string}\"},\"query-input\":{\"@type\":\"PropertyValueSpecification\",\"valueRequired\":true,\"valueName\":\"search_term_string\"}}],\"inLanguage\":\"pt-BR\"},{\"@type\":\"Organization\",\"@id\":\"https:\/\/www.oarcanjo.net\/site\/#organization\",\"name\":\"Par\u00f3quia S\u00e3o Miguel Arcanjo\",\"url\":\"https:\/\/www.oarcanjo.net\/site\/\",\"logo\":{\"@type\":\"ImageObject\",\"inLanguage\":\"pt-BR\",\"@id\":\"https:\/\/www.oarcanjo.net\/site\/#\/schema\/logo\/image\/\",\"url\":\"https:\/\/www.oarcanjo.net\/site\/wp-content\/uploads\/LogoOArcanjo.png\",\"contentUrl\":\"https:\/\/www.oarcanjo.net\/site\/wp-content\/uploads\/LogoOArcanjo.png\",\"width\":319,\"height\":99,\"caption\":\"Par\u00f3quia S\u00e3o Miguel Arcanjo\"},\"image\":{\"@id\":\"https:\/\/www.oarcanjo.net\/site\/#\/schema\/logo\/image\/\"},\"sameAs\":[\"https:\/\/www.facebook.com\/OArcanjoNoAr\/\"]},{\"@type\":\"Person\",\"@id\":\"https:\/\/www.oarcanjo.net\/site\/#\/schema\/person\/f7024d007863202483a31326673a0838\",\"name\":\"editor\",\"sameAs\":[\"http:\/\/www.oarcanjo.net\"]}]}<\/script>\n<!-- \/ Yoast SEO plugin. -->","yoast_head_json":{"title":"Continuam preparativos para 12\u00ba Intereclesial das CEBs  - O Arcanjo no ar","robots":{"index":"index","follow":"follow","max-snippet":"max-snippet:-1","max-image-preview":"max-image-preview:large","max-video-preview":"max-video-preview:-1"},"canonical":"https:\/\/www.oarcanjo.net\/site\/continuam-preparativos-para-12-intereclesial-das-cebs\/","og_locale":"pt_BR","og_type":"article","og_title":"Continuam preparativos para 12\u00ba Intereclesial das CEBs  - O Arcanjo no ar","og_description":"Ag\u00eancia Adital Entre os dias 21 e 25 de julho de 2009, a cidade de Porto Velho (Rond\u00f4nia) sediar\u00e1 o 12\u00b0 Intereclesial das Comunidades Eclesiais de Base (CEBs). Neste ano, o encontro ter\u00e1 como tema: &#8220;CEBs: Ecologia e Miss\u00e3o&#8221; e o lema: &#8220;Do Ventre da Terra, o Grito que vem da Amaz\u00f4nia&#8221;. Iniciado em 1975, [&hellip;]","og_url":"https:\/\/www.oarcanjo.net\/site\/continuam-preparativos-para-12-intereclesial-das-cebs\/","og_site_name":"O Arcanjo no ar","article_publisher":"https:\/\/www.facebook.com\/OArcanjoNoAr\/","article_published_time":"2009-06-04T21:17:39+00:00","og_image":[{"width":300,"height":300,"url":"https:\/\/www.oarcanjo.net\/site\/wp-content\/uploads\/logo-o-arcanjo-no-ar-facebook.png","type":"image\/png"}],"author":"editor","twitter_card":"summary_large_image","twitter_misc":{"Escrito por":"editor","Est. tempo de leitura":"2 minutos"},"schema":{"@context":"https:\/\/schema.org","@graph":[{"@type":"Article","@id":"https:\/\/www.oarcanjo.net\/site\/continuam-preparativos-para-12-intereclesial-das-cebs\/#article","isPartOf":{"@id":"https:\/\/www.oarcanjo.net\/site\/continuam-preparativos-para-12-intereclesial-das-cebs\/"},"author":{"name":"editor","@id":"https:\/\/www.oarcanjo.net\/site\/#\/schema\/person\/f7024d007863202483a31326673a0838"},"headline":"Continuam preparativos para 12\u00ba Intereclesial das CEBs","datePublished":"2009-06-04T21:17:39+00:00","dateModified":"2009-06-04T21:17:39+00:00","mainEntityOfPage":{"@id":"https:\/\/www.oarcanjo.net\/site\/continuam-preparativos-para-12-intereclesial-das-cebs\/"},"wordCount":428,"commentCount":0,"publisher":{"@id":"https:\/\/www.oarcanjo.net\/site\/#organization"},"keywords":["Amaz\u00f4nia","CEBs","comunidades de base","ecologia","Intereclesial"],"articleSection":["Not\u00edcias"],"inLanguage":"pt-BR","potentialAction":[{"@type":"CommentAction","name":"Comment","target":["https:\/\/www.oarcanjo.net\/site\/continuam-preparativos-para-12-intereclesial-das-cebs\/#respond"]}]},{"@type":"WebPage","@id":"https:\/\/www.oarcanjo.net\/site\/continuam-preparativos-para-12-intereclesial-das-cebs\/","url":"https:\/\/www.oarcanjo.net\/site\/continuam-preparativos-para-12-intereclesial-das-cebs\/","name":"Continuam preparativos para 12\u00ba Intereclesial das CEBs - O Arcanjo no ar","isPartOf":{"@id":"https:\/\/www.oarcanjo.net\/site\/#website"},"datePublished":"2009-06-04T21:17:39+00:00","dateModified":"2009-06-04T21:17:39+00:00","breadcrumb":{"@id":"https:\/\/www.oarcanjo.net\/site\/continuam-preparativos-para-12-intereclesial-das-cebs\/#breadcrumb"},"inLanguage":"pt-BR","potentialAction":[{"@type":"ReadAction","target":["https:\/\/www.oarcanjo.net\/site\/continuam-preparativos-para-12-intereclesial-das-cebs\/"]}]},{"@type":"BreadcrumbList","@id":"https:\/\/www.oarcanjo.net\/site\/continuam-preparativos-para-12-intereclesial-das-cebs\/#breadcrumb","itemListElement":[{"@type":"ListItem","position":1,"name":"In\u00edcio","item":"https:\/\/www.oarcanjo.net\/site\/"},{"@type":"ListItem","position":2,"name":"Continuam preparativos para 12\u00ba Intereclesial das CEBs"}]},{"@type":"WebSite","@id":"https:\/\/www.oarcanjo.net\/site\/#website","url":"https:\/\/www.oarcanjo.net\/site\/","name":"O Arcanjo no ar","description":"Site da Par\u00f3quia S\u00e3o Miguel Arcanjo (Arquidiocese de SP)","publisher":{"@id":"https:\/\/www.oarcanjo.net\/site\/#organization"},"potentialAction":[{"@type":"SearchAction","target":{"@type":"EntryPoint","urlTemplate":"https:\/\/www.oarcanjo.net\/site\/?s={search_term_string}"},"query-input":{"@type":"PropertyValueSpecification","valueRequired":true,"valueName":"search_term_string"}}],"inLanguage":"pt-BR"},{"@type":"Organization","@id":"https:\/\/www.oarcanjo.net\/site\/#organization","name":"Par\u00f3quia S\u00e3o Miguel Arcanjo","url":"https:\/\/www.oarcanjo.net\/site\/","logo":{"@type":"ImageObject","inLanguage":"pt-BR","@id":"https:\/\/www.oarcanjo.net\/site\/#\/schema\/logo\/image\/","url":"https:\/\/www.oarcanjo.net\/site\/wp-content\/uploads\/LogoOArcanjo.png","contentUrl":"https:\/\/www.oarcanjo.net\/site\/wp-content\/uploads\/LogoOArcanjo.png","width":319,"height":99,"caption":"Par\u00f3quia S\u00e3o Miguel Arcanjo"},"image":{"@id":"https:\/\/www.oarcanjo.net\/site\/#\/schema\/logo\/image\/"},"sameAs":["https:\/\/www.facebook.com\/OArcanjoNoAr\/"]},{"@type":"Person","@id":"https:\/\/www.oarcanjo.net\/site\/#\/schema\/person\/f7024d007863202483a31326673a0838","name":"editor","sameAs":["http:\/\/www.oarcanjo.net"]}]}},"publishpress_future_action":{"enabled":false,"date":"2026-05-06 17:28:11","action":"category","newStatus":"draft","terms":[],"taxonomy":"category"},"publishpress_future_workflow_manual_trigger":{"enabledWorkflows":[]},"_links":{"self":[{"href":"https:\/\/www.oarcanjo.net\/site\/wp-json\/wp\/v2\/posts\/3815"}],"collection":[{"href":"https:\/\/www.oarcanjo.net\/site\/wp-json\/wp\/v2\/posts"}],"about":[{"href":"https:\/\/www.oarcanjo.net\/site\/wp-json\/wp\/v2\/types\/post"}],"author":[{"embeddable":true,"href":"https:\/\/www.oarcanjo.net\/site\/wp-json\/wp\/v2\/users\/5"}],"replies":[{"embeddable":true,"href":"https:\/\/www.oarcanjo.net\/site\/wp-json\/wp\/v2\/comments?post=3815"}],"version-history":[{"count":0,"href":"https:\/\/www.oarcanjo.net\/site\/wp-json\/wp\/v2\/posts\/3815\/revisions"}],"wp:attachment":[{"href":"https:\/\/www.oarcanjo.net\/site\/wp-json\/wp\/v2\/media?parent=3815"}],"wp:term":[{"taxonomy":"category","embeddable":true,"href":"https:\/\/www.oarcanjo.net\/site\/wp-json\/wp\/v2\/categories?post=3815"},{"taxonomy":"post_tag","embeddable":true,"href":"https:\/\/www.oarcanjo.net\/site\/wp-json\/wp\/v2\/tags?post=3815"}],"curies":[{"name":"wp","href":"https:\/\/api.w.org\/{rel}","templated":true}]}}