
{"id":3832,"date":"2009-06-08T06:30:30","date_gmt":"2009-06-08T09:30:30","guid":{"rendered":"http:\/\/www.oarcanjo.net\/site\/?p=3832"},"modified":"2009-06-08T08:33:32","modified_gmt":"2009-06-08T11:33:32","slug":"beato-anchieta","status":"publish","type":"post","link":"https:\/\/www.oarcanjo.net\/site\/beato-anchieta\/","title":{"rendered":"Jos\u00e9 de Anchieta, irm\u00e3o de Jesus Cristo"},"content":{"rendered":"<p>Gilda Maria Rocha de Carvalho<\/p>\n<p>Como podemos fazer de nossa vida um testemunho vivo da comunh\u00e3o com Cristo? Jos\u00e9 de Anchieta o fez. Jesu\u00edta, ap\u00f3stolo, mission\u00e1rio, Anchieta vai cumprir um papel fundamental na coloniza\u00e7\u00e3o de nosso pa\u00eds, onde viveu por 44 anos, participando ativamente da vida da col\u00f4nia que surgia, evangelizando \u00edndios, cuidando de doentes, escrevendo a hist\u00f3ria daqueles dias sob a forma de cartas e poemas, fundando col\u00e9gios e cidades.<\/p>\n<p>Anchieta talvez tenha sido um dos jesu\u00edtas mais bem preparados que chegaram ao Brasil Col\u00f4nia enviados pela Companhia de Jesus para evangelizar as novas terras descobertas. Humilde, mesmo quando foi feito Provincial, continuou trabalhando como enfermeiro em hospitais e evangelizando os \u00edndios, tarefa a que se dedicava com paci\u00eancia e alegria. Aqui aprendeu a l\u00edngua tupi e, atrav\u00e9s dela, comunicava-se com os habitantes da terra, transmitindo-lhes a mensagem do Evangelho. Escreveu diversas pe\u00e7as de teatro com as quais realizava o seu trabalho de evangeliza\u00e7\u00e3o.<\/p>\n<p>O amor por Deus movia Anchieta em tudo o que fazia. Doente de um mal doloroso, n\u00e3o se deixava alquebrar pelos reveses de seus pr\u00f3prios sofrimentos. Antes, ia ao encontro do outro, oferecendo-se ao servi\u00e7o fosse esse o cuidar de doentes, o cozinhar, o escrever, o evangelizar. Viveu, enfim, em \u00faltimas conseq\u00fc\u00eancias, o ideal de Santo In\u00e1cio de Loyola, fundador da Companhia de Jesus: Em tudo amar e servir!<\/p>\n<p>E este ideal s\u00f3 o vive aquele que se une irremediavelmente a Cristo. O desejo de levar a Boa Nova de Jesus Cristo a toda criatura fez com que Anchieta superasse todas as limita\u00e7\u00f5es: as suas e as de seu tempo. Ao olhar o tamanho de sua obra resta-nos pensar sobre o que seria o Brasil hoje se ele n\u00e3o tivesse andado por essas terras. Dessa forma, temos a dimens\u00e3o da import\u00e2ncia de seu trabalho, da sua capacidade de construir e, mais, da intensidade de sua vida de ora\u00e7\u00e3o. Esta \u00faltima \u00e9, sem d\u00favida, determinante para todo o empreendimento de Anchieta em nosso pa\u00eds.<\/p>\n<p>Homem cheio do Esp\u00edrito encontra na ora\u00e7\u00e3o a forma de melhor distribuir e oferecer ao povo local seus talentos que a todos disponibiliza.  S\u00f3 aquele que vive em Cristo e por Cristo \u00e9 capaz de construir e deixar bons frutos.  E aqui, vemos a marca da ades\u00e3o de Anchieta \u00e0 proposta de Seu Senhor: a Ele servia e amava, a tudo e a todos, atrav\u00e9s de seus in\u00fameros dons e de sua disponibilidade.<\/p>\n<p>Tal como Jesus de Nazar\u00e9, superava a si pr\u00f3prio para ir ao encontro do outro. N\u00e3o havia sol, chuva, doen\u00e7a ou dist\u00e2ncia.  L\u00e1 ia Anchieta, o \u201csantinho corc\u00f3s\u201d, no dizer da poeta. Como Jesus percorreu os caminhos da Palestina, assim Anchieta fez em nosso pa\u00eds. N\u00e3o morreu martirizado como o Mestre, mas soube como entregar sua dores ao Pai e Nele encontrar for\u00e7as para continuar.<\/p>\n<p>Anchieta morreu em 09 de junho de 1597, em Reritiba, no Esp\u00edrito Santo, cidade que hoje leva o seu nome. Ainda em suas ex\u00e9quias, foi proclamado Ap\u00f3stolo do Brasil pelo Bispo D. Bartolomeu Sim\u00f5es Pereira. Respeitado por pessoas de todas as ra\u00e7as e classes sociais, continuou sendo venerado ap\u00f3s sua morte.  Por sua intercess\u00e3o, atribuem-se milagres. Em 22 de junho de 1980 foi beatificado pelo papa Jo\u00e3o Paulo II e caminha-se hoje para a consolida\u00e7\u00e3o do processo de sua canoniza\u00e7\u00e3o definitiva.\t<\/p>\n<hr \/>\n<p>Assista ao v\u00eddeo sobre o Beato Anchieta:<\/p>\n<p><object width=\"480\" height=\"385\"><param name=\"movie\" value=\"http:\/\/www.youtube.com\/v\/ss9fp0fOb2Q&#038;hl=pt-br&#038;fs=1&#038;rel=0&#038;color1=0xe1600f&#038;color2=0xfebd01\"><\/param><param name=\"allowFullScreen\" value=\"true\"><\/param><param name=\"allowscriptaccess\" value=\"always\"><\/param><embed src=\"http:\/\/www.youtube.com\/v\/ss9fp0fOb2Q&#038;hl=pt-br&#038;fs=1&#038;rel=0&#038;color1=0xe1600f&#038;color2=0xfebd01\" type=\"application\/x-shockwave-flash\" allowscriptaccess=\"always\" allowfullscreen=\"true\" width=\"480\" height=\"385\"><\/embed><\/object><\/p>\n<div id=\"themify_builder_content-3832\" data-postid=\"3832\" class=\"themify_builder_content themify_builder_content-3832 themify_builder themify_builder_front\">\n\t<\/div>\n<!-- \/themify_builder_content -->","protected":false},"excerpt":{"rendered":"<p>Gilda Maria Rocha de Carvalho Como podemos fazer de nossa vida um testemunho vivo da comunh\u00e3o com Cristo? Jos\u00e9 de Anchieta o fez. Jesu\u00edta, ap\u00f3stolo, mission\u00e1rio, Anchieta vai cumprir um papel fundamental na coloniza\u00e7\u00e3o de nosso pa\u00eds, onde viveu por 44 anos, participando ativamente da vida da col\u00f4nia que surgia, evangelizando \u00edndios, cuidando de doentes, [&hellip;]<\/p>\n","protected":false},"author":5,"featured_media":0,"comment_status":"open","ping_status":"open","sticky":false,"template":"","format":"standard","meta":{"ngg_post_thumbnail":0,"footnotes":""},"categories":[9],"tags":[198,790,18,788,498,789],"yoast_head":"<!-- This site is optimized with the Yoast SEO plugin v23.5 - https:\/\/yoast.com\/wordpress\/plugins\/seo\/ -->\n<title>Jos\u00e9 de Anchieta, irm\u00e3o de Jesus Cristo - O Arcanjo no ar<\/title>\n<meta name=\"robots\" content=\"index, follow, max-snippet:-1, max-image-preview:large, max-video-preview:-1\" \/>\n<link rel=\"canonical\" href=\"https:\/\/www.oarcanjo.net\/site\/beato-anchieta\/\" \/>\n<meta property=\"og:locale\" content=\"pt_BR\" \/>\n<meta property=\"og:type\" content=\"article\" \/>\n<meta property=\"og:title\" content=\"Jos\u00e9 de Anchieta, irm\u00e3o de Jesus Cristo - O Arcanjo no ar\" \/>\n<meta property=\"og:description\" content=\"Gilda Maria Rocha de Carvalho Como podemos fazer de nossa vida um testemunho vivo da comunh\u00e3o com Cristo? Jos\u00e9 de Anchieta o fez. Jesu\u00edta, ap\u00f3stolo, mission\u00e1rio, Anchieta vai cumprir um papel fundamental na coloniza\u00e7\u00e3o de nosso pa\u00eds, onde viveu por 44 anos, participando ativamente da vida da col\u00f4nia que surgia, evangelizando \u00edndios, cuidando de doentes, [&hellip;]\" \/>\n<meta property=\"og:url\" content=\"https:\/\/www.oarcanjo.net\/site\/beato-anchieta\/\" \/>\n<meta property=\"og:site_name\" content=\"O Arcanjo no ar\" \/>\n<meta property=\"article:publisher\" content=\"https:\/\/www.facebook.com\/OArcanjoNoAr\/\" \/>\n<meta property=\"article:published_time\" content=\"2009-06-08T09:30:30+00:00\" \/>\n<meta property=\"article:modified_time\" content=\"2009-06-08T11:33:32+00:00\" \/>\n<meta property=\"og:image\" content=\"https:\/\/www.oarcanjo.net\/site\/wp-content\/uploads\/logo-o-arcanjo-no-ar-facebook.png\" \/>\n\t<meta property=\"og:image:width\" content=\"300\" \/>\n\t<meta property=\"og:image:height\" content=\"300\" \/>\n\t<meta property=\"og:image:type\" content=\"image\/png\" \/>\n<meta name=\"author\" content=\"editor\" \/>\n<meta name=\"twitter:card\" content=\"summary_large_image\" \/>\n<meta name=\"twitter:label1\" content=\"Escrito por\" \/>\n\t<meta name=\"twitter:data1\" content=\"editor\" \/>\n\t<meta name=\"twitter:label2\" content=\"Est. tempo de leitura\" \/>\n\t<meta name=\"twitter:data2\" content=\"3 minutos\" \/>\n<script type=\"application\/ld+json\" class=\"yoast-schema-graph\">{\"@context\":\"https:\/\/schema.org\",\"@graph\":[{\"@type\":\"Article\",\"@id\":\"https:\/\/www.oarcanjo.net\/site\/beato-anchieta\/#article\",\"isPartOf\":{\"@id\":\"https:\/\/www.oarcanjo.net\/site\/beato-anchieta\/\"},\"author\":{\"name\":\"editor\",\"@id\":\"https:\/\/www.oarcanjo.net\/site\/#\/schema\/person\/f7024d007863202483a31326673a0838\"},\"headline\":\"Jos\u00e9 de Anchieta, irm\u00e3o de Jesus Cristo\",\"datePublished\":\"2009-06-08T09:30:30+00:00\",\"dateModified\":\"2009-06-08T11:33:32+00:00\",\"mainEntityOfPage\":{\"@id\":\"https:\/\/www.oarcanjo.net\/site\/beato-anchieta\/\"},\"wordCount\":606,\"commentCount\":0,\"publisher\":{\"@id\":\"https:\/\/www.oarcanjo.net\/site\/#organization\"},\"keywords\":[\"ap\u00f3stolo\",\"Companhia de Jesus\",\"evangeliza\u00e7\u00e3o\",\"Jos\u00e9 de Anchieta\",\"miss\u00e3o\",\"mission\u00e1rio\"],\"articleSection\":[\"Reflex\u00f5es\"],\"inLanguage\":\"pt-BR\",\"potentialAction\":[{\"@type\":\"CommentAction\",\"name\":\"Comment\",\"target\":[\"https:\/\/www.oarcanjo.net\/site\/beato-anchieta\/#respond\"]}]},{\"@type\":\"WebPage\",\"@id\":\"https:\/\/www.oarcanjo.net\/site\/beato-anchieta\/\",\"url\":\"https:\/\/www.oarcanjo.net\/site\/beato-anchieta\/\",\"name\":\"Jos\u00e9 de Anchieta, irm\u00e3o de Jesus Cristo - O Arcanjo no ar\",\"isPartOf\":{\"@id\":\"https:\/\/www.oarcanjo.net\/site\/#website\"},\"datePublished\":\"2009-06-08T09:30:30+00:00\",\"dateModified\":\"2009-06-08T11:33:32+00:00\",\"breadcrumb\":{\"@id\":\"https:\/\/www.oarcanjo.net\/site\/beato-anchieta\/#breadcrumb\"},\"inLanguage\":\"pt-BR\",\"potentialAction\":[{\"@type\":\"ReadAction\",\"target\":[\"https:\/\/www.oarcanjo.net\/site\/beato-anchieta\/\"]}]},{\"@type\":\"BreadcrumbList\",\"@id\":\"https:\/\/www.oarcanjo.net\/site\/beato-anchieta\/#breadcrumb\",\"itemListElement\":[{\"@type\":\"ListItem\",\"position\":1,\"name\":\"In\u00edcio\",\"item\":\"https:\/\/www.oarcanjo.net\/site\/\"},{\"@type\":\"ListItem\",\"position\":2,\"name\":\"Jos\u00e9 de Anchieta, irm\u00e3o de Jesus Cristo\"}]},{\"@type\":\"WebSite\",\"@id\":\"https:\/\/www.oarcanjo.net\/site\/#website\",\"url\":\"https:\/\/www.oarcanjo.net\/site\/\",\"name\":\"O Arcanjo no ar\",\"description\":\"Site da Par\u00f3quia S\u00e3o Miguel Arcanjo (Arquidiocese de SP)\",\"publisher\":{\"@id\":\"https:\/\/www.oarcanjo.net\/site\/#organization\"},\"potentialAction\":[{\"@type\":\"SearchAction\",\"target\":{\"@type\":\"EntryPoint\",\"urlTemplate\":\"https:\/\/www.oarcanjo.net\/site\/?s={search_term_string}\"},\"query-input\":{\"@type\":\"PropertyValueSpecification\",\"valueRequired\":true,\"valueName\":\"search_term_string\"}}],\"inLanguage\":\"pt-BR\"},{\"@type\":\"Organization\",\"@id\":\"https:\/\/www.oarcanjo.net\/site\/#organization\",\"name\":\"Par\u00f3quia S\u00e3o Miguel Arcanjo\",\"url\":\"https:\/\/www.oarcanjo.net\/site\/\",\"logo\":{\"@type\":\"ImageObject\",\"inLanguage\":\"pt-BR\",\"@id\":\"https:\/\/www.oarcanjo.net\/site\/#\/schema\/logo\/image\/\",\"url\":\"https:\/\/www.oarcanjo.net\/site\/wp-content\/uploads\/LogoOArcanjo.png\",\"contentUrl\":\"https:\/\/www.oarcanjo.net\/site\/wp-content\/uploads\/LogoOArcanjo.png\",\"width\":319,\"height\":99,\"caption\":\"Par\u00f3quia S\u00e3o Miguel Arcanjo\"},\"image\":{\"@id\":\"https:\/\/www.oarcanjo.net\/site\/#\/schema\/logo\/image\/\"},\"sameAs\":[\"https:\/\/www.facebook.com\/OArcanjoNoAr\/\"]},{\"@type\":\"Person\",\"@id\":\"https:\/\/www.oarcanjo.net\/site\/#\/schema\/person\/f7024d007863202483a31326673a0838\",\"name\":\"editor\",\"sameAs\":[\"http:\/\/www.oarcanjo.net\"]}]}<\/script>\n<!-- \/ Yoast SEO plugin. -->","yoast_head_json":{"title":"Jos\u00e9 de Anchieta, irm\u00e3o de Jesus Cristo - O Arcanjo no ar","robots":{"index":"index","follow":"follow","max-snippet":"max-snippet:-1","max-image-preview":"max-image-preview:large","max-video-preview":"max-video-preview:-1"},"canonical":"https:\/\/www.oarcanjo.net\/site\/beato-anchieta\/","og_locale":"pt_BR","og_type":"article","og_title":"Jos\u00e9 de Anchieta, irm\u00e3o de Jesus Cristo - O Arcanjo no ar","og_description":"Gilda Maria Rocha de Carvalho Como podemos fazer de nossa vida um testemunho vivo da comunh\u00e3o com Cristo? Jos\u00e9 de Anchieta o fez. Jesu\u00edta, ap\u00f3stolo, mission\u00e1rio, Anchieta vai cumprir um papel fundamental na coloniza\u00e7\u00e3o de nosso pa\u00eds, onde viveu por 44 anos, participando ativamente da vida da col\u00f4nia que surgia, evangelizando \u00edndios, cuidando de doentes, [&hellip;]","og_url":"https:\/\/www.oarcanjo.net\/site\/beato-anchieta\/","og_site_name":"O Arcanjo no ar","article_publisher":"https:\/\/www.facebook.com\/OArcanjoNoAr\/","article_published_time":"2009-06-08T09:30:30+00:00","article_modified_time":"2009-06-08T11:33:32+00:00","og_image":[{"width":300,"height":300,"url":"https:\/\/www.oarcanjo.net\/site\/wp-content\/uploads\/logo-o-arcanjo-no-ar-facebook.png","type":"image\/png"}],"author":"editor","twitter_card":"summary_large_image","twitter_misc":{"Escrito por":"editor","Est. tempo de leitura":"3 minutos"},"schema":{"@context":"https:\/\/schema.org","@graph":[{"@type":"Article","@id":"https:\/\/www.oarcanjo.net\/site\/beato-anchieta\/#article","isPartOf":{"@id":"https:\/\/www.oarcanjo.net\/site\/beato-anchieta\/"},"author":{"name":"editor","@id":"https:\/\/www.oarcanjo.net\/site\/#\/schema\/person\/f7024d007863202483a31326673a0838"},"headline":"Jos\u00e9 de Anchieta, irm\u00e3o de Jesus Cristo","datePublished":"2009-06-08T09:30:30+00:00","dateModified":"2009-06-08T11:33:32+00:00","mainEntityOfPage":{"@id":"https:\/\/www.oarcanjo.net\/site\/beato-anchieta\/"},"wordCount":606,"commentCount":0,"publisher":{"@id":"https:\/\/www.oarcanjo.net\/site\/#organization"},"keywords":["ap\u00f3stolo","Companhia de Jesus","evangeliza\u00e7\u00e3o","Jos\u00e9 de Anchieta","miss\u00e3o","mission\u00e1rio"],"articleSection":["Reflex\u00f5es"],"inLanguage":"pt-BR","potentialAction":[{"@type":"CommentAction","name":"Comment","target":["https:\/\/www.oarcanjo.net\/site\/beato-anchieta\/#respond"]}]},{"@type":"WebPage","@id":"https:\/\/www.oarcanjo.net\/site\/beato-anchieta\/","url":"https:\/\/www.oarcanjo.net\/site\/beato-anchieta\/","name":"Jos\u00e9 de Anchieta, irm\u00e3o de Jesus Cristo - O Arcanjo no ar","isPartOf":{"@id":"https:\/\/www.oarcanjo.net\/site\/#website"},"datePublished":"2009-06-08T09:30:30+00:00","dateModified":"2009-06-08T11:33:32+00:00","breadcrumb":{"@id":"https:\/\/www.oarcanjo.net\/site\/beato-anchieta\/#breadcrumb"},"inLanguage":"pt-BR","potentialAction":[{"@type":"ReadAction","target":["https:\/\/www.oarcanjo.net\/site\/beato-anchieta\/"]}]},{"@type":"BreadcrumbList","@id":"https:\/\/www.oarcanjo.net\/site\/beato-anchieta\/#breadcrumb","itemListElement":[{"@type":"ListItem","position":1,"name":"In\u00edcio","item":"https:\/\/www.oarcanjo.net\/site\/"},{"@type":"ListItem","position":2,"name":"Jos\u00e9 de Anchieta, irm\u00e3o de Jesus Cristo"}]},{"@type":"WebSite","@id":"https:\/\/www.oarcanjo.net\/site\/#website","url":"https:\/\/www.oarcanjo.net\/site\/","name":"O Arcanjo no ar","description":"Site da Par\u00f3quia S\u00e3o Miguel Arcanjo (Arquidiocese de SP)","publisher":{"@id":"https:\/\/www.oarcanjo.net\/site\/#organization"},"potentialAction":[{"@type":"SearchAction","target":{"@type":"EntryPoint","urlTemplate":"https:\/\/www.oarcanjo.net\/site\/?s={search_term_string}"},"query-input":{"@type":"PropertyValueSpecification","valueRequired":true,"valueName":"search_term_string"}}],"inLanguage":"pt-BR"},{"@type":"Organization","@id":"https:\/\/www.oarcanjo.net\/site\/#organization","name":"Par\u00f3quia S\u00e3o Miguel Arcanjo","url":"https:\/\/www.oarcanjo.net\/site\/","logo":{"@type":"ImageObject","inLanguage":"pt-BR","@id":"https:\/\/www.oarcanjo.net\/site\/#\/schema\/logo\/image\/","url":"https:\/\/www.oarcanjo.net\/site\/wp-content\/uploads\/LogoOArcanjo.png","contentUrl":"https:\/\/www.oarcanjo.net\/site\/wp-content\/uploads\/LogoOArcanjo.png","width":319,"height":99,"caption":"Par\u00f3quia S\u00e3o Miguel Arcanjo"},"image":{"@id":"https:\/\/www.oarcanjo.net\/site\/#\/schema\/logo\/image\/"},"sameAs":["https:\/\/www.facebook.com\/OArcanjoNoAr\/"]},{"@type":"Person","@id":"https:\/\/www.oarcanjo.net\/site\/#\/schema\/person\/f7024d007863202483a31326673a0838","name":"editor","sameAs":["http:\/\/www.oarcanjo.net"]}]}},"publishpress_future_action":{"enabled":false,"date":"2026-05-09 01:12:01","action":"category","newStatus":"draft","terms":[],"taxonomy":"category"},"publishpress_future_workflow_manual_trigger":{"enabledWorkflows":[]},"_links":{"self":[{"href":"https:\/\/www.oarcanjo.net\/site\/wp-json\/wp\/v2\/posts\/3832"}],"collection":[{"href":"https:\/\/www.oarcanjo.net\/site\/wp-json\/wp\/v2\/posts"}],"about":[{"href":"https:\/\/www.oarcanjo.net\/site\/wp-json\/wp\/v2\/types\/post"}],"author":[{"embeddable":true,"href":"https:\/\/www.oarcanjo.net\/site\/wp-json\/wp\/v2\/users\/5"}],"replies":[{"embeddable":true,"href":"https:\/\/www.oarcanjo.net\/site\/wp-json\/wp\/v2\/comments?post=3832"}],"version-history":[{"count":0,"href":"https:\/\/www.oarcanjo.net\/site\/wp-json\/wp\/v2\/posts\/3832\/revisions"}],"wp:attachment":[{"href":"https:\/\/www.oarcanjo.net\/site\/wp-json\/wp\/v2\/media?parent=3832"}],"wp:term":[{"taxonomy":"category","embeddable":true,"href":"https:\/\/www.oarcanjo.net\/site\/wp-json\/wp\/v2\/categories?post=3832"},{"taxonomy":"post_tag","embeddable":true,"href":"https:\/\/www.oarcanjo.net\/site\/wp-json\/wp\/v2\/tags?post=3832"}],"curies":[{"name":"wp","href":"https:\/\/api.w.org\/{rel}","templated":true}]}}