
{"id":3844,"date":"2009-06-07T02:36:48","date_gmt":"2009-06-07T05:36:48","guid":{"rendered":"http:\/\/www.oarcanjo.net\/site\/?p=3844"},"modified":"2009-06-07T02:36:48","modified_gmt":"2009-06-07T05:36:48","slug":"a-morte-nao-manda-aviso-previo","status":"publish","type":"post","link":"https:\/\/www.oarcanjo.net\/site\/a-morte-nao-manda-aviso-previo\/","title":{"rendered":"A morte n\u00e3o manda aviso pr\u00e9vio"},"content":{"rendered":"<p>Frei Betto<\/p>\n<p>Aqui na Fran\u00e7a  \u00e9 geral a consterna\u00e7\u00e3o pela morte dos 228 passageiros e tripulantes do voo 447  da Air France na segunda, 1 de junho. A aeronave desapareceu sobre o oceano  Atl\u00e2ntico na rota Rio-Paris.<\/p>\n<p>O presidente Sarkozy  interrompeu o descanso prolongado (na segunda, a Fran\u00e7a fez feriado religioso)  e, em companhia de tr\u00eas ministros, compareceu ao aeroporto Charles de Gaulle  para consolar os familiares das v\u00edtimas. No Brasil, o presidente Lula  encarregou seu vice, Jos\u00e9 Alencar, de fazer o mesmo.<\/p>\n<p>H\u00e1 pouco, perdi um conhecido, Roger Wright, no acidente a\u00e9reo no sul da Bahia, pr\u00f3ximo a Trancoso. Com ele  faleceram mais 13 pessoas, entre as quais filhos e netos de seus dois casamentos (a primeira mulher tamb\u00e9m morreu em desastre de avi\u00e3o). Tr\u00eas  gera\u00e7\u00f5es de uma \u00fanica fam\u00edlia tiveram suas vidas precoce e tragicamente ceifadas.<\/p>\n<p>A vida \u00e9 um jogo de sobreviv\u00eancia. Entre milh\u00f5es de espermatoz\u00f3ides em busca do aconchego do  \u00f3vulo, um o consegue. Este um \u00e9 voc\u00ea, sou eu, e todos os bilh\u00f5es de habitantes  deste planeta. Todos n\u00f3s sorteados pela loteria biol\u00f3gica. Nenhum escolheu a  fam\u00edlia e a classe social em que nasceu. O que n\u00e3o deveria representar  privil\u00e9gio para os que est\u00e3o livres da mis\u00e9ria e da pobreza, e sim d\u00edvida social.<\/p>\n<p>O fr\u00e1gil milagre da exist\u00eancia exige duas condi\u00e7\u00f5es b\u00e1sicas, cada vez mais prec\u00e1rias: oxig\u00eanio  e nutri\u00e7\u00e3o. Ora, sabemos todos que, por culpa da ambi\u00e7\u00e3o de lucro e falta de consci\u00eancia de sustentabilidade, contaminamos o ar que respiramos.<\/p>\n<p>Em S\u00e3o Paulo, onde moro, sobretudo crian\u00e7as e idosos sofrem com a forte polui\u00e7\u00e3o. O elevado \u00edndice de desenvolvimento da mais industrializada cidade do pa\u00eds exige, em  contrapartida, um pre\u00e7o igualmente alto de seus moradores, obrigados a absorverem poluentes que ferem os olhos, contaminam os pulm\u00f5es, provocam  alergias. Seis milh\u00f5es de ve\u00edculos que rodam pela capital paulista exalam o  g\u00e1s carb\u00f4nico que tornam o ar quase irrespir\u00e1vel.  <\/p>\n<p>Assegurar ao organismo alimentos em  quantidade e qualidade suficientes significa obter trabalho e renda capazes de  garantir vida digna e saud\u00e1vel a cada fam\u00edlia. No Brasil, ainda estamos longe  do patamar de Cuba, onde todos os 11 milh\u00f5es de habitantes t\u00eam direito a uma cesta b\u00e1sica, al\u00e9m de acesso gratuito \u00e0 educa\u00e7\u00e3o e sa\u00fade.  <\/p>\n<p>Hoje, com a crise do capitalismo  neoliberal, vemos o desemprego amea\u00e7ar a sobreviv\u00eancia de milh\u00f5es. Como ningu\u00e9m suporta passar fome e viver ao desabrigo, \u00e9 inevit\u00e1vel o aumento da  viol\u00eancia urbana.<\/p>\n<p>Todos sabemos que o ser humano  se defronta com suas limita\u00e7\u00f5es intranspon\u00edveis: defeito de fabrica\u00e7\u00e3o e prazo  de validade. \u00c9 o que a B\u00edblia chama de pecado original. Haveremos de morrer,  ainda que sejam longos nossos anos de vida. S\u00f3 n\u00e3o sabemos como e quando. Por isso, buscamos imprimir um sentido \u00e0 nossa breve exist\u00eancia, atrav\u00e9s da  religi\u00e3o, da arte, da profiss\u00e3o e, sobretudo, do amor (a  fam\u00edlia).<\/p>\n<p>Uns procuram o que todos buscamos \u2013 a felicidade \u2013 na via equivocada da posse dos bens finitos. Passam a exist\u00eancia a adquirir e preservar bens sup\u00e9rfluos que tanto  poderiam ser \u00fateis \u00e0queles que foram injustamente privados de acesso a uma  vida digna \u2013 os pobres. Outros fazem de sua trajet\u00f3ria existencial um ac\u00famulo de bens infinitos, como amizade, solidariedade e  partilha.<\/p>\n<p>Sabemos todos que  a felicidade n\u00e3o consiste na soma dos prazeres, como tenta nos incutir a  publicidade dessa sociedade consumista. Mas como \u00e9 dif\u00edcil cultivar o  exerc\u00edcio das virtudes, o rigor \u00e9tico, a ecobiologia interior que nos livra do  apego, da l\u00edngua \u00e1cida, da inveja, do ressentimento, e preenchem-nos o cora\u00e7\u00e3o  e a mente de espiritualidade, altru\u00edsmo, sabedoria e fome de justi\u00e7a!  <\/p>\n<p>Como dizia Jesus, a respeito de nossa  morte n\u00e3o sabemos nem o dia nem a hora. E nem o modo. Certamente n\u00e3o teremos a  sorte de Francisca, personagem do conto de Jorge Onelio Cardoso (1914-1986),  \u201cFrancisca e a morte\u201d.<\/p>\n<p>A morte, ciosa de seus  deveres, foi cedo em busca de Francisca na regi\u00e3o em que ela morava.  Procurou-a em casa, na ro\u00e7a, nos vizinhos. Aonde chegava, Francisca havia  sa\u00eddo pouco antes, sempre dedicada a cuidar dos outros. Vendo que as horas  passavam e o \u00faltimo trem da tarde estava prestes a sair, a morte desistiu de  encontrar Francisca e lev\u00e1-la consigo.<\/p>\n<p>Pouco depois, um velho  conhecido passou a cavalo e viu Francisca cuidando do jardim da escola.  Saudou-a: \u201cEnt\u00e3o, Francisca, voc\u00ea n\u00e3o morre nunca?\u201d \u201cNunca\u201d, retrucou ela,  \u201csempre h\u00e1 algo a fazer\u201d.<\/p>\n<div id=\"themify_builder_content-3844\" data-postid=\"3844\" class=\"themify_builder_content themify_builder_content-3844 themify_builder themify_builder_front\">\n\t<\/div>\n<!-- \/themify_builder_content -->","protected":false},"excerpt":{"rendered":"<p>Frei Betto Aqui na Fran\u00e7a \u00e9 geral a consterna\u00e7\u00e3o pela morte dos 228 passageiros e tripulantes do voo 447 da Air France na segunda, 1 de junho. A aeronave desapareceu sobre o oceano Atl\u00e2ntico na rota Rio-Paris. O presidente Sarkozy interrompeu o descanso prolongado (na segunda, a Fran\u00e7a fez feriado religioso) e, em companhia de [&hellip;]<\/p>\n","protected":false},"author":5,"featured_media":0,"comment_status":"open","ping_status":"open","sticky":false,"template":"","format":"standard","meta":{"ngg_post_thumbnail":0,"footnotes":""},"categories":[9],"tags":[793,791,796,66,797,794],"yoast_head":"<!-- This site is optimized with the Yoast SEO plugin v23.5 - https:\/\/yoast.com\/wordpress\/plugins\/seo\/ -->\n<title>A morte n\u00e3o manda aviso pr\u00e9vio - O Arcanjo no ar<\/title>\n<meta name=\"robots\" content=\"index, follow, max-snippet:-1, max-image-preview:large, max-video-preview:-1\" \/>\n<link rel=\"canonical\" href=\"https:\/\/www.oarcanjo.net\/site\/a-morte-nao-manda-aviso-previo\/\" \/>\n<meta property=\"og:locale\" content=\"pt_BR\" \/>\n<meta property=\"og:type\" content=\"article\" \/>\n<meta property=\"og:title\" content=\"A morte n\u00e3o manda aviso pr\u00e9vio - O Arcanjo no ar\" \/>\n<meta property=\"og:description\" content=\"Frei Betto Aqui na Fran\u00e7a \u00e9 geral a consterna\u00e7\u00e3o pela morte dos 228 passageiros e tripulantes do voo 447 da Air France na segunda, 1 de junho. A aeronave desapareceu sobre o oceano Atl\u00e2ntico na rota Rio-Paris. O presidente Sarkozy interrompeu o descanso prolongado (na segunda, a Fran\u00e7a fez feriado religioso) e, em companhia de [&hellip;]\" \/>\n<meta property=\"og:url\" content=\"https:\/\/www.oarcanjo.net\/site\/a-morte-nao-manda-aviso-previo\/\" \/>\n<meta property=\"og:site_name\" content=\"O Arcanjo no ar\" \/>\n<meta property=\"article:publisher\" content=\"https:\/\/www.facebook.com\/OArcanjoNoAr\/\" \/>\n<meta property=\"article:published_time\" content=\"2009-06-07T05:36:48+00:00\" \/>\n<meta property=\"og:image\" content=\"https:\/\/www.oarcanjo.net\/site\/wp-content\/uploads\/logo-o-arcanjo-no-ar-facebook.png\" \/>\n\t<meta property=\"og:image:width\" content=\"300\" \/>\n\t<meta property=\"og:image:height\" content=\"300\" \/>\n\t<meta property=\"og:image:type\" content=\"image\/png\" \/>\n<meta name=\"author\" content=\"editor\" \/>\n<meta name=\"twitter:card\" content=\"summary_large_image\" \/>\n<meta name=\"twitter:label1\" content=\"Escrito por\" \/>\n\t<meta name=\"twitter:data1\" content=\"editor\" \/>\n\t<meta name=\"twitter:label2\" content=\"Est. tempo de leitura\" \/>\n\t<meta name=\"twitter:data2\" content=\"4 minutos\" \/>\n<script type=\"application\/ld+json\" class=\"yoast-schema-graph\">{\"@context\":\"https:\/\/schema.org\",\"@graph\":[{\"@type\":\"Article\",\"@id\":\"https:\/\/www.oarcanjo.net\/site\/a-morte-nao-manda-aviso-previo\/#article\",\"isPartOf\":{\"@id\":\"https:\/\/www.oarcanjo.net\/site\/a-morte-nao-manda-aviso-previo\/\"},\"author\":{\"name\":\"editor\",\"@id\":\"https:\/\/www.oarcanjo.net\/site\/#\/schema\/person\/f7024d007863202483a31326673a0838\"},\"headline\":\"A morte n\u00e3o manda aviso pr\u00e9vio\",\"datePublished\":\"2009-06-07T05:36:48+00:00\",\"dateModified\":\"2009-06-07T05:36:48+00:00\",\"mainEntityOfPage\":{\"@id\":\"https:\/\/www.oarcanjo.net\/site\/a-morte-nao-manda-aviso-previo\/\"},\"wordCount\":802,\"commentCount\":0,\"publisher\":{\"@id\":\"https:\/\/www.oarcanjo.net\/site\/#organization\"},\"keywords\":[\"acidente a\u00e9reo\",\"Air France\",\"Airbus\",\"morte\",\"Sarkozy\",\"Voo 447\"],\"articleSection\":[\"Reflex\u00f5es\"],\"inLanguage\":\"pt-BR\",\"potentialAction\":[{\"@type\":\"CommentAction\",\"name\":\"Comment\",\"target\":[\"https:\/\/www.oarcanjo.net\/site\/a-morte-nao-manda-aviso-previo\/#respond\"]}]},{\"@type\":\"WebPage\",\"@id\":\"https:\/\/www.oarcanjo.net\/site\/a-morte-nao-manda-aviso-previo\/\",\"url\":\"https:\/\/www.oarcanjo.net\/site\/a-morte-nao-manda-aviso-previo\/\",\"name\":\"A morte n\u00e3o manda aviso pr\u00e9vio - O Arcanjo no ar\",\"isPartOf\":{\"@id\":\"https:\/\/www.oarcanjo.net\/site\/#website\"},\"datePublished\":\"2009-06-07T05:36:48+00:00\",\"dateModified\":\"2009-06-07T05:36:48+00:00\",\"breadcrumb\":{\"@id\":\"https:\/\/www.oarcanjo.net\/site\/a-morte-nao-manda-aviso-previo\/#breadcrumb\"},\"inLanguage\":\"pt-BR\",\"potentialAction\":[{\"@type\":\"ReadAction\",\"target\":[\"https:\/\/www.oarcanjo.net\/site\/a-morte-nao-manda-aviso-previo\/\"]}]},{\"@type\":\"BreadcrumbList\",\"@id\":\"https:\/\/www.oarcanjo.net\/site\/a-morte-nao-manda-aviso-previo\/#breadcrumb\",\"itemListElement\":[{\"@type\":\"ListItem\",\"position\":1,\"name\":\"In\u00edcio\",\"item\":\"https:\/\/www.oarcanjo.net\/site\/\"},{\"@type\":\"ListItem\",\"position\":2,\"name\":\"A morte n\u00e3o manda aviso pr\u00e9vio\"}]},{\"@type\":\"WebSite\",\"@id\":\"https:\/\/www.oarcanjo.net\/site\/#website\",\"url\":\"https:\/\/www.oarcanjo.net\/site\/\",\"name\":\"O Arcanjo no ar\",\"description\":\"Site da Par\u00f3quia S\u00e3o Miguel Arcanjo (Arquidiocese de SP)\",\"publisher\":{\"@id\":\"https:\/\/www.oarcanjo.net\/site\/#organization\"},\"potentialAction\":[{\"@type\":\"SearchAction\",\"target\":{\"@type\":\"EntryPoint\",\"urlTemplate\":\"https:\/\/www.oarcanjo.net\/site\/?s={search_term_string}\"},\"query-input\":{\"@type\":\"PropertyValueSpecification\",\"valueRequired\":true,\"valueName\":\"search_term_string\"}}],\"inLanguage\":\"pt-BR\"},{\"@type\":\"Organization\",\"@id\":\"https:\/\/www.oarcanjo.net\/site\/#organization\",\"name\":\"Par\u00f3quia S\u00e3o Miguel Arcanjo\",\"url\":\"https:\/\/www.oarcanjo.net\/site\/\",\"logo\":{\"@type\":\"ImageObject\",\"inLanguage\":\"pt-BR\",\"@id\":\"https:\/\/www.oarcanjo.net\/site\/#\/schema\/logo\/image\/\",\"url\":\"https:\/\/www.oarcanjo.net\/site\/wp-content\/uploads\/LogoOArcanjo.png\",\"contentUrl\":\"https:\/\/www.oarcanjo.net\/site\/wp-content\/uploads\/LogoOArcanjo.png\",\"width\":319,\"height\":99,\"caption\":\"Par\u00f3quia S\u00e3o Miguel Arcanjo\"},\"image\":{\"@id\":\"https:\/\/www.oarcanjo.net\/site\/#\/schema\/logo\/image\/\"},\"sameAs\":[\"https:\/\/www.facebook.com\/OArcanjoNoAr\/\"]},{\"@type\":\"Person\",\"@id\":\"https:\/\/www.oarcanjo.net\/site\/#\/schema\/person\/f7024d007863202483a31326673a0838\",\"name\":\"editor\",\"sameAs\":[\"http:\/\/www.oarcanjo.net\"]}]}<\/script>\n<!-- \/ Yoast SEO plugin. -->","yoast_head_json":{"title":"A morte n\u00e3o manda aviso pr\u00e9vio - O Arcanjo no ar","robots":{"index":"index","follow":"follow","max-snippet":"max-snippet:-1","max-image-preview":"max-image-preview:large","max-video-preview":"max-video-preview:-1"},"canonical":"https:\/\/www.oarcanjo.net\/site\/a-morte-nao-manda-aviso-previo\/","og_locale":"pt_BR","og_type":"article","og_title":"A morte n\u00e3o manda aviso pr\u00e9vio - O Arcanjo no ar","og_description":"Frei Betto Aqui na Fran\u00e7a \u00e9 geral a consterna\u00e7\u00e3o pela morte dos 228 passageiros e tripulantes do voo 447 da Air France na segunda, 1 de junho. A aeronave desapareceu sobre o oceano Atl\u00e2ntico na rota Rio-Paris. O presidente Sarkozy interrompeu o descanso prolongado (na segunda, a Fran\u00e7a fez feriado religioso) e, em companhia de [&hellip;]","og_url":"https:\/\/www.oarcanjo.net\/site\/a-morte-nao-manda-aviso-previo\/","og_site_name":"O Arcanjo no ar","article_publisher":"https:\/\/www.facebook.com\/OArcanjoNoAr\/","article_published_time":"2009-06-07T05:36:48+00:00","og_image":[{"width":300,"height":300,"url":"https:\/\/www.oarcanjo.net\/site\/wp-content\/uploads\/logo-o-arcanjo-no-ar-facebook.png","type":"image\/png"}],"author":"editor","twitter_card":"summary_large_image","twitter_misc":{"Escrito por":"editor","Est. tempo de leitura":"4 minutos"},"schema":{"@context":"https:\/\/schema.org","@graph":[{"@type":"Article","@id":"https:\/\/www.oarcanjo.net\/site\/a-morte-nao-manda-aviso-previo\/#article","isPartOf":{"@id":"https:\/\/www.oarcanjo.net\/site\/a-morte-nao-manda-aviso-previo\/"},"author":{"name":"editor","@id":"https:\/\/www.oarcanjo.net\/site\/#\/schema\/person\/f7024d007863202483a31326673a0838"},"headline":"A morte n\u00e3o manda aviso pr\u00e9vio","datePublished":"2009-06-07T05:36:48+00:00","dateModified":"2009-06-07T05:36:48+00:00","mainEntityOfPage":{"@id":"https:\/\/www.oarcanjo.net\/site\/a-morte-nao-manda-aviso-previo\/"},"wordCount":802,"commentCount":0,"publisher":{"@id":"https:\/\/www.oarcanjo.net\/site\/#organization"},"keywords":["acidente a\u00e9reo","Air France","Airbus","morte","Sarkozy","Voo 447"],"articleSection":["Reflex\u00f5es"],"inLanguage":"pt-BR","potentialAction":[{"@type":"CommentAction","name":"Comment","target":["https:\/\/www.oarcanjo.net\/site\/a-morte-nao-manda-aviso-previo\/#respond"]}]},{"@type":"WebPage","@id":"https:\/\/www.oarcanjo.net\/site\/a-morte-nao-manda-aviso-previo\/","url":"https:\/\/www.oarcanjo.net\/site\/a-morte-nao-manda-aviso-previo\/","name":"A morte n\u00e3o manda aviso pr\u00e9vio - O Arcanjo no ar","isPartOf":{"@id":"https:\/\/www.oarcanjo.net\/site\/#website"},"datePublished":"2009-06-07T05:36:48+00:00","dateModified":"2009-06-07T05:36:48+00:00","breadcrumb":{"@id":"https:\/\/www.oarcanjo.net\/site\/a-morte-nao-manda-aviso-previo\/#breadcrumb"},"inLanguage":"pt-BR","potentialAction":[{"@type":"ReadAction","target":["https:\/\/www.oarcanjo.net\/site\/a-morte-nao-manda-aviso-previo\/"]}]},{"@type":"BreadcrumbList","@id":"https:\/\/www.oarcanjo.net\/site\/a-morte-nao-manda-aviso-previo\/#breadcrumb","itemListElement":[{"@type":"ListItem","position":1,"name":"In\u00edcio","item":"https:\/\/www.oarcanjo.net\/site\/"},{"@type":"ListItem","position":2,"name":"A morte n\u00e3o manda aviso pr\u00e9vio"}]},{"@type":"WebSite","@id":"https:\/\/www.oarcanjo.net\/site\/#website","url":"https:\/\/www.oarcanjo.net\/site\/","name":"O Arcanjo no ar","description":"Site da Par\u00f3quia S\u00e3o Miguel Arcanjo (Arquidiocese de SP)","publisher":{"@id":"https:\/\/www.oarcanjo.net\/site\/#organization"},"potentialAction":[{"@type":"SearchAction","target":{"@type":"EntryPoint","urlTemplate":"https:\/\/www.oarcanjo.net\/site\/?s={search_term_string}"},"query-input":{"@type":"PropertyValueSpecification","valueRequired":true,"valueName":"search_term_string"}}],"inLanguage":"pt-BR"},{"@type":"Organization","@id":"https:\/\/www.oarcanjo.net\/site\/#organization","name":"Par\u00f3quia S\u00e3o Miguel Arcanjo","url":"https:\/\/www.oarcanjo.net\/site\/","logo":{"@type":"ImageObject","inLanguage":"pt-BR","@id":"https:\/\/www.oarcanjo.net\/site\/#\/schema\/logo\/image\/","url":"https:\/\/www.oarcanjo.net\/site\/wp-content\/uploads\/LogoOArcanjo.png","contentUrl":"https:\/\/www.oarcanjo.net\/site\/wp-content\/uploads\/LogoOArcanjo.png","width":319,"height":99,"caption":"Par\u00f3quia S\u00e3o Miguel Arcanjo"},"image":{"@id":"https:\/\/www.oarcanjo.net\/site\/#\/schema\/logo\/image\/"},"sameAs":["https:\/\/www.facebook.com\/OArcanjoNoAr\/"]},{"@type":"Person","@id":"https:\/\/www.oarcanjo.net\/site\/#\/schema\/person\/f7024d007863202483a31326673a0838","name":"editor","sameAs":["http:\/\/www.oarcanjo.net"]}]}},"publishpress_future_action":{"enabled":false,"date":"2026-05-09 03:59:15","action":"category","newStatus":"draft","terms":[],"taxonomy":"category"},"publishpress_future_workflow_manual_trigger":{"enabledWorkflows":[]},"_links":{"self":[{"href":"https:\/\/www.oarcanjo.net\/site\/wp-json\/wp\/v2\/posts\/3844"}],"collection":[{"href":"https:\/\/www.oarcanjo.net\/site\/wp-json\/wp\/v2\/posts"}],"about":[{"href":"https:\/\/www.oarcanjo.net\/site\/wp-json\/wp\/v2\/types\/post"}],"author":[{"embeddable":true,"href":"https:\/\/www.oarcanjo.net\/site\/wp-json\/wp\/v2\/users\/5"}],"replies":[{"embeddable":true,"href":"https:\/\/www.oarcanjo.net\/site\/wp-json\/wp\/v2\/comments?post=3844"}],"version-history":[{"count":0,"href":"https:\/\/www.oarcanjo.net\/site\/wp-json\/wp\/v2\/posts\/3844\/revisions"}],"wp:attachment":[{"href":"https:\/\/www.oarcanjo.net\/site\/wp-json\/wp\/v2\/media?parent=3844"}],"wp:term":[{"taxonomy":"category","embeddable":true,"href":"https:\/\/www.oarcanjo.net\/site\/wp-json\/wp\/v2\/categories?post=3844"},{"taxonomy":"post_tag","embeddable":true,"href":"https:\/\/www.oarcanjo.net\/site\/wp-json\/wp\/v2\/tags?post=3844"}],"curies":[{"name":"wp","href":"https:\/\/api.w.org\/{rel}","templated":true}]}}