
{"id":3855,"date":"2009-06-08T08:36:38","date_gmt":"2009-06-08T11:36:38","guid":{"rendered":"http:\/\/www.oarcanjo.net\/site\/?p=3855"},"modified":"2009-06-08T08:36:38","modified_gmt":"2009-06-08T11:36:38","slug":"deus-no-meio-do-fogo","status":"publish","type":"post","link":"https:\/\/www.oarcanjo.net\/site\/deus-no-meio-do-fogo\/","title":{"rendered":"Deus no meio do fogo"},"content":{"rendered":"<p>Dom Jos\u00e9 Alberto Moura <\/p>\n<p>Mois\u00e9s apresenta ao povo o fato por ele presenciado. Deus lhe fala do meio do fogo (Cf. Dt 4, 33). Na \u00e9poca se tinha como verdade a morte de quem visse diretamente a Deus. O pr\u00f3prio Mois\u00e9s viu e continuou vivendo!<\/p>\n<p>Jesus veio apresentar um Deus profundamente humano. Ao contr\u00e1rio da morte, veio trazer vida justamente a quem precisa ver Deus. A pior da morte \u00e9 a de quem n\u00e3o v\u00ea Deus no semelhante. Enxergar quase s\u00f3 os falsos deuses no fogo das paix\u00f5es, das injusti\u00e7as e do mal causado \u00e0 sociedade e \u00e0 natureza&#8230; ver somente os pr\u00f3prios interesses e ficar cego para tantas necessidades do semelhante&#8230; n\u00e3o assumir os compromissos familiares com a conviv\u00eancia de verdadeiro amor&#8230; manifestar f\u00e9 sem se preocupar com o bem da comunidade e da Igreja&#8230; s\u00f3 pensar em si em detrimento do bem comum&#8230; tudo isso \u00e9 morte para o encontro com Deus&#8230;<\/p>\n<p>Deus tem um plano de amor para a humanidade. Abrir-se a Ele \u00e9 enxergar o sentido da vida para se fazer dela a constru\u00e7\u00e3o de um conv\u00edvio com m\u00fatua ajuda, entendimento ecum\u00eanico, uni\u00e3o de esfor\u00e7os pela promo\u00e7\u00e3o de pol\u00edticas p\u00fablicas inclusivas dos mais necessitados, doa\u00e7\u00e3o de si para o servi\u00e7o aos que vivem a merc\u00ea de esmolas e s\u00e3o desprezados. Os talentos que cada um recebe n\u00e3o s\u00e3o para o entesouramento pessoal. At\u00e9 os estudos t\u00eam uma hipoteca social e realizam as pessoas que os utilizam com ideal de servir.<\/p>\n<p>O fogo de Deus nos faz perceber sua presen\u00e7a. Ele nos quer ver assumindo a grande miss\u00e3o, como a de Mois\u00e9s, para somarmos for\u00e7as e ajudarmos a comunidade a se libertar de tantas mazelas sociais e encontrar o caminho que leve \u00e0 vida de justi\u00e7a e amor. \u00c9 preciso abrir os olhos da f\u00e9 e da boa vontade, superando a cegueira do ego\u00edsmo ou fechamento nos pr\u00f3prios projetos finalizados em n\u00f3s mesmos. S\u00e3o Paulo nos lembra a necessidade de superarmos nossas escravid\u00f5es: &#8220;De fato, v\u00f3s n\u00e3o recebestes um esp\u00edrito de escravos, para recairdes no medo, mas recebestes um esp\u00edrito de filhos adotivos, no qual todos n\u00f3s clamamos: Ab\u00e1, \u00f3 Pai!&#8221; (Rm 8, 15). <\/p>\n<p>Quando vemos o fogo do amor de Deus, assumimos nossa miss\u00e3o de pessoas \u00e9ticas, comprometidas com a verdade e o bem. Assumimos o compromisso do batismo para sermos verdadeiros ap\u00f3stolos da liberta\u00e7\u00e3o de tudo o que escraviza as pessoas ao \u00f3dio, v\u00edcio e todas as paix\u00f5es. Aceitamos o envio de Cristo: &#8220;Ide e fazei disc\u00edpulos meus todos os povos&#8230; e ensinando-os a observar tudo o que vos ordenei!&#8221; (MT 28, 19.20).<\/p>\n<p>O Documento de Aparecida, dos bispos da Am\u00e9rica Latina e do Caribe, nos lembra a grande caminhada de disc\u00edpulos mission\u00e1rios para promovermos a vida de realiza\u00e7\u00e3o de todos, conforme o desejo do Filho de Deus: &#8220;Para que todos tenham vida abundante!&#8221; (Jo 10, 10).<\/p>\n<p>O fogo do amor de Deus n\u00e3o nos deixa inertes. Ao contr\u00e1rio, faz-nos desenvolver nossas capacidades para servirmos o bem comum. O fechamento em nosso egocentrismo nos faz queimar em nossos pr\u00f3prios desejos. Se os fizermos sublimar para servir a comunidade, conseguimos nossa realiza\u00e7\u00e3o plena.<\/p>\n<div id=\"themify_builder_content-3855\" data-postid=\"3855\" class=\"themify_builder_content themify_builder_content-3855 themify_builder themify_builder_front\">\n\t<\/div>\n<!-- \/themify_builder_content -->","protected":false},"excerpt":{"rendered":"<p>Dom Jos\u00e9 Alberto Moura Mois\u00e9s apresenta ao povo o fato por ele presenciado. Deus lhe fala do meio do fogo (Cf. Dt 4, 33). Na \u00e9poca se tinha como verdade a morte de quem visse diretamente a Deus. O pr\u00f3prio Mois\u00e9s viu e continuou vivendo! Jesus veio apresentar um Deus profundamente humano. Ao contr\u00e1rio da [&hellip;]<\/p>\n","protected":false},"author":5,"featured_media":0,"comment_status":"open","ping_status":"open","sticky":false,"template":"","format":"standard","meta":{"ngg_post_thumbnail":0,"footnotes":""},"categories":[9],"tags":[234,800,798,430,799],"yoast_head":"<!-- This site is optimized with the Yoast SEO plugin v23.5 - https:\/\/yoast.com\/wordpress\/plugins\/seo\/ -->\n<title>Deus no meio do fogo - O Arcanjo no ar<\/title>\n<meta name=\"robots\" content=\"index, follow, max-snippet:-1, max-image-preview:large, max-video-preview:-1\" \/>\n<link rel=\"canonical\" href=\"https:\/\/www.oarcanjo.net\/site\/deus-no-meio-do-fogo\/\" \/>\n<meta property=\"og:locale\" content=\"pt_BR\" \/>\n<meta property=\"og:type\" content=\"article\" \/>\n<meta property=\"og:title\" content=\"Deus no meio do fogo - O Arcanjo no ar\" \/>\n<meta property=\"og:description\" content=\"Dom Jos\u00e9 Alberto Moura Mois\u00e9s apresenta ao povo o fato por ele presenciado. Deus lhe fala do meio do fogo (Cf. Dt 4, 33). Na \u00e9poca se tinha como verdade a morte de quem visse diretamente a Deus. O pr\u00f3prio Mois\u00e9s viu e continuou vivendo! Jesus veio apresentar um Deus profundamente humano. Ao contr\u00e1rio da [&hellip;]\" \/>\n<meta property=\"og:url\" content=\"https:\/\/www.oarcanjo.net\/site\/deus-no-meio-do-fogo\/\" \/>\n<meta property=\"og:site_name\" content=\"O Arcanjo no ar\" \/>\n<meta property=\"article:publisher\" content=\"https:\/\/www.facebook.com\/OArcanjoNoAr\/\" \/>\n<meta property=\"article:published_time\" content=\"2009-06-08T11:36:38+00:00\" \/>\n<meta property=\"og:image\" content=\"https:\/\/www.oarcanjo.net\/site\/wp-content\/uploads\/logo-o-arcanjo-no-ar-facebook.png\" \/>\n\t<meta property=\"og:image:width\" content=\"300\" \/>\n\t<meta property=\"og:image:height\" content=\"300\" \/>\n\t<meta property=\"og:image:type\" content=\"image\/png\" \/>\n<meta name=\"author\" content=\"editor\" \/>\n<meta name=\"twitter:card\" content=\"summary_large_image\" \/>\n<meta name=\"twitter:label1\" content=\"Escrito por\" \/>\n\t<meta name=\"twitter:data1\" content=\"editor\" \/>\n\t<meta name=\"twitter:label2\" content=\"Est. tempo de leitura\" \/>\n\t<meta name=\"twitter:data2\" content=\"3 minutos\" \/>\n<script type=\"application\/ld+json\" class=\"yoast-schema-graph\">{\"@context\":\"https:\/\/schema.org\",\"@graph\":[{\"@type\":\"Article\",\"@id\":\"https:\/\/www.oarcanjo.net\/site\/deus-no-meio-do-fogo\/#article\",\"isPartOf\":{\"@id\":\"https:\/\/www.oarcanjo.net\/site\/deus-no-meio-do-fogo\/\"},\"author\":{\"name\":\"editor\",\"@id\":\"https:\/\/www.oarcanjo.net\/site\/#\/schema\/person\/f7024d007863202483a31326673a0838\"},\"headline\":\"Deus no meio do fogo\",\"datePublished\":\"2009-06-08T11:36:38+00:00\",\"dateModified\":\"2009-06-08T11:36:38+00:00\",\"mainEntityOfPage\":{\"@id\":\"https:\/\/www.oarcanjo.net\/site\/deus-no-meio-do-fogo\/\"},\"wordCount\":560,\"commentCount\":0,\"publisher\":{\"@id\":\"https:\/\/www.oarcanjo.net\/site\/#organization\"},\"keywords\":[\"CELAM\",\"Documento de Aparecida\",\"fun\u00e7\u00e3o social\",\"Mois\u00e9s\",\"servi\u00e7o\"],\"articleSection\":[\"Reflex\u00f5es\"],\"inLanguage\":\"pt-BR\",\"potentialAction\":[{\"@type\":\"CommentAction\",\"name\":\"Comment\",\"target\":[\"https:\/\/www.oarcanjo.net\/site\/deus-no-meio-do-fogo\/#respond\"]}]},{\"@type\":\"WebPage\",\"@id\":\"https:\/\/www.oarcanjo.net\/site\/deus-no-meio-do-fogo\/\",\"url\":\"https:\/\/www.oarcanjo.net\/site\/deus-no-meio-do-fogo\/\",\"name\":\"Deus no meio do fogo - O Arcanjo no ar\",\"isPartOf\":{\"@id\":\"https:\/\/www.oarcanjo.net\/site\/#website\"},\"datePublished\":\"2009-06-08T11:36:38+00:00\",\"dateModified\":\"2009-06-08T11:36:38+00:00\",\"breadcrumb\":{\"@id\":\"https:\/\/www.oarcanjo.net\/site\/deus-no-meio-do-fogo\/#breadcrumb\"},\"inLanguage\":\"pt-BR\",\"potentialAction\":[{\"@type\":\"ReadAction\",\"target\":[\"https:\/\/www.oarcanjo.net\/site\/deus-no-meio-do-fogo\/\"]}]},{\"@type\":\"BreadcrumbList\",\"@id\":\"https:\/\/www.oarcanjo.net\/site\/deus-no-meio-do-fogo\/#breadcrumb\",\"itemListElement\":[{\"@type\":\"ListItem\",\"position\":1,\"name\":\"In\u00edcio\",\"item\":\"https:\/\/www.oarcanjo.net\/site\/\"},{\"@type\":\"ListItem\",\"position\":2,\"name\":\"Deus no meio do fogo\"}]},{\"@type\":\"WebSite\",\"@id\":\"https:\/\/www.oarcanjo.net\/site\/#website\",\"url\":\"https:\/\/www.oarcanjo.net\/site\/\",\"name\":\"O Arcanjo no ar\",\"description\":\"Site da Par\u00f3quia S\u00e3o Miguel Arcanjo (Arquidiocese de SP)\",\"publisher\":{\"@id\":\"https:\/\/www.oarcanjo.net\/site\/#organization\"},\"potentialAction\":[{\"@type\":\"SearchAction\",\"target\":{\"@type\":\"EntryPoint\",\"urlTemplate\":\"https:\/\/www.oarcanjo.net\/site\/?s={search_term_string}\"},\"query-input\":{\"@type\":\"PropertyValueSpecification\",\"valueRequired\":true,\"valueName\":\"search_term_string\"}}],\"inLanguage\":\"pt-BR\"},{\"@type\":\"Organization\",\"@id\":\"https:\/\/www.oarcanjo.net\/site\/#organization\",\"name\":\"Par\u00f3quia S\u00e3o Miguel Arcanjo\",\"url\":\"https:\/\/www.oarcanjo.net\/site\/\",\"logo\":{\"@type\":\"ImageObject\",\"inLanguage\":\"pt-BR\",\"@id\":\"https:\/\/www.oarcanjo.net\/site\/#\/schema\/logo\/image\/\",\"url\":\"https:\/\/www.oarcanjo.net\/site\/wp-content\/uploads\/LogoOArcanjo.png\",\"contentUrl\":\"https:\/\/www.oarcanjo.net\/site\/wp-content\/uploads\/LogoOArcanjo.png\",\"width\":319,\"height\":99,\"caption\":\"Par\u00f3quia S\u00e3o Miguel Arcanjo\"},\"image\":{\"@id\":\"https:\/\/www.oarcanjo.net\/site\/#\/schema\/logo\/image\/\"},\"sameAs\":[\"https:\/\/www.facebook.com\/OArcanjoNoAr\/\"]},{\"@type\":\"Person\",\"@id\":\"https:\/\/www.oarcanjo.net\/site\/#\/schema\/person\/f7024d007863202483a31326673a0838\",\"name\":\"editor\",\"sameAs\":[\"http:\/\/www.oarcanjo.net\"]}]}<\/script>\n<!-- \/ Yoast SEO plugin. -->","yoast_head_json":{"title":"Deus no meio do fogo - O Arcanjo no ar","robots":{"index":"index","follow":"follow","max-snippet":"max-snippet:-1","max-image-preview":"max-image-preview:large","max-video-preview":"max-video-preview:-1"},"canonical":"https:\/\/www.oarcanjo.net\/site\/deus-no-meio-do-fogo\/","og_locale":"pt_BR","og_type":"article","og_title":"Deus no meio do fogo - O Arcanjo no ar","og_description":"Dom Jos\u00e9 Alberto Moura Mois\u00e9s apresenta ao povo o fato por ele presenciado. Deus lhe fala do meio do fogo (Cf. Dt 4, 33). Na \u00e9poca se tinha como verdade a morte de quem visse diretamente a Deus. O pr\u00f3prio Mois\u00e9s viu e continuou vivendo! Jesus veio apresentar um Deus profundamente humano. Ao contr\u00e1rio da [&hellip;]","og_url":"https:\/\/www.oarcanjo.net\/site\/deus-no-meio-do-fogo\/","og_site_name":"O Arcanjo no ar","article_publisher":"https:\/\/www.facebook.com\/OArcanjoNoAr\/","article_published_time":"2009-06-08T11:36:38+00:00","og_image":[{"width":300,"height":300,"url":"https:\/\/www.oarcanjo.net\/site\/wp-content\/uploads\/logo-o-arcanjo-no-ar-facebook.png","type":"image\/png"}],"author":"editor","twitter_card":"summary_large_image","twitter_misc":{"Escrito por":"editor","Est. tempo de leitura":"3 minutos"},"schema":{"@context":"https:\/\/schema.org","@graph":[{"@type":"Article","@id":"https:\/\/www.oarcanjo.net\/site\/deus-no-meio-do-fogo\/#article","isPartOf":{"@id":"https:\/\/www.oarcanjo.net\/site\/deus-no-meio-do-fogo\/"},"author":{"name":"editor","@id":"https:\/\/www.oarcanjo.net\/site\/#\/schema\/person\/f7024d007863202483a31326673a0838"},"headline":"Deus no meio do fogo","datePublished":"2009-06-08T11:36:38+00:00","dateModified":"2009-06-08T11:36:38+00:00","mainEntityOfPage":{"@id":"https:\/\/www.oarcanjo.net\/site\/deus-no-meio-do-fogo\/"},"wordCount":560,"commentCount":0,"publisher":{"@id":"https:\/\/www.oarcanjo.net\/site\/#organization"},"keywords":["CELAM","Documento de Aparecida","fun\u00e7\u00e3o social","Mois\u00e9s","servi\u00e7o"],"articleSection":["Reflex\u00f5es"],"inLanguage":"pt-BR","potentialAction":[{"@type":"CommentAction","name":"Comment","target":["https:\/\/www.oarcanjo.net\/site\/deus-no-meio-do-fogo\/#respond"]}]},{"@type":"WebPage","@id":"https:\/\/www.oarcanjo.net\/site\/deus-no-meio-do-fogo\/","url":"https:\/\/www.oarcanjo.net\/site\/deus-no-meio-do-fogo\/","name":"Deus no meio do fogo - O Arcanjo no ar","isPartOf":{"@id":"https:\/\/www.oarcanjo.net\/site\/#website"},"datePublished":"2009-06-08T11:36:38+00:00","dateModified":"2009-06-08T11:36:38+00:00","breadcrumb":{"@id":"https:\/\/www.oarcanjo.net\/site\/deus-no-meio-do-fogo\/#breadcrumb"},"inLanguage":"pt-BR","potentialAction":[{"@type":"ReadAction","target":["https:\/\/www.oarcanjo.net\/site\/deus-no-meio-do-fogo\/"]}]},{"@type":"BreadcrumbList","@id":"https:\/\/www.oarcanjo.net\/site\/deus-no-meio-do-fogo\/#breadcrumb","itemListElement":[{"@type":"ListItem","position":1,"name":"In\u00edcio","item":"https:\/\/www.oarcanjo.net\/site\/"},{"@type":"ListItem","position":2,"name":"Deus no meio do fogo"}]},{"@type":"WebSite","@id":"https:\/\/www.oarcanjo.net\/site\/#website","url":"https:\/\/www.oarcanjo.net\/site\/","name":"O Arcanjo no ar","description":"Site da Par\u00f3quia S\u00e3o Miguel Arcanjo (Arquidiocese de SP)","publisher":{"@id":"https:\/\/www.oarcanjo.net\/site\/#organization"},"potentialAction":[{"@type":"SearchAction","target":{"@type":"EntryPoint","urlTemplate":"https:\/\/www.oarcanjo.net\/site\/?s={search_term_string}"},"query-input":{"@type":"PropertyValueSpecification","valueRequired":true,"valueName":"search_term_string"}}],"inLanguage":"pt-BR"},{"@type":"Organization","@id":"https:\/\/www.oarcanjo.net\/site\/#organization","name":"Par\u00f3quia S\u00e3o Miguel Arcanjo","url":"https:\/\/www.oarcanjo.net\/site\/","logo":{"@type":"ImageObject","inLanguage":"pt-BR","@id":"https:\/\/www.oarcanjo.net\/site\/#\/schema\/logo\/image\/","url":"https:\/\/www.oarcanjo.net\/site\/wp-content\/uploads\/LogoOArcanjo.png","contentUrl":"https:\/\/www.oarcanjo.net\/site\/wp-content\/uploads\/LogoOArcanjo.png","width":319,"height":99,"caption":"Par\u00f3quia S\u00e3o Miguel Arcanjo"},"image":{"@id":"https:\/\/www.oarcanjo.net\/site\/#\/schema\/logo\/image\/"},"sameAs":["https:\/\/www.facebook.com\/OArcanjoNoAr\/"]},{"@type":"Person","@id":"https:\/\/www.oarcanjo.net\/site\/#\/schema\/person\/f7024d007863202483a31326673a0838","name":"editor","sameAs":["http:\/\/www.oarcanjo.net"]}]}},"publishpress_future_action":{"enabled":false,"date":"2026-05-08 23:56:06","action":"category","newStatus":"draft","terms":[],"taxonomy":"category"},"publishpress_future_workflow_manual_trigger":{"enabledWorkflows":[]},"_links":{"self":[{"href":"https:\/\/www.oarcanjo.net\/site\/wp-json\/wp\/v2\/posts\/3855"}],"collection":[{"href":"https:\/\/www.oarcanjo.net\/site\/wp-json\/wp\/v2\/posts"}],"about":[{"href":"https:\/\/www.oarcanjo.net\/site\/wp-json\/wp\/v2\/types\/post"}],"author":[{"embeddable":true,"href":"https:\/\/www.oarcanjo.net\/site\/wp-json\/wp\/v2\/users\/5"}],"replies":[{"embeddable":true,"href":"https:\/\/www.oarcanjo.net\/site\/wp-json\/wp\/v2\/comments?post=3855"}],"version-history":[{"count":0,"href":"https:\/\/www.oarcanjo.net\/site\/wp-json\/wp\/v2\/posts\/3855\/revisions"}],"wp:attachment":[{"href":"https:\/\/www.oarcanjo.net\/site\/wp-json\/wp\/v2\/media?parent=3855"}],"wp:term":[{"taxonomy":"category","embeddable":true,"href":"https:\/\/www.oarcanjo.net\/site\/wp-json\/wp\/v2\/categories?post=3855"},{"taxonomy":"post_tag","embeddable":true,"href":"https:\/\/www.oarcanjo.net\/site\/wp-json\/wp\/v2\/tags?post=3855"}],"curies":[{"name":"wp","href":"https:\/\/api.w.org\/{rel}","templated":true}]}}