
{"id":3858,"date":"2009-06-08T08:58:36","date_gmt":"2009-06-08T11:58:36","guid":{"rendered":"http:\/\/www.oarcanjo.net\/site\/?p=3858"},"modified":"2009-06-16T08:37:14","modified_gmt":"2009-06-16T11:37:14","slug":"fabio-de-melo-homenageia-julio-lancellotti","status":"publish","type":"post","link":"https:\/\/www.oarcanjo.net\/site\/fabio-de-melo-homenageia-julio-lancellotti\/","title":{"rendered":"F\u00e1bio de Melo homenageia Julio Lancellotti"},"content":{"rendered":"<p>Pe. F\u00e1bio de Melo, cantor de sucesso, prestou homenagem ao Pe. Julio Lancellotti durante show em S\u00e3o Paulo. Pe. Julio participou do espet\u00e1culo como convidado na sexta-feira, 5 de junho, foi citado e aplaudido no final da m\u00fasica &#8220;Tudo Posso&#8221;.<\/p>\n<p>Assista ao v\u00eddeo publicado no YouTube:<\/p>\n<p><object width=\"480\" height=\"385\"><param name=\"movie\" value=\"http:\/\/www.youtube.com\/v\/CuWeUr8QYsk&#038;hl=pt-br&#038;fs=1&#038;rel=0&#038;start=266&#038;color1=0xe1600f&#038;color2=0xfebd01\"><\/param><param name=\"allowFullScreen\" value=\"true\"><\/param><param name=\"allowscriptaccess\" value=\"always\"><\/param><embed src=\"http:\/\/www.youtube.com\/v\/CuWeUr8QYsk&#038;hl=pt-br&#038;fs=1&#038;rel=0&#038;start=266&#038;color1=0xe1600f&#038;color2=0xfebd01\" type=\"application\/x-shockwave-flash\" allowscriptaccess=\"always\" allowfullscreen=\"true\" width=\"480\" height=\"385\"><\/embed><\/object><\/p>\n<div id=\"themify_builder_content-3858\" data-postid=\"3858\" class=\"themify_builder_content themify_builder_content-3858 themify_builder themify_builder_front\">\n\t<\/div>\n<!-- \/themify_builder_content -->","protected":false},"excerpt":{"rendered":"<p>Pe. F\u00e1bio de Melo, cantor de sucesso, prestou homenagem ao Pe. Julio Lancellotti durante show em S\u00e3o Paulo. Pe. Julio participou do espet\u00e1culo como convidado na sexta-feira, 5 de junho, foi citado e aplaudido no final da m\u00fasica &#8220;Tudo Posso&#8221;. Assista ao v\u00eddeo publicado no YouTube:<\/p>\n","protected":false},"author":5,"featured_media":0,"comment_status":"open","ping_status":"open","sticky":false,"template":"","format":"standard","meta":{"ngg_post_thumbnail":0,"footnotes":""},"categories":[8,280],"tags":[801,162,213,803,802],"yoast_head":"<!-- This site is optimized with the Yoast SEO plugin v23.5 - https:\/\/yoast.com\/wordpress\/plugins\/seo\/ -->\n<title>F\u00e1bio de Melo homenageia Julio Lancellotti - O Arcanjo no ar<\/title>\n<meta name=\"robots\" content=\"index, follow, max-snippet:-1, max-image-preview:large, max-video-preview:-1\" \/>\n<link rel=\"canonical\" href=\"https:\/\/www.oarcanjo.net\/site\/fabio-de-melo-homenageia-julio-lancellotti\/\" \/>\n<meta property=\"og:locale\" content=\"pt_BR\" \/>\n<meta property=\"og:type\" content=\"article\" \/>\n<meta property=\"og:title\" content=\"F\u00e1bio de Melo homenageia Julio Lancellotti - O Arcanjo no ar\" \/>\n<meta property=\"og:description\" content=\"Pe. F\u00e1bio de Melo, cantor de sucesso, prestou homenagem ao Pe. Julio Lancellotti durante show em S\u00e3o Paulo. Pe. Julio participou do espet\u00e1culo como convidado na sexta-feira, 5 de junho, foi citado e aplaudido no final da m\u00fasica &#8220;Tudo Posso&#8221;. Assista ao v\u00eddeo publicado no YouTube:\" \/>\n<meta property=\"og:url\" content=\"https:\/\/www.oarcanjo.net\/site\/fabio-de-melo-homenageia-julio-lancellotti\/\" \/>\n<meta property=\"og:site_name\" content=\"O Arcanjo no ar\" \/>\n<meta property=\"article:publisher\" content=\"https:\/\/www.facebook.com\/OArcanjoNoAr\/\" \/>\n<meta property=\"article:published_time\" content=\"2009-06-08T11:58:36+00:00\" \/>\n<meta property=\"article:modified_time\" content=\"2009-06-16T11:37:14+00:00\" \/>\n<meta property=\"og:image\" content=\"https:\/\/www.oarcanjo.net\/site\/wp-content\/uploads\/logo-o-arcanjo-no-ar-facebook.png\" \/>\n\t<meta property=\"og:image:width\" content=\"300\" \/>\n\t<meta property=\"og:image:height\" content=\"300\" \/>\n\t<meta property=\"og:image:type\" content=\"image\/png\" \/>\n<meta name=\"author\" content=\"editor\" \/>\n<meta name=\"twitter:card\" content=\"summary_large_image\" \/>\n<meta name=\"twitter:label1\" content=\"Escrito por\" \/>\n\t<meta name=\"twitter:data1\" content=\"editor\" \/>\n<script type=\"application\/ld+json\" class=\"yoast-schema-graph\">{\"@context\":\"https:\/\/schema.org\",\"@graph\":[{\"@type\":\"Article\",\"@id\":\"https:\/\/www.oarcanjo.net\/site\/fabio-de-melo-homenageia-julio-lancellotti\/#article\",\"isPartOf\":{\"@id\":\"https:\/\/www.oarcanjo.net\/site\/fabio-de-melo-homenageia-julio-lancellotti\/\"},\"author\":{\"name\":\"editor\",\"@id\":\"https:\/\/www.oarcanjo.net\/site\/#\/schema\/person\/f7024d007863202483a31326673a0838\"},\"headline\":\"F\u00e1bio de Melo homenageia Julio Lancellotti\",\"datePublished\":\"2009-06-08T11:58:36+00:00\",\"dateModified\":\"2009-06-16T11:37:14+00:00\",\"mainEntityOfPage\":{\"@id\":\"https:\/\/www.oarcanjo.net\/site\/fabio-de-melo-homenageia-julio-lancellotti\/\"},\"wordCount\":57,\"commentCount\":10,\"publisher\":{\"@id\":\"https:\/\/www.oarcanjo.net\/site\/#organization\"},\"keywords\":[\"Fabio de Melo\",\"J\u00falio Lancellotti\",\"m\u00fasica\",\"show\",\"Tudo Posso\"],\"articleSection\":[\"Not\u00edcias\",\"V\u00eddeos\"],\"inLanguage\":\"pt-BR\",\"potentialAction\":[{\"@type\":\"CommentAction\",\"name\":\"Comment\",\"target\":[\"https:\/\/www.oarcanjo.net\/site\/fabio-de-melo-homenageia-julio-lancellotti\/#respond\"]}]},{\"@type\":\"WebPage\",\"@id\":\"https:\/\/www.oarcanjo.net\/site\/fabio-de-melo-homenageia-julio-lancellotti\/\",\"url\":\"https:\/\/www.oarcanjo.net\/site\/fabio-de-melo-homenageia-julio-lancellotti\/\",\"name\":\"F\u00e1bio de Melo homenageia Julio Lancellotti - O Arcanjo no ar\",\"isPartOf\":{\"@id\":\"https:\/\/www.oarcanjo.net\/site\/#website\"},\"datePublished\":\"2009-06-08T11:58:36+00:00\",\"dateModified\":\"2009-06-16T11:37:14+00:00\",\"breadcrumb\":{\"@id\":\"https:\/\/www.oarcanjo.net\/site\/fabio-de-melo-homenageia-julio-lancellotti\/#breadcrumb\"},\"inLanguage\":\"pt-BR\",\"potentialAction\":[{\"@type\":\"ReadAction\",\"target\":[\"https:\/\/www.oarcanjo.net\/site\/fabio-de-melo-homenageia-julio-lancellotti\/\"]}]},{\"@type\":\"BreadcrumbList\",\"@id\":\"https:\/\/www.oarcanjo.net\/site\/fabio-de-melo-homenageia-julio-lancellotti\/#breadcrumb\",\"itemListElement\":[{\"@type\":\"ListItem\",\"position\":1,\"name\":\"In\u00edcio\",\"item\":\"https:\/\/www.oarcanjo.net\/site\/\"},{\"@type\":\"ListItem\",\"position\":2,\"name\":\"F\u00e1bio de Melo homenageia Julio Lancellotti\"}]},{\"@type\":\"WebSite\",\"@id\":\"https:\/\/www.oarcanjo.net\/site\/#website\",\"url\":\"https:\/\/www.oarcanjo.net\/site\/\",\"name\":\"O Arcanjo no ar\",\"description\":\"Site da Par\u00f3quia S\u00e3o Miguel Arcanjo (Arquidiocese de SP)\",\"publisher\":{\"@id\":\"https:\/\/www.oarcanjo.net\/site\/#organization\"},\"potentialAction\":[{\"@type\":\"SearchAction\",\"target\":{\"@type\":\"EntryPoint\",\"urlTemplate\":\"https:\/\/www.oarcanjo.net\/site\/?s={search_term_string}\"},\"query-input\":{\"@type\":\"PropertyValueSpecification\",\"valueRequired\":true,\"valueName\":\"search_term_string\"}}],\"inLanguage\":\"pt-BR\"},{\"@type\":\"Organization\",\"@id\":\"https:\/\/www.oarcanjo.net\/site\/#organization\",\"name\":\"Par\u00f3quia S\u00e3o Miguel Arcanjo\",\"url\":\"https:\/\/www.oarcanjo.net\/site\/\",\"logo\":{\"@type\":\"ImageObject\",\"inLanguage\":\"pt-BR\",\"@id\":\"https:\/\/www.oarcanjo.net\/site\/#\/schema\/logo\/image\/\",\"url\":\"https:\/\/www.oarcanjo.net\/site\/wp-content\/uploads\/LogoOArcanjo.png\",\"contentUrl\":\"https:\/\/www.oarcanjo.net\/site\/wp-content\/uploads\/LogoOArcanjo.png\",\"width\":319,\"height\":99,\"caption\":\"Par\u00f3quia S\u00e3o Miguel Arcanjo\"},\"image\":{\"@id\":\"https:\/\/www.oarcanjo.net\/site\/#\/schema\/logo\/image\/\"},\"sameAs\":[\"https:\/\/www.facebook.com\/OArcanjoNoAr\/\"]},{\"@type\":\"Person\",\"@id\":\"https:\/\/www.oarcanjo.net\/site\/#\/schema\/person\/f7024d007863202483a31326673a0838\",\"name\":\"editor\",\"sameAs\":[\"http:\/\/www.oarcanjo.net\"]}]}<\/script>\n<!-- \/ Yoast SEO plugin. -->","yoast_head_json":{"title":"F\u00e1bio de Melo homenageia Julio Lancellotti - O Arcanjo no ar","robots":{"index":"index","follow":"follow","max-snippet":"max-snippet:-1","max-image-preview":"max-image-preview:large","max-video-preview":"max-video-preview:-1"},"canonical":"https:\/\/www.oarcanjo.net\/site\/fabio-de-melo-homenageia-julio-lancellotti\/","og_locale":"pt_BR","og_type":"article","og_title":"F\u00e1bio de Melo homenageia Julio Lancellotti - O Arcanjo no ar","og_description":"Pe. F\u00e1bio de Melo, cantor de sucesso, prestou homenagem ao Pe. Julio Lancellotti durante show em S\u00e3o Paulo. Pe. Julio participou do espet\u00e1culo como convidado na sexta-feira, 5 de junho, foi citado e aplaudido no final da m\u00fasica &#8220;Tudo Posso&#8221;. Assista ao v\u00eddeo publicado no YouTube:","og_url":"https:\/\/www.oarcanjo.net\/site\/fabio-de-melo-homenageia-julio-lancellotti\/","og_site_name":"O Arcanjo no ar","article_publisher":"https:\/\/www.facebook.com\/OArcanjoNoAr\/","article_published_time":"2009-06-08T11:58:36+00:00","article_modified_time":"2009-06-16T11:37:14+00:00","og_image":[{"width":300,"height":300,"url":"https:\/\/www.oarcanjo.net\/site\/wp-content\/uploads\/logo-o-arcanjo-no-ar-facebook.png","type":"image\/png"}],"author":"editor","twitter_card":"summary_large_image","twitter_misc":{"Escrito por":"editor"},"schema":{"@context":"https:\/\/schema.org","@graph":[{"@type":"Article","@id":"https:\/\/www.oarcanjo.net\/site\/fabio-de-melo-homenageia-julio-lancellotti\/#article","isPartOf":{"@id":"https:\/\/www.oarcanjo.net\/site\/fabio-de-melo-homenageia-julio-lancellotti\/"},"author":{"name":"editor","@id":"https:\/\/www.oarcanjo.net\/site\/#\/schema\/person\/f7024d007863202483a31326673a0838"},"headline":"F\u00e1bio de Melo homenageia Julio Lancellotti","datePublished":"2009-06-08T11:58:36+00:00","dateModified":"2009-06-16T11:37:14+00:00","mainEntityOfPage":{"@id":"https:\/\/www.oarcanjo.net\/site\/fabio-de-melo-homenageia-julio-lancellotti\/"},"wordCount":57,"commentCount":10,"publisher":{"@id":"https:\/\/www.oarcanjo.net\/site\/#organization"},"keywords":["Fabio de Melo","J\u00falio Lancellotti","m\u00fasica","show","Tudo Posso"],"articleSection":["Not\u00edcias","V\u00eddeos"],"inLanguage":"pt-BR","potentialAction":[{"@type":"CommentAction","name":"Comment","target":["https:\/\/www.oarcanjo.net\/site\/fabio-de-melo-homenageia-julio-lancellotti\/#respond"]}]},{"@type":"WebPage","@id":"https:\/\/www.oarcanjo.net\/site\/fabio-de-melo-homenageia-julio-lancellotti\/","url":"https:\/\/www.oarcanjo.net\/site\/fabio-de-melo-homenageia-julio-lancellotti\/","name":"F\u00e1bio de Melo homenageia Julio Lancellotti - O Arcanjo no ar","isPartOf":{"@id":"https:\/\/www.oarcanjo.net\/site\/#website"},"datePublished":"2009-06-08T11:58:36+00:00","dateModified":"2009-06-16T11:37:14+00:00","breadcrumb":{"@id":"https:\/\/www.oarcanjo.net\/site\/fabio-de-melo-homenageia-julio-lancellotti\/#breadcrumb"},"inLanguage":"pt-BR","potentialAction":[{"@type":"ReadAction","target":["https:\/\/www.oarcanjo.net\/site\/fabio-de-melo-homenageia-julio-lancellotti\/"]}]},{"@type":"BreadcrumbList","@id":"https:\/\/www.oarcanjo.net\/site\/fabio-de-melo-homenageia-julio-lancellotti\/#breadcrumb","itemListElement":[{"@type":"ListItem","position":1,"name":"In\u00edcio","item":"https:\/\/www.oarcanjo.net\/site\/"},{"@type":"ListItem","position":2,"name":"F\u00e1bio de Melo homenageia Julio Lancellotti"}]},{"@type":"WebSite","@id":"https:\/\/www.oarcanjo.net\/site\/#website","url":"https:\/\/www.oarcanjo.net\/site\/","name":"O Arcanjo no ar","description":"Site da Par\u00f3quia S\u00e3o Miguel Arcanjo (Arquidiocese de SP)","publisher":{"@id":"https:\/\/www.oarcanjo.net\/site\/#organization"},"potentialAction":[{"@type":"SearchAction","target":{"@type":"EntryPoint","urlTemplate":"https:\/\/www.oarcanjo.net\/site\/?s={search_term_string}"},"query-input":{"@type":"PropertyValueSpecification","valueRequired":true,"valueName":"search_term_string"}}],"inLanguage":"pt-BR"},{"@type":"Organization","@id":"https:\/\/www.oarcanjo.net\/site\/#organization","name":"Par\u00f3quia S\u00e3o Miguel Arcanjo","url":"https:\/\/www.oarcanjo.net\/site\/","logo":{"@type":"ImageObject","inLanguage":"pt-BR","@id":"https:\/\/www.oarcanjo.net\/site\/#\/schema\/logo\/image\/","url":"https:\/\/www.oarcanjo.net\/site\/wp-content\/uploads\/LogoOArcanjo.png","contentUrl":"https:\/\/www.oarcanjo.net\/site\/wp-content\/uploads\/LogoOArcanjo.png","width":319,"height":99,"caption":"Par\u00f3quia S\u00e3o Miguel Arcanjo"},"image":{"@id":"https:\/\/www.oarcanjo.net\/site\/#\/schema\/logo\/image\/"},"sameAs":["https:\/\/www.facebook.com\/OArcanjoNoAr\/"]},{"@type":"Person","@id":"https:\/\/www.oarcanjo.net\/site\/#\/schema\/person\/f7024d007863202483a31326673a0838","name":"editor","sameAs":["http:\/\/www.oarcanjo.net"]}]}},"publishpress_future_action":{"enabled":false,"date":"2026-05-08 22:52:35","action":"category","newStatus":"draft","terms":[],"taxonomy":"category"},"publishpress_future_workflow_manual_trigger":{"enabledWorkflows":[]},"_links":{"self":[{"href":"https:\/\/www.oarcanjo.net\/site\/wp-json\/wp\/v2\/posts\/3858"}],"collection":[{"href":"https:\/\/www.oarcanjo.net\/site\/wp-json\/wp\/v2\/posts"}],"about":[{"href":"https:\/\/www.oarcanjo.net\/site\/wp-json\/wp\/v2\/types\/post"}],"author":[{"embeddable":true,"href":"https:\/\/www.oarcanjo.net\/site\/wp-json\/wp\/v2\/users\/5"}],"replies":[{"embeddable":true,"href":"https:\/\/www.oarcanjo.net\/site\/wp-json\/wp\/v2\/comments?post=3858"}],"version-history":[{"count":0,"href":"https:\/\/www.oarcanjo.net\/site\/wp-json\/wp\/v2\/posts\/3858\/revisions"}],"wp:attachment":[{"href":"https:\/\/www.oarcanjo.net\/site\/wp-json\/wp\/v2\/media?parent=3858"}],"wp:term":[{"taxonomy":"category","embeddable":true,"href":"https:\/\/www.oarcanjo.net\/site\/wp-json\/wp\/v2\/categories?post=3858"},{"taxonomy":"post_tag","embeddable":true,"href":"https:\/\/www.oarcanjo.net\/site\/wp-json\/wp\/v2\/tags?post=3858"}],"curies":[{"name":"wp","href":"https:\/\/api.w.org\/{rel}","templated":true}]}}