
{"id":3878,"date":"2009-06-10T08:08:59","date_gmt":"2009-06-10T11:08:59","guid":{"rendered":"http:\/\/www.oarcanjo.net\/site\/?p=3878"},"modified":"2009-06-10T08:08:59","modified_gmt":"2009-06-10T11:08:59","slug":"o-essencial-do-credo","status":"publish","type":"post","link":"https:\/\/www.oarcanjo.net\/site\/o-essencial-do-credo\/","title":{"rendered":"O essencial do credo"},"content":{"rendered":"<p>Jose Antonio Pagola<\/p>\n<p>Ao longo dos s\u00e9culos, os te\u00f3logos crist\u00e3os t\u00eam elaborado profundos estudos sobre a Trindade. No entanto, bastantes crist\u00e3os de nossos dias n\u00e3o conseguem entender o que essas admir\u00e1veis doutrinas t\u00eam que ver com suas vidas. <\/p>\n<p>Ao que parece, hoje precisamos de ouvir falar de Deus com palavras humildes e simples, que toquem nosso pobre cora\u00e7\u00e3o, confundido e desanimado, e revigorem nossa f\u00e9 vacilante. N\u00f3s precisamos, talvez, recuperar o essencial do nosso credo e aprender a viv\u00ea-lo com uma nova alegria. <\/p>\n<p>\u201cCreio em Deus, Pai todo-poderoso, criador do c\u00e9u e da terra\u201d. N\u00e3o estamos s\u00f3s ante os nossos problemas e conflitos. N\u00e3o somos esquecidos. Deus \u00e9 o nosso \u201cPai\u201d querido. Desse modo era chamado por Jesus e assim \u00e9 chamado por n\u00f3s. Ele \u00e9 a origem e o objetivo da nossa vida. Todos fomos criados por amor e seu cora\u00e7\u00e3o de Pai nos espera no final da nossa peregrina\u00e7\u00e3o por esse mundo.  <\/p>\n<p>Hoje, seu nome \u00e9 esquecido e negado por muitos. Os nossos filhos v\u00e3o se afastando dele, e n\u00f3s que acreditamos n\u00e3o sabemos lhes contagiar a nossa f\u00e9, mas Deus continua nos olhando com amor. Embora vivamos cheios de d\u00favidas, n\u00e3o temos que perder a f\u00e9 em um Deus criador e Pai porque ir\u00edamos perder a nossa ultima esperan\u00e7a. <\/p>\n<p>\u201cCreio em Jesus Cristo, seu \u00fanico Filho, nosso Senhor\u201d. \u00c9 o grande presente que Deus fez ao mundo. Ele nos contou como \u00e9 o Pai. Para n\u00f3s, Jesus nunca ser\u00e1 mais um homem. A lhe olhar, vemos o Pai: nos seus gestos captamos a sua ternura e a sua compreens\u00e3o. Nele podemos sentir ao Deus humano, pr\u00f3ximo, amigo. <\/p>\n<p>Este Jesus, o Filho amado de Deus, nos animou para a constru\u00e7\u00e3o de uma vida mais fraterna e feliz  para todos. \u00c9 o que o Pai mais deseja. Al\u00e9m disso, ele nos indicou o caminho a ser percorrido. \u201csede v\u00f3s compassivos como compassivo \u00e9 o vosso Pai celeste\u201d. Se esquecermos de Jesus, quem ir\u00e1 ocupar o seu vazio?  Quem poder\u00e1 nos oferecer a sua luz e a sua esperan\u00e7a?<\/p>\n<p>\u201cCreio no Esp\u00edrito Santo, Senhor e fonte de vida\u201d. Este mist\u00e9rio de Deus n\u00e3o \u00e9 algo distante. Est\u00e1 presente no profundo de cada um de n\u00f3s.  Podemos entend\u00ea-lo como o Esp\u00edrito que alenta as nossas vidas, como o Amor que nos leva para aqueles que sofrem. Este Esp\u00edrito \u00e9 a melhor coisa que temos dentro de n\u00f3s.<\/p>\n<div id=\"themify_builder_content-3878\" data-postid=\"3878\" class=\"themify_builder_content themify_builder_content-3878 themify_builder themify_builder_front\">\n\t<\/div>\n<!-- \/themify_builder_content -->","protected":false},"excerpt":{"rendered":"<p>Jose Antonio Pagola Ao longo dos s\u00e9culos, os te\u00f3logos crist\u00e3os t\u00eam elaborado profundos estudos sobre a Trindade. No entanto, bastantes crist\u00e3os de nossos dias n\u00e3o conseguem entender o que essas admir\u00e1veis doutrinas t\u00eam que ver com suas vidas. Ao que parece, hoje precisamos de ouvir falar de Deus com palavras humildes e simples, que toquem [&hellip;]<\/p>\n","protected":false},"author":5,"featured_media":0,"comment_status":"open","ping_status":"open","sticky":false,"template":"","format":"standard","meta":{"ngg_post_thumbnail":0,"footnotes":""},"categories":[9],"tags":[810,363,426,236,589],"yoast_head":"<!-- This site is optimized with the Yoast SEO plugin v23.5 - https:\/\/yoast.com\/wordpress\/plugins\/seo\/ -->\n<title>O essencial do credo - O Arcanjo no ar<\/title>\n<meta name=\"robots\" content=\"index, follow, max-snippet:-1, max-image-preview:large, max-video-preview:-1\" \/>\n<link rel=\"canonical\" href=\"https:\/\/www.oarcanjo.net\/site\/o-essencial-do-credo\/\" \/>\n<meta property=\"og:locale\" content=\"pt_BR\" \/>\n<meta property=\"og:type\" content=\"article\" \/>\n<meta property=\"og:title\" content=\"O essencial do credo - O Arcanjo no ar\" \/>\n<meta property=\"og:description\" content=\"Jose Antonio Pagola Ao longo dos s\u00e9culos, os te\u00f3logos crist\u00e3os t\u00eam elaborado profundos estudos sobre a Trindade. No entanto, bastantes crist\u00e3os de nossos dias n\u00e3o conseguem entender o que essas admir\u00e1veis doutrinas t\u00eam que ver com suas vidas. Ao que parece, hoje precisamos de ouvir falar de Deus com palavras humildes e simples, que toquem [&hellip;]\" \/>\n<meta property=\"og:url\" content=\"https:\/\/www.oarcanjo.net\/site\/o-essencial-do-credo\/\" \/>\n<meta property=\"og:site_name\" content=\"O Arcanjo no ar\" \/>\n<meta property=\"article:publisher\" content=\"https:\/\/www.facebook.com\/OArcanjoNoAr\/\" \/>\n<meta property=\"article:published_time\" content=\"2009-06-10T11:08:59+00:00\" \/>\n<meta property=\"og:image\" content=\"https:\/\/www.oarcanjo.net\/site\/wp-content\/uploads\/logo-o-arcanjo-no-ar-facebook.png\" \/>\n\t<meta property=\"og:image:width\" content=\"300\" \/>\n\t<meta property=\"og:image:height\" content=\"300\" \/>\n\t<meta property=\"og:image:type\" content=\"image\/png\" \/>\n<meta name=\"author\" content=\"editor\" \/>\n<meta name=\"twitter:card\" content=\"summary_large_image\" \/>\n<meta name=\"twitter:label1\" content=\"Escrito por\" \/>\n\t<meta name=\"twitter:data1\" content=\"editor\" \/>\n\t<meta name=\"twitter:label2\" content=\"Est. tempo de leitura\" \/>\n\t<meta name=\"twitter:data2\" content=\"2 minutos\" \/>\n<script type=\"application\/ld+json\" class=\"yoast-schema-graph\">{\"@context\":\"https:\/\/schema.org\",\"@graph\":[{\"@type\":\"Article\",\"@id\":\"https:\/\/www.oarcanjo.net\/site\/o-essencial-do-credo\/#article\",\"isPartOf\":{\"@id\":\"https:\/\/www.oarcanjo.net\/site\/o-essencial-do-credo\/\"},\"author\":{\"name\":\"editor\",\"@id\":\"https:\/\/www.oarcanjo.net\/site\/#\/schema\/person\/f7024d007863202483a31326673a0838\"},\"headline\":\"O essencial do credo\",\"datePublished\":\"2009-06-10T11:08:59+00:00\",\"dateModified\":\"2009-06-10T11:08:59+00:00\",\"mainEntityOfPage\":{\"@id\":\"https:\/\/www.oarcanjo.net\/site\/o-essencial-do-credo\/\"},\"wordCount\":430,\"commentCount\":0,\"publisher\":{\"@id\":\"https:\/\/www.oarcanjo.net\/site\/#organization\"},\"keywords\":[\"credo\",\"Deus\",\"Esp\u00edrito Santo\",\"Jesus\",\"Trindade\"],\"articleSection\":[\"Reflex\u00f5es\"],\"inLanguage\":\"pt-BR\",\"potentialAction\":[{\"@type\":\"CommentAction\",\"name\":\"Comment\",\"target\":[\"https:\/\/www.oarcanjo.net\/site\/o-essencial-do-credo\/#respond\"]}]},{\"@type\":\"WebPage\",\"@id\":\"https:\/\/www.oarcanjo.net\/site\/o-essencial-do-credo\/\",\"url\":\"https:\/\/www.oarcanjo.net\/site\/o-essencial-do-credo\/\",\"name\":\"O essencial do credo - O Arcanjo no ar\",\"isPartOf\":{\"@id\":\"https:\/\/www.oarcanjo.net\/site\/#website\"},\"datePublished\":\"2009-06-10T11:08:59+00:00\",\"dateModified\":\"2009-06-10T11:08:59+00:00\",\"breadcrumb\":{\"@id\":\"https:\/\/www.oarcanjo.net\/site\/o-essencial-do-credo\/#breadcrumb\"},\"inLanguage\":\"pt-BR\",\"potentialAction\":[{\"@type\":\"ReadAction\",\"target\":[\"https:\/\/www.oarcanjo.net\/site\/o-essencial-do-credo\/\"]}]},{\"@type\":\"BreadcrumbList\",\"@id\":\"https:\/\/www.oarcanjo.net\/site\/o-essencial-do-credo\/#breadcrumb\",\"itemListElement\":[{\"@type\":\"ListItem\",\"position\":1,\"name\":\"In\u00edcio\",\"item\":\"https:\/\/www.oarcanjo.net\/site\/\"},{\"@type\":\"ListItem\",\"position\":2,\"name\":\"O essencial do credo\"}]},{\"@type\":\"WebSite\",\"@id\":\"https:\/\/www.oarcanjo.net\/site\/#website\",\"url\":\"https:\/\/www.oarcanjo.net\/site\/\",\"name\":\"O Arcanjo no ar\",\"description\":\"Site da Par\u00f3quia S\u00e3o Miguel Arcanjo (Arquidiocese de SP)\",\"publisher\":{\"@id\":\"https:\/\/www.oarcanjo.net\/site\/#organization\"},\"potentialAction\":[{\"@type\":\"SearchAction\",\"target\":{\"@type\":\"EntryPoint\",\"urlTemplate\":\"https:\/\/www.oarcanjo.net\/site\/?s={search_term_string}\"},\"query-input\":{\"@type\":\"PropertyValueSpecification\",\"valueRequired\":true,\"valueName\":\"search_term_string\"}}],\"inLanguage\":\"pt-BR\"},{\"@type\":\"Organization\",\"@id\":\"https:\/\/www.oarcanjo.net\/site\/#organization\",\"name\":\"Par\u00f3quia S\u00e3o Miguel Arcanjo\",\"url\":\"https:\/\/www.oarcanjo.net\/site\/\",\"logo\":{\"@type\":\"ImageObject\",\"inLanguage\":\"pt-BR\",\"@id\":\"https:\/\/www.oarcanjo.net\/site\/#\/schema\/logo\/image\/\",\"url\":\"https:\/\/www.oarcanjo.net\/site\/wp-content\/uploads\/LogoOArcanjo.png\",\"contentUrl\":\"https:\/\/www.oarcanjo.net\/site\/wp-content\/uploads\/LogoOArcanjo.png\",\"width\":319,\"height\":99,\"caption\":\"Par\u00f3quia S\u00e3o Miguel Arcanjo\"},\"image\":{\"@id\":\"https:\/\/www.oarcanjo.net\/site\/#\/schema\/logo\/image\/\"},\"sameAs\":[\"https:\/\/www.facebook.com\/OArcanjoNoAr\/\"]},{\"@type\":\"Person\",\"@id\":\"https:\/\/www.oarcanjo.net\/site\/#\/schema\/person\/f7024d007863202483a31326673a0838\",\"name\":\"editor\",\"sameAs\":[\"http:\/\/www.oarcanjo.net\"]}]}<\/script>\n<!-- \/ Yoast SEO plugin. -->","yoast_head_json":{"title":"O essencial do credo - O Arcanjo no ar","robots":{"index":"index","follow":"follow","max-snippet":"max-snippet:-1","max-image-preview":"max-image-preview:large","max-video-preview":"max-video-preview:-1"},"canonical":"https:\/\/www.oarcanjo.net\/site\/o-essencial-do-credo\/","og_locale":"pt_BR","og_type":"article","og_title":"O essencial do credo - O Arcanjo no ar","og_description":"Jose Antonio Pagola Ao longo dos s\u00e9culos, os te\u00f3logos crist\u00e3os t\u00eam elaborado profundos estudos sobre a Trindade. No entanto, bastantes crist\u00e3os de nossos dias n\u00e3o conseguem entender o que essas admir\u00e1veis doutrinas t\u00eam que ver com suas vidas. Ao que parece, hoje precisamos de ouvir falar de Deus com palavras humildes e simples, que toquem [&hellip;]","og_url":"https:\/\/www.oarcanjo.net\/site\/o-essencial-do-credo\/","og_site_name":"O Arcanjo no ar","article_publisher":"https:\/\/www.facebook.com\/OArcanjoNoAr\/","article_published_time":"2009-06-10T11:08:59+00:00","og_image":[{"width":300,"height":300,"url":"https:\/\/www.oarcanjo.net\/site\/wp-content\/uploads\/logo-o-arcanjo-no-ar-facebook.png","type":"image\/png"}],"author":"editor","twitter_card":"summary_large_image","twitter_misc":{"Escrito por":"editor","Est. tempo de leitura":"2 minutos"},"schema":{"@context":"https:\/\/schema.org","@graph":[{"@type":"Article","@id":"https:\/\/www.oarcanjo.net\/site\/o-essencial-do-credo\/#article","isPartOf":{"@id":"https:\/\/www.oarcanjo.net\/site\/o-essencial-do-credo\/"},"author":{"name":"editor","@id":"https:\/\/www.oarcanjo.net\/site\/#\/schema\/person\/f7024d007863202483a31326673a0838"},"headline":"O essencial do credo","datePublished":"2009-06-10T11:08:59+00:00","dateModified":"2009-06-10T11:08:59+00:00","mainEntityOfPage":{"@id":"https:\/\/www.oarcanjo.net\/site\/o-essencial-do-credo\/"},"wordCount":430,"commentCount":0,"publisher":{"@id":"https:\/\/www.oarcanjo.net\/site\/#organization"},"keywords":["credo","Deus","Esp\u00edrito Santo","Jesus","Trindade"],"articleSection":["Reflex\u00f5es"],"inLanguage":"pt-BR","potentialAction":[{"@type":"CommentAction","name":"Comment","target":["https:\/\/www.oarcanjo.net\/site\/o-essencial-do-credo\/#respond"]}]},{"@type":"WebPage","@id":"https:\/\/www.oarcanjo.net\/site\/o-essencial-do-credo\/","url":"https:\/\/www.oarcanjo.net\/site\/o-essencial-do-credo\/","name":"O essencial do credo - O Arcanjo no ar","isPartOf":{"@id":"https:\/\/www.oarcanjo.net\/site\/#website"},"datePublished":"2009-06-10T11:08:59+00:00","dateModified":"2009-06-10T11:08:59+00:00","breadcrumb":{"@id":"https:\/\/www.oarcanjo.net\/site\/o-essencial-do-credo\/#breadcrumb"},"inLanguage":"pt-BR","potentialAction":[{"@type":"ReadAction","target":["https:\/\/www.oarcanjo.net\/site\/o-essencial-do-credo\/"]}]},{"@type":"BreadcrumbList","@id":"https:\/\/www.oarcanjo.net\/site\/o-essencial-do-credo\/#breadcrumb","itemListElement":[{"@type":"ListItem","position":1,"name":"In\u00edcio","item":"https:\/\/www.oarcanjo.net\/site\/"},{"@type":"ListItem","position":2,"name":"O essencial do credo"}]},{"@type":"WebSite","@id":"https:\/\/www.oarcanjo.net\/site\/#website","url":"https:\/\/www.oarcanjo.net\/site\/","name":"O Arcanjo no ar","description":"Site da Par\u00f3quia S\u00e3o Miguel Arcanjo (Arquidiocese de SP)","publisher":{"@id":"https:\/\/www.oarcanjo.net\/site\/#organization"},"potentialAction":[{"@type":"SearchAction","target":{"@type":"EntryPoint","urlTemplate":"https:\/\/www.oarcanjo.net\/site\/?s={search_term_string}"},"query-input":{"@type":"PropertyValueSpecification","valueRequired":true,"valueName":"search_term_string"}}],"inLanguage":"pt-BR"},{"@type":"Organization","@id":"https:\/\/www.oarcanjo.net\/site\/#organization","name":"Par\u00f3quia S\u00e3o Miguel Arcanjo","url":"https:\/\/www.oarcanjo.net\/site\/","logo":{"@type":"ImageObject","inLanguage":"pt-BR","@id":"https:\/\/www.oarcanjo.net\/site\/#\/schema\/logo\/image\/","url":"https:\/\/www.oarcanjo.net\/site\/wp-content\/uploads\/LogoOArcanjo.png","contentUrl":"https:\/\/www.oarcanjo.net\/site\/wp-content\/uploads\/LogoOArcanjo.png","width":319,"height":99,"caption":"Par\u00f3quia S\u00e3o Miguel Arcanjo"},"image":{"@id":"https:\/\/www.oarcanjo.net\/site\/#\/schema\/logo\/image\/"},"sameAs":["https:\/\/www.facebook.com\/OArcanjoNoAr\/"]},{"@type":"Person","@id":"https:\/\/www.oarcanjo.net\/site\/#\/schema\/person\/f7024d007863202483a31326673a0838","name":"editor","sameAs":["http:\/\/www.oarcanjo.net"]}]}},"publishpress_future_action":{"enabled":false,"date":"2026-05-08 19:33:50","action":"category","newStatus":"draft","terms":[],"taxonomy":"category"},"publishpress_future_workflow_manual_trigger":{"enabledWorkflows":[]},"_links":{"self":[{"href":"https:\/\/www.oarcanjo.net\/site\/wp-json\/wp\/v2\/posts\/3878"}],"collection":[{"href":"https:\/\/www.oarcanjo.net\/site\/wp-json\/wp\/v2\/posts"}],"about":[{"href":"https:\/\/www.oarcanjo.net\/site\/wp-json\/wp\/v2\/types\/post"}],"author":[{"embeddable":true,"href":"https:\/\/www.oarcanjo.net\/site\/wp-json\/wp\/v2\/users\/5"}],"replies":[{"embeddable":true,"href":"https:\/\/www.oarcanjo.net\/site\/wp-json\/wp\/v2\/comments?post=3878"}],"version-history":[{"count":0,"href":"https:\/\/www.oarcanjo.net\/site\/wp-json\/wp\/v2\/posts\/3878\/revisions"}],"wp:attachment":[{"href":"https:\/\/www.oarcanjo.net\/site\/wp-json\/wp\/v2\/media?parent=3878"}],"wp:term":[{"taxonomy":"category","embeddable":true,"href":"https:\/\/www.oarcanjo.net\/site\/wp-json\/wp\/v2\/categories?post=3878"},{"taxonomy":"post_tag","embeddable":true,"href":"https:\/\/www.oarcanjo.net\/site\/wp-json\/wp\/v2\/tags?post=3878"}],"curies":[{"name":"wp","href":"https:\/\/api.w.org\/{rel}","templated":true}]}}