
{"id":3880,"date":"2009-06-16T06:00:46","date_gmt":"2009-06-16T09:00:46","guid":{"rendered":"http:\/\/www.oarcanjo.net\/site\/?p=3880"},"modified":"2009-06-10T08:12:20","modified_gmt":"2009-06-10T11:12:20","slug":"ano-sacerdotal","status":"publish","type":"post","link":"https:\/\/www.oarcanjo.net\/site\/ano-sacerdotal\/","title":{"rendered":"Ano Sacerdotal"},"content":{"rendered":"<p>No pr\u00f3ximo dia 19 de Junho iniciaremos o Ano Sacerdotal convocado pelo Papa Bento XVI. Nesse dia celebraremos a Solenidade do Sagrado Cora\u00e7\u00e3o de Jesus que torna presente em nossas comunidades a experi\u00eancia do amor de Deus simbolizados no cora\u00e7\u00e3o que derramou todo o seu sangue por nosso amor e salva\u00e7\u00e3o. Esse \u00e9 tamb\u00e9m o dia de ora\u00e7\u00e3o pela santifica\u00e7\u00e3o do clero quando as nossas comunidades s\u00e3o convidadas a rezar para que aqueles que Deus escolheu para servir ao nosso povo se santifiquem na miss\u00e3o que receberam e assim possam tamb\u00e9m conduzir o povo \u00e0 santidade de vida com todas as conseq\u00fc\u00eancias pessoais e sociais.<\/p>\n<p>No dia 4 de agosto, no dia do Santo Cura d\u2019Ars, S\u00e3o Jo\u00e3o Maria Vianney, celebraremos os 150 anos de sua morte, ele que patrono dos p\u00e1rocos \u00e9 modelo de vida e miss\u00e3o para todos.<\/p>\n<p>A oportunidade deste tempo de ora\u00e7\u00e3o que cada comunidade ir\u00e1 com criatividade viver neste ano que iniciaremos nos faz voltar os olhos para o nosso tempo em que, mesmo com as dificuldades da mudan\u00e7a cultural em curso em nossa sociedade, Deus continua chamando jovens animados para darem suas vidas pela causa do Evangelho. \u00c9 tamb\u00e9m o momento de todos nos sentirmos solid\u00e1rios para rezar por aqueles que, tudo deixando por amor a Cristo e aos irm\u00e3os, s\u00e3o chamados a viver alegres no Senhor entregando cada dia suas vidas pelo Reino de Deus.<\/p>\n<p>A maioria dos padres que conhe\u00e7o vive uma vida her\u00f3ica e animada pela causa do Evangelho. <\/p>\n<p>\u00c0s vezes uma m\u00eddia guiada por sensacionalismos e interesses v\u00e1rios faz aparecer a id\u00e9ia de que os problemas est\u00e3o com a maioria dos presb\u00edteros o que n\u00e3o \u00e9 verdade. Existem, dentro da proporcionalidade de nossa popula\u00e7\u00e3o, presb\u00edteros que nos causam preocupa\u00e7\u00f5es e pelos quais rezamos e procuramos encaminhar para que encontrem o sentido de suas vidas e de sua caminhada dentro de suas possibilidades. A maioria, por\u00e9m, continua aprofundando o ideal com que saiu um dia de suas fam\u00edlias para, levados pelo Esp\u00edrito de Deus, servir ao povo.<\/p>\n<p>Creio que um resgate importante deste ano ser\u00e1 recordar tantos homens de Deus, sacerdotes, que viveram em grau her\u00f3ico a vida de cada dia e foram fi\u00e9is at\u00e9 o fim de seus dias, na maioria das vezes, doentes e na simplicidade de vida.<\/p>\n<p>Cada um de n\u00f3s teria muitos exemplos para contar de presb\u00edteros exemplares que marcaram suas vidas e ajudaram a viver com entusiasmo sua voca\u00e7\u00e3o e miss\u00e3o como Igreja de Jesus Cristo.<\/p>\n<p>A Igreja ao conceder privil\u00e9gios especiais para este ano de ora\u00e7\u00e3o e reflex\u00e3o quer justamente convidar a todo o nosso povo a pedir para que o n\u00famero de voca\u00e7\u00f5es aumente principalmente na santidade e que isso leve ainda mais os nossos sacerdotes se sentirem chamados \u00e0 constante convers\u00e3o para servir sempre com alegria.<\/p>\n<p>Na mensagem de nossa Confer\u00eancia Episcopal cita o Cardeal Cl\u00e1udio Hummes em sua confer\u00eancia no 12\u00ba Encontro Nacional de Presb\u00edteros que ilumina o que acabamos de afirmar: \u201cde modo geral, s\u00e3o homens dignos, bons, homens de Deus, admir\u00e1veis, generosos, honestos, incans\u00e1veis na doa\u00e7\u00e3o de todas as suas energias ao seu minist\u00e9rio, \u00e0 evangeliza\u00e7\u00e3o, em favor do povo especialmente a servi\u00e7o dos pobres e dos marginalizados, dos exclu\u00eddos, os veneramos e amamos realmente, com claro reconhecimento do trabalho pastoral que realizam.\u201d<\/p>\n<p>Nas diversas Dioceses e Institutos Religiosos que conhe\u00e7o posso encontrar a maioria desses padres bons e mission\u00e1rios! Convivi com diversas situa\u00e7\u00f5es de vida presbiteral nestes \u00faltimos 12 anos de episcopado: posso afirmar e testemunhar a generosidade e idealismo desses homens de Deus na busca de corresponder \u00e0 voca\u00e7\u00e3o que receberam e procurando servir ao povo em suas necessidades espirituais e sociais.<\/p>\n<p>Neste mundo plural, exigente e em mudan\u00e7a, mais do que nunca \u00e9 bem-vindo este ano sacerdotal como um grande momento de conscientiza\u00e7\u00e3o, ora\u00e7\u00e3o e partilha da vida e da miss\u00e3o do presb\u00edtero na atual conjuntura de nossa sociedade. Eis o convite a todos para que vivamos este ano pedindo a Deus pelos nossos sacerdotes.<\/p>\n<div id=\"themify_builder_content-3880\" data-postid=\"3880\" class=\"themify_builder_content themify_builder_content-3880 themify_builder themify_builder_front\">\n\t<\/div>\n<!-- \/themify_builder_content -->","protected":false},"excerpt":{"rendered":"<p>No pr\u00f3ximo dia 19 de Junho iniciaremos o Ano Sacerdotal convocado pelo Papa Bento XVI. Nesse dia celebraremos a Solenidade do Sagrado Cora\u00e7\u00e3o de Jesus que torna presente em nossas comunidades a experi\u00eancia do amor de Deus simbolizados no cora\u00e7\u00e3o que derramou todo o seu sangue por nosso amor e salva\u00e7\u00e3o. Esse \u00e9 tamb\u00e9m o [&hellip;]<\/p>\n","protected":false},"author":5,"featured_media":0,"comment_status":"open","ping_status":"open","sticky":false,"template":"","format":"standard","meta":{"ngg_post_thumbnail":0,"footnotes":""},"categories":[8],"tags":[773,811,814,80,233,812,813],"yoast_head":"<!-- This site is optimized with the Yoast SEO plugin v23.5 - https:\/\/yoast.com\/wordpress\/plugins\/seo\/ -->\n<title>Ano Sacerdotal - O Arcanjo no ar<\/title>\n<meta name=\"robots\" content=\"index, follow, max-snippet:-1, max-image-preview:large, max-video-preview:-1\" \/>\n<link rel=\"canonical\" href=\"https:\/\/www.oarcanjo.net\/site\/ano-sacerdotal\/\" \/>\n<meta property=\"og:locale\" content=\"pt_BR\" \/>\n<meta property=\"og:type\" content=\"article\" \/>\n<meta property=\"og:title\" content=\"Ano Sacerdotal - O Arcanjo no ar\" \/>\n<meta property=\"og:description\" content=\"No pr\u00f3ximo dia 19 de Junho iniciaremos o Ano Sacerdotal convocado pelo Papa Bento XVI. Nesse dia celebraremos a Solenidade do Sagrado Cora\u00e7\u00e3o de Jesus que torna presente em nossas comunidades a experi\u00eancia do amor de Deus simbolizados no cora\u00e7\u00e3o que derramou todo o seu sangue por nosso amor e salva\u00e7\u00e3o. Esse \u00e9 tamb\u00e9m o [&hellip;]\" \/>\n<meta property=\"og:url\" content=\"https:\/\/www.oarcanjo.net\/site\/ano-sacerdotal\/\" \/>\n<meta property=\"og:site_name\" content=\"O Arcanjo no ar\" \/>\n<meta property=\"article:publisher\" content=\"https:\/\/www.facebook.com\/OArcanjoNoAr\/\" \/>\n<meta property=\"article:published_time\" content=\"2009-06-16T09:00:46+00:00\" \/>\n<meta property=\"article:modified_time\" content=\"2009-06-10T11:12:20+00:00\" \/>\n<meta property=\"og:image\" content=\"https:\/\/www.oarcanjo.net\/site\/wp-content\/uploads\/logo-o-arcanjo-no-ar-facebook.png\" \/>\n\t<meta property=\"og:image:width\" content=\"300\" \/>\n\t<meta property=\"og:image:height\" content=\"300\" \/>\n\t<meta property=\"og:image:type\" content=\"image\/png\" \/>\n<meta name=\"author\" content=\"editor\" \/>\n<meta name=\"twitter:card\" content=\"summary_large_image\" \/>\n<meta name=\"twitter:label1\" content=\"Escrito por\" \/>\n\t<meta name=\"twitter:data1\" content=\"editor\" \/>\n\t<meta name=\"twitter:label2\" content=\"Est. tempo de leitura\" \/>\n\t<meta name=\"twitter:data2\" content=\"4 minutos\" \/>\n<script type=\"application\/ld+json\" class=\"yoast-schema-graph\">{\"@context\":\"https:\/\/schema.org\",\"@graph\":[{\"@type\":\"Article\",\"@id\":\"https:\/\/www.oarcanjo.net\/site\/ano-sacerdotal\/#article\",\"isPartOf\":{\"@id\":\"https:\/\/www.oarcanjo.net\/site\/ano-sacerdotal\/\"},\"author\":{\"name\":\"editor\",\"@id\":\"https:\/\/www.oarcanjo.net\/site\/#\/schema\/person\/f7024d007863202483a31326673a0838\"},\"headline\":\"Ano Sacerdotal\",\"datePublished\":\"2009-06-16T09:00:46+00:00\",\"dateModified\":\"2009-06-10T11:12:20+00:00\",\"mainEntityOfPage\":{\"@id\":\"https:\/\/www.oarcanjo.net\/site\/ano-sacerdotal\/\"},\"wordCount\":716,\"commentCount\":0,\"publisher\":{\"@id\":\"https:\/\/www.oarcanjo.net\/site\/#organization\"},\"keywords\":[\"Ano Sacerdotal\",\"clero\",\"D. Claudio Hummes\",\"padre\",\"Sagrado Cora\u00e7\u00e3o de Jesus\",\"Santo Cura d'Ars\",\"S\u00e3o Jos\u00e9 Maria Vianney\"],\"articleSection\":[\"Not\u00edcias\"],\"inLanguage\":\"pt-BR\",\"potentialAction\":[{\"@type\":\"CommentAction\",\"name\":\"Comment\",\"target\":[\"https:\/\/www.oarcanjo.net\/site\/ano-sacerdotal\/#respond\"]}]},{\"@type\":\"WebPage\",\"@id\":\"https:\/\/www.oarcanjo.net\/site\/ano-sacerdotal\/\",\"url\":\"https:\/\/www.oarcanjo.net\/site\/ano-sacerdotal\/\",\"name\":\"Ano Sacerdotal - O Arcanjo no ar\",\"isPartOf\":{\"@id\":\"https:\/\/www.oarcanjo.net\/site\/#website\"},\"datePublished\":\"2009-06-16T09:00:46+00:00\",\"dateModified\":\"2009-06-10T11:12:20+00:00\",\"breadcrumb\":{\"@id\":\"https:\/\/www.oarcanjo.net\/site\/ano-sacerdotal\/#breadcrumb\"},\"inLanguage\":\"pt-BR\",\"potentialAction\":[{\"@type\":\"ReadAction\",\"target\":[\"https:\/\/www.oarcanjo.net\/site\/ano-sacerdotal\/\"]}]},{\"@type\":\"BreadcrumbList\",\"@id\":\"https:\/\/www.oarcanjo.net\/site\/ano-sacerdotal\/#breadcrumb\",\"itemListElement\":[{\"@type\":\"ListItem\",\"position\":1,\"name\":\"In\u00edcio\",\"item\":\"https:\/\/www.oarcanjo.net\/site\/\"},{\"@type\":\"ListItem\",\"position\":2,\"name\":\"Ano Sacerdotal\"}]},{\"@type\":\"WebSite\",\"@id\":\"https:\/\/www.oarcanjo.net\/site\/#website\",\"url\":\"https:\/\/www.oarcanjo.net\/site\/\",\"name\":\"O Arcanjo no ar\",\"description\":\"Site da Par\u00f3quia S\u00e3o Miguel Arcanjo (Arquidiocese de SP)\",\"publisher\":{\"@id\":\"https:\/\/www.oarcanjo.net\/site\/#organization\"},\"potentialAction\":[{\"@type\":\"SearchAction\",\"target\":{\"@type\":\"EntryPoint\",\"urlTemplate\":\"https:\/\/www.oarcanjo.net\/site\/?s={search_term_string}\"},\"query-input\":{\"@type\":\"PropertyValueSpecification\",\"valueRequired\":true,\"valueName\":\"search_term_string\"}}],\"inLanguage\":\"pt-BR\"},{\"@type\":\"Organization\",\"@id\":\"https:\/\/www.oarcanjo.net\/site\/#organization\",\"name\":\"Par\u00f3quia S\u00e3o Miguel Arcanjo\",\"url\":\"https:\/\/www.oarcanjo.net\/site\/\",\"logo\":{\"@type\":\"ImageObject\",\"inLanguage\":\"pt-BR\",\"@id\":\"https:\/\/www.oarcanjo.net\/site\/#\/schema\/logo\/image\/\",\"url\":\"https:\/\/www.oarcanjo.net\/site\/wp-content\/uploads\/LogoOArcanjo.png\",\"contentUrl\":\"https:\/\/www.oarcanjo.net\/site\/wp-content\/uploads\/LogoOArcanjo.png\",\"width\":319,\"height\":99,\"caption\":\"Par\u00f3quia S\u00e3o Miguel Arcanjo\"},\"image\":{\"@id\":\"https:\/\/www.oarcanjo.net\/site\/#\/schema\/logo\/image\/\"},\"sameAs\":[\"https:\/\/www.facebook.com\/OArcanjoNoAr\/\"]},{\"@type\":\"Person\",\"@id\":\"https:\/\/www.oarcanjo.net\/site\/#\/schema\/person\/f7024d007863202483a31326673a0838\",\"name\":\"editor\",\"sameAs\":[\"http:\/\/www.oarcanjo.net\"]}]}<\/script>\n<!-- \/ Yoast SEO plugin. -->","yoast_head_json":{"title":"Ano Sacerdotal - O Arcanjo no ar","robots":{"index":"index","follow":"follow","max-snippet":"max-snippet:-1","max-image-preview":"max-image-preview:large","max-video-preview":"max-video-preview:-1"},"canonical":"https:\/\/www.oarcanjo.net\/site\/ano-sacerdotal\/","og_locale":"pt_BR","og_type":"article","og_title":"Ano Sacerdotal - O Arcanjo no ar","og_description":"No pr\u00f3ximo dia 19 de Junho iniciaremos o Ano Sacerdotal convocado pelo Papa Bento XVI. Nesse dia celebraremos a Solenidade do Sagrado Cora\u00e7\u00e3o de Jesus que torna presente em nossas comunidades a experi\u00eancia do amor de Deus simbolizados no cora\u00e7\u00e3o que derramou todo o seu sangue por nosso amor e salva\u00e7\u00e3o. Esse \u00e9 tamb\u00e9m o [&hellip;]","og_url":"https:\/\/www.oarcanjo.net\/site\/ano-sacerdotal\/","og_site_name":"O Arcanjo no ar","article_publisher":"https:\/\/www.facebook.com\/OArcanjoNoAr\/","article_published_time":"2009-06-16T09:00:46+00:00","article_modified_time":"2009-06-10T11:12:20+00:00","og_image":[{"width":300,"height":300,"url":"https:\/\/www.oarcanjo.net\/site\/wp-content\/uploads\/logo-o-arcanjo-no-ar-facebook.png","type":"image\/png"}],"author":"editor","twitter_card":"summary_large_image","twitter_misc":{"Escrito por":"editor","Est. tempo de leitura":"4 minutos"},"schema":{"@context":"https:\/\/schema.org","@graph":[{"@type":"Article","@id":"https:\/\/www.oarcanjo.net\/site\/ano-sacerdotal\/#article","isPartOf":{"@id":"https:\/\/www.oarcanjo.net\/site\/ano-sacerdotal\/"},"author":{"name":"editor","@id":"https:\/\/www.oarcanjo.net\/site\/#\/schema\/person\/f7024d007863202483a31326673a0838"},"headline":"Ano Sacerdotal","datePublished":"2009-06-16T09:00:46+00:00","dateModified":"2009-06-10T11:12:20+00:00","mainEntityOfPage":{"@id":"https:\/\/www.oarcanjo.net\/site\/ano-sacerdotal\/"},"wordCount":716,"commentCount":0,"publisher":{"@id":"https:\/\/www.oarcanjo.net\/site\/#organization"},"keywords":["Ano Sacerdotal","clero","D. Claudio Hummes","padre","Sagrado Cora\u00e7\u00e3o de Jesus","Santo Cura d'Ars","S\u00e3o Jos\u00e9 Maria Vianney"],"articleSection":["Not\u00edcias"],"inLanguage":"pt-BR","potentialAction":[{"@type":"CommentAction","name":"Comment","target":["https:\/\/www.oarcanjo.net\/site\/ano-sacerdotal\/#respond"]}]},{"@type":"WebPage","@id":"https:\/\/www.oarcanjo.net\/site\/ano-sacerdotal\/","url":"https:\/\/www.oarcanjo.net\/site\/ano-sacerdotal\/","name":"Ano Sacerdotal - O Arcanjo no ar","isPartOf":{"@id":"https:\/\/www.oarcanjo.net\/site\/#website"},"datePublished":"2009-06-16T09:00:46+00:00","dateModified":"2009-06-10T11:12:20+00:00","breadcrumb":{"@id":"https:\/\/www.oarcanjo.net\/site\/ano-sacerdotal\/#breadcrumb"},"inLanguage":"pt-BR","potentialAction":[{"@type":"ReadAction","target":["https:\/\/www.oarcanjo.net\/site\/ano-sacerdotal\/"]}]},{"@type":"BreadcrumbList","@id":"https:\/\/www.oarcanjo.net\/site\/ano-sacerdotal\/#breadcrumb","itemListElement":[{"@type":"ListItem","position":1,"name":"In\u00edcio","item":"https:\/\/www.oarcanjo.net\/site\/"},{"@type":"ListItem","position":2,"name":"Ano Sacerdotal"}]},{"@type":"WebSite","@id":"https:\/\/www.oarcanjo.net\/site\/#website","url":"https:\/\/www.oarcanjo.net\/site\/","name":"O Arcanjo no ar","description":"Site da Par\u00f3quia S\u00e3o Miguel Arcanjo (Arquidiocese de SP)","publisher":{"@id":"https:\/\/www.oarcanjo.net\/site\/#organization"},"potentialAction":[{"@type":"SearchAction","target":{"@type":"EntryPoint","urlTemplate":"https:\/\/www.oarcanjo.net\/site\/?s={search_term_string}"},"query-input":{"@type":"PropertyValueSpecification","valueRequired":true,"valueName":"search_term_string"}}],"inLanguage":"pt-BR"},{"@type":"Organization","@id":"https:\/\/www.oarcanjo.net\/site\/#organization","name":"Par\u00f3quia S\u00e3o Miguel Arcanjo","url":"https:\/\/www.oarcanjo.net\/site\/","logo":{"@type":"ImageObject","inLanguage":"pt-BR","@id":"https:\/\/www.oarcanjo.net\/site\/#\/schema\/logo\/image\/","url":"https:\/\/www.oarcanjo.net\/site\/wp-content\/uploads\/LogoOArcanjo.png","contentUrl":"https:\/\/www.oarcanjo.net\/site\/wp-content\/uploads\/LogoOArcanjo.png","width":319,"height":99,"caption":"Par\u00f3quia S\u00e3o Miguel Arcanjo"},"image":{"@id":"https:\/\/www.oarcanjo.net\/site\/#\/schema\/logo\/image\/"},"sameAs":["https:\/\/www.facebook.com\/OArcanjoNoAr\/"]},{"@type":"Person","@id":"https:\/\/www.oarcanjo.net\/site\/#\/schema\/person\/f7024d007863202483a31326673a0838","name":"editor","sameAs":["http:\/\/www.oarcanjo.net"]}]}},"publishpress_future_action":{"enabled":false,"date":"2026-05-08 13:44:46","action":"category","newStatus":"draft","terms":[],"taxonomy":"category"},"publishpress_future_workflow_manual_trigger":{"enabledWorkflows":[]},"_links":{"self":[{"href":"https:\/\/www.oarcanjo.net\/site\/wp-json\/wp\/v2\/posts\/3880"}],"collection":[{"href":"https:\/\/www.oarcanjo.net\/site\/wp-json\/wp\/v2\/posts"}],"about":[{"href":"https:\/\/www.oarcanjo.net\/site\/wp-json\/wp\/v2\/types\/post"}],"author":[{"embeddable":true,"href":"https:\/\/www.oarcanjo.net\/site\/wp-json\/wp\/v2\/users\/5"}],"replies":[{"embeddable":true,"href":"https:\/\/www.oarcanjo.net\/site\/wp-json\/wp\/v2\/comments?post=3880"}],"version-history":[{"count":0,"href":"https:\/\/www.oarcanjo.net\/site\/wp-json\/wp\/v2\/posts\/3880\/revisions"}],"wp:attachment":[{"href":"https:\/\/www.oarcanjo.net\/site\/wp-json\/wp\/v2\/media?parent=3880"}],"wp:term":[{"taxonomy":"category","embeddable":true,"href":"https:\/\/www.oarcanjo.net\/site\/wp-json\/wp\/v2\/categories?post=3880"},{"taxonomy":"post_tag","embeddable":true,"href":"https:\/\/www.oarcanjo.net\/site\/wp-json\/wp\/v2\/tags?post=3880"}],"curies":[{"name":"wp","href":"https:\/\/api.w.org\/{rel}","templated":true}]}}