
{"id":3887,"date":"2009-06-11T07:00:57","date_gmt":"2009-06-11T10:00:57","guid":{"rendered":"http:\/\/www.oarcanjo.net\/site\/?p=3887"},"modified":"2009-06-10T08:27:11","modified_gmt":"2009-06-10T11:27:11","slug":"carolina-maria-de-jesus-literatura-e-profecia-na-favela","status":"publish","type":"post","link":"https:\/\/www.oarcanjo.net\/site\/carolina-maria-de-jesus-literatura-e-profecia-na-favela\/","title":{"rendered":"Carolina Maria de Jesus: Literatura e profecia na favela"},"content":{"rendered":"<p>Maria Clara Lucchetti Bingemer<\/p>\n<p>Carolina Maria de Jesus nasceu a 14 de Mar\u00e7o de 1914 em Sacramento, estado de Minas Gerais, cidade onde viveu sua inf\u00e2ncia e adolesc\u00eancia. Foi filha de negros que, provavelmente, migraram do Desemboque para Sacramento quando da mudan\u00e7a da economia da extra\u00e7\u00e3o de ouro para as atividades agropecu\u00e1rias.<\/p>\n<p>Carolina n\u00e3o se casou e foi m\u00e3e de tr\u00eas filhos: Jo\u00e3o Jos\u00e9 de Jesus, Jos\u00e9 Carlos de Jesus e Vera Eunice de Jesus Lima. Migrou para S\u00e3o Paulo em 1947, em busca de vida melhor, indo morar na extinta favela do Canind\u00e9, na zona norte da cidade. A\u00ed trabalhou como dom\u00e9stica, n\u00e3o se adaptando, contudo, a esse tipo de trabalho. Passou a trabalhar como catadora de papel, trabalho que realizou at\u00e9 sua morte. Faleceu em 13 de Fevereiro de 1977, com 62 anos de idade e foi sepultada no Cemit\u00e9rio da Vila Cip\u00f3, cerca de 40 km do centro de S\u00e3o Paulo. <\/p>\n<p>Quem l\u00ea a escrita sens\u00edvel e po\u00e9tica de Carolina n\u00e3o imagina como sua escolaridade formal foi parca e lutada. Foi matriculada em 1923, no Col\u00e9gio Allan Kardec, primeiro Col\u00e9gio Esp\u00edrita do Brasil. Foi mantida no col\u00e9gio gra\u00e7as \u00e0 generosidade de uma benfeitora, a senhora Maria Leite Monteiro de Barros, para quem a m\u00e3e de Carolina trabalhava como lavadeira. No Col\u00e9gio Allan Kardec Carolina estudou pouco mais de dois anos. Toda sua educa\u00e7\u00e3o formal na leitura e escrita adv\u00e9m deste pouco tempo de estudos.<\/p>\n<p>At\u00e9 aqui, temos uma hist\u00f3ria que poderia ser a de qualquer outra mulher brasileira pobre: negra, semi-alfabetizada, favelada, como tantas que existem pelo Brasil afora, n\u00e3o fosse por um detalhe \u2013 a paix\u00e3o de Carolina Maria de Jesus pela leitura e pela escrita. Isso fez toda a diferen\u00e7a em sua vida. Carolina dividia seu tempo entre catar papel, cuidar dos filhos e escrever. E sua escrita acabou sendo documento importante e parte fundamental da literatura de den\u00fancia feita pela mulher, objeto de estudo e pesquisa por todos aqueles que desejam conhecer o verdadeiro Brasil que se esconde atrav\u00e9s das fachadas das elites. <\/p>\n<p>Al\u00e9m de <em>Quarto de Despejo<\/em>, Carolina tamb\u00e9m publicou <em>Casa de Alvenaria<\/em> (1961), <em>Prov\u00e9rbios e Peda\u00e7os da fome<\/em> (1963) e <em>Di\u00e1rio de Bitita<\/em> (publica\u00e7\u00e3o p\u00f3stuma, realizada em 1982, pela editora francesa A. M. M\u00e9taili\u00e9). H\u00e1 ind\u00edcios, na prosa da escritora, de que ela teria tido acesso a obras de grandes escritores brasileiros, provavelmente nas casas em que trabalhou, o que explicaria as men\u00e7\u00f5es em suas obras a poetas como Casimiro de Abreu e Castro Alves. Em seus livros, Carolina alterna incorre\u00e7\u00f5es ortogr\u00e1ficas, sint\u00e1ticas e de pontua\u00e7\u00e3o \u2013 reflexos da linguagem oral e da alfabetiza\u00e7\u00e3o deficiente \u2013 com o emprego correto de termos espec\u00edficos da linguagem escrita culta. <\/p>\n<p>Outro tra\u00e7o particular da escrita de Carolina Maria de Jesus \u00e9 sua consci\u00eancia pol\u00edtica e social. Passagens de seus livros mostram que a escritora estava sempre informada do que acontecia n\u00e3o s\u00f3 em S\u00e3o Paulo, mas tamb\u00e9m em outros Estados, provavelmente por meio de not\u00edcias lidas em jornais que via nas bancas. <\/p>\n<p>A obra mais conhecida, com tiragem inicial de dez mil exemplares esgotados na primeira semana e traduzida em 14 idiomas nos \u00faltimos 35 anos, \u00e9 <em>Quarto de Despejo<\/em>. Lan\u00e7ado pela Livraria Francisco Alves em agosto de 1960 e editado oito vezes no mesmo ano, <em>Quarto de Despejo<\/em> teve mais de 70 mil exemplares vendidos na \u00e9poca, quando para se considerar uma publica\u00e7\u00e3o de sucesso, era preciso alcan\u00e7ar a margem de, aproximadamente, quatro mil exemplares. Nos cinco anos seguintes, <em>Quarto de Despejo<\/em> alcan\u00e7ou mais de 40 pa\u00edses, como Dinamarca, Holanda, Argentina, Fran\u00e7a, Alemanha, Su\u00e9cia, It\u00e1lia, Tchecoslov\u00e1quia, Rom\u00eania, Inglaterra, Estados Unidos, R\u00fassia, Jap\u00e3o, Pol\u00f4nia, Hungria e Cuba.<\/p>\n<p>Carolina n\u00e3o era alienada. Tinha consci\u00eancia de sua condi\u00e7\u00e3o e da injusti\u00e7a que lhe fazia levar aquela vida. Em seu di\u00e1rio escrevia: \u201cHoje em dia quem nasce e suporta a vida at\u00e9 a morte deve ser considerado her\u00f3i.\u201d Desanimo, desespero, tenta\u00e7\u00e3o de suic\u00eddio, tudo isso rondou Carolina durante sua vida. Mas tamb\u00e9m se pode ver em seu livro que Deus n\u00e3o a abandona e continua a dar-lhe coragem para a luta de cada dia. E mesmo a deslumbra com sonhos e vis\u00f5es encantadas que lhe aquecem a alma po\u00e9tica.<\/p>\n<p>Por isso se podem ver em seu di\u00e1rio trechos como este, do dia 2 de setembro: <\/p>\n<p>&#8220;&#8230;Eu durmi. E tive um sonho maravilhoso. Sonhei que eu era um anjo. Meu vistido era amplo. Mangas longas c\u00f4r de rosa. Eu ia da terra para o c\u00e9u. E pegava as estrelas na m\u00e3o para contempl\u00e1-las. Conversar com as estrelas. Elas organisaram um espetaculo para homenagear-me. Dan\u00e7avam ao meu redor e formavam um risco luminoso. <\/p>\n<p>Quando despertei pensei: eu sou t\u00e3o pobre. N\u00e3o posso ir num espetaculo, por isso Deus envia-me estes sonhos deslumbrantes para minh&#8217;alma dolorida. Ao Deus que me proteje, envio os meus agradecimentos.&#8221;<\/p>\n<p>Aguerrida, Carolina em meio a seu indiz\u00edvel sofrimento, mantinha a esperan\u00e7a. Sonhava com o dia em que seu pa\u00eds, seu povo, iam melhorar. E produzia escrita prof\u00e9tica. Prova disso \u00e9 o que escreve em seu di\u00e1rio: \u201cO Brasil precisa ser dirigido por uma pessoa que j\u00e1 passou fome. A fome tamb\u00e9m \u00e9 professora. Quem passa fome aprende a pensar no proximo, e nas crian\u00e7as.\u201d<\/p>\n<p>Ela morreu tr\u00eas anos antes da funda\u00e7\u00e3o do PT e mais de vinte anos antes de ver um oper\u00e1rio retirante, que passou fome na inf\u00e2ncia, ganhar pelo voto a Presid\u00eancia da Rep\u00fablica e ser reeleito para um segundo mandato.<\/p>\n<p>Que diria hoje Carolina, no final do segundo mandato do governo Lula? O que escreveria em seu di\u00e1rio?<\/p>\n<div id=\"themify_builder_content-3887\" data-postid=\"3887\" class=\"themify_builder_content themify_builder_content-3887 themify_builder themify_builder_front\">\n\t<\/div>\n<!-- \/themify_builder_content -->","protected":false},"excerpt":{"rendered":"<p>Maria Clara Lucchetti Bingemer Carolina Maria de Jesus nasceu a 14 de Mar\u00e7o de 1914 em Sacramento, estado de Minas Gerais, cidade onde viveu sua inf\u00e2ncia e adolesc\u00eancia. Foi filha de negros que, provavelmente, migraram do Desemboque para Sacramento quando da mudan\u00e7a da economia da extra\u00e7\u00e3o de ouro para as atividades agropecu\u00e1rias. Carolina n\u00e3o se [&hellip;]<\/p>\n","protected":false},"author":5,"featured_media":0,"comment_status":"open","ping_status":"open","sticky":false,"template":"","format":"standard","meta":{"ngg_post_thumbnail":0,"footnotes":""},"categories":[9],"tags":[816,38,307,817],"yoast_head":"<!-- This site is optimized with the Yoast SEO plugin v23.5 - https:\/\/yoast.com\/wordpress\/plugins\/seo\/ -->\n<title>Carolina Maria de Jesus: Literatura e profecia na favela - O Arcanjo no ar<\/title>\n<meta name=\"robots\" content=\"index, follow, max-snippet:-1, max-image-preview:large, max-video-preview:-1\" \/>\n<link rel=\"canonical\" href=\"https:\/\/www.oarcanjo.net\/site\/carolina-maria-de-jesus-literatura-e-profecia-na-favela\/\" \/>\n<meta property=\"og:locale\" content=\"pt_BR\" \/>\n<meta property=\"og:type\" content=\"article\" \/>\n<meta property=\"og:title\" content=\"Carolina Maria de Jesus: Literatura e profecia na favela - O Arcanjo no ar\" \/>\n<meta property=\"og:description\" content=\"Maria Clara Lucchetti Bingemer Carolina Maria de Jesus nasceu a 14 de Mar\u00e7o de 1914 em Sacramento, estado de Minas Gerais, cidade onde viveu sua inf\u00e2ncia e adolesc\u00eancia. Foi filha de negros que, provavelmente, migraram do Desemboque para Sacramento quando da mudan\u00e7a da economia da extra\u00e7\u00e3o de ouro para as atividades agropecu\u00e1rias. Carolina n\u00e3o se [&hellip;]\" \/>\n<meta property=\"og:url\" content=\"https:\/\/www.oarcanjo.net\/site\/carolina-maria-de-jesus-literatura-e-profecia-na-favela\/\" \/>\n<meta property=\"og:site_name\" content=\"O Arcanjo no ar\" \/>\n<meta property=\"article:publisher\" content=\"https:\/\/www.facebook.com\/OArcanjoNoAr\/\" \/>\n<meta property=\"article:published_time\" content=\"2009-06-11T10:00:57+00:00\" \/>\n<meta property=\"article:modified_time\" content=\"2009-06-10T11:27:11+00:00\" \/>\n<meta property=\"og:image\" content=\"https:\/\/www.oarcanjo.net\/site\/wp-content\/uploads\/logo-o-arcanjo-no-ar-facebook.png\" \/>\n\t<meta property=\"og:image:width\" content=\"300\" \/>\n\t<meta property=\"og:image:height\" content=\"300\" \/>\n\t<meta property=\"og:image:type\" content=\"image\/png\" \/>\n<meta name=\"author\" content=\"editor\" \/>\n<meta name=\"twitter:card\" content=\"summary_large_image\" \/>\n<meta name=\"twitter:label1\" content=\"Escrito por\" \/>\n\t<meta name=\"twitter:data1\" content=\"editor\" \/>\n\t<meta name=\"twitter:label2\" content=\"Est. tempo de leitura\" \/>\n\t<meta name=\"twitter:data2\" content=\"5 minutos\" \/>\n<script type=\"application\/ld+json\" class=\"yoast-schema-graph\">{\"@context\":\"https:\/\/schema.org\",\"@graph\":[{\"@type\":\"Article\",\"@id\":\"https:\/\/www.oarcanjo.net\/site\/carolina-maria-de-jesus-literatura-e-profecia-na-favela\/#article\",\"isPartOf\":{\"@id\":\"https:\/\/www.oarcanjo.net\/site\/carolina-maria-de-jesus-literatura-e-profecia-na-favela\/\"},\"author\":{\"name\":\"editor\",\"@id\":\"https:\/\/www.oarcanjo.net\/site\/#\/schema\/person\/f7024d007863202483a31326673a0838\"},\"headline\":\"Carolina Maria de Jesus: Literatura e profecia na favela\",\"datePublished\":\"2009-06-11T10:00:57+00:00\",\"dateModified\":\"2009-06-10T11:27:11+00:00\",\"mainEntityOfPage\":{\"@id\":\"https:\/\/www.oarcanjo.net\/site\/carolina-maria-de-jesus-literatura-e-profecia-na-favela\/\"},\"wordCount\":1002,\"commentCount\":0,\"publisher\":{\"@id\":\"https:\/\/www.oarcanjo.net\/site\/#organization\"},\"keywords\":[\"Carolina Maria de Jesus\",\"fome\",\"mulher\",\"Quarto de Despejo\"],\"articleSection\":[\"Reflex\u00f5es\"],\"inLanguage\":\"pt-BR\",\"potentialAction\":[{\"@type\":\"CommentAction\",\"name\":\"Comment\",\"target\":[\"https:\/\/www.oarcanjo.net\/site\/carolina-maria-de-jesus-literatura-e-profecia-na-favela\/#respond\"]}]},{\"@type\":\"WebPage\",\"@id\":\"https:\/\/www.oarcanjo.net\/site\/carolina-maria-de-jesus-literatura-e-profecia-na-favela\/\",\"url\":\"https:\/\/www.oarcanjo.net\/site\/carolina-maria-de-jesus-literatura-e-profecia-na-favela\/\",\"name\":\"Carolina Maria de Jesus: Literatura e profecia na favela - O Arcanjo no ar\",\"isPartOf\":{\"@id\":\"https:\/\/www.oarcanjo.net\/site\/#website\"},\"datePublished\":\"2009-06-11T10:00:57+00:00\",\"dateModified\":\"2009-06-10T11:27:11+00:00\",\"breadcrumb\":{\"@id\":\"https:\/\/www.oarcanjo.net\/site\/carolina-maria-de-jesus-literatura-e-profecia-na-favela\/#breadcrumb\"},\"inLanguage\":\"pt-BR\",\"potentialAction\":[{\"@type\":\"ReadAction\",\"target\":[\"https:\/\/www.oarcanjo.net\/site\/carolina-maria-de-jesus-literatura-e-profecia-na-favela\/\"]}]},{\"@type\":\"BreadcrumbList\",\"@id\":\"https:\/\/www.oarcanjo.net\/site\/carolina-maria-de-jesus-literatura-e-profecia-na-favela\/#breadcrumb\",\"itemListElement\":[{\"@type\":\"ListItem\",\"position\":1,\"name\":\"In\u00edcio\",\"item\":\"https:\/\/www.oarcanjo.net\/site\/\"},{\"@type\":\"ListItem\",\"position\":2,\"name\":\"Carolina Maria de Jesus: Literatura e profecia na favela\"}]},{\"@type\":\"WebSite\",\"@id\":\"https:\/\/www.oarcanjo.net\/site\/#website\",\"url\":\"https:\/\/www.oarcanjo.net\/site\/\",\"name\":\"O Arcanjo no ar\",\"description\":\"Site da Par\u00f3quia S\u00e3o Miguel Arcanjo (Arquidiocese de SP)\",\"publisher\":{\"@id\":\"https:\/\/www.oarcanjo.net\/site\/#organization\"},\"potentialAction\":[{\"@type\":\"SearchAction\",\"target\":{\"@type\":\"EntryPoint\",\"urlTemplate\":\"https:\/\/www.oarcanjo.net\/site\/?s={search_term_string}\"},\"query-input\":{\"@type\":\"PropertyValueSpecification\",\"valueRequired\":true,\"valueName\":\"search_term_string\"}}],\"inLanguage\":\"pt-BR\"},{\"@type\":\"Organization\",\"@id\":\"https:\/\/www.oarcanjo.net\/site\/#organization\",\"name\":\"Par\u00f3quia S\u00e3o Miguel Arcanjo\",\"url\":\"https:\/\/www.oarcanjo.net\/site\/\",\"logo\":{\"@type\":\"ImageObject\",\"inLanguage\":\"pt-BR\",\"@id\":\"https:\/\/www.oarcanjo.net\/site\/#\/schema\/logo\/image\/\",\"url\":\"https:\/\/www.oarcanjo.net\/site\/wp-content\/uploads\/LogoOArcanjo.png\",\"contentUrl\":\"https:\/\/www.oarcanjo.net\/site\/wp-content\/uploads\/LogoOArcanjo.png\",\"width\":319,\"height\":99,\"caption\":\"Par\u00f3quia S\u00e3o Miguel Arcanjo\"},\"image\":{\"@id\":\"https:\/\/www.oarcanjo.net\/site\/#\/schema\/logo\/image\/\"},\"sameAs\":[\"https:\/\/www.facebook.com\/OArcanjoNoAr\/\"]},{\"@type\":\"Person\",\"@id\":\"https:\/\/www.oarcanjo.net\/site\/#\/schema\/person\/f7024d007863202483a31326673a0838\",\"name\":\"editor\",\"sameAs\":[\"http:\/\/www.oarcanjo.net\"]}]}<\/script>\n<!-- \/ Yoast SEO plugin. -->","yoast_head_json":{"title":"Carolina Maria de Jesus: Literatura e profecia na favela - O Arcanjo no ar","robots":{"index":"index","follow":"follow","max-snippet":"max-snippet:-1","max-image-preview":"max-image-preview:large","max-video-preview":"max-video-preview:-1"},"canonical":"https:\/\/www.oarcanjo.net\/site\/carolina-maria-de-jesus-literatura-e-profecia-na-favela\/","og_locale":"pt_BR","og_type":"article","og_title":"Carolina Maria de Jesus: Literatura e profecia na favela - O Arcanjo no ar","og_description":"Maria Clara Lucchetti Bingemer Carolina Maria de Jesus nasceu a 14 de Mar\u00e7o de 1914 em Sacramento, estado de Minas Gerais, cidade onde viveu sua inf\u00e2ncia e adolesc\u00eancia. Foi filha de negros que, provavelmente, migraram do Desemboque para Sacramento quando da mudan\u00e7a da economia da extra\u00e7\u00e3o de ouro para as atividades agropecu\u00e1rias. Carolina n\u00e3o se [&hellip;]","og_url":"https:\/\/www.oarcanjo.net\/site\/carolina-maria-de-jesus-literatura-e-profecia-na-favela\/","og_site_name":"O Arcanjo no ar","article_publisher":"https:\/\/www.facebook.com\/OArcanjoNoAr\/","article_published_time":"2009-06-11T10:00:57+00:00","article_modified_time":"2009-06-10T11:27:11+00:00","og_image":[{"width":300,"height":300,"url":"https:\/\/www.oarcanjo.net\/site\/wp-content\/uploads\/logo-o-arcanjo-no-ar-facebook.png","type":"image\/png"}],"author":"editor","twitter_card":"summary_large_image","twitter_misc":{"Escrito por":"editor","Est. tempo de leitura":"5 minutos"},"schema":{"@context":"https:\/\/schema.org","@graph":[{"@type":"Article","@id":"https:\/\/www.oarcanjo.net\/site\/carolina-maria-de-jesus-literatura-e-profecia-na-favela\/#article","isPartOf":{"@id":"https:\/\/www.oarcanjo.net\/site\/carolina-maria-de-jesus-literatura-e-profecia-na-favela\/"},"author":{"name":"editor","@id":"https:\/\/www.oarcanjo.net\/site\/#\/schema\/person\/f7024d007863202483a31326673a0838"},"headline":"Carolina Maria de Jesus: Literatura e profecia na favela","datePublished":"2009-06-11T10:00:57+00:00","dateModified":"2009-06-10T11:27:11+00:00","mainEntityOfPage":{"@id":"https:\/\/www.oarcanjo.net\/site\/carolina-maria-de-jesus-literatura-e-profecia-na-favela\/"},"wordCount":1002,"commentCount":0,"publisher":{"@id":"https:\/\/www.oarcanjo.net\/site\/#organization"},"keywords":["Carolina Maria de Jesus","fome","mulher","Quarto de Despejo"],"articleSection":["Reflex\u00f5es"],"inLanguage":"pt-BR","potentialAction":[{"@type":"CommentAction","name":"Comment","target":["https:\/\/www.oarcanjo.net\/site\/carolina-maria-de-jesus-literatura-e-profecia-na-favela\/#respond"]}]},{"@type":"WebPage","@id":"https:\/\/www.oarcanjo.net\/site\/carolina-maria-de-jesus-literatura-e-profecia-na-favela\/","url":"https:\/\/www.oarcanjo.net\/site\/carolina-maria-de-jesus-literatura-e-profecia-na-favela\/","name":"Carolina Maria de Jesus: Literatura e profecia na favela - O Arcanjo no ar","isPartOf":{"@id":"https:\/\/www.oarcanjo.net\/site\/#website"},"datePublished":"2009-06-11T10:00:57+00:00","dateModified":"2009-06-10T11:27:11+00:00","breadcrumb":{"@id":"https:\/\/www.oarcanjo.net\/site\/carolina-maria-de-jesus-literatura-e-profecia-na-favela\/#breadcrumb"},"inLanguage":"pt-BR","potentialAction":[{"@type":"ReadAction","target":["https:\/\/www.oarcanjo.net\/site\/carolina-maria-de-jesus-literatura-e-profecia-na-favela\/"]}]},{"@type":"BreadcrumbList","@id":"https:\/\/www.oarcanjo.net\/site\/carolina-maria-de-jesus-literatura-e-profecia-na-favela\/#breadcrumb","itemListElement":[{"@type":"ListItem","position":1,"name":"In\u00edcio","item":"https:\/\/www.oarcanjo.net\/site\/"},{"@type":"ListItem","position":2,"name":"Carolina Maria de Jesus: Literatura e profecia na favela"}]},{"@type":"WebSite","@id":"https:\/\/www.oarcanjo.net\/site\/#website","url":"https:\/\/www.oarcanjo.net\/site\/","name":"O Arcanjo no ar","description":"Site da Par\u00f3quia S\u00e3o Miguel Arcanjo (Arquidiocese de SP)","publisher":{"@id":"https:\/\/www.oarcanjo.net\/site\/#organization"},"potentialAction":[{"@type":"SearchAction","target":{"@type":"EntryPoint","urlTemplate":"https:\/\/www.oarcanjo.net\/site\/?s={search_term_string}"},"query-input":{"@type":"PropertyValueSpecification","valueRequired":true,"valueName":"search_term_string"}}],"inLanguage":"pt-BR"},{"@type":"Organization","@id":"https:\/\/www.oarcanjo.net\/site\/#organization","name":"Par\u00f3quia S\u00e3o Miguel Arcanjo","url":"https:\/\/www.oarcanjo.net\/site\/","logo":{"@type":"ImageObject","inLanguage":"pt-BR","@id":"https:\/\/www.oarcanjo.net\/site\/#\/schema\/logo\/image\/","url":"https:\/\/www.oarcanjo.net\/site\/wp-content\/uploads\/LogoOArcanjo.png","contentUrl":"https:\/\/www.oarcanjo.net\/site\/wp-content\/uploads\/LogoOArcanjo.png","width":319,"height":99,"caption":"Par\u00f3quia S\u00e3o Miguel Arcanjo"},"image":{"@id":"https:\/\/www.oarcanjo.net\/site\/#\/schema\/logo\/image\/"},"sameAs":["https:\/\/www.facebook.com\/OArcanjoNoAr\/"]},{"@type":"Person","@id":"https:\/\/www.oarcanjo.net\/site\/#\/schema\/person\/f7024d007863202483a31326673a0838","name":"editor","sameAs":["http:\/\/www.oarcanjo.net"]}]}},"publishpress_future_action":{"enabled":false,"date":"2026-05-08 19:33:38","action":"category","newStatus":"draft","terms":[],"taxonomy":"category"},"publishpress_future_workflow_manual_trigger":{"enabledWorkflows":[]},"_links":{"self":[{"href":"https:\/\/www.oarcanjo.net\/site\/wp-json\/wp\/v2\/posts\/3887"}],"collection":[{"href":"https:\/\/www.oarcanjo.net\/site\/wp-json\/wp\/v2\/posts"}],"about":[{"href":"https:\/\/www.oarcanjo.net\/site\/wp-json\/wp\/v2\/types\/post"}],"author":[{"embeddable":true,"href":"https:\/\/www.oarcanjo.net\/site\/wp-json\/wp\/v2\/users\/5"}],"replies":[{"embeddable":true,"href":"https:\/\/www.oarcanjo.net\/site\/wp-json\/wp\/v2\/comments?post=3887"}],"version-history":[{"count":0,"href":"https:\/\/www.oarcanjo.net\/site\/wp-json\/wp\/v2\/posts\/3887\/revisions"}],"wp:attachment":[{"href":"https:\/\/www.oarcanjo.net\/site\/wp-json\/wp\/v2\/media?parent=3887"}],"wp:term":[{"taxonomy":"category","embeddable":true,"href":"https:\/\/www.oarcanjo.net\/site\/wp-json\/wp\/v2\/categories?post=3887"},{"taxonomy":"post_tag","embeddable":true,"href":"https:\/\/www.oarcanjo.net\/site\/wp-json\/wp\/v2\/tags?post=3887"}],"curies":[{"name":"wp","href":"https:\/\/api.w.org\/{rel}","templated":true}]}}