
{"id":391,"date":"2008-10-19T11:41:44","date_gmt":"2008-10-19T14:41:44","guid":{"rendered":"http:\/\/www.oarcanjo.net\/site\/?p=391"},"modified":"2008-10-19T11:41:44","modified_gmt":"2008-10-19T14:41:44","slug":"as-harmonias-do-pai-nosso","status":"publish","type":"post","link":"https:\/\/www.oarcanjo.net\/site\/as-harmonias-do-pai-nosso\/","title":{"rendered":"As harmonias do Pai Nosso"},"content":{"rendered":"<p>Ant\u00f4nio Mesquita Galv\u00e3o *<\/p>\n<p>A ora\u00e7\u00e3o do Pai Nosso, no dizer de Santo Afonso de Lig\u00f3rio, o &#8220;doutor da ora\u00e7\u00e3o&#8221;, \u00e9 a s\u00edntese de toda a revela\u00e7\u00e3o crist\u00e3. Contido nos evangelhos de Mateus e Lucas, ele repre-senta uma das mais antigas formas crist\u00e3s de comunica\u00e7\u00e3o com Deus, quando Jesus ensina seus disc\u00edpulos e, por extens\u00e3o, toda a Igreja, a chamar seu pai de &#8220;Nosso Pai&#8221;.<\/p>\n<p>Tido como ora\u00e7\u00e3o de liberta\u00e7\u00e3o (Boff), conjunto harm\u00f4nico (Sciadini), di\u00e1logo filial (Mesters), luz (Larra\u00f1aga), o Pai Nosso enquanto revela a pequenez humana e a grandeza de Deus, desvela nossa disponibilidade e a generosidade do Criador, numa simbiose da terra com o c\u00e9u, do humano com o divino, do finito com o sobrenatural.<\/p>\n<p>Se formos olhar bem, com os olhos do cora\u00e7\u00e3o e do esp\u00edrito ungido pelo Entendimento, com os quais se v\u00ea o essencial, veremos que essa ora\u00e7\u00e3o cont\u00e9m uma doxologia e sete pedidos. A doxologia de invoca\u00e7\u00e3o (hino de gl\u00f3ria) est\u00e1 na abertura: &#8220;Pai Nosso, que est\u00e1s no c\u00e9u&#8230;&#8221;. Os sete pedidos, n\u00f3s poder\u00edamos dividir em dois grupos; tr\u00eas endere\u00e7ados \u00e0s necessidades espirituais e quatro \u00e0s materiais. Tr\u00eas \u00e9 o n\u00famero divino da Trindade e quatro \u00e9 o n\u00famero humano dos elementos f\u00edsicos (terra, \u00e1gua, fogo e ar) e a soma, sete, retrata a perfei\u00e7\u00e3o.<\/p>\n<p>Nos primeiros pedidos, na ordem sobrenatural, temos &#8220;Santificado seja o teu nome&#8221;, &#8220;&#8230;venha o teu Reino&#8221; (e que venha!) &#8220;&#8230; assim na terra como no c\u00e9u&#8221;. A segunda parte refere-se \u00e0s necessidades de nossa vida. Se tivermos f\u00e9 na realiza\u00e7\u00e3o do primeiro conjunto de pedidos, o segundo torna-se uma conseq\u00fc\u00eancia natural: &#8220;o p\u00e3o nosso (cotidiano) d\u00e1-nos hoje&#8221;,&#8221;&#8230;perdoa nossas d\u00edvidas (pecados, ofensas, omiss\u00f5es) assim como n\u00f3s costumamos perdoar&#8221;, &#8220;&#8230; n\u00e3o nos deixa cair em tenta\u00e7\u00e3o (naquelas que lutamos por evitar)&#8221; e &#8220;&#8230; livra-nos de todos os males&#8221;. Os cat\u00f3licos encerram com o &#8220;am\u00e9m&#8221; que, derivado do &#8220;emmet&#8221;, hebraico, quer dizer, eu creio; \u00e9 verdade; por certo!<\/p>\n<p>Os irm\u00e3os protestantes e pentecostais usam a doxologia luterana: &#8220;Pois teu \u00e9 o reino, o poder e a gl\u00f3ria para sempre&#8221;. Nos eixos p\u00e3o-e-perd\u00e3o flui a ess\u00eancia do cristianismo. S\u00f3 podemos dizer &#8220;Pai Nosso&#8221; se temos a generosidade de fazer circular o &#8220;p\u00e3o nosso&#8221; (e n\u00e3o s\u00f3 o meu). S\u00f3 tem o direito de chamar a Deus de Pai quem tem a coragem de chamar o pr\u00f3ximo de irm\u00e3o, partilhando fraternalmente, com ele. No terreno teol\u00f3gico, a ora\u00e7\u00e3o gira entre dois eixos: a espiritualidade e a solidariedade, onde nenhum desses valores pode ocorrer divorciado do outro. Quem cr\u00ea partilha; quem reparte os bens, o faz pela inspira\u00e7\u00e3o do Esp\u00edrito. \u00c9 imposs\u00edvel dissociar o desejo espiritual com a a\u00e7\u00e3o material.<\/p>\n<p>Perdoar \u00e9 um ato divino que Deus nos inspira. Seremos perdoados assim como costumamos perdoar, ou seja, quem n\u00e3o souber perdoar, talvez n\u00e3o seja perdoado. Outra exig\u00eancia que vem embutida na ess\u00eancia do &#8220;Pai Nosso&#8221; \u00e9 a partilha do p\u00e3o. Quem acumula, enriquece ilicitamente e n\u00e3o tem olhos para a mis\u00e9ria dos outros, a esse deveria ser vetada a ora\u00e7\u00e3o ao Pai que o Filho nos ensinou. <\/p>\n<p>\u00c9 pena que muitos saibam rezar o Pai Nosso, mas nem todos consigam viv\u00ea-lo em plenitude. Para uns \u00e9 harmonia e perfei\u00e7\u00e3o, para outros incoer\u00eancia e amea\u00e7a.<\/p>\n<p>* Doutor em Teologia Moral<\/p>\n<div id=\"themify_builder_content-391\" data-postid=\"391\" class=\"themify_builder_content themify_builder_content-391 themify_builder themify_builder_front\">\n\t<\/div>\n<!-- \/themify_builder_content -->","protected":false},"excerpt":{"rendered":"<p>Ant\u00f4nio Mesquita Galv\u00e3o * A ora\u00e7\u00e3o do Pai Nosso, no dizer de Santo Afonso de Lig\u00f3rio, o &#8220;doutor da ora\u00e7\u00e3o&#8221;, \u00e9 a s\u00edntese de toda a revela\u00e7\u00e3o crist\u00e3. Contido nos evangelhos de Mateus e Lucas, ele repre-senta uma das mais antigas formas crist\u00e3s de comunica\u00e7\u00e3o com Deus, quando Jesus ensina seus disc\u00edpulos e, por extens\u00e3o, [&hellip;]<\/p>\n","protected":false},"author":5,"featured_media":0,"comment_status":"open","ping_status":"open","sticky":false,"template":"","format":"standard","meta":{"ngg_post_thumbnail":0,"footnotes":""},"categories":[6],"tags":[55,56,15,54],"yoast_head":"<!-- This site is optimized with the Yoast SEO plugin v23.5 - https:\/\/yoast.com\/wordpress\/plugins\/seo\/ -->\n<title>As harmonias do Pai Nosso - O Arcanjo no ar<\/title>\n<meta name=\"robots\" content=\"index, follow, max-snippet:-1, max-image-preview:large, max-video-preview:-1\" \/>\n<link rel=\"canonical\" href=\"https:\/\/www.oarcanjo.net\/site\/as-harmonias-do-pai-nosso\/\" \/>\n<meta property=\"og:locale\" content=\"pt_BR\" \/>\n<meta property=\"og:type\" content=\"article\" \/>\n<meta property=\"og:title\" content=\"As harmonias do Pai Nosso - O Arcanjo no ar\" \/>\n<meta property=\"og:description\" content=\"Ant\u00f4nio Mesquita Galv\u00e3o * A ora\u00e7\u00e3o do Pai Nosso, no dizer de Santo Afonso de Lig\u00f3rio, o &#8220;doutor da ora\u00e7\u00e3o&#8221;, \u00e9 a s\u00edntese de toda a revela\u00e7\u00e3o crist\u00e3. Contido nos evangelhos de Mateus e Lucas, ele repre-senta uma das mais antigas formas crist\u00e3s de comunica\u00e7\u00e3o com Deus, quando Jesus ensina seus disc\u00edpulos e, por extens\u00e3o, [&hellip;]\" \/>\n<meta property=\"og:url\" content=\"https:\/\/www.oarcanjo.net\/site\/as-harmonias-do-pai-nosso\/\" \/>\n<meta property=\"og:site_name\" content=\"O Arcanjo no ar\" \/>\n<meta property=\"article:publisher\" content=\"https:\/\/www.facebook.com\/OArcanjoNoAr\/\" \/>\n<meta property=\"article:published_time\" content=\"2008-10-19T14:41:44+00:00\" \/>\n<meta property=\"og:image\" content=\"https:\/\/www.oarcanjo.net\/site\/wp-content\/uploads\/logo-o-arcanjo-no-ar-facebook.png\" \/>\n\t<meta property=\"og:image:width\" content=\"300\" \/>\n\t<meta property=\"og:image:height\" content=\"300\" \/>\n\t<meta property=\"og:image:type\" content=\"image\/png\" \/>\n<meta name=\"author\" content=\"editor\" \/>\n<meta name=\"twitter:card\" content=\"summary_large_image\" \/>\n<meta name=\"twitter:label1\" content=\"Escrito por\" \/>\n\t<meta name=\"twitter:data1\" content=\"editor\" \/>\n\t<meta name=\"twitter:label2\" content=\"Est. tempo de leitura\" \/>\n\t<meta name=\"twitter:data2\" content=\"3 minutos\" \/>\n<script type=\"application\/ld+json\" class=\"yoast-schema-graph\">{\"@context\":\"https:\/\/schema.org\",\"@graph\":[{\"@type\":\"Article\",\"@id\":\"https:\/\/www.oarcanjo.net\/site\/as-harmonias-do-pai-nosso\/#article\",\"isPartOf\":{\"@id\":\"https:\/\/www.oarcanjo.net\/site\/as-harmonias-do-pai-nosso\/\"},\"author\":{\"name\":\"editor\",\"@id\":\"https:\/\/www.oarcanjo.net\/site\/#\/schema\/person\/f7024d007863202483a31326673a0838\"},\"headline\":\"As harmonias do Pai Nosso\",\"datePublished\":\"2008-10-19T14:41:44+00:00\",\"dateModified\":\"2008-10-19T14:41:44+00:00\",\"mainEntityOfPage\":{\"@id\":\"https:\/\/www.oarcanjo.net\/site\/as-harmonias-do-pai-nosso\/\"},\"wordCount\":598,\"commentCount\":2,\"publisher\":{\"@id\":\"https:\/\/www.oarcanjo.net\/site\/#organization\"},\"keywords\":[\"espiritual\",\"material\",\"pai nosso\",\"partilha\"],\"articleSection\":[\"Ora\u00e7\u00f5es\"],\"inLanguage\":\"pt-BR\",\"potentialAction\":[{\"@type\":\"CommentAction\",\"name\":\"Comment\",\"target\":[\"https:\/\/www.oarcanjo.net\/site\/as-harmonias-do-pai-nosso\/#respond\"]}]},{\"@type\":\"WebPage\",\"@id\":\"https:\/\/www.oarcanjo.net\/site\/as-harmonias-do-pai-nosso\/\",\"url\":\"https:\/\/www.oarcanjo.net\/site\/as-harmonias-do-pai-nosso\/\",\"name\":\"As harmonias do Pai Nosso - O Arcanjo no ar\",\"isPartOf\":{\"@id\":\"https:\/\/www.oarcanjo.net\/site\/#website\"},\"datePublished\":\"2008-10-19T14:41:44+00:00\",\"dateModified\":\"2008-10-19T14:41:44+00:00\",\"breadcrumb\":{\"@id\":\"https:\/\/www.oarcanjo.net\/site\/as-harmonias-do-pai-nosso\/#breadcrumb\"},\"inLanguage\":\"pt-BR\",\"potentialAction\":[{\"@type\":\"ReadAction\",\"target\":[\"https:\/\/www.oarcanjo.net\/site\/as-harmonias-do-pai-nosso\/\"]}]},{\"@type\":\"BreadcrumbList\",\"@id\":\"https:\/\/www.oarcanjo.net\/site\/as-harmonias-do-pai-nosso\/#breadcrumb\",\"itemListElement\":[{\"@type\":\"ListItem\",\"position\":1,\"name\":\"In\u00edcio\",\"item\":\"https:\/\/www.oarcanjo.net\/site\/\"},{\"@type\":\"ListItem\",\"position\":2,\"name\":\"As harmonias do Pai Nosso\"}]},{\"@type\":\"WebSite\",\"@id\":\"https:\/\/www.oarcanjo.net\/site\/#website\",\"url\":\"https:\/\/www.oarcanjo.net\/site\/\",\"name\":\"O Arcanjo no ar\",\"description\":\"Site da Par\u00f3quia S\u00e3o Miguel Arcanjo (Arquidiocese de SP)\",\"publisher\":{\"@id\":\"https:\/\/www.oarcanjo.net\/site\/#organization\"},\"potentialAction\":[{\"@type\":\"SearchAction\",\"target\":{\"@type\":\"EntryPoint\",\"urlTemplate\":\"https:\/\/www.oarcanjo.net\/site\/?s={search_term_string}\"},\"query-input\":{\"@type\":\"PropertyValueSpecification\",\"valueRequired\":true,\"valueName\":\"search_term_string\"}}],\"inLanguage\":\"pt-BR\"},{\"@type\":\"Organization\",\"@id\":\"https:\/\/www.oarcanjo.net\/site\/#organization\",\"name\":\"Par\u00f3quia S\u00e3o Miguel Arcanjo\",\"url\":\"https:\/\/www.oarcanjo.net\/site\/\",\"logo\":{\"@type\":\"ImageObject\",\"inLanguage\":\"pt-BR\",\"@id\":\"https:\/\/www.oarcanjo.net\/site\/#\/schema\/logo\/image\/\",\"url\":\"https:\/\/www.oarcanjo.net\/site\/wp-content\/uploads\/LogoOArcanjo.png\",\"contentUrl\":\"https:\/\/www.oarcanjo.net\/site\/wp-content\/uploads\/LogoOArcanjo.png\",\"width\":319,\"height\":99,\"caption\":\"Par\u00f3quia S\u00e3o Miguel Arcanjo\"},\"image\":{\"@id\":\"https:\/\/www.oarcanjo.net\/site\/#\/schema\/logo\/image\/\"},\"sameAs\":[\"https:\/\/www.facebook.com\/OArcanjoNoAr\/\"]},{\"@type\":\"Person\",\"@id\":\"https:\/\/www.oarcanjo.net\/site\/#\/schema\/person\/f7024d007863202483a31326673a0838\",\"name\":\"editor\",\"sameAs\":[\"http:\/\/www.oarcanjo.net\"]}]}<\/script>\n<!-- \/ Yoast SEO plugin. -->","yoast_head_json":{"title":"As harmonias do Pai Nosso - O Arcanjo no ar","robots":{"index":"index","follow":"follow","max-snippet":"max-snippet:-1","max-image-preview":"max-image-preview:large","max-video-preview":"max-video-preview:-1"},"canonical":"https:\/\/www.oarcanjo.net\/site\/as-harmonias-do-pai-nosso\/","og_locale":"pt_BR","og_type":"article","og_title":"As harmonias do Pai Nosso - O Arcanjo no ar","og_description":"Ant\u00f4nio Mesquita Galv\u00e3o * A ora\u00e7\u00e3o do Pai Nosso, no dizer de Santo Afonso de Lig\u00f3rio, o &#8220;doutor da ora\u00e7\u00e3o&#8221;, \u00e9 a s\u00edntese de toda a revela\u00e7\u00e3o crist\u00e3. Contido nos evangelhos de Mateus e Lucas, ele repre-senta uma das mais antigas formas crist\u00e3s de comunica\u00e7\u00e3o com Deus, quando Jesus ensina seus disc\u00edpulos e, por extens\u00e3o, [&hellip;]","og_url":"https:\/\/www.oarcanjo.net\/site\/as-harmonias-do-pai-nosso\/","og_site_name":"O Arcanjo no ar","article_publisher":"https:\/\/www.facebook.com\/OArcanjoNoAr\/","article_published_time":"2008-10-19T14:41:44+00:00","og_image":[{"width":300,"height":300,"url":"https:\/\/www.oarcanjo.net\/site\/wp-content\/uploads\/logo-o-arcanjo-no-ar-facebook.png","type":"image\/png"}],"author":"editor","twitter_card":"summary_large_image","twitter_misc":{"Escrito por":"editor","Est. tempo de leitura":"3 minutos"},"schema":{"@context":"https:\/\/schema.org","@graph":[{"@type":"Article","@id":"https:\/\/www.oarcanjo.net\/site\/as-harmonias-do-pai-nosso\/#article","isPartOf":{"@id":"https:\/\/www.oarcanjo.net\/site\/as-harmonias-do-pai-nosso\/"},"author":{"name":"editor","@id":"https:\/\/www.oarcanjo.net\/site\/#\/schema\/person\/f7024d007863202483a31326673a0838"},"headline":"As harmonias do Pai Nosso","datePublished":"2008-10-19T14:41:44+00:00","dateModified":"2008-10-19T14:41:44+00:00","mainEntityOfPage":{"@id":"https:\/\/www.oarcanjo.net\/site\/as-harmonias-do-pai-nosso\/"},"wordCount":598,"commentCount":2,"publisher":{"@id":"https:\/\/www.oarcanjo.net\/site\/#organization"},"keywords":["espiritual","material","pai nosso","partilha"],"articleSection":["Ora\u00e7\u00f5es"],"inLanguage":"pt-BR","potentialAction":[{"@type":"CommentAction","name":"Comment","target":["https:\/\/www.oarcanjo.net\/site\/as-harmonias-do-pai-nosso\/#respond"]}]},{"@type":"WebPage","@id":"https:\/\/www.oarcanjo.net\/site\/as-harmonias-do-pai-nosso\/","url":"https:\/\/www.oarcanjo.net\/site\/as-harmonias-do-pai-nosso\/","name":"As harmonias do Pai Nosso - O Arcanjo no ar","isPartOf":{"@id":"https:\/\/www.oarcanjo.net\/site\/#website"},"datePublished":"2008-10-19T14:41:44+00:00","dateModified":"2008-10-19T14:41:44+00:00","breadcrumb":{"@id":"https:\/\/www.oarcanjo.net\/site\/as-harmonias-do-pai-nosso\/#breadcrumb"},"inLanguage":"pt-BR","potentialAction":[{"@type":"ReadAction","target":["https:\/\/www.oarcanjo.net\/site\/as-harmonias-do-pai-nosso\/"]}]},{"@type":"BreadcrumbList","@id":"https:\/\/www.oarcanjo.net\/site\/as-harmonias-do-pai-nosso\/#breadcrumb","itemListElement":[{"@type":"ListItem","position":1,"name":"In\u00edcio","item":"https:\/\/www.oarcanjo.net\/site\/"},{"@type":"ListItem","position":2,"name":"As harmonias do Pai Nosso"}]},{"@type":"WebSite","@id":"https:\/\/www.oarcanjo.net\/site\/#website","url":"https:\/\/www.oarcanjo.net\/site\/","name":"O Arcanjo no ar","description":"Site da Par\u00f3quia S\u00e3o Miguel Arcanjo (Arquidiocese de SP)","publisher":{"@id":"https:\/\/www.oarcanjo.net\/site\/#organization"},"potentialAction":[{"@type":"SearchAction","target":{"@type":"EntryPoint","urlTemplate":"https:\/\/www.oarcanjo.net\/site\/?s={search_term_string}"},"query-input":{"@type":"PropertyValueSpecification","valueRequired":true,"valueName":"search_term_string"}}],"inLanguage":"pt-BR"},{"@type":"Organization","@id":"https:\/\/www.oarcanjo.net\/site\/#organization","name":"Par\u00f3quia S\u00e3o Miguel Arcanjo","url":"https:\/\/www.oarcanjo.net\/site\/","logo":{"@type":"ImageObject","inLanguage":"pt-BR","@id":"https:\/\/www.oarcanjo.net\/site\/#\/schema\/logo\/image\/","url":"https:\/\/www.oarcanjo.net\/site\/wp-content\/uploads\/LogoOArcanjo.png","contentUrl":"https:\/\/www.oarcanjo.net\/site\/wp-content\/uploads\/LogoOArcanjo.png","width":319,"height":99,"caption":"Par\u00f3quia S\u00e3o Miguel Arcanjo"},"image":{"@id":"https:\/\/www.oarcanjo.net\/site\/#\/schema\/logo\/image\/"},"sameAs":["https:\/\/www.facebook.com\/OArcanjoNoAr\/"]},{"@type":"Person","@id":"https:\/\/www.oarcanjo.net\/site\/#\/schema\/person\/f7024d007863202483a31326673a0838","name":"editor","sameAs":["http:\/\/www.oarcanjo.net"]}]}},"publishpress_future_action":{"enabled":false,"date":"2026-05-07 14:13:39","action":"category","newStatus":"draft","terms":[],"taxonomy":"category"},"publishpress_future_workflow_manual_trigger":{"enabledWorkflows":[]},"_links":{"self":[{"href":"https:\/\/www.oarcanjo.net\/site\/wp-json\/wp\/v2\/posts\/391"}],"collection":[{"href":"https:\/\/www.oarcanjo.net\/site\/wp-json\/wp\/v2\/posts"}],"about":[{"href":"https:\/\/www.oarcanjo.net\/site\/wp-json\/wp\/v2\/types\/post"}],"author":[{"embeddable":true,"href":"https:\/\/www.oarcanjo.net\/site\/wp-json\/wp\/v2\/users\/5"}],"replies":[{"embeddable":true,"href":"https:\/\/www.oarcanjo.net\/site\/wp-json\/wp\/v2\/comments?post=391"}],"version-history":[{"count":0,"href":"https:\/\/www.oarcanjo.net\/site\/wp-json\/wp\/v2\/posts\/391\/revisions"}],"wp:attachment":[{"href":"https:\/\/www.oarcanjo.net\/site\/wp-json\/wp\/v2\/media?parent=391"}],"wp:term":[{"taxonomy":"category","embeddable":true,"href":"https:\/\/www.oarcanjo.net\/site\/wp-json\/wp\/v2\/categories?post=391"},{"taxonomy":"post_tag","embeddable":true,"href":"https:\/\/www.oarcanjo.net\/site\/wp-json\/wp\/v2\/tags?post=391"}],"curies":[{"name":"wp","href":"https:\/\/api.w.org\/{rel}","templated":true}]}}