
{"id":393,"date":"2008-10-26T10:44:27","date_gmt":"2008-10-26T13:44:27","guid":{"rendered":"http:\/\/www.oarcanjo.net\/site\/?p=393"},"modified":"2008-10-26T10:45:33","modified_gmt":"2008-10-26T13:45:33","slug":"resumo-da-mensagem-do-sinodo-dos-bispos","status":"publish","type":"post","link":"https:\/\/www.oarcanjo.net\/site\/resumo-da-mensagem-do-sinodo-dos-bispos\/","title":{"rendered":"Resumo da mensagem do S\u00ednodo dos Bispos"},"content":{"rendered":"<p>Queridos Irm\u00e3os e Irm\u00e3s,<\/p>\n<p>&#8220;A todos os que, em qualquer lugar que estejam, invocam o nome de nosso Senhor Jesus Cristo, Senhor deles e nosso, a v\u00f3s, a gra\u00e7a e a paz da parte de Deus, nosso Pai, e da parte do Senhor Jesus Cristo!&#8221; (1 Cor 1, 2-3) Com a sauda\u00e7\u00e3o do Ap\u00f3stolo Paulo \u2013 neste ano dedicado a ele \u2013 n\u00f3s, os Padres Sinodais reunidos em Roma para a XII Assembl\u00e9ia Geral do S\u00ednodo dos Bispos com o Santo Padre Bento XVI, vos dirigimos uma mensagem de ampla reflex\u00e3o e proposta sobre a Palavra de Deus que est\u00e1 no centro dos trabalhos de nossa assembl\u00e9ia.<\/p>\n<p>\u00c9 uma mensagem que encomendamos, antes de tudo, aos vossos pastores, aos tantos e t\u00e3o generosos catequistas e a todos aqueles que vos guiam na escuta e na leitura amorosa da B\u00edblia. A v\u00f3s neste momento desejamos delinear a alma e a subst\u00e2ncia desse texto para que cres\u00e7a e se aprofunde o conhecimento e o amor pela Palavra de Deus. Quatro s\u00e3o os pontos cardeais do horizonte que desejamos convidar-vos a conhecer e que expressaremos atrav\u00e9s de outras imagens.<\/p>\n<p>Temos antes de tudo a voz divina. Ela ressoa nas origens da cria\u00e7\u00e3o, quebrando o sil\u00eancio do nada e dando origem \u00e0s maravilhas do universo. \u00c9 uma Voz que penetra logo na hist\u00f3ria, ferida pelo pecado humano e atormentada pela dor e pela morte. Ela v\u00ea tamb\u00e9m o Senhor que caminha junto com a humanidade para oferecer sua gra\u00e7a, sua alian\u00e7a, sua salva\u00e7\u00e3o. \u00c9 uma voz que desce logo nas p\u00e1ginas das Sagradas Escrituras que agora n\u00f3s lemos na Igreja sob a guia do Esp\u00edrito Santo que foi doado como luz de verdade a ela e a seus pastores.<\/p>\n<p>Tamb\u00e9m, como escreve S\u00e3o Jo\u00e3o, &#8220;a Palavra se fez carne&#8221; (1, 14). E aqui ent\u00e3o aparece o Rosto. \u00c9 Jesus Cristo, que \u00e9 Filho do Deus eterno e infinito, mas tamb\u00e9m homem mortal, ligado a uma \u00e9poca hist\u00f3rica, a um povo e a uma terra. Ele vive a exist\u00eancia fatigosa da humanidade at\u00e9 a morte, mas ressurge e vive para sempre. Ele \u00e9 quem faz que seja perfeito nosso encontro com a Palavra de Deus. Ele \u00e9 quem nos revela o &#8220;sentido pleno&#8221; e unit\u00e1rio das Sagradas Escrituras, pelas quais o cristianismo \u00e9 uma religi\u00e3o que tem no centro uma pessoa, Jesus Cristo, revelador do Pai. Ele nos faz entender que tamb\u00e9m as Escrituras s\u00e3o &#8220;carne&#8221;, ou seja, palavras humanas que se devem compreender e estudar em seu modo de expressar-se, mas que custodiam em seu interior a luz da verdade divina que s\u00f3 com o Esp\u00edrito Santo podemos viver e contemplar.<\/p>\n<p>\u00c9 o pr\u00f3prio Esp\u00edrito de Deus que nos conduz ao terceiro ponto cardeal de nosso itiner\u00e1rio, a Casa da palavra divina, ou seja, a Igreja que, como nos sugere S\u00e3o Lucas (Atos 2, 42) est\u00e1 sustentada por quatro colunas ideais. Temos &#8220;o ensinamento&#8221;, ou seja, ler e compreender a B\u00edblia no an\u00fancio feito a todos, na catequese, na homilia, atrav\u00e9s da proclama\u00e7\u00e3o que implica a mente e o cora\u00e7\u00e3o. Temos depois &#8220;a fra\u00e7\u00e3o do p\u00e3o&#8221;, ou seja, a Eucaristia, fonte e cume da vida e da miss\u00e3o da Igreja. Como aconteceu aquele dia em Ema\u00fas, os fi\u00e9is s\u00e3o convidados a nutrir-se na liturgia na mesa da Palavra de Deus e do Corpo de Cristo. Uma terceira coluna est\u00e1 constitu\u00edda pelas &#8220;ora\u00e7\u00f5es&#8221; com &#8220;hinos e c\u00e2nticos inspirados&#8221; (Col 3, 16). \u00c9 a Liturgia das Horas, ora\u00e7\u00e3o da Igreja destinada a ritmar os dias e os tempos do ano crist\u00e3o. Temos tamb\u00e9m a Lectio Divina, a leitura orante das Sagradas Escrituras, capaz de conduzir, na medita\u00e7\u00e3o, na ora\u00e7\u00e3o, na contempla\u00e7\u00e3o, ao encontro com o Cristo, palavra de Deus vivo. E, por \u00faltimo, a &#8220;comunh\u00e3o fraterna&#8221;, porque, para ser verdadeiros crist\u00e3os, n\u00e3o basta ser &#8220;aqueles que ouvem a Palavra de Deus&#8221; (Lc 8, 21). Na casa da Palavra de Deus encontramos tamb\u00e9m os irm\u00e3os e irm\u00e3s das outras Igrejas e comunidades crist\u00e3s que, ainda nas separa\u00e7\u00f5es, vivem uma unidade real, ainda que n\u00e3o plena, atrav\u00e9s da venera\u00e7\u00e3o e do amor pela Palavra divina.<\/p>\n<p>Chegamos assim \u00e0 \u00faltima imagem do mapa espiritual. \u00c9 o caminho sobre o qual se baseia a palavra de Deus: &#8220;Ide, pois, e fazei disc\u00edpulos todos os povos, ensinando-os a guardar tudo o que eu vos mandei&#8221;; &#8220;o que ouvis, proclamai-o desde os telhados&#8221; (Mt 28, 19-20; 10,27). A Palavra de Deus deve percorrer os caminhos do mundo, que hoje s\u00e3o tamb\u00e9m os da comunica\u00e7\u00e3o inform\u00e1tica, televisiva e virtual. A B\u00edblia deve entrar nas fam\u00edlias para que pais e filhos a leiam, com ela rezem e para que ela seja para eles uma tocha para seus passos no caminho da exist\u00eancia (cf. Sl 119, 105). As Sagradas Escrituras devem entrar tamb\u00e9m nas escolas e nos \u00e2mbitos culturais porque, durante s\u00e9culos, foi o ponto de refer\u00eancia capital da arte, da literatura, da m\u00fasica, do pensamento e da pr\u00f3pria \u00e9tica comum. Sua riqueza simb\u00f3lica, po\u00e9tica e narrativa faz delas um estandarte de beleza, para a f\u00e9 e para a pr\u00f3pria cultura, em um mundo com freq\u00fc\u00eancia marcado pela fealdade e pela indignidade.<\/p>\n<p>A B\u00edblia, contudo, nos apresenta tamb\u00e9m o sopro de dor que sai da terra, sai ao encontro do grito dos oprimidos e do lamento dos infelizes. Ela tem a cruz no v\u00e9rtice, onde Cristo, sozinho e abandonado, vive a trag\u00e9dia do sofrimento mais atroz e da morte. Precisamente por esta presen\u00e7a do Filho de Deus, a escurid\u00e3o do mal e da morte est\u00e1 irradiada pela luz pascal e pela esperan\u00e7a da gl\u00f3ria. Mas sobre os caminhos do mundo marcham conosco tamb\u00e9m os irm\u00e3os e irm\u00e3s das outras Igrejas e comunidades crist\u00e3s que, ainda nas separa\u00e7\u00f5es, vivem uma unidade real, ainda que n\u00e3o seja plena, atrav\u00e9s da venera\u00e7\u00e3o e do amor pela Palavra de Deus. Ao longo dos caminhos do mundo encontramos com freq\u00fc\u00eancia homens e mulheres de outras religi\u00f5es que escutam e praticam fielmente os ditados de seus livros sagrados e que conosco podem edificar um mundo de paz e de luz porque Deus quer que &#8220;todos os homens se salvem e cheguem ao conhecimento pleno da verdade&#8221; (1 Tm 2, 4).<\/p>\n<p>Queridos irm\u00e3os e irm\u00e3s, custodiai a B\u00edblia em vossas casas, lede-a, aprofundai e compreendei plenamente suas p\u00e1ginas, transformai-a em ora\u00e7\u00e3o e testemunho de vida, escutai-a com amor e f\u00e9 na liturgia. Criai o sil\u00eancio para escutar com efic\u00e1cia a Palavra do Senhor e conservai o sil\u00eancio depois da escuta, porque ela continuar\u00e1 habitando, vivendo e falando-vos. Fazei que ela ressoe no come\u00e7o do vosso dia, para que Deus tenha sempre a primeira palavra e deixai-a ressoar em v\u00f3s \u00e0 noite, para que a \u00faltima palavra seja de Deus.<\/p>\n<p>&#8220;Confio-vos a Deus e \u00e0 Palavra da sua gra\u00e7a&#8221; (atos 20, 32). Com a mesma express\u00e3o que S\u00e3o Paulo utilizou em seu discurso de adeus aos chefes da Igreja de \u00c9feso, tamb\u00e9m n\u00f3s, os Padres Sinodais, confiamos os fi\u00e9is das comunidades espalhadas sobre a face da terra \u00e0 palavra divina que \u00e9 tamb\u00e9m ju\u00edzo e sobretudo gra\u00e7a, que \u00e9 cortante como uma espada, mas que doce como o mel. Ela \u00e9 potente e gloriosa e nos guia pelos caminhos da hist\u00f3ria com a m\u00e3o de Jesus que v\u00f3s, como n\u00f3s, &#8220;amais nosso Senhor Jesus Cristo na vida incorrupt\u00edvel&#8221; (Ef 6, 24).<\/p>\n<p>CIDADE DO VATICANO, sexta-feira, 24 de outubro de 2008<\/p>\n<div id=\"themify_builder_content-393\" data-postid=\"393\" class=\"themify_builder_content themify_builder_content-393 themify_builder themify_builder_front\">\n\t<\/div>\n<!-- \/themify_builder_content -->","protected":false},"excerpt":{"rendered":"<p>Queridos Irm\u00e3os e Irm\u00e3s, &#8220;A todos os que, em qualquer lugar que estejam, invocam o nome de nosso Senhor Jesus Cristo, Senhor deles e nosso, a v\u00f3s, a gra\u00e7a e a paz da parte de Deus, nosso Pai, e da parte do Senhor Jesus Cristo!&#8221; (1 Cor 1, 2-3) Com a sauda\u00e7\u00e3o do Ap\u00f3stolo Paulo [&hellip;]<\/p>\n","protected":false},"author":5,"featured_media":0,"comment_status":"open","ping_status":"open","sticky":false,"template":"","format":"standard","meta":{"ngg_post_thumbnail":0,"footnotes":""},"categories":[8],"tags":[57,32],"yoast_head":"<!-- This site is optimized with the Yoast SEO plugin v23.5 - https:\/\/yoast.com\/wordpress\/plugins\/seo\/ -->\n<title>Resumo da mensagem do S\u00ednodo dos Bispos - O Arcanjo no ar<\/title>\n<meta name=\"robots\" content=\"index, follow, max-snippet:-1, max-image-preview:large, max-video-preview:-1\" \/>\n<link rel=\"canonical\" href=\"https:\/\/www.oarcanjo.net\/site\/resumo-da-mensagem-do-sinodo-dos-bispos\/\" \/>\n<meta property=\"og:locale\" content=\"pt_BR\" \/>\n<meta property=\"og:type\" content=\"article\" \/>\n<meta property=\"og:title\" content=\"Resumo da mensagem do S\u00ednodo dos Bispos - O Arcanjo no ar\" \/>\n<meta property=\"og:description\" content=\"Queridos Irm\u00e3os e Irm\u00e3s, &#8220;A todos os que, em qualquer lugar que estejam, invocam o nome de nosso Senhor Jesus Cristo, Senhor deles e nosso, a v\u00f3s, a gra\u00e7a e a paz da parte de Deus, nosso Pai, e da parte do Senhor Jesus Cristo!&#8221; (1 Cor 1, 2-3) Com a sauda\u00e7\u00e3o do Ap\u00f3stolo Paulo [&hellip;]\" \/>\n<meta property=\"og:url\" content=\"https:\/\/www.oarcanjo.net\/site\/resumo-da-mensagem-do-sinodo-dos-bispos\/\" \/>\n<meta property=\"og:site_name\" content=\"O Arcanjo no ar\" \/>\n<meta property=\"article:publisher\" content=\"https:\/\/www.facebook.com\/OArcanjoNoAr\/\" \/>\n<meta property=\"article:published_time\" content=\"2008-10-26T13:44:27+00:00\" \/>\n<meta property=\"article:modified_time\" content=\"2008-10-26T13:45:33+00:00\" \/>\n<meta property=\"og:image\" content=\"https:\/\/www.oarcanjo.net\/site\/wp-content\/uploads\/logo-o-arcanjo-no-ar-facebook.png\" \/>\n\t<meta property=\"og:image:width\" content=\"300\" \/>\n\t<meta property=\"og:image:height\" content=\"300\" \/>\n\t<meta property=\"og:image:type\" content=\"image\/png\" \/>\n<meta name=\"author\" content=\"editor\" \/>\n<meta name=\"twitter:card\" content=\"summary_large_image\" \/>\n<meta name=\"twitter:label1\" content=\"Escrito por\" \/>\n\t<meta name=\"twitter:data1\" content=\"editor\" \/>\n\t<meta name=\"twitter:label2\" content=\"Est. tempo de leitura\" \/>\n\t<meta name=\"twitter:data2\" content=\"7 minutos\" \/>\n<script type=\"application\/ld+json\" class=\"yoast-schema-graph\">{\"@context\":\"https:\/\/schema.org\",\"@graph\":[{\"@type\":\"Article\",\"@id\":\"https:\/\/www.oarcanjo.net\/site\/resumo-da-mensagem-do-sinodo-dos-bispos\/#article\",\"isPartOf\":{\"@id\":\"https:\/\/www.oarcanjo.net\/site\/resumo-da-mensagem-do-sinodo-dos-bispos\/\"},\"author\":{\"name\":\"editor\",\"@id\":\"https:\/\/www.oarcanjo.net\/site\/#\/schema\/person\/f7024d007863202483a31326673a0838\"},\"headline\":\"Resumo da mensagem do S\u00ednodo dos Bispos\",\"datePublished\":\"2008-10-26T13:44:27+00:00\",\"dateModified\":\"2008-10-26T13:45:33+00:00\",\"mainEntityOfPage\":{\"@id\":\"https:\/\/www.oarcanjo.net\/site\/resumo-da-mensagem-do-sinodo-dos-bispos\/\"},\"wordCount\":1316,\"commentCount\":0,\"publisher\":{\"@id\":\"https:\/\/www.oarcanjo.net\/site\/#organization\"},\"keywords\":[\"Palavra de Deus\",\"s\u00ednodo\"],\"articleSection\":[\"Not\u00edcias\"],\"inLanguage\":\"pt-BR\",\"potentialAction\":[{\"@type\":\"CommentAction\",\"name\":\"Comment\",\"target\":[\"https:\/\/www.oarcanjo.net\/site\/resumo-da-mensagem-do-sinodo-dos-bispos\/#respond\"]}]},{\"@type\":\"WebPage\",\"@id\":\"https:\/\/www.oarcanjo.net\/site\/resumo-da-mensagem-do-sinodo-dos-bispos\/\",\"url\":\"https:\/\/www.oarcanjo.net\/site\/resumo-da-mensagem-do-sinodo-dos-bispos\/\",\"name\":\"Resumo da mensagem do S\u00ednodo dos Bispos - O Arcanjo no ar\",\"isPartOf\":{\"@id\":\"https:\/\/www.oarcanjo.net\/site\/#website\"},\"datePublished\":\"2008-10-26T13:44:27+00:00\",\"dateModified\":\"2008-10-26T13:45:33+00:00\",\"breadcrumb\":{\"@id\":\"https:\/\/www.oarcanjo.net\/site\/resumo-da-mensagem-do-sinodo-dos-bispos\/#breadcrumb\"},\"inLanguage\":\"pt-BR\",\"potentialAction\":[{\"@type\":\"ReadAction\",\"target\":[\"https:\/\/www.oarcanjo.net\/site\/resumo-da-mensagem-do-sinodo-dos-bispos\/\"]}]},{\"@type\":\"BreadcrumbList\",\"@id\":\"https:\/\/www.oarcanjo.net\/site\/resumo-da-mensagem-do-sinodo-dos-bispos\/#breadcrumb\",\"itemListElement\":[{\"@type\":\"ListItem\",\"position\":1,\"name\":\"In\u00edcio\",\"item\":\"https:\/\/www.oarcanjo.net\/site\/\"},{\"@type\":\"ListItem\",\"position\":2,\"name\":\"Resumo da mensagem do S\u00ednodo dos Bispos\"}]},{\"@type\":\"WebSite\",\"@id\":\"https:\/\/www.oarcanjo.net\/site\/#website\",\"url\":\"https:\/\/www.oarcanjo.net\/site\/\",\"name\":\"O Arcanjo no ar\",\"description\":\"Site da Par\u00f3quia S\u00e3o Miguel Arcanjo (Arquidiocese de SP)\",\"publisher\":{\"@id\":\"https:\/\/www.oarcanjo.net\/site\/#organization\"},\"potentialAction\":[{\"@type\":\"SearchAction\",\"target\":{\"@type\":\"EntryPoint\",\"urlTemplate\":\"https:\/\/www.oarcanjo.net\/site\/?s={search_term_string}\"},\"query-input\":{\"@type\":\"PropertyValueSpecification\",\"valueRequired\":true,\"valueName\":\"search_term_string\"}}],\"inLanguage\":\"pt-BR\"},{\"@type\":\"Organization\",\"@id\":\"https:\/\/www.oarcanjo.net\/site\/#organization\",\"name\":\"Par\u00f3quia S\u00e3o Miguel Arcanjo\",\"url\":\"https:\/\/www.oarcanjo.net\/site\/\",\"logo\":{\"@type\":\"ImageObject\",\"inLanguage\":\"pt-BR\",\"@id\":\"https:\/\/www.oarcanjo.net\/site\/#\/schema\/logo\/image\/\",\"url\":\"https:\/\/www.oarcanjo.net\/site\/wp-content\/uploads\/LogoOArcanjo.png\",\"contentUrl\":\"https:\/\/www.oarcanjo.net\/site\/wp-content\/uploads\/LogoOArcanjo.png\",\"width\":319,\"height\":99,\"caption\":\"Par\u00f3quia S\u00e3o Miguel Arcanjo\"},\"image\":{\"@id\":\"https:\/\/www.oarcanjo.net\/site\/#\/schema\/logo\/image\/\"},\"sameAs\":[\"https:\/\/www.facebook.com\/OArcanjoNoAr\/\"]},{\"@type\":\"Person\",\"@id\":\"https:\/\/www.oarcanjo.net\/site\/#\/schema\/person\/f7024d007863202483a31326673a0838\",\"name\":\"editor\",\"sameAs\":[\"http:\/\/www.oarcanjo.net\"]}]}<\/script>\n<!-- \/ Yoast SEO plugin. -->","yoast_head_json":{"title":"Resumo da mensagem do S\u00ednodo dos Bispos - O Arcanjo no ar","robots":{"index":"index","follow":"follow","max-snippet":"max-snippet:-1","max-image-preview":"max-image-preview:large","max-video-preview":"max-video-preview:-1"},"canonical":"https:\/\/www.oarcanjo.net\/site\/resumo-da-mensagem-do-sinodo-dos-bispos\/","og_locale":"pt_BR","og_type":"article","og_title":"Resumo da mensagem do S\u00ednodo dos Bispos - O Arcanjo no ar","og_description":"Queridos Irm\u00e3os e Irm\u00e3s, &#8220;A todos os que, em qualquer lugar que estejam, invocam o nome de nosso Senhor Jesus Cristo, Senhor deles e nosso, a v\u00f3s, a gra\u00e7a e a paz da parte de Deus, nosso Pai, e da parte do Senhor Jesus Cristo!&#8221; (1 Cor 1, 2-3) Com a sauda\u00e7\u00e3o do Ap\u00f3stolo Paulo [&hellip;]","og_url":"https:\/\/www.oarcanjo.net\/site\/resumo-da-mensagem-do-sinodo-dos-bispos\/","og_site_name":"O Arcanjo no ar","article_publisher":"https:\/\/www.facebook.com\/OArcanjoNoAr\/","article_published_time":"2008-10-26T13:44:27+00:00","article_modified_time":"2008-10-26T13:45:33+00:00","og_image":[{"width":300,"height":300,"url":"https:\/\/www.oarcanjo.net\/site\/wp-content\/uploads\/logo-o-arcanjo-no-ar-facebook.png","type":"image\/png"}],"author":"editor","twitter_card":"summary_large_image","twitter_misc":{"Escrito por":"editor","Est. tempo de leitura":"7 minutos"},"schema":{"@context":"https:\/\/schema.org","@graph":[{"@type":"Article","@id":"https:\/\/www.oarcanjo.net\/site\/resumo-da-mensagem-do-sinodo-dos-bispos\/#article","isPartOf":{"@id":"https:\/\/www.oarcanjo.net\/site\/resumo-da-mensagem-do-sinodo-dos-bispos\/"},"author":{"name":"editor","@id":"https:\/\/www.oarcanjo.net\/site\/#\/schema\/person\/f7024d007863202483a31326673a0838"},"headline":"Resumo da mensagem do S\u00ednodo dos Bispos","datePublished":"2008-10-26T13:44:27+00:00","dateModified":"2008-10-26T13:45:33+00:00","mainEntityOfPage":{"@id":"https:\/\/www.oarcanjo.net\/site\/resumo-da-mensagem-do-sinodo-dos-bispos\/"},"wordCount":1316,"commentCount":0,"publisher":{"@id":"https:\/\/www.oarcanjo.net\/site\/#organization"},"keywords":["Palavra de Deus","s\u00ednodo"],"articleSection":["Not\u00edcias"],"inLanguage":"pt-BR","potentialAction":[{"@type":"CommentAction","name":"Comment","target":["https:\/\/www.oarcanjo.net\/site\/resumo-da-mensagem-do-sinodo-dos-bispos\/#respond"]}]},{"@type":"WebPage","@id":"https:\/\/www.oarcanjo.net\/site\/resumo-da-mensagem-do-sinodo-dos-bispos\/","url":"https:\/\/www.oarcanjo.net\/site\/resumo-da-mensagem-do-sinodo-dos-bispos\/","name":"Resumo da mensagem do S\u00ednodo dos Bispos - O Arcanjo no ar","isPartOf":{"@id":"https:\/\/www.oarcanjo.net\/site\/#website"},"datePublished":"2008-10-26T13:44:27+00:00","dateModified":"2008-10-26T13:45:33+00:00","breadcrumb":{"@id":"https:\/\/www.oarcanjo.net\/site\/resumo-da-mensagem-do-sinodo-dos-bispos\/#breadcrumb"},"inLanguage":"pt-BR","potentialAction":[{"@type":"ReadAction","target":["https:\/\/www.oarcanjo.net\/site\/resumo-da-mensagem-do-sinodo-dos-bispos\/"]}]},{"@type":"BreadcrumbList","@id":"https:\/\/www.oarcanjo.net\/site\/resumo-da-mensagem-do-sinodo-dos-bispos\/#breadcrumb","itemListElement":[{"@type":"ListItem","position":1,"name":"In\u00edcio","item":"https:\/\/www.oarcanjo.net\/site\/"},{"@type":"ListItem","position":2,"name":"Resumo da mensagem do S\u00ednodo dos Bispos"}]},{"@type":"WebSite","@id":"https:\/\/www.oarcanjo.net\/site\/#website","url":"https:\/\/www.oarcanjo.net\/site\/","name":"O Arcanjo no ar","description":"Site da Par\u00f3quia S\u00e3o Miguel Arcanjo (Arquidiocese de SP)","publisher":{"@id":"https:\/\/www.oarcanjo.net\/site\/#organization"},"potentialAction":[{"@type":"SearchAction","target":{"@type":"EntryPoint","urlTemplate":"https:\/\/www.oarcanjo.net\/site\/?s={search_term_string}"},"query-input":{"@type":"PropertyValueSpecification","valueRequired":true,"valueName":"search_term_string"}}],"inLanguage":"pt-BR"},{"@type":"Organization","@id":"https:\/\/www.oarcanjo.net\/site\/#organization","name":"Par\u00f3quia S\u00e3o Miguel Arcanjo","url":"https:\/\/www.oarcanjo.net\/site\/","logo":{"@type":"ImageObject","inLanguage":"pt-BR","@id":"https:\/\/www.oarcanjo.net\/site\/#\/schema\/logo\/image\/","url":"https:\/\/www.oarcanjo.net\/site\/wp-content\/uploads\/LogoOArcanjo.png","contentUrl":"https:\/\/www.oarcanjo.net\/site\/wp-content\/uploads\/LogoOArcanjo.png","width":319,"height":99,"caption":"Par\u00f3quia S\u00e3o Miguel Arcanjo"},"image":{"@id":"https:\/\/www.oarcanjo.net\/site\/#\/schema\/logo\/image\/"},"sameAs":["https:\/\/www.facebook.com\/OArcanjoNoAr\/"]},{"@type":"Person","@id":"https:\/\/www.oarcanjo.net\/site\/#\/schema\/person\/f7024d007863202483a31326673a0838","name":"editor","sameAs":["http:\/\/www.oarcanjo.net"]}]}},"publishpress_future_action":{"enabled":false,"date":"2026-05-08 16:57:17","action":"category","newStatus":"draft","terms":[],"taxonomy":"category"},"publishpress_future_workflow_manual_trigger":{"enabledWorkflows":[]},"_links":{"self":[{"href":"https:\/\/www.oarcanjo.net\/site\/wp-json\/wp\/v2\/posts\/393"}],"collection":[{"href":"https:\/\/www.oarcanjo.net\/site\/wp-json\/wp\/v2\/posts"}],"about":[{"href":"https:\/\/www.oarcanjo.net\/site\/wp-json\/wp\/v2\/types\/post"}],"author":[{"embeddable":true,"href":"https:\/\/www.oarcanjo.net\/site\/wp-json\/wp\/v2\/users\/5"}],"replies":[{"embeddable":true,"href":"https:\/\/www.oarcanjo.net\/site\/wp-json\/wp\/v2\/comments?post=393"}],"version-history":[{"count":0,"href":"https:\/\/www.oarcanjo.net\/site\/wp-json\/wp\/v2\/posts\/393\/revisions"}],"wp:attachment":[{"href":"https:\/\/www.oarcanjo.net\/site\/wp-json\/wp\/v2\/media?parent=393"}],"wp:term":[{"taxonomy":"category","embeddable":true,"href":"https:\/\/www.oarcanjo.net\/site\/wp-json\/wp\/v2\/categories?post=393"},{"taxonomy":"post_tag","embeddable":true,"href":"https:\/\/www.oarcanjo.net\/site\/wp-json\/wp\/v2\/tags?post=393"}],"curies":[{"name":"wp","href":"https:\/\/api.w.org\/{rel}","templated":true}]}}