
{"id":3935,"date":"2009-06-13T07:00:39","date_gmt":"2009-06-13T10:00:39","guid":{"rendered":"http:\/\/www.oarcanjo.net\/site\/?p=3935"},"modified":"2009-06-12T22:31:43","modified_gmt":"2009-06-13T01:31:43","slug":"mudancas-climaticas","status":"publish","type":"post","link":"https:\/\/www.oarcanjo.net\/site\/mudancas-climaticas\/","title":{"rendered":"Mudan\u00e7as clim\u00e1ticas"},"content":{"rendered":"<p>Dom Dem\u00e9trio Valentini<\/p>\n<p>A CNBB, em conjunto com a Misereor, da Alemanha, acaba de realizar um simp\u00f3sio internacional sobre Mudan\u00e7as Clim\u00e1ticas e Justi\u00e7a Social.<\/p>\n<p>A pr\u00f3pria realiza\u00e7\u00e3o do simp\u00f3sio evidencia a gravidade da situa\u00e7\u00e3o. As duas institui\u00e7\u00f5es, promotoras do evento, testemunham a seriedade com que precisamos nos preocupar com os fen\u00f4menos relacionados com a vida em nosso planeta. O enfoque do encontro, vinculando situa\u00e7\u00f5es clim\u00e1ticas com justi\u00e7a social, denota a indispens\u00e1vel dimens\u00e3o \u00e9tica, inerente a todo relacionamento humano com a natureza, da qual fazemos parte, e pela qual precisamos nos sentir respons\u00e1veis.<\/p>\n<p>O assunto \u00e9 muito complexo, pois lida com uma quantidade de dados e situa\u00e7\u00f5es, que nem de longe conseguimos dominar e esgotar, quando nos defrontamos com o prod\u00edgio que \u00e9 a vida em nosso planeta. Dentro do cosmo, nos sentimos privilegiados, participando da surpreendente complexidade do sistema vital, em que estamos inseridos. Diante dele, a primeira atitude adequada \u00e9 a da contempla\u00e7\u00e3o, do respeito e da admira\u00e7\u00e3o, junto com o cuidado pela sua preserva\u00e7\u00e3o.<\/p>\n<p>Mas \u00e9 indiscut\u00edvel que o nosso planeta emite sinais de alerta, que por sua insist\u00eancia e densidade despertam a consci\u00eancia ecol\u00f3gica, levando a nos perguntar seriamente pela vincula\u00e7\u00e3o das mudan\u00e7as com a a\u00e7\u00e3o humana sobre o planeta.<\/p>\n<p>Esta vincula\u00e7\u00e3o se torna mais plaus\u00edvel quando constatamos o aquecimento global em curso, fen\u00f4meno que mais preocupa, pois mais traz conseq\u00fc\u00eancias para o sistema vital do planeta.<\/p>\n<p>Um dos fatores que mais possibilita a vida \u00e9 a adequada temperatura da terra. Para proporcionar esta temperatura, s\u00e3o muito preciosos os gases de efeito estufa, que garantem o calor suficiente para que a vida se propague na terra. Mas quando estes gases aumentam demasiado, provocam conseq\u00fc\u00eancias negativas, advindas do aquecimento exagerado da atmosfera. E a\u00ed percebemos com clareza a contribui\u00e7\u00e3o da a\u00e7\u00e3o humana neste aquecimento exagerado, provocado pela emiss\u00e3o de gases de efeito estufa, provenientes, sobretudo, do uso de combust\u00edveis f\u00f3sseis e da queima de matas, como acontece no Brasil.<\/p>\n<p>Este aquecimento global pode provocar fen\u00f4menos prejudiciais \u00e0 vida, em propor\u00e7\u00f5es que n\u00e3o estamos em condi\u00e7\u00f5es de mensurar, mas que possuem evidente car\u00e1ter catastr\u00f3fico.<\/p>\n<p>Para n\u00e3o achar que estas s\u00e3o fantasias in\u00fateis, \u00e9 importante constatar algumas situa\u00e7\u00f5es muito evidentes e preocupantes. A principal delas \u00e9 o r\u00e1pido processo de degelo, seja das neves nas altas montanhas, ou das geleiras nos p\u00f3los. Isto d\u00e1 para ver, comparando fotos de um ano para outro.<\/p>\n<p>A rapidez do processo leva a pensar nas inevit\u00e1veis conseq\u00fc\u00eancias. A mais evidente \u00e9 a escassez de \u00e1gua pot\u00e1vel, que tem nas geleiras uma fonte muito importante. Muitas regi\u00f5es dependem da \u00e1gua que desce das geleiras. Se estas acabarem, torna-se invi\u00e1vel a vida e a agricultura em muitas partes do mundo.<\/p>\n<p>Outra conseq\u00fc\u00eancia, mais dif\u00edcil de visualizar, mas potencialmente mais desastrosa, \u00e9 o aumento do n\u00edvel dos mares, por acolherem a \u00e1gua das geleiras, e por se expandirem pela dilata\u00e7\u00e3o provocada pelo aumento da temperatura.<\/p>\n<p>Os cientistas se incumbem de fazer os c\u00e1lculos do tamanho do desastre. Se nos pr\u00f3ximos cem anos a temperatura m\u00e9dia aumentar em seis graus, o mar subir\u00e1 um metro, inviabilizando as cidades costeiras. Haveria profundas mudan\u00e7as clim\u00e1ticas, com enormes desastres ambientais. A floresta amaz\u00f4nica desapareceria, e haveria grandes deslocamentos de regi\u00f5es clim\u00e1ticas. O caf\u00e9 passaria a ser cultivado na Argentina!<\/p>\n<p>De tudo isto, fica uma li\u00e7\u00e3o indiscut\u00edvel e premente: precisamos agir com responsabilidade ambiental. Dotados de capacidade para intervir na natureza, devemos faz\u00ea-lo em sintonia com seu processo vital. Esta a voca\u00e7\u00e3o humana. Se contribu\u00edmos para o desequil\u00edbrio do planeta, somos agora interpelados a colaborar para a recupera\u00e7\u00e3o de seu sistema vital, antes que seja tarde demais.<\/p>\n<div id=\"themify_builder_content-3935\" data-postid=\"3935\" class=\"themify_builder_content themify_builder_content-3935 themify_builder themify_builder_front\">\n\t<\/div>\n<!-- \/themify_builder_content -->","protected":false},"excerpt":{"rendered":"<p>Dom Dem\u00e9trio Valentini A CNBB, em conjunto com a Misereor, da Alemanha, acaba de realizar um simp\u00f3sio internacional sobre Mudan\u00e7as Clim\u00e1ticas e Justi\u00e7a Social. A pr\u00f3pria realiza\u00e7\u00e3o do simp\u00f3sio evidencia a gravidade da situa\u00e7\u00e3o. As duas institui\u00e7\u00f5es, promotoras do evento, testemunham a seriedade com que precisamos nos preocupar com os fen\u00f4menos relacionados com a vida [&hellip;]<\/p>\n","protected":false},"author":5,"featured_media":0,"comment_status":"open","ping_status":"open","sticky":false,"template":"","format":"standard","meta":{"ngg_post_thumbnail":0,"footnotes":""},"categories":[9],"tags":[821,63,104,468,822,470,62],"yoast_head":"<!-- This site is optimized with the Yoast SEO plugin v23.5 - https:\/\/yoast.com\/wordpress\/plugins\/seo\/ -->\n<title>Mudan\u00e7as clim\u00e1ticas - O Arcanjo no ar<\/title>\n<meta name=\"robots\" content=\"index, follow, max-snippet:-1, max-image-preview:large, max-video-preview:-1\" \/>\n<link rel=\"canonical\" href=\"https:\/\/www.oarcanjo.net\/site\/mudancas-climaticas\/\" \/>\n<meta property=\"og:locale\" content=\"pt_BR\" \/>\n<meta property=\"og:type\" content=\"article\" \/>\n<meta property=\"og:title\" content=\"Mudan\u00e7as clim\u00e1ticas - O Arcanjo no ar\" \/>\n<meta property=\"og:description\" content=\"Dom Dem\u00e9trio Valentini A CNBB, em conjunto com a Misereor, da Alemanha, acaba de realizar um simp\u00f3sio internacional sobre Mudan\u00e7as Clim\u00e1ticas e Justi\u00e7a Social. A pr\u00f3pria realiza\u00e7\u00e3o do simp\u00f3sio evidencia a gravidade da situa\u00e7\u00e3o. As duas institui\u00e7\u00f5es, promotoras do evento, testemunham a seriedade com que precisamos nos preocupar com os fen\u00f4menos relacionados com a vida [&hellip;]\" \/>\n<meta property=\"og:url\" content=\"https:\/\/www.oarcanjo.net\/site\/mudancas-climaticas\/\" \/>\n<meta property=\"og:site_name\" content=\"O Arcanjo no ar\" \/>\n<meta property=\"article:publisher\" content=\"https:\/\/www.facebook.com\/OArcanjoNoAr\/\" \/>\n<meta property=\"article:published_time\" content=\"2009-06-13T10:00:39+00:00\" \/>\n<meta property=\"article:modified_time\" content=\"2009-06-13T01:31:43+00:00\" \/>\n<meta property=\"og:image\" content=\"https:\/\/www.oarcanjo.net\/site\/wp-content\/uploads\/logo-o-arcanjo-no-ar-facebook.png\" \/>\n\t<meta property=\"og:image:width\" content=\"300\" \/>\n\t<meta property=\"og:image:height\" content=\"300\" \/>\n\t<meta property=\"og:image:type\" content=\"image\/png\" \/>\n<meta name=\"author\" content=\"editor\" \/>\n<meta name=\"twitter:card\" content=\"summary_large_image\" \/>\n<meta name=\"twitter:label1\" content=\"Escrito por\" \/>\n\t<meta name=\"twitter:data1\" content=\"editor\" \/>\n\t<meta name=\"twitter:label2\" content=\"Est. tempo de leitura\" \/>\n\t<meta name=\"twitter:data2\" content=\"3 minutos\" \/>\n<script type=\"application\/ld+json\" class=\"yoast-schema-graph\">{\"@context\":\"https:\/\/schema.org\",\"@graph\":[{\"@type\":\"Article\",\"@id\":\"https:\/\/www.oarcanjo.net\/site\/mudancas-climaticas\/#article\",\"isPartOf\":{\"@id\":\"https:\/\/www.oarcanjo.net\/site\/mudancas-climaticas\/\"},\"author\":{\"name\":\"editor\",\"@id\":\"https:\/\/www.oarcanjo.net\/site\/#\/schema\/person\/f7024d007863202483a31326673a0838\"},\"headline\":\"Mudan\u00e7as clim\u00e1ticas\",\"datePublished\":\"2009-06-13T10:00:39+00:00\",\"dateModified\":\"2009-06-13T01:31:43+00:00\",\"mainEntityOfPage\":{\"@id\":\"https:\/\/www.oarcanjo.net\/site\/mudancas-climaticas\/\"},\"wordCount\":665,\"commentCount\":0,\"publisher\":{\"@id\":\"https:\/\/www.oarcanjo.net\/site\/#organization\"},\"keywords\":[\"clima\",\"CNBB\",\"ecologia\",\"meio ambiente\",\"Misereor\",\"sustentabilidade\",\"vida\"],\"articleSection\":[\"Reflex\u00f5es\"],\"inLanguage\":\"pt-BR\",\"potentialAction\":[{\"@type\":\"CommentAction\",\"name\":\"Comment\",\"target\":[\"https:\/\/www.oarcanjo.net\/site\/mudancas-climaticas\/#respond\"]}]},{\"@type\":\"WebPage\",\"@id\":\"https:\/\/www.oarcanjo.net\/site\/mudancas-climaticas\/\",\"url\":\"https:\/\/www.oarcanjo.net\/site\/mudancas-climaticas\/\",\"name\":\"Mudan\u00e7as clim\u00e1ticas - O Arcanjo no ar\",\"isPartOf\":{\"@id\":\"https:\/\/www.oarcanjo.net\/site\/#website\"},\"datePublished\":\"2009-06-13T10:00:39+00:00\",\"dateModified\":\"2009-06-13T01:31:43+00:00\",\"breadcrumb\":{\"@id\":\"https:\/\/www.oarcanjo.net\/site\/mudancas-climaticas\/#breadcrumb\"},\"inLanguage\":\"pt-BR\",\"potentialAction\":[{\"@type\":\"ReadAction\",\"target\":[\"https:\/\/www.oarcanjo.net\/site\/mudancas-climaticas\/\"]}]},{\"@type\":\"BreadcrumbList\",\"@id\":\"https:\/\/www.oarcanjo.net\/site\/mudancas-climaticas\/#breadcrumb\",\"itemListElement\":[{\"@type\":\"ListItem\",\"position\":1,\"name\":\"In\u00edcio\",\"item\":\"https:\/\/www.oarcanjo.net\/site\/\"},{\"@type\":\"ListItem\",\"position\":2,\"name\":\"Mudan\u00e7as clim\u00e1ticas\"}]},{\"@type\":\"WebSite\",\"@id\":\"https:\/\/www.oarcanjo.net\/site\/#website\",\"url\":\"https:\/\/www.oarcanjo.net\/site\/\",\"name\":\"O Arcanjo no ar\",\"description\":\"Site da Par\u00f3quia S\u00e3o Miguel Arcanjo (Arquidiocese de SP)\",\"publisher\":{\"@id\":\"https:\/\/www.oarcanjo.net\/site\/#organization\"},\"potentialAction\":[{\"@type\":\"SearchAction\",\"target\":{\"@type\":\"EntryPoint\",\"urlTemplate\":\"https:\/\/www.oarcanjo.net\/site\/?s={search_term_string}\"},\"query-input\":{\"@type\":\"PropertyValueSpecification\",\"valueRequired\":true,\"valueName\":\"search_term_string\"}}],\"inLanguage\":\"pt-BR\"},{\"@type\":\"Organization\",\"@id\":\"https:\/\/www.oarcanjo.net\/site\/#organization\",\"name\":\"Par\u00f3quia S\u00e3o Miguel Arcanjo\",\"url\":\"https:\/\/www.oarcanjo.net\/site\/\",\"logo\":{\"@type\":\"ImageObject\",\"inLanguage\":\"pt-BR\",\"@id\":\"https:\/\/www.oarcanjo.net\/site\/#\/schema\/logo\/image\/\",\"url\":\"https:\/\/www.oarcanjo.net\/site\/wp-content\/uploads\/LogoOArcanjo.png\",\"contentUrl\":\"https:\/\/www.oarcanjo.net\/site\/wp-content\/uploads\/LogoOArcanjo.png\",\"width\":319,\"height\":99,\"caption\":\"Par\u00f3quia S\u00e3o Miguel Arcanjo\"},\"image\":{\"@id\":\"https:\/\/www.oarcanjo.net\/site\/#\/schema\/logo\/image\/\"},\"sameAs\":[\"https:\/\/www.facebook.com\/OArcanjoNoAr\/\"]},{\"@type\":\"Person\",\"@id\":\"https:\/\/www.oarcanjo.net\/site\/#\/schema\/person\/f7024d007863202483a31326673a0838\",\"name\":\"editor\",\"sameAs\":[\"http:\/\/www.oarcanjo.net\"]}]}<\/script>\n<!-- \/ Yoast SEO plugin. -->","yoast_head_json":{"title":"Mudan\u00e7as clim\u00e1ticas - O Arcanjo no ar","robots":{"index":"index","follow":"follow","max-snippet":"max-snippet:-1","max-image-preview":"max-image-preview:large","max-video-preview":"max-video-preview:-1"},"canonical":"https:\/\/www.oarcanjo.net\/site\/mudancas-climaticas\/","og_locale":"pt_BR","og_type":"article","og_title":"Mudan\u00e7as clim\u00e1ticas - O Arcanjo no ar","og_description":"Dom Dem\u00e9trio Valentini A CNBB, em conjunto com a Misereor, da Alemanha, acaba de realizar um simp\u00f3sio internacional sobre Mudan\u00e7as Clim\u00e1ticas e Justi\u00e7a Social. A pr\u00f3pria realiza\u00e7\u00e3o do simp\u00f3sio evidencia a gravidade da situa\u00e7\u00e3o. As duas institui\u00e7\u00f5es, promotoras do evento, testemunham a seriedade com que precisamos nos preocupar com os fen\u00f4menos relacionados com a vida [&hellip;]","og_url":"https:\/\/www.oarcanjo.net\/site\/mudancas-climaticas\/","og_site_name":"O Arcanjo no ar","article_publisher":"https:\/\/www.facebook.com\/OArcanjoNoAr\/","article_published_time":"2009-06-13T10:00:39+00:00","article_modified_time":"2009-06-13T01:31:43+00:00","og_image":[{"width":300,"height":300,"url":"https:\/\/www.oarcanjo.net\/site\/wp-content\/uploads\/logo-o-arcanjo-no-ar-facebook.png","type":"image\/png"}],"author":"editor","twitter_card":"summary_large_image","twitter_misc":{"Escrito por":"editor","Est. tempo de leitura":"3 minutos"},"schema":{"@context":"https:\/\/schema.org","@graph":[{"@type":"Article","@id":"https:\/\/www.oarcanjo.net\/site\/mudancas-climaticas\/#article","isPartOf":{"@id":"https:\/\/www.oarcanjo.net\/site\/mudancas-climaticas\/"},"author":{"name":"editor","@id":"https:\/\/www.oarcanjo.net\/site\/#\/schema\/person\/f7024d007863202483a31326673a0838"},"headline":"Mudan\u00e7as clim\u00e1ticas","datePublished":"2009-06-13T10:00:39+00:00","dateModified":"2009-06-13T01:31:43+00:00","mainEntityOfPage":{"@id":"https:\/\/www.oarcanjo.net\/site\/mudancas-climaticas\/"},"wordCount":665,"commentCount":0,"publisher":{"@id":"https:\/\/www.oarcanjo.net\/site\/#organization"},"keywords":["clima","CNBB","ecologia","meio ambiente","Misereor","sustentabilidade","vida"],"articleSection":["Reflex\u00f5es"],"inLanguage":"pt-BR","potentialAction":[{"@type":"CommentAction","name":"Comment","target":["https:\/\/www.oarcanjo.net\/site\/mudancas-climaticas\/#respond"]}]},{"@type":"WebPage","@id":"https:\/\/www.oarcanjo.net\/site\/mudancas-climaticas\/","url":"https:\/\/www.oarcanjo.net\/site\/mudancas-climaticas\/","name":"Mudan\u00e7as clim\u00e1ticas - O Arcanjo no ar","isPartOf":{"@id":"https:\/\/www.oarcanjo.net\/site\/#website"},"datePublished":"2009-06-13T10:00:39+00:00","dateModified":"2009-06-13T01:31:43+00:00","breadcrumb":{"@id":"https:\/\/www.oarcanjo.net\/site\/mudancas-climaticas\/#breadcrumb"},"inLanguage":"pt-BR","potentialAction":[{"@type":"ReadAction","target":["https:\/\/www.oarcanjo.net\/site\/mudancas-climaticas\/"]}]},{"@type":"BreadcrumbList","@id":"https:\/\/www.oarcanjo.net\/site\/mudancas-climaticas\/#breadcrumb","itemListElement":[{"@type":"ListItem","position":1,"name":"In\u00edcio","item":"https:\/\/www.oarcanjo.net\/site\/"},{"@type":"ListItem","position":2,"name":"Mudan\u00e7as clim\u00e1ticas"}]},{"@type":"WebSite","@id":"https:\/\/www.oarcanjo.net\/site\/#website","url":"https:\/\/www.oarcanjo.net\/site\/","name":"O Arcanjo no ar","description":"Site da Par\u00f3quia S\u00e3o Miguel Arcanjo (Arquidiocese de SP)","publisher":{"@id":"https:\/\/www.oarcanjo.net\/site\/#organization"},"potentialAction":[{"@type":"SearchAction","target":{"@type":"EntryPoint","urlTemplate":"https:\/\/www.oarcanjo.net\/site\/?s={search_term_string}"},"query-input":{"@type":"PropertyValueSpecification","valueRequired":true,"valueName":"search_term_string"}}],"inLanguage":"pt-BR"},{"@type":"Organization","@id":"https:\/\/www.oarcanjo.net\/site\/#organization","name":"Par\u00f3quia S\u00e3o Miguel Arcanjo","url":"https:\/\/www.oarcanjo.net\/site\/","logo":{"@type":"ImageObject","inLanguage":"pt-BR","@id":"https:\/\/www.oarcanjo.net\/site\/#\/schema\/logo\/image\/","url":"https:\/\/www.oarcanjo.net\/site\/wp-content\/uploads\/LogoOArcanjo.png","contentUrl":"https:\/\/www.oarcanjo.net\/site\/wp-content\/uploads\/LogoOArcanjo.png","width":319,"height":99,"caption":"Par\u00f3quia S\u00e3o Miguel Arcanjo"},"image":{"@id":"https:\/\/www.oarcanjo.net\/site\/#\/schema\/logo\/image\/"},"sameAs":["https:\/\/www.facebook.com\/OArcanjoNoAr\/"]},{"@type":"Person","@id":"https:\/\/www.oarcanjo.net\/site\/#\/schema\/person\/f7024d007863202483a31326673a0838","name":"editor","sameAs":["http:\/\/www.oarcanjo.net"]}]}},"publishpress_future_action":{"enabled":false,"date":"2026-05-08 23:45:47","action":"category","newStatus":"draft","terms":[],"taxonomy":"category"},"publishpress_future_workflow_manual_trigger":{"enabledWorkflows":[]},"_links":{"self":[{"href":"https:\/\/www.oarcanjo.net\/site\/wp-json\/wp\/v2\/posts\/3935"}],"collection":[{"href":"https:\/\/www.oarcanjo.net\/site\/wp-json\/wp\/v2\/posts"}],"about":[{"href":"https:\/\/www.oarcanjo.net\/site\/wp-json\/wp\/v2\/types\/post"}],"author":[{"embeddable":true,"href":"https:\/\/www.oarcanjo.net\/site\/wp-json\/wp\/v2\/users\/5"}],"replies":[{"embeddable":true,"href":"https:\/\/www.oarcanjo.net\/site\/wp-json\/wp\/v2\/comments?post=3935"}],"version-history":[{"count":0,"href":"https:\/\/www.oarcanjo.net\/site\/wp-json\/wp\/v2\/posts\/3935\/revisions"}],"wp:attachment":[{"href":"https:\/\/www.oarcanjo.net\/site\/wp-json\/wp\/v2\/media?parent=3935"}],"wp:term":[{"taxonomy":"category","embeddable":true,"href":"https:\/\/www.oarcanjo.net\/site\/wp-json\/wp\/v2\/categories?post=3935"},{"taxonomy":"post_tag","embeddable":true,"href":"https:\/\/www.oarcanjo.net\/site\/wp-json\/wp\/v2\/tags?post=3935"}],"curies":[{"name":"wp","href":"https:\/\/api.w.org\/{rel}","templated":true}]}}