
{"id":3937,"date":"2009-06-14T06:30:45","date_gmt":"2009-06-14T09:30:45","guid":{"rendered":"http:\/\/www.oarcanjo.net\/site\/?p=3937"},"modified":"2009-06-12T22:33:49","modified_gmt":"2009-06-13T01:33:49","slug":"respeito-a-todo-ser-a-mae-terra","status":"publish","type":"post","link":"https:\/\/www.oarcanjo.net\/site\/respeito-a-todo-ser-a-mae-terra\/","title":{"rendered":"Respeito a todo ser, \u00e0 M\u00e3e Terra"},"content":{"rendered":"<p>Leonardo Boff<\/p>\n<p>Se reconhecermos, como os povos origin\u00e1rios e muitos cientistas modernos, que a Terra \u00e9 Gaia, M\u00e3e generosa, geradora de toda vida, ent\u00e3o devemos a ela o mesmo respeito e venera\u00e7\u00e3o que devotamos \u00e0s nossas m\u00e3es. Em grande parte, a crise ecol\u00f3gica mundial deriva da sistem\u00e1tica falta de respeito para com a natureza e a Terra.<\/p>\n<p>O respeito implica reconhecer que cada ser vale por si mesmo, porque simplesmente existe e, ao existir, expressa algo do Ser e daquela Fonte origin\u00e1ria de energia e de virtualidades da qual todos prov\u00e9m e para a qual todos retornam (v\u00e1cuo qu\u00e2ntico). Numa perspectiva religiosa, cada ser expressa o pr\u00f3prio Criador.<\/p>\n<p>Ao captarmos os seres como valor intr\u00ednseco, surge em n\u00f3s o sentimento de cuidado e de responsabilidade para com eles a fim de que possam continuar a ser a a coevoluir.<\/p>\n<p>As culturas origin\u00e1rias atestam a venera\u00e7\u00e3o face \u00e0 majestade do universo, o respeito pela natureza e para cada um de seus representantes. <\/p>\n<p>O budismo que n\u00e3o se apresenta como uma f\u00e9 mas como uma sabedoria, um caminho de vida em harmonia com o Todo, ensina a ter um profundo respeito, especialmente, por aquele que sofre (compaix\u00e3o). Desenvolveu o Feng Shui que \u00e9 a arte de harmonizar a casa e a si mesmo com todos os elementos da natureza e com o Tao.<\/p>\n<p>O Cristianismo conhece a figura exemplar de S\u00e3o Francisco de Assis (1181-1226). Seu mais antigo bi\u00f3grafo, Tom\u00e1s de Celano (1229) testemunha que andava com respeito por sobre as pedras em aten\u00e7\u00e3o daquele, Cristo, que foi chamado de &#8220;pedra&#8221;; recolhia com carinho as lesmas para n\u00e3o serem pisadas; no inverno, dava \u00e1gua doce \u00e0s abelhas para n\u00e3o morrerem de frio e de fome.<\/p>\n<p>Aqui temos a ver com um outro modo de habitar o mundo, junto com as coisas convivendo com elas e n\u00e3o sobre as coisas dominando-as.<\/p>\n<p>Extremamente atual \u00e9 a figura do humanista Albert Schweitzer (1875-1965). Elaborou grandiosa \u00e9tica do respeito a todo o ser e \u00e0 vida em todas as suas formas. Era um grande exegeta e famoso concertista das m\u00fasicas de Bach. Num momento de sua vida, largou tudo, estudou medicina e foi servir hansenianos em Lambarene no Gab\u00e3o. <\/p>\n<p>Diz explicitamente, numa carta, que &#8220;o que precisamos n\u00e3o \u00e9 enviar para l\u00e1 mission\u00e1rios que queiram converter os africanos, mas pessoas que se disponham a fazer para os pobres o que deve ser feito, caso o Serm\u00e3o da Montanha e as palavras de Jesus possuam algum valor. Se o Cristianismo n\u00e3o realizar isso, perdeu seu sentido&#8221;.<\/p>\n<p>Em seu hospital no interior da floresta tropical, em Lambarene, entre um atendimento e outro, escreveu v\u00e1rios livros sobre a \u00e9tica do respeito, sendo o principal este: O respeito diante da vida (Ehrfurcht vor dem Leben). <\/p>\n<p>Bem diz ele:&#8221;a id\u00e9ia-chave do bem consiste em conservar a vida, desenvolv\u00ea-la e elev\u00e1-la ao seu m\u00e1ximo valor; o mal consiste em destruir a vida, prejudic\u00e1-la e impedi-la de se desenvolver. Este \u00e9 o princ\u00edpio necess\u00e1rio, universal e absoluto da \u00e9tica&#8221;.<\/p>\n<p>Para ele, o limite das \u00e9ticas vigentes consiste em se concentrarem apenas nos comportamentos humanos e esquecerem as outras formas de vida. Numa palavra: &#8220;a \u00e9tica \u00e9 a responsabilidade ilimitada por tudo que existe e vive&#8221; <\/p>\n<p>Dai se derivam comportamentos de grande compaix\u00e3o e cuidado. Numa pr\u00e9dica conclamava: &#8220;Mantenha teus olhos abertos para n\u00e3o perder a ocasi\u00e3o de ser um salvador. N\u00e3o passe ao largo, inconsciente, do pequeno inseto que se debate na \u00e1gua e que corre risco de se afogar. Tome um pauzinho e retire-o da \u00e1gua, enxugue-lhe as asinhas e experimente a maravilha de ter salvo uma vida e a felicidade de ter agido a cargo e em nome do Todo-poderoso. A minhoca que se perdeu na estrada dura e seca e que n\u00e3o pode fazer o seu buraco, retire-a e coloque-a no meio da grama. \u2018O que fizerdes a um desses mais pequenos foi a mim que o fizestes\u2019. Esta palavra de Jesus n\u00e3o vale apenas para n\u00f3s humanos mas tamb\u00e9m para as mais pequenas das criaturas&#8221;.<\/p>\n<p>Essa \u00e9tica do respeito \u00e9 categ\u00f3rica no momento atual em que a M\u00e3e Terra se encontra sob perigoso estresse.<\/p>\n<div id=\"themify_builder_content-3937\" data-postid=\"3937\" class=\"themify_builder_content themify_builder_content-3937 themify_builder themify_builder_front\">\n\t<\/div>\n<!-- \/themify_builder_content -->","protected":false},"excerpt":{"rendered":"<p>Leonardo Boff Se reconhecermos, como os povos origin\u00e1rios e muitos cientistas modernos, que a Terra \u00e9 Gaia, M\u00e3e generosa, geradora de toda vida, ent\u00e3o devemos a ela o mesmo respeito e venera\u00e7\u00e3o que devotamos \u00e0s nossas m\u00e3es. Em grande parte, a crise ecol\u00f3gica mundial deriva da sistem\u00e1tica falta de respeito para com a natureza e [&hellip;]<\/p>\n","protected":false},"author":5,"featured_media":0,"comment_status":"open","ping_status":"open","sticky":false,"template":"","format":"standard","meta":{"ngg_post_thumbnail":0,"footnotes":""},"categories":[9],"tags":[104,823,354,468,732,470,172],"yoast_head":"<!-- This site is optimized with the Yoast SEO plugin v23.5 - https:\/\/yoast.com\/wordpress\/plugins\/seo\/ -->\n<title>Respeito a todo ser, \u00e0 M\u00e3e Terra - O Arcanjo no ar<\/title>\n<meta name=\"robots\" content=\"index, follow, max-snippet:-1, max-image-preview:large, max-video-preview:-1\" \/>\n<link rel=\"canonical\" href=\"https:\/\/www.oarcanjo.net\/site\/respeito-a-todo-ser-a-mae-terra\/\" \/>\n<meta property=\"og:locale\" content=\"pt_BR\" \/>\n<meta property=\"og:type\" content=\"article\" \/>\n<meta property=\"og:title\" content=\"Respeito a todo ser, \u00e0 M\u00e3e Terra - O Arcanjo no ar\" \/>\n<meta property=\"og:description\" content=\"Leonardo Boff Se reconhecermos, como os povos origin\u00e1rios e muitos cientistas modernos, que a Terra \u00e9 Gaia, M\u00e3e generosa, geradora de toda vida, ent\u00e3o devemos a ela o mesmo respeito e venera\u00e7\u00e3o que devotamos \u00e0s nossas m\u00e3es. Em grande parte, a crise ecol\u00f3gica mundial deriva da sistem\u00e1tica falta de respeito para com a natureza e [&hellip;]\" \/>\n<meta property=\"og:url\" content=\"https:\/\/www.oarcanjo.net\/site\/respeito-a-todo-ser-a-mae-terra\/\" \/>\n<meta property=\"og:site_name\" content=\"O Arcanjo no ar\" \/>\n<meta property=\"article:publisher\" content=\"https:\/\/www.facebook.com\/OArcanjoNoAr\/\" \/>\n<meta property=\"article:published_time\" content=\"2009-06-14T09:30:45+00:00\" \/>\n<meta property=\"article:modified_time\" content=\"2009-06-13T01:33:49+00:00\" \/>\n<meta property=\"og:image\" content=\"https:\/\/www.oarcanjo.net\/site\/wp-content\/uploads\/logo-o-arcanjo-no-ar-facebook.png\" \/>\n\t<meta property=\"og:image:width\" content=\"300\" \/>\n\t<meta property=\"og:image:height\" content=\"300\" \/>\n\t<meta property=\"og:image:type\" content=\"image\/png\" \/>\n<meta name=\"author\" content=\"editor\" \/>\n<meta name=\"twitter:card\" content=\"summary_large_image\" \/>\n<meta name=\"twitter:label1\" content=\"Escrito por\" \/>\n\t<meta name=\"twitter:data1\" content=\"editor\" \/>\n\t<meta name=\"twitter:label2\" content=\"Est. tempo de leitura\" \/>\n\t<meta name=\"twitter:data2\" content=\"4 minutos\" \/>\n<script type=\"application\/ld+json\" class=\"yoast-schema-graph\">{\"@context\":\"https:\/\/schema.org\",\"@graph\":[{\"@type\":\"Article\",\"@id\":\"https:\/\/www.oarcanjo.net\/site\/respeito-a-todo-ser-a-mae-terra\/#article\",\"isPartOf\":{\"@id\":\"https:\/\/www.oarcanjo.net\/site\/respeito-a-todo-ser-a-mae-terra\/\"},\"author\":{\"name\":\"editor\",\"@id\":\"https:\/\/www.oarcanjo.net\/site\/#\/schema\/person\/f7024d007863202483a31326673a0838\"},\"headline\":\"Respeito a todo ser, \u00e0 M\u00e3e Terra\",\"datePublished\":\"2009-06-14T09:30:45+00:00\",\"dateModified\":\"2009-06-13T01:33:49+00:00\",\"mainEntityOfPage\":{\"@id\":\"https:\/\/www.oarcanjo.net\/site\/respeito-a-todo-ser-a-mae-terra\/\"},\"wordCount\":733,\"commentCount\":0,\"publisher\":{\"@id\":\"https:\/\/www.oarcanjo.net\/site\/#organization\"},\"keywords\":[\"ecologia\",\"Gaia\",\"humanismo\",\"meio ambiente\",\"S\u00e3o Francisco de Assis\",\"sustentabilidade\",\"Terra\"],\"articleSection\":[\"Reflex\u00f5es\"],\"inLanguage\":\"pt-BR\",\"potentialAction\":[{\"@type\":\"CommentAction\",\"name\":\"Comment\",\"target\":[\"https:\/\/www.oarcanjo.net\/site\/respeito-a-todo-ser-a-mae-terra\/#respond\"]}]},{\"@type\":\"WebPage\",\"@id\":\"https:\/\/www.oarcanjo.net\/site\/respeito-a-todo-ser-a-mae-terra\/\",\"url\":\"https:\/\/www.oarcanjo.net\/site\/respeito-a-todo-ser-a-mae-terra\/\",\"name\":\"Respeito a todo ser, \u00e0 M\u00e3e Terra - O Arcanjo no ar\",\"isPartOf\":{\"@id\":\"https:\/\/www.oarcanjo.net\/site\/#website\"},\"datePublished\":\"2009-06-14T09:30:45+00:00\",\"dateModified\":\"2009-06-13T01:33:49+00:00\",\"breadcrumb\":{\"@id\":\"https:\/\/www.oarcanjo.net\/site\/respeito-a-todo-ser-a-mae-terra\/#breadcrumb\"},\"inLanguage\":\"pt-BR\",\"potentialAction\":[{\"@type\":\"ReadAction\",\"target\":[\"https:\/\/www.oarcanjo.net\/site\/respeito-a-todo-ser-a-mae-terra\/\"]}]},{\"@type\":\"BreadcrumbList\",\"@id\":\"https:\/\/www.oarcanjo.net\/site\/respeito-a-todo-ser-a-mae-terra\/#breadcrumb\",\"itemListElement\":[{\"@type\":\"ListItem\",\"position\":1,\"name\":\"In\u00edcio\",\"item\":\"https:\/\/www.oarcanjo.net\/site\/\"},{\"@type\":\"ListItem\",\"position\":2,\"name\":\"Respeito a todo ser, \u00e0 M\u00e3e Terra\"}]},{\"@type\":\"WebSite\",\"@id\":\"https:\/\/www.oarcanjo.net\/site\/#website\",\"url\":\"https:\/\/www.oarcanjo.net\/site\/\",\"name\":\"O Arcanjo no ar\",\"description\":\"Site da Par\u00f3quia S\u00e3o Miguel Arcanjo (Arquidiocese de SP)\",\"publisher\":{\"@id\":\"https:\/\/www.oarcanjo.net\/site\/#organization\"},\"potentialAction\":[{\"@type\":\"SearchAction\",\"target\":{\"@type\":\"EntryPoint\",\"urlTemplate\":\"https:\/\/www.oarcanjo.net\/site\/?s={search_term_string}\"},\"query-input\":{\"@type\":\"PropertyValueSpecification\",\"valueRequired\":true,\"valueName\":\"search_term_string\"}}],\"inLanguage\":\"pt-BR\"},{\"@type\":\"Organization\",\"@id\":\"https:\/\/www.oarcanjo.net\/site\/#organization\",\"name\":\"Par\u00f3quia S\u00e3o Miguel Arcanjo\",\"url\":\"https:\/\/www.oarcanjo.net\/site\/\",\"logo\":{\"@type\":\"ImageObject\",\"inLanguage\":\"pt-BR\",\"@id\":\"https:\/\/www.oarcanjo.net\/site\/#\/schema\/logo\/image\/\",\"url\":\"https:\/\/www.oarcanjo.net\/site\/wp-content\/uploads\/LogoOArcanjo.png\",\"contentUrl\":\"https:\/\/www.oarcanjo.net\/site\/wp-content\/uploads\/LogoOArcanjo.png\",\"width\":319,\"height\":99,\"caption\":\"Par\u00f3quia S\u00e3o Miguel Arcanjo\"},\"image\":{\"@id\":\"https:\/\/www.oarcanjo.net\/site\/#\/schema\/logo\/image\/\"},\"sameAs\":[\"https:\/\/www.facebook.com\/OArcanjoNoAr\/\"]},{\"@type\":\"Person\",\"@id\":\"https:\/\/www.oarcanjo.net\/site\/#\/schema\/person\/f7024d007863202483a31326673a0838\",\"name\":\"editor\",\"sameAs\":[\"http:\/\/www.oarcanjo.net\"]}]}<\/script>\n<!-- \/ Yoast SEO plugin. -->","yoast_head_json":{"title":"Respeito a todo ser, \u00e0 M\u00e3e Terra - O Arcanjo no ar","robots":{"index":"index","follow":"follow","max-snippet":"max-snippet:-1","max-image-preview":"max-image-preview:large","max-video-preview":"max-video-preview:-1"},"canonical":"https:\/\/www.oarcanjo.net\/site\/respeito-a-todo-ser-a-mae-terra\/","og_locale":"pt_BR","og_type":"article","og_title":"Respeito a todo ser, \u00e0 M\u00e3e Terra - O Arcanjo no ar","og_description":"Leonardo Boff Se reconhecermos, como os povos origin\u00e1rios e muitos cientistas modernos, que a Terra \u00e9 Gaia, M\u00e3e generosa, geradora de toda vida, ent\u00e3o devemos a ela o mesmo respeito e venera\u00e7\u00e3o que devotamos \u00e0s nossas m\u00e3es. Em grande parte, a crise ecol\u00f3gica mundial deriva da sistem\u00e1tica falta de respeito para com a natureza e [&hellip;]","og_url":"https:\/\/www.oarcanjo.net\/site\/respeito-a-todo-ser-a-mae-terra\/","og_site_name":"O Arcanjo no ar","article_publisher":"https:\/\/www.facebook.com\/OArcanjoNoAr\/","article_published_time":"2009-06-14T09:30:45+00:00","article_modified_time":"2009-06-13T01:33:49+00:00","og_image":[{"width":300,"height":300,"url":"https:\/\/www.oarcanjo.net\/site\/wp-content\/uploads\/logo-o-arcanjo-no-ar-facebook.png","type":"image\/png"}],"author":"editor","twitter_card":"summary_large_image","twitter_misc":{"Escrito por":"editor","Est. tempo de leitura":"4 minutos"},"schema":{"@context":"https:\/\/schema.org","@graph":[{"@type":"Article","@id":"https:\/\/www.oarcanjo.net\/site\/respeito-a-todo-ser-a-mae-terra\/#article","isPartOf":{"@id":"https:\/\/www.oarcanjo.net\/site\/respeito-a-todo-ser-a-mae-terra\/"},"author":{"name":"editor","@id":"https:\/\/www.oarcanjo.net\/site\/#\/schema\/person\/f7024d007863202483a31326673a0838"},"headline":"Respeito a todo ser, \u00e0 M\u00e3e Terra","datePublished":"2009-06-14T09:30:45+00:00","dateModified":"2009-06-13T01:33:49+00:00","mainEntityOfPage":{"@id":"https:\/\/www.oarcanjo.net\/site\/respeito-a-todo-ser-a-mae-terra\/"},"wordCount":733,"commentCount":0,"publisher":{"@id":"https:\/\/www.oarcanjo.net\/site\/#organization"},"keywords":["ecologia","Gaia","humanismo","meio ambiente","S\u00e3o Francisco de Assis","sustentabilidade","Terra"],"articleSection":["Reflex\u00f5es"],"inLanguage":"pt-BR","potentialAction":[{"@type":"CommentAction","name":"Comment","target":["https:\/\/www.oarcanjo.net\/site\/respeito-a-todo-ser-a-mae-terra\/#respond"]}]},{"@type":"WebPage","@id":"https:\/\/www.oarcanjo.net\/site\/respeito-a-todo-ser-a-mae-terra\/","url":"https:\/\/www.oarcanjo.net\/site\/respeito-a-todo-ser-a-mae-terra\/","name":"Respeito a todo ser, \u00e0 M\u00e3e Terra - O Arcanjo no ar","isPartOf":{"@id":"https:\/\/www.oarcanjo.net\/site\/#website"},"datePublished":"2009-06-14T09:30:45+00:00","dateModified":"2009-06-13T01:33:49+00:00","breadcrumb":{"@id":"https:\/\/www.oarcanjo.net\/site\/respeito-a-todo-ser-a-mae-terra\/#breadcrumb"},"inLanguage":"pt-BR","potentialAction":[{"@type":"ReadAction","target":["https:\/\/www.oarcanjo.net\/site\/respeito-a-todo-ser-a-mae-terra\/"]}]},{"@type":"BreadcrumbList","@id":"https:\/\/www.oarcanjo.net\/site\/respeito-a-todo-ser-a-mae-terra\/#breadcrumb","itemListElement":[{"@type":"ListItem","position":1,"name":"In\u00edcio","item":"https:\/\/www.oarcanjo.net\/site\/"},{"@type":"ListItem","position":2,"name":"Respeito a todo ser, \u00e0 M\u00e3e Terra"}]},{"@type":"WebSite","@id":"https:\/\/www.oarcanjo.net\/site\/#website","url":"https:\/\/www.oarcanjo.net\/site\/","name":"O Arcanjo no ar","description":"Site da Par\u00f3quia S\u00e3o Miguel Arcanjo (Arquidiocese de SP)","publisher":{"@id":"https:\/\/www.oarcanjo.net\/site\/#organization"},"potentialAction":[{"@type":"SearchAction","target":{"@type":"EntryPoint","urlTemplate":"https:\/\/www.oarcanjo.net\/site\/?s={search_term_string}"},"query-input":{"@type":"PropertyValueSpecification","valueRequired":true,"valueName":"search_term_string"}}],"inLanguage":"pt-BR"},{"@type":"Organization","@id":"https:\/\/www.oarcanjo.net\/site\/#organization","name":"Par\u00f3quia S\u00e3o Miguel Arcanjo","url":"https:\/\/www.oarcanjo.net\/site\/","logo":{"@type":"ImageObject","inLanguage":"pt-BR","@id":"https:\/\/www.oarcanjo.net\/site\/#\/schema\/logo\/image\/","url":"https:\/\/www.oarcanjo.net\/site\/wp-content\/uploads\/LogoOArcanjo.png","contentUrl":"https:\/\/www.oarcanjo.net\/site\/wp-content\/uploads\/LogoOArcanjo.png","width":319,"height":99,"caption":"Par\u00f3quia S\u00e3o Miguel Arcanjo"},"image":{"@id":"https:\/\/www.oarcanjo.net\/site\/#\/schema\/logo\/image\/"},"sameAs":["https:\/\/www.facebook.com\/OArcanjoNoAr\/"]},{"@type":"Person","@id":"https:\/\/www.oarcanjo.net\/site\/#\/schema\/person\/f7024d007863202483a31326673a0838","name":"editor","sameAs":["http:\/\/www.oarcanjo.net"]}]}},"publishpress_future_action":{"enabled":false,"date":"2026-05-09 03:53:54","action":"category","newStatus":"draft","terms":[],"taxonomy":"category"},"publishpress_future_workflow_manual_trigger":{"enabledWorkflows":[]},"_links":{"self":[{"href":"https:\/\/www.oarcanjo.net\/site\/wp-json\/wp\/v2\/posts\/3937"}],"collection":[{"href":"https:\/\/www.oarcanjo.net\/site\/wp-json\/wp\/v2\/posts"}],"about":[{"href":"https:\/\/www.oarcanjo.net\/site\/wp-json\/wp\/v2\/types\/post"}],"author":[{"embeddable":true,"href":"https:\/\/www.oarcanjo.net\/site\/wp-json\/wp\/v2\/users\/5"}],"replies":[{"embeddable":true,"href":"https:\/\/www.oarcanjo.net\/site\/wp-json\/wp\/v2\/comments?post=3937"}],"version-history":[{"count":0,"href":"https:\/\/www.oarcanjo.net\/site\/wp-json\/wp\/v2\/posts\/3937\/revisions"}],"wp:attachment":[{"href":"https:\/\/www.oarcanjo.net\/site\/wp-json\/wp\/v2\/media?parent=3937"}],"wp:term":[{"taxonomy":"category","embeddable":true,"href":"https:\/\/www.oarcanjo.net\/site\/wp-json\/wp\/v2\/categories?post=3937"},{"taxonomy":"post_tag","embeddable":true,"href":"https:\/\/www.oarcanjo.net\/site\/wp-json\/wp\/v2\/tags?post=3937"}],"curies":[{"name":"wp","href":"https:\/\/api.w.org\/{rel}","templated":true}]}}