
{"id":3941,"date":"2009-06-13T15:10:40","date_gmt":"2009-06-13T18:10:40","guid":{"rendered":"http:\/\/www.oarcanjo.net\/site\/?p=3941"},"modified":"2009-06-12T23:31:44","modified_gmt":"2009-06-13T02:31:44","slug":"mae-ambiente","status":"publish","type":"post","link":"https:\/\/www.oarcanjo.net\/site\/mae-ambiente\/","title":{"rendered":"M\u00e3e ambiente"},"content":{"rendered":"<p>Frei Betto<\/p>\n<p>Ecologia vem do grego &#8220;oikos&#8221;, casa, e &#8220;logos&#8221;, conhecimento. Portanto, \u00e9 a ci\u00eancia que estuda as condi\u00e7\u00f5es da natureza e as rela\u00e7\u00f5es entre tudo que existe &#8211; pois tudo que existe coexiste, pr\u00e9-existe e subsiste. A ecologia trata, pois, das conex\u00f5es entre os organismos vivos, como plantas e animais (incluindo homens e mulheres), e o seu meio ambiente. <\/p>\n<p>Talvez fosse mais correto, embora n\u00e3o t\u00e3o apropriado, falar em ecobionomia. Biologia \u00e9 a ci\u00eancia do conhecimento da vida. Ecologia \u00e9 mais do que o conhecimento da casa em que vivemos, o planeta. Assim como economia significa \u2018administra\u00e7\u00e3o da casa\u2019, ecobionomia quer dizer \u2018administra\u00e7\u00e3o da vida na casa\u2019. E vale chamar o meio ambiente de m\u00e3e ambiente, pois ele \u00e9 o nosso solo, a nossa raiz, o nosso alimento. Dele viemos e para ele voltaremos.<\/p>\n<p>Essa vis\u00e3o de interdepend\u00eancia entre todos os seres da natureza foi perdida pela modernidade. Nisso ajudou uma interpreta\u00e7\u00e3o equivocada da B\u00edblia &#8211; a ideia de que Deus criou tudo e, por fim, entregou aos seres humanos para que &#8220;dominassem&#8221; a Terra. O dom\u00ednio virou sin\u00f4nimo de espolia\u00e7\u00e3o, estupro, explora\u00e7\u00e3o. Procurou-se arrancar do planeta o m\u00e1ximo de lucro. Os rios foram polu\u00eddos; os mares, contaminados; o ar que respiramos, envenenado.<\/p>\n<p>Ora, n\u00e3o existe separa\u00e7\u00e3o entre a natureza e os seres humanos. Somos seres naturais, por\u00e9m humanos porque dotados de consci\u00eancia e intelig\u00eancia. E espirituais, porque abertos \u00e0 comunh\u00e3o de amor com o pr\u00f3ximo e com Deus.<\/p>\n<p>O Universo tem cerca de 14 bilh\u00f5es de anos. O ser humano existe h\u00e1 apenas 2 milh\u00f5es de anos. Isso significa que somos resultado da evolu\u00e7\u00e3o do Universo que, como dizia Teilhard de Chardin, \u00e9 movida por uma &#8220;energia divina&#8221;.<\/p>\n<p>Antes do surgimento do homem e da mulher, o Universo era belo, por\u00e9m cego. Um cego n\u00e3o pode contemplar a pr\u00f3pria beleza. Quando surgimos, o Universo ganhou, em n\u00f3s, mente e olhos para se olhar no espelho. Ao olharmos a natureza, \u00e9 o Universo que se olha atrav\u00e9s de nossos olhos. E v\u00ea que \u00e9 belo. Da\u00ed ser chamado de Cosmo. Palavra grega que d\u00e1 tamb\u00e9m origem \u00e0 palavra cosm\u00e9tico &#8211; aquilo que imprime beleza.<\/p>\n<p>A Terra, agora, est\u00e1 polu\u00edda. E n\u00f3s sofremos os efeitos de sua devasta\u00e7\u00e3o, pois tudo que fazemos se reflete na Terra, e tudo que se passa na Terra se reflete em n\u00f3s. Como dizia Gandhi, &#8220;a Terra satisfaz as necessidades de todos, menos a voracidade dos consumistas&#8221;. S\u00e3o os pa\u00edses ricos do Norte do mundo que mais contribuem para a contamina\u00e7\u00e3o do planeta. S\u00e3o respons\u00e1veis por 80% da contamina\u00e7\u00e3o, dos quais os EUA contribuem com 23% e insistem em n\u00e3o assinar o Protocolo de Kyoto.<\/p>\n<p>&#8220;Quando a \u00faltima \u00e1rvore for derrubada &#8211; disse um \u00edndio dos EUA -, o \u00faltimo rio envenenado e o \u00faltimo peixe pescado, ent\u00e3o vamos nos dar conta de que n\u00e3o podemos comer dinheiro&#8221;.<\/p>\n<p>O maior problema ambiental, hoje, n\u00e3o \u00e9 o ar polu\u00eddo ou os mares sujos. \u00c9 a amea\u00e7a de extin\u00e7\u00e3o da esp\u00e9cie humana, devido \u00e0 pobreza e \u00e0 viol\u00eancia. Salvar a Terra \u00e9 libertar as pessoas de todas as situa\u00e7\u00f5es de injusti\u00e7a e opress\u00e3o.<\/p>\n<p>A Amaz\u00f4nia brasileira \u00e9 um exemplo triste de agress\u00e3o \u00e0 m\u00e3e ambiente. No in\u00edcio do s\u00e9culo XX, empresas enriqueceram com a explora\u00e7\u00e3o da borracha e deixaram por l\u00e1 o rastro da mis\u00e9ria. Nos anos 1970, o bilion\u00e1rio americano Daniel Ludwing cercou um dos maiores latif\u00fandios do mundo &#8211; 2 milh\u00f5es de hectares &#8211; para explorar celulose e madeira, deixando-nos como heran\u00e7a terra devastada e solo esgotado virando deserto. \u00c9 o que pretende repetir, agora, o agroneg\u00f3cio interessado em derrubar a floresta para plantar soja e criar gado.<\/p>\n<p>A injusti\u00e7a social produz desequil\u00edbrio ambiental e isso gera injusti\u00e7a social. Bem alertava Chico Mendes para a economia sustent\u00e1vel (isto \u00e9, capaz de n\u00e3o prejudicar as futuras gera\u00e7\u00f5es) e a ecologia centrada na vida digna dos povos da floresta.<\/p>\n<p>A m\u00edstica b\u00edblica nos convida a contemplar toda a Cria\u00e7\u00e3o como obra divina. Jesus nos mobiliza na luta a favor da vida &#8211; dos outros, da natureza, do planeta e do Universo. Dizem os Atos dos Ap\u00f3stolos: &#8220;Ele n\u00e3o est\u00e1 longe de cada um de n\u00f3s. Pois Nele vivemos, nos movemos e existimos. Somos da ra\u00e7a do pr\u00f3prio Deus&#8221; (17, 28). Todo esse mundo \u00e9 morada divina. Devemos ter uma rela\u00e7\u00e3o de complementa\u00e7\u00e3o com a natureza e com o pr\u00f3ximo, dos quais dependemos para viver e ser felizes. Isso se chama amor.<\/p>\n<div id=\"themify_builder_content-3941\" data-postid=\"3941\" class=\"themify_builder_content themify_builder_content-3941 themify_builder themify_builder_front\">\n\t<\/div>\n<!-- \/themify_builder_content -->","protected":false},"excerpt":{"rendered":"<p>Frei Betto Ecologia vem do grego &#8220;oikos&#8221;, casa, e &#8220;logos&#8221;, conhecimento. Portanto, \u00e9 a ci\u00eancia que estuda as condi\u00e7\u00f5es da natureza e as rela\u00e7\u00f5es entre tudo que existe &#8211; pois tudo que existe coexiste, pr\u00e9-existe e subsiste. A ecologia trata, pois, das conex\u00f5es entre os organismos vivos, como plantas e animais (incluindo homens e mulheres), [&hellip;]<\/p>\n","protected":false},"author":5,"featured_media":0,"comment_status":"open","ping_status":"open","sticky":false,"template":"","format":"standard","meta":{"ngg_post_thumbnail":0,"footnotes":""},"categories":[9],"tags":[93,258,104,825,824,236,468,470,77,172],"yoast_head":"<!-- This site is optimized with the Yoast SEO plugin v23.5 - https:\/\/yoast.com\/wordpress\/plugins\/seo\/ -->\n<title>M\u00e3e ambiente - O Arcanjo no ar<\/title>\n<meta name=\"robots\" content=\"index, follow, max-snippet:-1, max-image-preview:large, max-video-preview:-1\" \/>\n<link rel=\"canonical\" href=\"https:\/\/www.oarcanjo.net\/site\/mae-ambiente\/\" \/>\n<meta property=\"og:locale\" content=\"pt_BR\" \/>\n<meta property=\"og:type\" content=\"article\" \/>\n<meta property=\"og:title\" content=\"M\u00e3e ambiente - O Arcanjo no ar\" \/>\n<meta property=\"og:description\" content=\"Frei Betto Ecologia vem do grego &#8220;oikos&#8221;, casa, e &#8220;logos&#8221;, conhecimento. Portanto, \u00e9 a ci\u00eancia que estuda as condi\u00e7\u00f5es da natureza e as rela\u00e7\u00f5es entre tudo que existe &#8211; pois tudo que existe coexiste, pr\u00e9-existe e subsiste. A ecologia trata, pois, das conex\u00f5es entre os organismos vivos, como plantas e animais (incluindo homens e mulheres), [&hellip;]\" \/>\n<meta property=\"og:url\" content=\"https:\/\/www.oarcanjo.net\/site\/mae-ambiente\/\" \/>\n<meta property=\"og:site_name\" content=\"O Arcanjo no ar\" \/>\n<meta property=\"article:publisher\" content=\"https:\/\/www.facebook.com\/OArcanjoNoAr\/\" \/>\n<meta property=\"article:published_time\" content=\"2009-06-13T18:10:40+00:00\" \/>\n<meta property=\"article:modified_time\" content=\"2009-06-13T02:31:44+00:00\" \/>\n<meta property=\"og:image\" content=\"https:\/\/www.oarcanjo.net\/site\/wp-content\/uploads\/logo-o-arcanjo-no-ar-facebook.png\" \/>\n\t<meta property=\"og:image:width\" content=\"300\" \/>\n\t<meta property=\"og:image:height\" content=\"300\" \/>\n\t<meta property=\"og:image:type\" content=\"image\/png\" \/>\n<meta name=\"author\" content=\"editor\" \/>\n<meta name=\"twitter:card\" content=\"summary_large_image\" \/>\n<meta name=\"twitter:label1\" content=\"Escrito por\" \/>\n\t<meta name=\"twitter:data1\" content=\"editor\" \/>\n\t<meta name=\"twitter:label2\" content=\"Est. tempo de leitura\" \/>\n\t<meta name=\"twitter:data2\" content=\"4 minutos\" \/>\n<script type=\"application\/ld+json\" class=\"yoast-schema-graph\">{\"@context\":\"https:\/\/schema.org\",\"@graph\":[{\"@type\":\"Article\",\"@id\":\"https:\/\/www.oarcanjo.net\/site\/mae-ambiente\/#article\",\"isPartOf\":{\"@id\":\"https:\/\/www.oarcanjo.net\/site\/mae-ambiente\/\"},\"author\":{\"name\":\"editor\",\"@id\":\"https:\/\/www.oarcanjo.net\/site\/#\/schema\/person\/f7024d007863202483a31326673a0838\"},\"headline\":\"M\u00e3e ambiente\",\"datePublished\":\"2009-06-13T18:10:40+00:00\",\"dateModified\":\"2009-06-13T02:31:44+00:00\",\"mainEntityOfPage\":{\"@id\":\"https:\/\/www.oarcanjo.net\/site\/mae-ambiente\/\"},\"wordCount\":799,\"commentCount\":1,\"publisher\":{\"@id\":\"https:\/\/www.oarcanjo.net\/site\/#organization\"},\"keywords\":[\"B\u00edblia\",\"Chico Mendes\",\"ecologia\",\"Gandhi\",\"humanidade\",\"Jesus\",\"meio ambiente\",\"sustentabilidade\",\"teologia\",\"Terra\"],\"articleSection\":[\"Reflex\u00f5es\"],\"inLanguage\":\"pt-BR\",\"potentialAction\":[{\"@type\":\"CommentAction\",\"name\":\"Comment\",\"target\":[\"https:\/\/www.oarcanjo.net\/site\/mae-ambiente\/#respond\"]}]},{\"@type\":\"WebPage\",\"@id\":\"https:\/\/www.oarcanjo.net\/site\/mae-ambiente\/\",\"url\":\"https:\/\/www.oarcanjo.net\/site\/mae-ambiente\/\",\"name\":\"M\u00e3e ambiente - O Arcanjo no ar\",\"isPartOf\":{\"@id\":\"https:\/\/www.oarcanjo.net\/site\/#website\"},\"datePublished\":\"2009-06-13T18:10:40+00:00\",\"dateModified\":\"2009-06-13T02:31:44+00:00\",\"breadcrumb\":{\"@id\":\"https:\/\/www.oarcanjo.net\/site\/mae-ambiente\/#breadcrumb\"},\"inLanguage\":\"pt-BR\",\"potentialAction\":[{\"@type\":\"ReadAction\",\"target\":[\"https:\/\/www.oarcanjo.net\/site\/mae-ambiente\/\"]}]},{\"@type\":\"BreadcrumbList\",\"@id\":\"https:\/\/www.oarcanjo.net\/site\/mae-ambiente\/#breadcrumb\",\"itemListElement\":[{\"@type\":\"ListItem\",\"position\":1,\"name\":\"In\u00edcio\",\"item\":\"https:\/\/www.oarcanjo.net\/site\/\"},{\"@type\":\"ListItem\",\"position\":2,\"name\":\"M\u00e3e ambiente\"}]},{\"@type\":\"WebSite\",\"@id\":\"https:\/\/www.oarcanjo.net\/site\/#website\",\"url\":\"https:\/\/www.oarcanjo.net\/site\/\",\"name\":\"O Arcanjo no ar\",\"description\":\"Site da Par\u00f3quia S\u00e3o Miguel Arcanjo (Arquidiocese de SP)\",\"publisher\":{\"@id\":\"https:\/\/www.oarcanjo.net\/site\/#organization\"},\"potentialAction\":[{\"@type\":\"SearchAction\",\"target\":{\"@type\":\"EntryPoint\",\"urlTemplate\":\"https:\/\/www.oarcanjo.net\/site\/?s={search_term_string}\"},\"query-input\":{\"@type\":\"PropertyValueSpecification\",\"valueRequired\":true,\"valueName\":\"search_term_string\"}}],\"inLanguage\":\"pt-BR\"},{\"@type\":\"Organization\",\"@id\":\"https:\/\/www.oarcanjo.net\/site\/#organization\",\"name\":\"Par\u00f3quia S\u00e3o Miguel Arcanjo\",\"url\":\"https:\/\/www.oarcanjo.net\/site\/\",\"logo\":{\"@type\":\"ImageObject\",\"inLanguage\":\"pt-BR\",\"@id\":\"https:\/\/www.oarcanjo.net\/site\/#\/schema\/logo\/image\/\",\"url\":\"https:\/\/www.oarcanjo.net\/site\/wp-content\/uploads\/LogoOArcanjo.png\",\"contentUrl\":\"https:\/\/www.oarcanjo.net\/site\/wp-content\/uploads\/LogoOArcanjo.png\",\"width\":319,\"height\":99,\"caption\":\"Par\u00f3quia S\u00e3o Miguel Arcanjo\"},\"image\":{\"@id\":\"https:\/\/www.oarcanjo.net\/site\/#\/schema\/logo\/image\/\"},\"sameAs\":[\"https:\/\/www.facebook.com\/OArcanjoNoAr\/\"]},{\"@type\":\"Person\",\"@id\":\"https:\/\/www.oarcanjo.net\/site\/#\/schema\/person\/f7024d007863202483a31326673a0838\",\"name\":\"editor\",\"sameAs\":[\"http:\/\/www.oarcanjo.net\"]}]}<\/script>\n<!-- \/ Yoast SEO plugin. -->","yoast_head_json":{"title":"M\u00e3e ambiente - O Arcanjo no ar","robots":{"index":"index","follow":"follow","max-snippet":"max-snippet:-1","max-image-preview":"max-image-preview:large","max-video-preview":"max-video-preview:-1"},"canonical":"https:\/\/www.oarcanjo.net\/site\/mae-ambiente\/","og_locale":"pt_BR","og_type":"article","og_title":"M\u00e3e ambiente - O Arcanjo no ar","og_description":"Frei Betto Ecologia vem do grego &#8220;oikos&#8221;, casa, e &#8220;logos&#8221;, conhecimento. Portanto, \u00e9 a ci\u00eancia que estuda as condi\u00e7\u00f5es da natureza e as rela\u00e7\u00f5es entre tudo que existe &#8211; pois tudo que existe coexiste, pr\u00e9-existe e subsiste. A ecologia trata, pois, das conex\u00f5es entre os organismos vivos, como plantas e animais (incluindo homens e mulheres), [&hellip;]","og_url":"https:\/\/www.oarcanjo.net\/site\/mae-ambiente\/","og_site_name":"O Arcanjo no ar","article_publisher":"https:\/\/www.facebook.com\/OArcanjoNoAr\/","article_published_time":"2009-06-13T18:10:40+00:00","article_modified_time":"2009-06-13T02:31:44+00:00","og_image":[{"width":300,"height":300,"url":"https:\/\/www.oarcanjo.net\/site\/wp-content\/uploads\/logo-o-arcanjo-no-ar-facebook.png","type":"image\/png"}],"author":"editor","twitter_card":"summary_large_image","twitter_misc":{"Escrito por":"editor","Est. tempo de leitura":"4 minutos"},"schema":{"@context":"https:\/\/schema.org","@graph":[{"@type":"Article","@id":"https:\/\/www.oarcanjo.net\/site\/mae-ambiente\/#article","isPartOf":{"@id":"https:\/\/www.oarcanjo.net\/site\/mae-ambiente\/"},"author":{"name":"editor","@id":"https:\/\/www.oarcanjo.net\/site\/#\/schema\/person\/f7024d007863202483a31326673a0838"},"headline":"M\u00e3e ambiente","datePublished":"2009-06-13T18:10:40+00:00","dateModified":"2009-06-13T02:31:44+00:00","mainEntityOfPage":{"@id":"https:\/\/www.oarcanjo.net\/site\/mae-ambiente\/"},"wordCount":799,"commentCount":1,"publisher":{"@id":"https:\/\/www.oarcanjo.net\/site\/#organization"},"keywords":["B\u00edblia","Chico Mendes","ecologia","Gandhi","humanidade","Jesus","meio ambiente","sustentabilidade","teologia","Terra"],"articleSection":["Reflex\u00f5es"],"inLanguage":"pt-BR","potentialAction":[{"@type":"CommentAction","name":"Comment","target":["https:\/\/www.oarcanjo.net\/site\/mae-ambiente\/#respond"]}]},{"@type":"WebPage","@id":"https:\/\/www.oarcanjo.net\/site\/mae-ambiente\/","url":"https:\/\/www.oarcanjo.net\/site\/mae-ambiente\/","name":"M\u00e3e ambiente - O Arcanjo no ar","isPartOf":{"@id":"https:\/\/www.oarcanjo.net\/site\/#website"},"datePublished":"2009-06-13T18:10:40+00:00","dateModified":"2009-06-13T02:31:44+00:00","breadcrumb":{"@id":"https:\/\/www.oarcanjo.net\/site\/mae-ambiente\/#breadcrumb"},"inLanguage":"pt-BR","potentialAction":[{"@type":"ReadAction","target":["https:\/\/www.oarcanjo.net\/site\/mae-ambiente\/"]}]},{"@type":"BreadcrumbList","@id":"https:\/\/www.oarcanjo.net\/site\/mae-ambiente\/#breadcrumb","itemListElement":[{"@type":"ListItem","position":1,"name":"In\u00edcio","item":"https:\/\/www.oarcanjo.net\/site\/"},{"@type":"ListItem","position":2,"name":"M\u00e3e ambiente"}]},{"@type":"WebSite","@id":"https:\/\/www.oarcanjo.net\/site\/#website","url":"https:\/\/www.oarcanjo.net\/site\/","name":"O Arcanjo no ar","description":"Site da Par\u00f3quia S\u00e3o Miguel Arcanjo (Arquidiocese de SP)","publisher":{"@id":"https:\/\/www.oarcanjo.net\/site\/#organization"},"potentialAction":[{"@type":"SearchAction","target":{"@type":"EntryPoint","urlTemplate":"https:\/\/www.oarcanjo.net\/site\/?s={search_term_string}"},"query-input":{"@type":"PropertyValueSpecification","valueRequired":true,"valueName":"search_term_string"}}],"inLanguage":"pt-BR"},{"@type":"Organization","@id":"https:\/\/www.oarcanjo.net\/site\/#organization","name":"Par\u00f3quia S\u00e3o Miguel Arcanjo","url":"https:\/\/www.oarcanjo.net\/site\/","logo":{"@type":"ImageObject","inLanguage":"pt-BR","@id":"https:\/\/www.oarcanjo.net\/site\/#\/schema\/logo\/image\/","url":"https:\/\/www.oarcanjo.net\/site\/wp-content\/uploads\/LogoOArcanjo.png","contentUrl":"https:\/\/www.oarcanjo.net\/site\/wp-content\/uploads\/LogoOArcanjo.png","width":319,"height":99,"caption":"Par\u00f3quia S\u00e3o Miguel Arcanjo"},"image":{"@id":"https:\/\/www.oarcanjo.net\/site\/#\/schema\/logo\/image\/"},"sameAs":["https:\/\/www.facebook.com\/OArcanjoNoAr\/"]},{"@type":"Person","@id":"https:\/\/www.oarcanjo.net\/site\/#\/schema\/person\/f7024d007863202483a31326673a0838","name":"editor","sameAs":["http:\/\/www.oarcanjo.net"]}]}},"publishpress_future_action":{"enabled":false,"date":"2026-05-09 00:53:37","action":"category","newStatus":"draft","terms":[],"taxonomy":"category"},"publishpress_future_workflow_manual_trigger":{"enabledWorkflows":[]},"_links":{"self":[{"href":"https:\/\/www.oarcanjo.net\/site\/wp-json\/wp\/v2\/posts\/3941"}],"collection":[{"href":"https:\/\/www.oarcanjo.net\/site\/wp-json\/wp\/v2\/posts"}],"about":[{"href":"https:\/\/www.oarcanjo.net\/site\/wp-json\/wp\/v2\/types\/post"}],"author":[{"embeddable":true,"href":"https:\/\/www.oarcanjo.net\/site\/wp-json\/wp\/v2\/users\/5"}],"replies":[{"embeddable":true,"href":"https:\/\/www.oarcanjo.net\/site\/wp-json\/wp\/v2\/comments?post=3941"}],"version-history":[{"count":0,"href":"https:\/\/www.oarcanjo.net\/site\/wp-json\/wp\/v2\/posts\/3941\/revisions"}],"wp:attachment":[{"href":"https:\/\/www.oarcanjo.net\/site\/wp-json\/wp\/v2\/media?parent=3941"}],"wp:term":[{"taxonomy":"category","embeddable":true,"href":"https:\/\/www.oarcanjo.net\/site\/wp-json\/wp\/v2\/categories?post=3941"},{"taxonomy":"post_tag","embeddable":true,"href":"https:\/\/www.oarcanjo.net\/site\/wp-json\/wp\/v2\/tags?post=3941"}],"curies":[{"name":"wp","href":"https:\/\/api.w.org\/{rel}","templated":true}]}}