
{"id":396,"date":"2008-10-26T10:58:02","date_gmt":"2008-10-26T13:58:02","guid":{"rendered":"http:\/\/www.oarcanjo.net\/site\/?p=396"},"modified":"2008-10-26T10:58:02","modified_gmt":"2008-10-26T13:58:02","slug":"manchetes-da-biblia","status":"publish","type":"post","link":"https:\/\/www.oarcanjo.net\/site\/manchetes-da-biblia\/","title":{"rendered":"Manchetes da B\u00edblia"},"content":{"rendered":"<p>Dom Dem\u00e9trio Valentini *<\/p>\n<p>Neste domingo termina em Roma o S\u00ednodo sobre a Palavra de Deus. Pelo n\u00famero de peritos convidados, fica evidente a provoca\u00e7\u00e3o para um renovado interesse pela B\u00edblia, uma colet\u00e2nea de escritos que recolhem dois mil\u00eanios, de Abra\u00e3o ao primeiro s\u00e9culo de nossa era, que servem de paradigma para toda a humanidade.<\/p>\n<p>Sua mensagem continua v\u00e1lida. Mas sua natureza de texto escrito a partir de viv\u00eancias concretas coloca sempre de novo a necessidade de transpor estas experi\u00eancias para os novos contextos que a hist\u00f3ria vai engendrando. Disto decorre ao mesmo tempo a perman\u00eancia da B\u00edblia como &#8220;significante&#8221; estruturado, portador de um &#8220;significado&#8221; que precisa ser deduzido e atualizado, para usar palavras da moderna ling\u00fc\u00edstica.   E\u00b4 o permanente desafio da correta &#8220;interpreta\u00e7\u00e3o&#8221;  da B\u00edblia .<\/p>\n<p>Anos atr\u00e1s, nos bons tempos da aprendizagem escolar a partir do &#8220;livro-texto&#8221;, era preciso &#8220;passar de livro&#8221;. A Igreja n\u00e3o precisa &#8220;passar de livro&#8221;! Ela pode ficar os s\u00e9culos todos com o mesmo livro, escrito em parceria \u00fanica de Deus com os meandros da hist\u00f3ria humana..<\/p>\n<p>Em sua forma final, a mensagem da B\u00edblia \u00e9 apresentada como &#8220;Boa Not\u00edcia&#8221;, &#8220;Boa Nova&#8221;, um &#8220;Evangelho&#8221;, como ficou cunhada a palavra t\u00edpica para se referir \u00e0 mensagem de Jesus de Nazar\u00e9. Antes de apresentar o &#8220;notici\u00e1rio&#8221;, sempre conv\u00e9m destacar as manchetes centrais, que atraem a aten\u00e7\u00e3o.<\/p>\n<p>Percorrendo a B\u00edblia, identificamos logo algumas destas &#8220;manchetes&#8221;, que ajudam a situar o conjunto da mensagem.<\/p>\n<p>A primeira delas \u00e9 a respeito de Deus e do relacionamento especial que ele estabeleceu com seu povo: &#8220;Escuta, Israel, o Senhor \u00e9 o teu Deus, um s\u00f3 \u00e9 o Senhor&#8221; (Dt 6,4). S\u00e3o palavras muito densas. Cont\u00eam ao mesmo tempo a afirma\u00e7\u00e3o do senhorio de Deus sobre seu povo, e a enf\u00e1tica declara\u00e7\u00e3o de sua unicidade. E\u00b4 a passagem mais lembrada pela espiritualidade hebraica, na famosa express\u00e3o retomada com freq\u00fc\u00eancia nos salmos: &#8220;shem\u00e1, Israel, o Senhor \u00e9 o teu Deus, um \u00e9 o Senhor!&#8221;, reafirmada sem rodeios por Jesus (Mc 12,29).<\/p>\n<p>A\u00ed encontramos a contribui\u00e7\u00e3o religiosa mais importante do povo hebreu. A ele devemos a clara consci\u00eancia do moteismo, indispens\u00e1vel para balizar corretamente toda a revela\u00e7\u00e3o b\u00edblica a respeito de Deus. Bastaria isto para sermos eternamente agradecidos aos nossos &#8220;irm\u00e3os maiores&#8221;, os judeus. Historicamente eles se identificam com esta nobre causa da afirma\u00e7\u00e3o inequ\u00edvoca da unicidade de Deus, que abre caminho para a correta compreens\u00e3o do seu mist\u00e9rio, refletido na sua cria\u00e7\u00e3o, e revelado por sua iniciativa.<\/p>\n<p>Em decorr\u00eancia desta afirma\u00e7\u00e3o teol\u00f3gica, segue a outra &#8220;manchete&#8221;, de ordem \u00e9tica, o &#8220;mandamento&#8221; do amor total a este Deus \u00fanico e exclusivo: &#8220;Portanto, amar\u00e1s o Senhor, teu Deus, com todo o teu cora\u00e7\u00e3o, com toda a tua alma e com toda a tua for\u00e7a&#8221; (Dt 6,4).  <\/p>\n<p>A estas duas manchetes conv\u00e9m logo acrescentar a terceira, que liga o amor a Deus com o amor ao pr\u00f3ximo: &#8220;Amar\u00e1s o pr\u00f3ximo como a ti mesmo&#8221;. Quando perguntado pelos fariseus sobre o &#8220;primeiro&#8221; mandamento, Jesus sempre fazia quest\u00e3o de lembrar que havia um &#8220;segundo&#8221;, que inclusive comprovava a veracidade do primeiro (Mt 22,38).  E acrescentava: &#8220;Destes dois mandamentos dependem toda a Lei e os Profetas&#8221; (Mt 22,40).    <\/p>\n<p>Depois, vieram as &#8220;manchetes&#8221; decorrentes da &#8220;Boa Nova&#8221; anunciada por Jesus. Ele colocou a si pr\u00f3prio como refer\u00eancia para o amor ao pr\u00f3ximo. E fez quest\u00e3o de ressaltar: &#8220;este \u00e9 o meu mandamento, que vos ameis uns aos outros como eu vos tenho amado&#8221; (Jo 13,34). Amar o pr\u00f3ximo como a si mesmo fazia parte da antiga lei. Amar o pr\u00f3ximo como Jesus amou, faz parte do Novo Testamento.<\/p>\n<p>Por fim, outra &#8220;manchete&#8221; que pode ser colocada nesta perspectiva de evolu\u00e7\u00e3o da mensagem b\u00edblica, \u00e9 aquela que o ap\u00f3stolo Jo\u00e3o nos apresenta: &#8220;Deus \u00e9 amor, e quem ama permanece em Deus e Deus permanece nele&#8221; (1Jo 4,16).<\/p>\n<p>Como robustos varais, estas &#8220;manchetes&#8221; permitem desdobrar todas as p\u00e1ginas da B\u00edblia, e estend\u00ea-las ao sol da compreens\u00e3o humana.<\/p>\n<p>* Bispo de Jales, S\u00e3o Paulo.<\/p>\n<div id=\"themify_builder_content-396\" data-postid=\"396\" class=\"themify_builder_content themify_builder_content-396 themify_builder themify_builder_front\">\n\t<\/div>\n<!-- \/themify_builder_content -->","protected":false},"excerpt":{"rendered":"<p>Dom Dem\u00e9trio Valentini * Neste domingo termina em Roma o S\u00ednodo sobre a Palavra de Deus. Pelo n\u00famero de peritos convidados, fica evidente a provoca\u00e7\u00e3o para um renovado interesse pela B\u00edblia, uma colet\u00e2nea de escritos que recolhem dois mil\u00eanios, de Abra\u00e3o ao primeiro s\u00e9culo de nossa era, que servem de paradigma para toda a humanidade. [&hellip;]<\/p>\n","protected":false},"author":5,"featured_media":0,"comment_status":"open","ping_status":"open","sticky":false,"template":"","format":"standard","meta":{"ngg_post_thumbnail":0,"footnotes":""},"categories":[9],"tags":[],"yoast_head":"<!-- This site is optimized with the Yoast SEO plugin v23.5 - https:\/\/yoast.com\/wordpress\/plugins\/seo\/ -->\n<title>Manchetes da B\u00edblia - O Arcanjo no ar<\/title>\n<meta name=\"robots\" content=\"index, follow, max-snippet:-1, max-image-preview:large, max-video-preview:-1\" \/>\n<link rel=\"canonical\" href=\"https:\/\/www.oarcanjo.net\/site\/manchetes-da-biblia\/\" \/>\n<meta property=\"og:locale\" content=\"pt_BR\" \/>\n<meta property=\"og:type\" content=\"article\" \/>\n<meta property=\"og:title\" content=\"Manchetes da B\u00edblia - O Arcanjo no ar\" \/>\n<meta property=\"og:description\" content=\"Dom Dem\u00e9trio Valentini * Neste domingo termina em Roma o S\u00ednodo sobre a Palavra de Deus. Pelo n\u00famero de peritos convidados, fica evidente a provoca\u00e7\u00e3o para um renovado interesse pela B\u00edblia, uma colet\u00e2nea de escritos que recolhem dois mil\u00eanios, de Abra\u00e3o ao primeiro s\u00e9culo de nossa era, que servem de paradigma para toda a humanidade. [&hellip;]\" \/>\n<meta property=\"og:url\" content=\"https:\/\/www.oarcanjo.net\/site\/manchetes-da-biblia\/\" \/>\n<meta property=\"og:site_name\" content=\"O Arcanjo no ar\" \/>\n<meta property=\"article:publisher\" content=\"https:\/\/www.facebook.com\/OArcanjoNoAr\/\" \/>\n<meta property=\"article:published_time\" content=\"2008-10-26T13:58:02+00:00\" \/>\n<meta property=\"og:image\" content=\"https:\/\/www.oarcanjo.net\/site\/wp-content\/uploads\/logo-o-arcanjo-no-ar-facebook.png\" \/>\n\t<meta property=\"og:image:width\" content=\"300\" \/>\n\t<meta property=\"og:image:height\" content=\"300\" \/>\n\t<meta property=\"og:image:type\" content=\"image\/png\" \/>\n<meta name=\"author\" content=\"editor\" \/>\n<meta name=\"twitter:card\" content=\"summary_large_image\" \/>\n<meta name=\"twitter:label1\" content=\"Escrito por\" \/>\n\t<meta name=\"twitter:data1\" content=\"editor\" \/>\n\t<meta name=\"twitter:label2\" content=\"Est. tempo de leitura\" \/>\n\t<meta name=\"twitter:data2\" content=\"4 minutos\" \/>\n<script type=\"application\/ld+json\" class=\"yoast-schema-graph\">{\"@context\":\"https:\/\/schema.org\",\"@graph\":[{\"@type\":\"Article\",\"@id\":\"https:\/\/www.oarcanjo.net\/site\/manchetes-da-biblia\/#article\",\"isPartOf\":{\"@id\":\"https:\/\/www.oarcanjo.net\/site\/manchetes-da-biblia\/\"},\"author\":{\"name\":\"editor\",\"@id\":\"https:\/\/www.oarcanjo.net\/site\/#\/schema\/person\/f7024d007863202483a31326673a0838\"},\"headline\":\"Manchetes da B\u00edblia\",\"datePublished\":\"2008-10-26T13:58:02+00:00\",\"dateModified\":\"2008-10-26T13:58:02+00:00\",\"mainEntityOfPage\":{\"@id\":\"https:\/\/www.oarcanjo.net\/site\/manchetes-da-biblia\/\"},\"wordCount\":708,\"commentCount\":0,\"publisher\":{\"@id\":\"https:\/\/www.oarcanjo.net\/site\/#organization\"},\"articleSection\":[\"Reflex\u00f5es\"],\"inLanguage\":\"pt-BR\",\"potentialAction\":[{\"@type\":\"CommentAction\",\"name\":\"Comment\",\"target\":[\"https:\/\/www.oarcanjo.net\/site\/manchetes-da-biblia\/#respond\"]}]},{\"@type\":\"WebPage\",\"@id\":\"https:\/\/www.oarcanjo.net\/site\/manchetes-da-biblia\/\",\"url\":\"https:\/\/www.oarcanjo.net\/site\/manchetes-da-biblia\/\",\"name\":\"Manchetes da B\u00edblia - O Arcanjo no ar\",\"isPartOf\":{\"@id\":\"https:\/\/www.oarcanjo.net\/site\/#website\"},\"datePublished\":\"2008-10-26T13:58:02+00:00\",\"dateModified\":\"2008-10-26T13:58:02+00:00\",\"breadcrumb\":{\"@id\":\"https:\/\/www.oarcanjo.net\/site\/manchetes-da-biblia\/#breadcrumb\"},\"inLanguage\":\"pt-BR\",\"potentialAction\":[{\"@type\":\"ReadAction\",\"target\":[\"https:\/\/www.oarcanjo.net\/site\/manchetes-da-biblia\/\"]}]},{\"@type\":\"BreadcrumbList\",\"@id\":\"https:\/\/www.oarcanjo.net\/site\/manchetes-da-biblia\/#breadcrumb\",\"itemListElement\":[{\"@type\":\"ListItem\",\"position\":1,\"name\":\"In\u00edcio\",\"item\":\"https:\/\/www.oarcanjo.net\/site\/\"},{\"@type\":\"ListItem\",\"position\":2,\"name\":\"Manchetes da B\u00edblia\"}]},{\"@type\":\"WebSite\",\"@id\":\"https:\/\/www.oarcanjo.net\/site\/#website\",\"url\":\"https:\/\/www.oarcanjo.net\/site\/\",\"name\":\"O Arcanjo no ar\",\"description\":\"Site da Par\u00f3quia S\u00e3o Miguel Arcanjo (Arquidiocese de SP)\",\"publisher\":{\"@id\":\"https:\/\/www.oarcanjo.net\/site\/#organization\"},\"potentialAction\":[{\"@type\":\"SearchAction\",\"target\":{\"@type\":\"EntryPoint\",\"urlTemplate\":\"https:\/\/www.oarcanjo.net\/site\/?s={search_term_string}\"},\"query-input\":{\"@type\":\"PropertyValueSpecification\",\"valueRequired\":true,\"valueName\":\"search_term_string\"}}],\"inLanguage\":\"pt-BR\"},{\"@type\":\"Organization\",\"@id\":\"https:\/\/www.oarcanjo.net\/site\/#organization\",\"name\":\"Par\u00f3quia S\u00e3o Miguel Arcanjo\",\"url\":\"https:\/\/www.oarcanjo.net\/site\/\",\"logo\":{\"@type\":\"ImageObject\",\"inLanguage\":\"pt-BR\",\"@id\":\"https:\/\/www.oarcanjo.net\/site\/#\/schema\/logo\/image\/\",\"url\":\"https:\/\/www.oarcanjo.net\/site\/wp-content\/uploads\/LogoOArcanjo.png\",\"contentUrl\":\"https:\/\/www.oarcanjo.net\/site\/wp-content\/uploads\/LogoOArcanjo.png\",\"width\":319,\"height\":99,\"caption\":\"Par\u00f3quia S\u00e3o Miguel Arcanjo\"},\"image\":{\"@id\":\"https:\/\/www.oarcanjo.net\/site\/#\/schema\/logo\/image\/\"},\"sameAs\":[\"https:\/\/www.facebook.com\/OArcanjoNoAr\/\"]},{\"@type\":\"Person\",\"@id\":\"https:\/\/www.oarcanjo.net\/site\/#\/schema\/person\/f7024d007863202483a31326673a0838\",\"name\":\"editor\",\"sameAs\":[\"http:\/\/www.oarcanjo.net\"]}]}<\/script>\n<!-- \/ Yoast SEO plugin. -->","yoast_head_json":{"title":"Manchetes da B\u00edblia - O Arcanjo no ar","robots":{"index":"index","follow":"follow","max-snippet":"max-snippet:-1","max-image-preview":"max-image-preview:large","max-video-preview":"max-video-preview:-1"},"canonical":"https:\/\/www.oarcanjo.net\/site\/manchetes-da-biblia\/","og_locale":"pt_BR","og_type":"article","og_title":"Manchetes da B\u00edblia - O Arcanjo no ar","og_description":"Dom Dem\u00e9trio Valentini * Neste domingo termina em Roma o S\u00ednodo sobre a Palavra de Deus. Pelo n\u00famero de peritos convidados, fica evidente a provoca\u00e7\u00e3o para um renovado interesse pela B\u00edblia, uma colet\u00e2nea de escritos que recolhem dois mil\u00eanios, de Abra\u00e3o ao primeiro s\u00e9culo de nossa era, que servem de paradigma para toda a humanidade. [&hellip;]","og_url":"https:\/\/www.oarcanjo.net\/site\/manchetes-da-biblia\/","og_site_name":"O Arcanjo no ar","article_publisher":"https:\/\/www.facebook.com\/OArcanjoNoAr\/","article_published_time":"2008-10-26T13:58:02+00:00","og_image":[{"width":300,"height":300,"url":"https:\/\/www.oarcanjo.net\/site\/wp-content\/uploads\/logo-o-arcanjo-no-ar-facebook.png","type":"image\/png"}],"author":"editor","twitter_card":"summary_large_image","twitter_misc":{"Escrito por":"editor","Est. tempo de leitura":"4 minutos"},"schema":{"@context":"https:\/\/schema.org","@graph":[{"@type":"Article","@id":"https:\/\/www.oarcanjo.net\/site\/manchetes-da-biblia\/#article","isPartOf":{"@id":"https:\/\/www.oarcanjo.net\/site\/manchetes-da-biblia\/"},"author":{"name":"editor","@id":"https:\/\/www.oarcanjo.net\/site\/#\/schema\/person\/f7024d007863202483a31326673a0838"},"headline":"Manchetes da B\u00edblia","datePublished":"2008-10-26T13:58:02+00:00","dateModified":"2008-10-26T13:58:02+00:00","mainEntityOfPage":{"@id":"https:\/\/www.oarcanjo.net\/site\/manchetes-da-biblia\/"},"wordCount":708,"commentCount":0,"publisher":{"@id":"https:\/\/www.oarcanjo.net\/site\/#organization"},"articleSection":["Reflex\u00f5es"],"inLanguage":"pt-BR","potentialAction":[{"@type":"CommentAction","name":"Comment","target":["https:\/\/www.oarcanjo.net\/site\/manchetes-da-biblia\/#respond"]}]},{"@type":"WebPage","@id":"https:\/\/www.oarcanjo.net\/site\/manchetes-da-biblia\/","url":"https:\/\/www.oarcanjo.net\/site\/manchetes-da-biblia\/","name":"Manchetes da B\u00edblia - O Arcanjo no ar","isPartOf":{"@id":"https:\/\/www.oarcanjo.net\/site\/#website"},"datePublished":"2008-10-26T13:58:02+00:00","dateModified":"2008-10-26T13:58:02+00:00","breadcrumb":{"@id":"https:\/\/www.oarcanjo.net\/site\/manchetes-da-biblia\/#breadcrumb"},"inLanguage":"pt-BR","potentialAction":[{"@type":"ReadAction","target":["https:\/\/www.oarcanjo.net\/site\/manchetes-da-biblia\/"]}]},{"@type":"BreadcrumbList","@id":"https:\/\/www.oarcanjo.net\/site\/manchetes-da-biblia\/#breadcrumb","itemListElement":[{"@type":"ListItem","position":1,"name":"In\u00edcio","item":"https:\/\/www.oarcanjo.net\/site\/"},{"@type":"ListItem","position":2,"name":"Manchetes da B\u00edblia"}]},{"@type":"WebSite","@id":"https:\/\/www.oarcanjo.net\/site\/#website","url":"https:\/\/www.oarcanjo.net\/site\/","name":"O Arcanjo no ar","description":"Site da Par\u00f3quia S\u00e3o Miguel Arcanjo (Arquidiocese de SP)","publisher":{"@id":"https:\/\/www.oarcanjo.net\/site\/#organization"},"potentialAction":[{"@type":"SearchAction","target":{"@type":"EntryPoint","urlTemplate":"https:\/\/www.oarcanjo.net\/site\/?s={search_term_string}"},"query-input":{"@type":"PropertyValueSpecification","valueRequired":true,"valueName":"search_term_string"}}],"inLanguage":"pt-BR"},{"@type":"Organization","@id":"https:\/\/www.oarcanjo.net\/site\/#organization","name":"Par\u00f3quia S\u00e3o Miguel Arcanjo","url":"https:\/\/www.oarcanjo.net\/site\/","logo":{"@type":"ImageObject","inLanguage":"pt-BR","@id":"https:\/\/www.oarcanjo.net\/site\/#\/schema\/logo\/image\/","url":"https:\/\/www.oarcanjo.net\/site\/wp-content\/uploads\/LogoOArcanjo.png","contentUrl":"https:\/\/www.oarcanjo.net\/site\/wp-content\/uploads\/LogoOArcanjo.png","width":319,"height":99,"caption":"Par\u00f3quia S\u00e3o Miguel Arcanjo"},"image":{"@id":"https:\/\/www.oarcanjo.net\/site\/#\/schema\/logo\/image\/"},"sameAs":["https:\/\/www.facebook.com\/OArcanjoNoAr\/"]},{"@type":"Person","@id":"https:\/\/www.oarcanjo.net\/site\/#\/schema\/person\/f7024d007863202483a31326673a0838","name":"editor","sameAs":["http:\/\/www.oarcanjo.net"]}]}},"publishpress_future_action":{"enabled":false,"date":"2026-05-08 20:32:07","action":"category","newStatus":"draft","terms":[],"taxonomy":"category"},"publishpress_future_workflow_manual_trigger":{"enabledWorkflows":[]},"_links":{"self":[{"href":"https:\/\/www.oarcanjo.net\/site\/wp-json\/wp\/v2\/posts\/396"}],"collection":[{"href":"https:\/\/www.oarcanjo.net\/site\/wp-json\/wp\/v2\/posts"}],"about":[{"href":"https:\/\/www.oarcanjo.net\/site\/wp-json\/wp\/v2\/types\/post"}],"author":[{"embeddable":true,"href":"https:\/\/www.oarcanjo.net\/site\/wp-json\/wp\/v2\/users\/5"}],"replies":[{"embeddable":true,"href":"https:\/\/www.oarcanjo.net\/site\/wp-json\/wp\/v2\/comments?post=396"}],"version-history":[{"count":0,"href":"https:\/\/www.oarcanjo.net\/site\/wp-json\/wp\/v2\/posts\/396\/revisions"}],"wp:attachment":[{"href":"https:\/\/www.oarcanjo.net\/site\/wp-json\/wp\/v2\/media?parent=396"}],"wp:term":[{"taxonomy":"category","embeddable":true,"href":"https:\/\/www.oarcanjo.net\/site\/wp-json\/wp\/v2\/categories?post=396"},{"taxonomy":"post_tag","embeddable":true,"href":"https:\/\/www.oarcanjo.net\/site\/wp-json\/wp\/v2\/tags?post=396"}],"curies":[{"name":"wp","href":"https:\/\/api.w.org\/{rel}","templated":true}]}}