
{"id":3975,"date":"2009-06-16T08:29:24","date_gmt":"2009-06-16T11:29:24","guid":{"rendered":"http:\/\/www.oarcanjo.net\/site\/?p=3975"},"modified":"2009-06-16T08:29:24","modified_gmt":"2009-06-16T11:29:24","slug":"viva-sao-joao","status":"publish","type":"post","link":"https:\/\/www.oarcanjo.net\/site\/viva-sao-joao\/","title":{"rendered":"Viva S\u00e3o Jo\u00e3o!"},"content":{"rendered":"<p>Marcelo Barros<\/p>\n<p>No mundo inteiro, as festividades de junho marcam a mudan\u00e7a de esta\u00e7\u00e3o e o solst\u00edcio, no hemisf\u00e9rio norte, do Ver\u00e3o e no sul, do inverno. N\u00e3o se sabe quando come\u00e7aram estas tradi\u00e7\u00f5es que, de um modo ou do outro, ocorrem nos diversos continentes e culturas. Nos Andes, a cada ano, no dia 21 de junho, as comunidades ind\u00edgenas celebram o ano novo andino com a festa do Sol. Aqui no Brasil, n\u00e3o se associam festividades juninas com o ano novo, mas, em v\u00e1rias regi\u00f5es brasileiras, \u00e9 tempo de colheita no campo, por isso de fartura e festa. Este ano, no Nordeste, castigado por inunda\u00e7\u00f5es terr\u00edveis que assolaram v\u00e1rios Estados, a colheita est\u00e1 amea\u00e7ada, mas isso n\u00e3o impede que, em todas as cidades, principalmente do interior, desde o come\u00e7o de junho, se organizem festividades e brincadeiras que, na cultura sertaneja, marca a temporada junina. <\/p>\n<p>Certamente, alguns elementos destes festejos, como a fogueira, as comidas de milho no Nordeste e o quent\u00e3o no Sul, v\u00eam de tempos imemoriais e remetem a celebra\u00e7\u00f5es ind\u00edgenas da M\u00e3e Terra e da colheita. Outros costumes s\u00e3o mais recentes. Incorporam tradi\u00e7\u00f5es da cultura ocidental e da f\u00e9 crist\u00e3, assim como ritos da sociedade da ro\u00e7a. H\u00e1 muitos s\u00e9culos, a Igreja incorporou as festas da natureza. Em Roma, no s\u00e9culo IV,  a festa do Sol se transformou no Natal, assim como os festejos do solst\u00edcio de ver\u00e3o tomaram a forma da celebra\u00e7\u00e3o do nascimento de S\u00e3o Jo\u00e3o Batista. De fato, se o Cristo \u00e9 como o Sol que nasce para &#8220;iluminar os que jazem nas trevas e na sombra da morte&#8221;, Jo\u00e3o Batista \u00e9 apresentado no Evangelho como fogo que arde por um tempo e l\u00e2mpada que faz brilhar a luz que \u00e9 o Cristo. Os relatos do nascimento de Jo\u00e3o prev\u00eaem que, &#8220;pelo seu nascimento, muitos se alegrar\u00e3o&#8221;. Os crist\u00e3os sempre acharam que as festividades juninas cumprem, de certo modo, esta profecia. <\/p>\n<p>No Brasil dos tempos da escravid\u00e3o, negros \u00edndios e pessoas pobres n\u00e3o podiam fazer festa com suas tradi\u00e7\u00f5es pr\u00f3prias. Eram obrigados a imitar as dan\u00e7as e festejos dos seus senhores. Assim, nas festas juninas, entrou o costume da Quadrilha que veio da Corte Imperial e dos bailes da aristocracia, assim como outros costumes que se espalham pelo pa\u00eds. Algumas tradi\u00e7\u00f5es v\u00eam das lembran\u00e7as do interior, como o casamento caipira e os bailes caracter\u00edsticos destas festas. Nas encena\u00e7\u00f5es, o povo caricatura autoridades como o padre e o juiz de paz. Ali, aparece o que, muitas vezes, as pessoas, no cotidiano da vida, pensam destas figuras, mas n\u00e3o falam. \u00c9 pena que o prot\u00f3tipo do caipira e de quem vive no interior tamb\u00e9m seja caricaturado, \u00e0s vezes at\u00e9 ridicularizado e com desprezo social. <\/p>\n<p>\u00c9 preciso sempre distinguir onde as festas ocorrem dentro de um contexto comunit\u00e1rio e popular e onde, ao contr\u00e1rio, se tornou mero produto do turismo estilizado que se traveste de tradi\u00e7\u00e3o, mas apenas para visar maior lucro e at\u00e9 consolidar discrimina\u00e7\u00f5es seculares. <\/p>\n<p>Seja como for, a persist\u00eancia das tradi\u00e7\u00f5es juninas no meio do povo, em todas as regi\u00f5es do pa\u00eds, revela a resist\u00eancia cultural do povo empobrecido \u00e0 cultura de massas, imposta pelos meios de comunica\u00e7\u00e3o que ainda apostam como &#8220;cultura popular&#8221; em programas sensacionalistas de conte\u00fado policial e com derramamento de sangue, como tamb\u00e9m nos Big-Brothers globais. Esta resist\u00eancia das comunidades populares e, em geral, do interior n\u00e3o \u00e9 estranha \u00e0 mem\u00f3ria hist\u00f3rica de Jo\u00e3o Batista, o profeta que desafiou reis, denunciou os poderes in\u00edquos que se aproveitavam do povo pobre e, no deserto, anunciou a presen\u00e7a divina no ser humano, assim como revelou um tempo novo de justi\u00e7a e gra\u00e7a. N\u00e3o \u00e9 necess\u00e1rio &#8220;batizar&#8221; ou &#8220;catolicizar&#8221; estas festas com algum rito ou gesto explicitamente crist\u00e3o para que estas celebra\u00e7\u00f5es populares sejam, no seu esp\u00edrito, de conte\u00fado prof\u00e9tico e at\u00e9 espiritual. Elas nos recordam que a adora\u00e7\u00e3o a Deus n\u00e3o tem de ser sisuda e sem gra\u00e7a, assim como, mesmo nas brincadeiras e at\u00e9 no erotismo das pessoas se revela o amor divino.<\/p>\n<div id=\"themify_builder_content-3975\" data-postid=\"3975\" class=\"themify_builder_content themify_builder_content-3975 themify_builder themify_builder_front\">\n\t<\/div>\n<!-- \/themify_builder_content -->","protected":false},"excerpt":{"rendered":"<p>Marcelo Barros No mundo inteiro, as festividades de junho marcam a mudan\u00e7a de esta\u00e7\u00e3o e o solst\u00edcio, no hemisf\u00e9rio norte, do Ver\u00e3o e no sul, do inverno. N\u00e3o se sabe quando come\u00e7aram estas tradi\u00e7\u00f5es que, de um modo ou do outro, ocorrem nos diversos continentes e culturas. Nos Andes, a cada ano, no dia 21 [&hellip;]<\/p>\n","protected":false},"author":5,"featured_media":0,"comment_status":"open","ping_status":"open","sticky":false,"template":"","format":"standard","meta":{"ngg_post_thumbnail":0,"footnotes":""},"categories":[9],"tags":[829,766,271,830,601,663,828],"yoast_head":"<!-- This site is optimized with the Yoast SEO plugin v23.5 - https:\/\/yoast.com\/wordpress\/plugins\/seo\/ -->\n<title>Viva S\u00e3o Jo\u00e3o! - O Arcanjo no ar<\/title>\n<meta name=\"robots\" content=\"index, follow, max-snippet:-1, max-image-preview:large, max-video-preview:-1\" \/>\n<link rel=\"canonical\" href=\"https:\/\/www.oarcanjo.net\/site\/viva-sao-joao\/\" \/>\n<meta property=\"og:locale\" content=\"pt_BR\" \/>\n<meta property=\"og:type\" content=\"article\" \/>\n<meta property=\"og:title\" content=\"Viva S\u00e3o Jo\u00e3o! - O Arcanjo no ar\" \/>\n<meta property=\"og:description\" content=\"Marcelo Barros No mundo inteiro, as festividades de junho marcam a mudan\u00e7a de esta\u00e7\u00e3o e o solst\u00edcio, no hemisf\u00e9rio norte, do Ver\u00e3o e no sul, do inverno. N\u00e3o se sabe quando come\u00e7aram estas tradi\u00e7\u00f5es que, de um modo ou do outro, ocorrem nos diversos continentes e culturas. Nos Andes, a cada ano, no dia 21 [&hellip;]\" \/>\n<meta property=\"og:url\" content=\"https:\/\/www.oarcanjo.net\/site\/viva-sao-joao\/\" \/>\n<meta property=\"og:site_name\" content=\"O Arcanjo no ar\" \/>\n<meta property=\"article:publisher\" content=\"https:\/\/www.facebook.com\/OArcanjoNoAr\/\" \/>\n<meta property=\"article:published_time\" content=\"2009-06-16T11:29:24+00:00\" \/>\n<meta property=\"og:image\" content=\"https:\/\/www.oarcanjo.net\/site\/wp-content\/uploads\/logo-o-arcanjo-no-ar-facebook.png\" \/>\n\t<meta property=\"og:image:width\" content=\"300\" \/>\n\t<meta property=\"og:image:height\" content=\"300\" \/>\n\t<meta property=\"og:image:type\" content=\"image\/png\" \/>\n<meta name=\"author\" content=\"editor\" \/>\n<meta name=\"twitter:card\" content=\"summary_large_image\" \/>\n<meta name=\"twitter:label1\" content=\"Escrito por\" \/>\n\t<meta name=\"twitter:data1\" content=\"editor\" \/>\n\t<meta name=\"twitter:label2\" content=\"Est. tempo de leitura\" \/>\n\t<meta name=\"twitter:data2\" content=\"4 minutos\" \/>\n<script type=\"application\/ld+json\" class=\"yoast-schema-graph\">{\"@context\":\"https:\/\/schema.org\",\"@graph\":[{\"@type\":\"Article\",\"@id\":\"https:\/\/www.oarcanjo.net\/site\/viva-sao-joao\/#article\",\"isPartOf\":{\"@id\":\"https:\/\/www.oarcanjo.net\/site\/viva-sao-joao\/\"},\"author\":{\"name\":\"editor\",\"@id\":\"https:\/\/www.oarcanjo.net\/site\/#\/schema\/person\/f7024d007863202483a31326673a0838\"},\"headline\":\"Viva S\u00e3o Jo\u00e3o!\",\"datePublished\":\"2009-06-16T11:29:24+00:00\",\"dateModified\":\"2009-06-16T11:29:24+00:00\",\"mainEntityOfPage\":{\"@id\":\"https:\/\/www.oarcanjo.net\/site\/viva-sao-joao\/\"},\"wordCount\":740,\"commentCount\":0,\"publisher\":{\"@id\":\"https:\/\/www.oarcanjo.net\/site\/#organization\"},\"keywords\":[\"colheita\",\"festa junina\",\"festas populares\",\"fogueira\",\"Milho\",\"nordeste\",\"S\u00e3o Jo\u00e3o\"],\"articleSection\":[\"Reflex\u00f5es\"],\"inLanguage\":\"pt-BR\",\"potentialAction\":[{\"@type\":\"CommentAction\",\"name\":\"Comment\",\"target\":[\"https:\/\/www.oarcanjo.net\/site\/viva-sao-joao\/#respond\"]}]},{\"@type\":\"WebPage\",\"@id\":\"https:\/\/www.oarcanjo.net\/site\/viva-sao-joao\/\",\"url\":\"https:\/\/www.oarcanjo.net\/site\/viva-sao-joao\/\",\"name\":\"Viva S\u00e3o Jo\u00e3o! - O Arcanjo no ar\",\"isPartOf\":{\"@id\":\"https:\/\/www.oarcanjo.net\/site\/#website\"},\"datePublished\":\"2009-06-16T11:29:24+00:00\",\"dateModified\":\"2009-06-16T11:29:24+00:00\",\"breadcrumb\":{\"@id\":\"https:\/\/www.oarcanjo.net\/site\/viva-sao-joao\/#breadcrumb\"},\"inLanguage\":\"pt-BR\",\"potentialAction\":[{\"@type\":\"ReadAction\",\"target\":[\"https:\/\/www.oarcanjo.net\/site\/viva-sao-joao\/\"]}]},{\"@type\":\"BreadcrumbList\",\"@id\":\"https:\/\/www.oarcanjo.net\/site\/viva-sao-joao\/#breadcrumb\",\"itemListElement\":[{\"@type\":\"ListItem\",\"position\":1,\"name\":\"In\u00edcio\",\"item\":\"https:\/\/www.oarcanjo.net\/site\/\"},{\"@type\":\"ListItem\",\"position\":2,\"name\":\"Viva S\u00e3o Jo\u00e3o!\"}]},{\"@type\":\"WebSite\",\"@id\":\"https:\/\/www.oarcanjo.net\/site\/#website\",\"url\":\"https:\/\/www.oarcanjo.net\/site\/\",\"name\":\"O Arcanjo no ar\",\"description\":\"Site da Par\u00f3quia S\u00e3o Miguel Arcanjo (Arquidiocese de SP)\",\"publisher\":{\"@id\":\"https:\/\/www.oarcanjo.net\/site\/#organization\"},\"potentialAction\":[{\"@type\":\"SearchAction\",\"target\":{\"@type\":\"EntryPoint\",\"urlTemplate\":\"https:\/\/www.oarcanjo.net\/site\/?s={search_term_string}\"},\"query-input\":{\"@type\":\"PropertyValueSpecification\",\"valueRequired\":true,\"valueName\":\"search_term_string\"}}],\"inLanguage\":\"pt-BR\"},{\"@type\":\"Organization\",\"@id\":\"https:\/\/www.oarcanjo.net\/site\/#organization\",\"name\":\"Par\u00f3quia S\u00e3o Miguel Arcanjo\",\"url\":\"https:\/\/www.oarcanjo.net\/site\/\",\"logo\":{\"@type\":\"ImageObject\",\"inLanguage\":\"pt-BR\",\"@id\":\"https:\/\/www.oarcanjo.net\/site\/#\/schema\/logo\/image\/\",\"url\":\"https:\/\/www.oarcanjo.net\/site\/wp-content\/uploads\/LogoOArcanjo.png\",\"contentUrl\":\"https:\/\/www.oarcanjo.net\/site\/wp-content\/uploads\/LogoOArcanjo.png\",\"width\":319,\"height\":99,\"caption\":\"Par\u00f3quia S\u00e3o Miguel Arcanjo\"},\"image\":{\"@id\":\"https:\/\/www.oarcanjo.net\/site\/#\/schema\/logo\/image\/\"},\"sameAs\":[\"https:\/\/www.facebook.com\/OArcanjoNoAr\/\"]},{\"@type\":\"Person\",\"@id\":\"https:\/\/www.oarcanjo.net\/site\/#\/schema\/person\/f7024d007863202483a31326673a0838\",\"name\":\"editor\",\"sameAs\":[\"http:\/\/www.oarcanjo.net\"]}]}<\/script>\n<!-- \/ Yoast SEO plugin. -->","yoast_head_json":{"title":"Viva S\u00e3o Jo\u00e3o! - O Arcanjo no ar","robots":{"index":"index","follow":"follow","max-snippet":"max-snippet:-1","max-image-preview":"max-image-preview:large","max-video-preview":"max-video-preview:-1"},"canonical":"https:\/\/www.oarcanjo.net\/site\/viva-sao-joao\/","og_locale":"pt_BR","og_type":"article","og_title":"Viva S\u00e3o Jo\u00e3o! - O Arcanjo no ar","og_description":"Marcelo Barros No mundo inteiro, as festividades de junho marcam a mudan\u00e7a de esta\u00e7\u00e3o e o solst\u00edcio, no hemisf\u00e9rio norte, do Ver\u00e3o e no sul, do inverno. N\u00e3o se sabe quando come\u00e7aram estas tradi\u00e7\u00f5es que, de um modo ou do outro, ocorrem nos diversos continentes e culturas. Nos Andes, a cada ano, no dia 21 [&hellip;]","og_url":"https:\/\/www.oarcanjo.net\/site\/viva-sao-joao\/","og_site_name":"O Arcanjo no ar","article_publisher":"https:\/\/www.facebook.com\/OArcanjoNoAr\/","article_published_time":"2009-06-16T11:29:24+00:00","og_image":[{"width":300,"height":300,"url":"https:\/\/www.oarcanjo.net\/site\/wp-content\/uploads\/logo-o-arcanjo-no-ar-facebook.png","type":"image\/png"}],"author":"editor","twitter_card":"summary_large_image","twitter_misc":{"Escrito por":"editor","Est. tempo de leitura":"4 minutos"},"schema":{"@context":"https:\/\/schema.org","@graph":[{"@type":"Article","@id":"https:\/\/www.oarcanjo.net\/site\/viva-sao-joao\/#article","isPartOf":{"@id":"https:\/\/www.oarcanjo.net\/site\/viva-sao-joao\/"},"author":{"name":"editor","@id":"https:\/\/www.oarcanjo.net\/site\/#\/schema\/person\/f7024d007863202483a31326673a0838"},"headline":"Viva S\u00e3o Jo\u00e3o!","datePublished":"2009-06-16T11:29:24+00:00","dateModified":"2009-06-16T11:29:24+00:00","mainEntityOfPage":{"@id":"https:\/\/www.oarcanjo.net\/site\/viva-sao-joao\/"},"wordCount":740,"commentCount":0,"publisher":{"@id":"https:\/\/www.oarcanjo.net\/site\/#organization"},"keywords":["colheita","festa junina","festas populares","fogueira","Milho","nordeste","S\u00e3o Jo\u00e3o"],"articleSection":["Reflex\u00f5es"],"inLanguage":"pt-BR","potentialAction":[{"@type":"CommentAction","name":"Comment","target":["https:\/\/www.oarcanjo.net\/site\/viva-sao-joao\/#respond"]}]},{"@type":"WebPage","@id":"https:\/\/www.oarcanjo.net\/site\/viva-sao-joao\/","url":"https:\/\/www.oarcanjo.net\/site\/viva-sao-joao\/","name":"Viva S\u00e3o Jo\u00e3o! - O Arcanjo no ar","isPartOf":{"@id":"https:\/\/www.oarcanjo.net\/site\/#website"},"datePublished":"2009-06-16T11:29:24+00:00","dateModified":"2009-06-16T11:29:24+00:00","breadcrumb":{"@id":"https:\/\/www.oarcanjo.net\/site\/viva-sao-joao\/#breadcrumb"},"inLanguage":"pt-BR","potentialAction":[{"@type":"ReadAction","target":["https:\/\/www.oarcanjo.net\/site\/viva-sao-joao\/"]}]},{"@type":"BreadcrumbList","@id":"https:\/\/www.oarcanjo.net\/site\/viva-sao-joao\/#breadcrumb","itemListElement":[{"@type":"ListItem","position":1,"name":"In\u00edcio","item":"https:\/\/www.oarcanjo.net\/site\/"},{"@type":"ListItem","position":2,"name":"Viva S\u00e3o Jo\u00e3o!"}]},{"@type":"WebSite","@id":"https:\/\/www.oarcanjo.net\/site\/#website","url":"https:\/\/www.oarcanjo.net\/site\/","name":"O Arcanjo no ar","description":"Site da Par\u00f3quia S\u00e3o Miguel Arcanjo (Arquidiocese de SP)","publisher":{"@id":"https:\/\/www.oarcanjo.net\/site\/#organization"},"potentialAction":[{"@type":"SearchAction","target":{"@type":"EntryPoint","urlTemplate":"https:\/\/www.oarcanjo.net\/site\/?s={search_term_string}"},"query-input":{"@type":"PropertyValueSpecification","valueRequired":true,"valueName":"search_term_string"}}],"inLanguage":"pt-BR"},{"@type":"Organization","@id":"https:\/\/www.oarcanjo.net\/site\/#organization","name":"Par\u00f3quia S\u00e3o Miguel Arcanjo","url":"https:\/\/www.oarcanjo.net\/site\/","logo":{"@type":"ImageObject","inLanguage":"pt-BR","@id":"https:\/\/www.oarcanjo.net\/site\/#\/schema\/logo\/image\/","url":"https:\/\/www.oarcanjo.net\/site\/wp-content\/uploads\/LogoOArcanjo.png","contentUrl":"https:\/\/www.oarcanjo.net\/site\/wp-content\/uploads\/LogoOArcanjo.png","width":319,"height":99,"caption":"Par\u00f3quia S\u00e3o Miguel Arcanjo"},"image":{"@id":"https:\/\/www.oarcanjo.net\/site\/#\/schema\/logo\/image\/"},"sameAs":["https:\/\/www.facebook.com\/OArcanjoNoAr\/"]},{"@type":"Person","@id":"https:\/\/www.oarcanjo.net\/site\/#\/schema\/person\/f7024d007863202483a31326673a0838","name":"editor","sameAs":["http:\/\/www.oarcanjo.net"]}]}},"publishpress_future_action":{"enabled":false,"date":"2026-05-09 03:58:07","action":"category","newStatus":"draft","terms":[],"taxonomy":"category"},"publishpress_future_workflow_manual_trigger":{"enabledWorkflows":[]},"_links":{"self":[{"href":"https:\/\/www.oarcanjo.net\/site\/wp-json\/wp\/v2\/posts\/3975"}],"collection":[{"href":"https:\/\/www.oarcanjo.net\/site\/wp-json\/wp\/v2\/posts"}],"about":[{"href":"https:\/\/www.oarcanjo.net\/site\/wp-json\/wp\/v2\/types\/post"}],"author":[{"embeddable":true,"href":"https:\/\/www.oarcanjo.net\/site\/wp-json\/wp\/v2\/users\/5"}],"replies":[{"embeddable":true,"href":"https:\/\/www.oarcanjo.net\/site\/wp-json\/wp\/v2\/comments?post=3975"}],"version-history":[{"count":0,"href":"https:\/\/www.oarcanjo.net\/site\/wp-json\/wp\/v2\/posts\/3975\/revisions"}],"wp:attachment":[{"href":"https:\/\/www.oarcanjo.net\/site\/wp-json\/wp\/v2\/media?parent=3975"}],"wp:term":[{"taxonomy":"category","embeddable":true,"href":"https:\/\/www.oarcanjo.net\/site\/wp-json\/wp\/v2\/categories?post=3975"},{"taxonomy":"post_tag","embeddable":true,"href":"https:\/\/www.oarcanjo.net\/site\/wp-json\/wp\/v2\/tags?post=3975"}],"curies":[{"name":"wp","href":"https:\/\/api.w.org\/{rel}","templated":true}]}}