
{"id":3977,"date":"2009-06-16T15:34:16","date_gmt":"2009-06-16T18:34:16","guid":{"rendered":"http:\/\/www.oarcanjo.net\/site\/?p=3977"},"modified":"2009-06-17T07:55:33","modified_gmt":"2009-06-17T10:55:33","slug":"af-447-quando-morrer-no-mar-nao-e-doce","status":"publish","type":"post","link":"https:\/\/www.oarcanjo.net\/site\/af-447-quando-morrer-no-mar-nao-e-doce\/","title":{"rendered":"AF 447: Quando morrer no mar n\u00e3o \u00e9 doce"},"content":{"rendered":"<p>Maria Clara Lucchetti Bingemer<\/p>\n<p>Para mais de 200 fam\u00edlias de v\u00e1rias nacionalidades, desde a \u00faltima segunda-feira, 1\u00ba de junho, a bela m\u00fasica de Dorival Caymmi n\u00e3o faz o menor sentido. \u00c0 medida que as buscas prosseguem no meio do Oceano Atl\u00e2ntico, entre a Ilha de Fernando de Noronha e a costa Africana, e mais corpos s\u00e3o encontrados, fica clar\u00edssimo que n\u00e3o \u00e9 doce morrer no mar.<\/p>\n<p>N\u00e3o foi doce para o casalzinho que acabava de casar-se e viajava em lua de mel. Nem para as crian\u00e7as que apenas come\u00e7avam a vida. Nem para executivos que iam a trabalho. Nem para a jornalista Adriana, amada por tantos, como demonstram as manifesta\u00e7\u00f5es de carinho que recebe pela internet e pela m\u00eddia a cada momento. Nem para meu colega, o Prof. Jos\u00e9 Roberto, do Departamento de Administra\u00e7\u00e3o da PUC-Rio, brilhante acad\u00eamico e pesquisador.<\/p>\n<p>Amarga foi a perplexidade dos que adormeceram ap\u00f3s haverem se despedido de seus seres queridos e cujo despertar caiu como faca afiada sobre o cora\u00e7\u00e3o. Amargo o despertar dos que iam ao aeroporto Charles de Gaulle esperar os que chegavam. Os rostos aturdidos, chorosos, descrentes&#8230; N\u00e3o houve mais not\u00edcia que chamasse a aten\u00e7\u00e3o durante os \u00faltimos 15 dias. Apenas o mist\u00e9rio do AF 447, poderoso Airbus modern\u00edssimo que desapareceu dos radares da Air France e dos sentidos que o buscavam ansiosos. Mist\u00e9rio que come\u00e7ou apenas a ser elucidado, ap\u00f3s equ\u00edvocos lament\u00e1veis de informa\u00e7\u00e3o, pelo encontro do primeiro corpo e de destro\u00e7os que finalmente comprovam a trag\u00e9dia. <\/p>\n<p>Quando meu filho me telefonou na manh\u00e3 do dia 1 para certificar-se de que eu estava realmente em solo firme, tinha raz\u00e3o. Quinze dias antes eu viajara no mesmo avi\u00e3o. \u00c9 o transporte que muitos conhecidos e amigos utilizam quando v\u00e3o \u00e0 Europa, confiantes na tecnologia e na seriedade da companhia a\u00e9rea francesa. Depois come\u00e7aram a chegar as comunica\u00e7\u00f5es de conhecidos de fora do pa\u00eds, perguntando se est\u00e1vamos bem, se t\u00ednhamos algum conhecido ou amigo no voo. No ar, um cheiro de mist\u00e9rio n\u00e3o decifrado e angustiante. Na m\u00eddia, as esperan\u00e7as que se transformavam em certezas dolorosas e tristeza inconsol\u00e1vel.<\/p>\n<p>N\u00e3o se sabe o que \u00e9 pior: a ang\u00fastia de ignorar totalmente o que se passou ou a certeza do final tr\u00e1gico. Em todo caso, pior que tudo \u00e9 e ser\u00e1, sem d\u00favida, a n\u00e3o transpar\u00eancia de informa\u00e7\u00f5es. N\u00e3o \u00e9 \u00e0 toa que os pilotos da Air France amea\u00e7am greve se n\u00e3o forem tomadas as provid\u00eancias que consideram cab\u00edveis. A vida \u00e9 risco permanente, mas arrisc\u00e1-la com pleno conhecimento, ludibriado pela \u00e2nsia de lucro ou pela incompet\u00eancia t\u00e9cnica e profissional n\u00e3o pode ser aceito.<\/p>\n<p>O resgate dos corpos continua, lento, doloros\u00edssimo, terr\u00edvel. Infelizmente tem que acontecer. Com absoluto respeito ao desejo das fam\u00edlias. Desde as que querem ser informadas de todos os detalhes at\u00e9 a m\u00e3e que exclamou em desabafo profundo e verdadeiro: &#8220;Esse resgate \u00e9 muito doloroso. Por que n\u00e3o deixam minha filha onde ela est\u00e1?&#8221; Antes de tudo, o respeito aos mortos e \u00e0queles que os choram. E simultaneamente a apura\u00e7\u00e3o rigorosa dos fatos, com total transpar\u00eancia de informa\u00e7\u00e3o, transmiss\u00e3o \u00e0 opini\u00e3o p\u00fablica e puni\u00e7\u00e3o de eventuais culpados. <\/p>\n<p>Com vidas humanas n\u00e3o se brinca. Nem se economizam recursos. Nem tampouco se sonegam informa\u00e7\u00f5es. A verdade \u00e9 o \u00fanico ant\u00eddoto \u00e0 dor que nunca se apagar\u00e1, mas poder\u00e1 ser suavizada e consolada com a esperan\u00e7a de que coisas assim acontecer\u00e3o cada vez menos.<\/p>\n<p>Do ar e do mar nos vem uma li\u00e7\u00e3o, juntamente com a trag\u00e9dia do AF 447: a dos limites da ind\u00fastria humana e do progresso. Alto pode chegar o ser humano, longe vai sua raz\u00e3o e intelig\u00eancia, admir\u00e1vel \u00e9 sua engenhosidade e efic\u00e1cia. Por\u00e9m h\u00e1 limites onde um dia esbarra. E apalpa sua fragilidade. E s\u00f3 lhe restam as l\u00e1grimas, a solidariedade. E a f\u00e9&#8230;que nos diz que aqueles que se foram n\u00e3o ca\u00edram no vazio. O oceano amea\u00e7ador n\u00e3o foi o fim. Pois suas vidas est\u00e3o nas m\u00e3os d\u2019Aquele que a todos n\u00f3s cria e recria a cada dia. Vivos em Deus, eles e elas nos acompanham e intercedem na busca incessante pela verdade, e na dif\u00edcil, \u00e0s vezes, cruel navega\u00e7\u00e3o por esse mar que \u00e9 a vida.<\/p>\n<div id=\"themify_builder_content-3977\" data-postid=\"3977\" class=\"themify_builder_content themify_builder_content-3977 themify_builder themify_builder_front\">\n\t<\/div>\n<!-- \/themify_builder_content -->","protected":false},"excerpt":{"rendered":"<p>Maria Clara Lucchetti Bingemer Para mais de 200 fam\u00edlias de v\u00e1rias nacionalidades, desde a \u00faltima segunda-feira, 1\u00ba de junho, a bela m\u00fasica de Dorival Caymmi n\u00e3o faz o menor sentido. \u00c0 medida que as buscas prosseguem no meio do Oceano Atl\u00e2ntico, entre a Ilha de Fernando de Noronha e a costa Africana, e mais corpos [&hellip;]<\/p>\n","protected":false},"author":5,"featured_media":0,"comment_status":"open","ping_status":"open","sticky":false,"template":"","format":"standard","meta":{"ngg_post_thumbnail":0,"footnotes":""},"categories":[9],"tags":[793,831,791,796,792,832,833,133],"yoast_head":"<!-- This site is optimized with the Yoast SEO plugin v23.5 - https:\/\/yoast.com\/wordpress\/plugins\/seo\/ -->\n<title>AF 447: Quando morrer no mar n\u00e3o \u00e9 doce - O Arcanjo no ar<\/title>\n<meta name=\"robots\" content=\"index, follow, max-snippet:-1, max-image-preview:large, max-video-preview:-1\" \/>\n<link rel=\"canonical\" href=\"https:\/\/www.oarcanjo.net\/site\/af-447-quando-morrer-no-mar-nao-e-doce\/\" \/>\n<meta property=\"og:locale\" content=\"pt_BR\" \/>\n<meta property=\"og:type\" content=\"article\" \/>\n<meta property=\"og:title\" content=\"AF 447: Quando morrer no mar n\u00e3o \u00e9 doce - O Arcanjo no ar\" \/>\n<meta property=\"og:description\" content=\"Maria Clara Lucchetti Bingemer Para mais de 200 fam\u00edlias de v\u00e1rias nacionalidades, desde a \u00faltima segunda-feira, 1\u00ba de junho, a bela m\u00fasica de Dorival Caymmi n\u00e3o faz o menor sentido. \u00c0 medida que as buscas prosseguem no meio do Oceano Atl\u00e2ntico, entre a Ilha de Fernando de Noronha e a costa Africana, e mais corpos [&hellip;]\" \/>\n<meta property=\"og:url\" content=\"https:\/\/www.oarcanjo.net\/site\/af-447-quando-morrer-no-mar-nao-e-doce\/\" \/>\n<meta property=\"og:site_name\" content=\"O Arcanjo no ar\" \/>\n<meta property=\"article:publisher\" content=\"https:\/\/www.facebook.com\/OArcanjoNoAr\/\" \/>\n<meta property=\"article:published_time\" content=\"2009-06-16T18:34:16+00:00\" \/>\n<meta property=\"article:modified_time\" content=\"2009-06-17T10:55:33+00:00\" \/>\n<meta property=\"og:image\" content=\"https:\/\/www.oarcanjo.net\/site\/wp-content\/uploads\/logo-o-arcanjo-no-ar-facebook.png\" \/>\n\t<meta property=\"og:image:width\" content=\"300\" \/>\n\t<meta property=\"og:image:height\" content=\"300\" \/>\n\t<meta property=\"og:image:type\" content=\"image\/png\" \/>\n<meta name=\"author\" content=\"editor\" \/>\n<meta name=\"twitter:card\" content=\"summary_large_image\" \/>\n<meta name=\"twitter:label1\" content=\"Escrito por\" \/>\n\t<meta name=\"twitter:data1\" content=\"editor\" \/>\n\t<meta name=\"twitter:label2\" content=\"Est. tempo de leitura\" \/>\n\t<meta name=\"twitter:data2\" content=\"4 minutos\" \/>\n<script type=\"application\/ld+json\" class=\"yoast-schema-graph\">{\"@context\":\"https:\/\/schema.org\",\"@graph\":[{\"@type\":\"Article\",\"@id\":\"https:\/\/www.oarcanjo.net\/site\/af-447-quando-morrer-no-mar-nao-e-doce\/#article\",\"isPartOf\":{\"@id\":\"https:\/\/www.oarcanjo.net\/site\/af-447-quando-morrer-no-mar-nao-e-doce\/\"},\"author\":{\"name\":\"editor\",\"@id\":\"https:\/\/www.oarcanjo.net\/site\/#\/schema\/person\/f7024d007863202483a31326673a0838\"},\"headline\":\"AF 447: Quando morrer no mar n\u00e3o \u00e9 doce\",\"datePublished\":\"2009-06-16T18:34:16+00:00\",\"dateModified\":\"2009-06-17T10:55:33+00:00\",\"mainEntityOfPage\":{\"@id\":\"https:\/\/www.oarcanjo.net\/site\/af-447-quando-morrer-no-mar-nao-e-doce\/\"},\"wordCount\":773,\"commentCount\":0,\"publisher\":{\"@id\":\"https:\/\/www.oarcanjo.net\/site\/#organization\"},\"keywords\":[\"acidente a\u00e9reo\",\"AF447\",\"Air France\",\"Airbus\",\"avi\u00e3o\",\"Fernando de Noronha\",\"Oceano Atl\u00e2ntico\",\"trag\u00e9dia\"],\"articleSection\":[\"Reflex\u00f5es\"],\"inLanguage\":\"pt-BR\",\"potentialAction\":[{\"@type\":\"CommentAction\",\"name\":\"Comment\",\"target\":[\"https:\/\/www.oarcanjo.net\/site\/af-447-quando-morrer-no-mar-nao-e-doce\/#respond\"]}]},{\"@type\":\"WebPage\",\"@id\":\"https:\/\/www.oarcanjo.net\/site\/af-447-quando-morrer-no-mar-nao-e-doce\/\",\"url\":\"https:\/\/www.oarcanjo.net\/site\/af-447-quando-morrer-no-mar-nao-e-doce\/\",\"name\":\"AF 447: Quando morrer no mar n\u00e3o \u00e9 doce - O Arcanjo no ar\",\"isPartOf\":{\"@id\":\"https:\/\/www.oarcanjo.net\/site\/#website\"},\"datePublished\":\"2009-06-16T18:34:16+00:00\",\"dateModified\":\"2009-06-17T10:55:33+00:00\",\"breadcrumb\":{\"@id\":\"https:\/\/www.oarcanjo.net\/site\/af-447-quando-morrer-no-mar-nao-e-doce\/#breadcrumb\"},\"inLanguage\":\"pt-BR\",\"potentialAction\":[{\"@type\":\"ReadAction\",\"target\":[\"https:\/\/www.oarcanjo.net\/site\/af-447-quando-morrer-no-mar-nao-e-doce\/\"]}]},{\"@type\":\"BreadcrumbList\",\"@id\":\"https:\/\/www.oarcanjo.net\/site\/af-447-quando-morrer-no-mar-nao-e-doce\/#breadcrumb\",\"itemListElement\":[{\"@type\":\"ListItem\",\"position\":1,\"name\":\"In\u00edcio\",\"item\":\"https:\/\/www.oarcanjo.net\/site\/\"},{\"@type\":\"ListItem\",\"position\":2,\"name\":\"AF 447: Quando morrer no mar n\u00e3o \u00e9 doce\"}]},{\"@type\":\"WebSite\",\"@id\":\"https:\/\/www.oarcanjo.net\/site\/#website\",\"url\":\"https:\/\/www.oarcanjo.net\/site\/\",\"name\":\"O Arcanjo no ar\",\"description\":\"Site da Par\u00f3quia S\u00e3o Miguel Arcanjo (Arquidiocese de SP)\",\"publisher\":{\"@id\":\"https:\/\/www.oarcanjo.net\/site\/#organization\"},\"potentialAction\":[{\"@type\":\"SearchAction\",\"target\":{\"@type\":\"EntryPoint\",\"urlTemplate\":\"https:\/\/www.oarcanjo.net\/site\/?s={search_term_string}\"},\"query-input\":{\"@type\":\"PropertyValueSpecification\",\"valueRequired\":true,\"valueName\":\"search_term_string\"}}],\"inLanguage\":\"pt-BR\"},{\"@type\":\"Organization\",\"@id\":\"https:\/\/www.oarcanjo.net\/site\/#organization\",\"name\":\"Par\u00f3quia S\u00e3o Miguel Arcanjo\",\"url\":\"https:\/\/www.oarcanjo.net\/site\/\",\"logo\":{\"@type\":\"ImageObject\",\"inLanguage\":\"pt-BR\",\"@id\":\"https:\/\/www.oarcanjo.net\/site\/#\/schema\/logo\/image\/\",\"url\":\"https:\/\/www.oarcanjo.net\/site\/wp-content\/uploads\/LogoOArcanjo.png\",\"contentUrl\":\"https:\/\/www.oarcanjo.net\/site\/wp-content\/uploads\/LogoOArcanjo.png\",\"width\":319,\"height\":99,\"caption\":\"Par\u00f3quia S\u00e3o Miguel Arcanjo\"},\"image\":{\"@id\":\"https:\/\/www.oarcanjo.net\/site\/#\/schema\/logo\/image\/\"},\"sameAs\":[\"https:\/\/www.facebook.com\/OArcanjoNoAr\/\"]},{\"@type\":\"Person\",\"@id\":\"https:\/\/www.oarcanjo.net\/site\/#\/schema\/person\/f7024d007863202483a31326673a0838\",\"name\":\"editor\",\"sameAs\":[\"http:\/\/www.oarcanjo.net\"]}]}<\/script>\n<!-- \/ Yoast SEO plugin. -->","yoast_head_json":{"title":"AF 447: Quando morrer no mar n\u00e3o \u00e9 doce - O Arcanjo no ar","robots":{"index":"index","follow":"follow","max-snippet":"max-snippet:-1","max-image-preview":"max-image-preview:large","max-video-preview":"max-video-preview:-1"},"canonical":"https:\/\/www.oarcanjo.net\/site\/af-447-quando-morrer-no-mar-nao-e-doce\/","og_locale":"pt_BR","og_type":"article","og_title":"AF 447: Quando morrer no mar n\u00e3o \u00e9 doce - O Arcanjo no ar","og_description":"Maria Clara Lucchetti Bingemer Para mais de 200 fam\u00edlias de v\u00e1rias nacionalidades, desde a \u00faltima segunda-feira, 1\u00ba de junho, a bela m\u00fasica de Dorival Caymmi n\u00e3o faz o menor sentido. \u00c0 medida que as buscas prosseguem no meio do Oceano Atl\u00e2ntico, entre a Ilha de Fernando de Noronha e a costa Africana, e mais corpos [&hellip;]","og_url":"https:\/\/www.oarcanjo.net\/site\/af-447-quando-morrer-no-mar-nao-e-doce\/","og_site_name":"O Arcanjo no ar","article_publisher":"https:\/\/www.facebook.com\/OArcanjoNoAr\/","article_published_time":"2009-06-16T18:34:16+00:00","article_modified_time":"2009-06-17T10:55:33+00:00","og_image":[{"width":300,"height":300,"url":"https:\/\/www.oarcanjo.net\/site\/wp-content\/uploads\/logo-o-arcanjo-no-ar-facebook.png","type":"image\/png"}],"author":"editor","twitter_card":"summary_large_image","twitter_misc":{"Escrito por":"editor","Est. tempo de leitura":"4 minutos"},"schema":{"@context":"https:\/\/schema.org","@graph":[{"@type":"Article","@id":"https:\/\/www.oarcanjo.net\/site\/af-447-quando-morrer-no-mar-nao-e-doce\/#article","isPartOf":{"@id":"https:\/\/www.oarcanjo.net\/site\/af-447-quando-morrer-no-mar-nao-e-doce\/"},"author":{"name":"editor","@id":"https:\/\/www.oarcanjo.net\/site\/#\/schema\/person\/f7024d007863202483a31326673a0838"},"headline":"AF 447: Quando morrer no mar n\u00e3o \u00e9 doce","datePublished":"2009-06-16T18:34:16+00:00","dateModified":"2009-06-17T10:55:33+00:00","mainEntityOfPage":{"@id":"https:\/\/www.oarcanjo.net\/site\/af-447-quando-morrer-no-mar-nao-e-doce\/"},"wordCount":773,"commentCount":0,"publisher":{"@id":"https:\/\/www.oarcanjo.net\/site\/#organization"},"keywords":["acidente a\u00e9reo","AF447","Air France","Airbus","avi\u00e3o","Fernando de Noronha","Oceano Atl\u00e2ntico","trag\u00e9dia"],"articleSection":["Reflex\u00f5es"],"inLanguage":"pt-BR","potentialAction":[{"@type":"CommentAction","name":"Comment","target":["https:\/\/www.oarcanjo.net\/site\/af-447-quando-morrer-no-mar-nao-e-doce\/#respond"]}]},{"@type":"WebPage","@id":"https:\/\/www.oarcanjo.net\/site\/af-447-quando-morrer-no-mar-nao-e-doce\/","url":"https:\/\/www.oarcanjo.net\/site\/af-447-quando-morrer-no-mar-nao-e-doce\/","name":"AF 447: Quando morrer no mar n\u00e3o \u00e9 doce - O Arcanjo no ar","isPartOf":{"@id":"https:\/\/www.oarcanjo.net\/site\/#website"},"datePublished":"2009-06-16T18:34:16+00:00","dateModified":"2009-06-17T10:55:33+00:00","breadcrumb":{"@id":"https:\/\/www.oarcanjo.net\/site\/af-447-quando-morrer-no-mar-nao-e-doce\/#breadcrumb"},"inLanguage":"pt-BR","potentialAction":[{"@type":"ReadAction","target":["https:\/\/www.oarcanjo.net\/site\/af-447-quando-morrer-no-mar-nao-e-doce\/"]}]},{"@type":"BreadcrumbList","@id":"https:\/\/www.oarcanjo.net\/site\/af-447-quando-morrer-no-mar-nao-e-doce\/#breadcrumb","itemListElement":[{"@type":"ListItem","position":1,"name":"In\u00edcio","item":"https:\/\/www.oarcanjo.net\/site\/"},{"@type":"ListItem","position":2,"name":"AF 447: Quando morrer no mar n\u00e3o \u00e9 doce"}]},{"@type":"WebSite","@id":"https:\/\/www.oarcanjo.net\/site\/#website","url":"https:\/\/www.oarcanjo.net\/site\/","name":"O Arcanjo no ar","description":"Site da Par\u00f3quia S\u00e3o Miguel Arcanjo (Arquidiocese de SP)","publisher":{"@id":"https:\/\/www.oarcanjo.net\/site\/#organization"},"potentialAction":[{"@type":"SearchAction","target":{"@type":"EntryPoint","urlTemplate":"https:\/\/www.oarcanjo.net\/site\/?s={search_term_string}"},"query-input":{"@type":"PropertyValueSpecification","valueRequired":true,"valueName":"search_term_string"}}],"inLanguage":"pt-BR"},{"@type":"Organization","@id":"https:\/\/www.oarcanjo.net\/site\/#organization","name":"Par\u00f3quia S\u00e3o Miguel Arcanjo","url":"https:\/\/www.oarcanjo.net\/site\/","logo":{"@type":"ImageObject","inLanguage":"pt-BR","@id":"https:\/\/www.oarcanjo.net\/site\/#\/schema\/logo\/image\/","url":"https:\/\/www.oarcanjo.net\/site\/wp-content\/uploads\/LogoOArcanjo.png","contentUrl":"https:\/\/www.oarcanjo.net\/site\/wp-content\/uploads\/LogoOArcanjo.png","width":319,"height":99,"caption":"Par\u00f3quia S\u00e3o Miguel Arcanjo"},"image":{"@id":"https:\/\/www.oarcanjo.net\/site\/#\/schema\/logo\/image\/"},"sameAs":["https:\/\/www.facebook.com\/OArcanjoNoAr\/"]},{"@type":"Person","@id":"https:\/\/www.oarcanjo.net\/site\/#\/schema\/person\/f7024d007863202483a31326673a0838","name":"editor","sameAs":["http:\/\/www.oarcanjo.net"]}]}},"publishpress_future_action":{"enabled":false,"date":"2026-05-09 05:18:42","action":"category","newStatus":"draft","terms":[],"taxonomy":"category"},"publishpress_future_workflow_manual_trigger":{"enabledWorkflows":[]},"_links":{"self":[{"href":"https:\/\/www.oarcanjo.net\/site\/wp-json\/wp\/v2\/posts\/3977"}],"collection":[{"href":"https:\/\/www.oarcanjo.net\/site\/wp-json\/wp\/v2\/posts"}],"about":[{"href":"https:\/\/www.oarcanjo.net\/site\/wp-json\/wp\/v2\/types\/post"}],"author":[{"embeddable":true,"href":"https:\/\/www.oarcanjo.net\/site\/wp-json\/wp\/v2\/users\/5"}],"replies":[{"embeddable":true,"href":"https:\/\/www.oarcanjo.net\/site\/wp-json\/wp\/v2\/comments?post=3977"}],"version-history":[{"count":0,"href":"https:\/\/www.oarcanjo.net\/site\/wp-json\/wp\/v2\/posts\/3977\/revisions"}],"wp:attachment":[{"href":"https:\/\/www.oarcanjo.net\/site\/wp-json\/wp\/v2\/media?parent=3977"}],"wp:term":[{"taxonomy":"category","embeddable":true,"href":"https:\/\/www.oarcanjo.net\/site\/wp-json\/wp\/v2\/categories?post=3977"},{"taxonomy":"post_tag","embeddable":true,"href":"https:\/\/www.oarcanjo.net\/site\/wp-json\/wp\/v2\/tags?post=3977"}],"curies":[{"name":"wp","href":"https:\/\/api.w.org\/{rel}","templated":true}]}}