
{"id":3985,"date":"2009-06-16T17:00:51","date_gmt":"2009-06-16T20:00:51","guid":{"rendered":"http:\/\/www.oarcanjo.net\/site\/?p=3985"},"modified":"2009-06-17T07:59:04","modified_gmt":"2009-06-17T10:59:04","slug":"nota-da-cnbb-sobre-o-assassinato-do-pe-gisley","status":"publish","type":"post","link":"https:\/\/www.oarcanjo.net\/site\/nota-da-cnbb-sobre-o-assassinato-do-pe-gisley\/","title":{"rendered":"Nota da CNBB sobre o assassinato do Pe. Gisley"},"content":{"rendered":"<p>A Confer\u00eancia Nacional dos Bispos do Brasil &#8211; CNBB, profundamente consternada, comunica o assassinato do Padre Gisley Azevedo Gomes, CSS, assessor nacional do Setor Juventude desta Confer\u00eancia, ocorrido ontem, 15 de junho. O crime est\u00e1 sendo investigado com empenho pela pol\u00edcia com o acompanhamento dos advogados da CNBB e da Congrega\u00e7\u00e3o dos Sagrados Estigmas (Estigmativos) \u00e0 qual Padre Gisley pertencia.<\/p>\n<p>Ordenado em 29 de maio de 2005, padre Gisley estava na assessoria do Setor Juventude da CNBB h\u00e1 pouco mais de dois anos. Comprometido com a vida da juventude, organizava, juntamente com as Pastorais da Juventude do Brasil, a Campanha Nacional contra o Exterm\u00ednio da Juventude que tem como lema \u201cJuventude em marcha contra a viol\u00eancia\u201d. Lamentavelmente ele foi v\u00edtima da viol\u00eancia que ansiava combater.<\/p>\n<p>Esperamos confiantes que o crime seja apurado com efici\u00eancia e os culpados punidos com justi\u00e7a. Lembrando a Campanha da Fraternidade que realizamos sobre a Seguran\u00e7a P\u00fablica, reafirmamos a urg\u00eancia de toda a sociedade se mobilizar para por fim \u00e0 viol\u00eancia que ceifa vidas t\u00e3o precocemente.<\/p>\n<p>Aos familiares e amigos do padre Gisley, \u00e0 Congrega\u00e7\u00e3o dos Estigmatinos, \u00e0s Pastorais da Juventude do Brasil e aos Movimentos Juvenis a CNBB manifesta seu pesar e sua solidariedade, firmada na palavra do evangelho que nos faz crer na Ressurrei\u00e7\u00e3o. Cremos firmemente que, neste momento, padre Gisley, atendendo \u00e0 voz do Cristo que disse: \u201cJovem, eu te digo, levanta-te!\u201d (Lc 7,14), nasce para a vida eterna. Que Nossa Senhora Aparecida o acolha no Reino de seu Filho Jesus.<\/p>\n<p>Brasilia, 16 de junho de 2009<\/p>\n<p>Dom Geraldo Lyrio Rocha<br \/>\nArcebispo de Mariana<br \/>\nPresidente da CNBB<\/p>\n<p>Dom Luiz Soares Vieira<br \/>\nArcebispo de Manaus<br \/>\nVice-presidente da CNBB<\/p>\n<p>Dom Dimas Lara Barbosa<br \/>\nBispo Auxiliar do Rio de Janeiro<br \/>\nSecret\u00e1rio Geral da CNBB<\/p>\n<hr \/>\n<p><strong>Missa em mem\u00f3ria do Pe. Gisley<\/strong><\/p>\n<p>Local: Anchietanum (<a href=\"http:\/\/www.anchietanum.com.br\/site\/endereco.php\" target=\"_blank\">mapa<\/a>)<br \/>\nData: Domingo (21\/06)<br \/>\nHor\u00e1rio: 16h<br \/>\nCelebrantes: Dom Altieri, bispo respons\u00e1vel pela Juventude no Estado de S\u00e3o Paulo; Pe. Jorge Boran, diretor do CCJ e Pe. Alexandre, da equipe do Anchietanum.<\/p>\n<div id=\"themify_builder_content-3985\" data-postid=\"3985\" class=\"themify_builder_content themify_builder_content-3985 themify_builder themify_builder_front\">\n\t<\/div>\n<!-- \/themify_builder_content -->","protected":false},"excerpt":{"rendered":"<p>A Confer\u00eancia Nacional dos Bispos do Brasil &#8211; CNBB, profundamente consternada, comunica o assassinato do Padre Gisley Azevedo Gomes, CSS, assessor nacional do Setor Juventude desta Confer\u00eancia, ocorrido ontem, 15 de junho. O crime est\u00e1 sendo investigado com empenho pela pol\u00edcia com o acompanhamento dos advogados da CNBB e da Congrega\u00e7\u00e3o dos Sagrados Estigmas (Estigmativos) [&hellip;]<\/p>\n","protected":false},"author":5,"featured_media":0,"comment_status":"open","ping_status":"open","sticky":false,"template":"","format":"standard","meta":{"ngg_post_thumbnail":0,"footnotes":""},"categories":[8],"tags":[834,229,63,835,20],"yoast_head":"<!-- This site is optimized with the Yoast SEO plugin v23.5 - https:\/\/yoast.com\/wordpress\/plugins\/seo\/ -->\n<title>Nota da CNBB sobre o assassinato do Pe. Gisley - O Arcanjo no ar<\/title>\n<meta name=\"robots\" content=\"index, follow, max-snippet:-1, max-image-preview:large, max-video-preview:-1\" \/>\n<link rel=\"canonical\" href=\"https:\/\/www.oarcanjo.net\/site\/nota-da-cnbb-sobre-o-assassinato-do-pe-gisley\/\" \/>\n<meta property=\"og:locale\" content=\"pt_BR\" \/>\n<meta property=\"og:type\" content=\"article\" \/>\n<meta property=\"og:title\" content=\"Nota da CNBB sobre o assassinato do Pe. Gisley - O Arcanjo no ar\" \/>\n<meta property=\"og:description\" content=\"A Confer\u00eancia Nacional dos Bispos do Brasil &#8211; CNBB, profundamente consternada, comunica o assassinato do Padre Gisley Azevedo Gomes, CSS, assessor nacional do Setor Juventude desta Confer\u00eancia, ocorrido ontem, 15 de junho. O crime est\u00e1 sendo investigado com empenho pela pol\u00edcia com o acompanhamento dos advogados da CNBB e da Congrega\u00e7\u00e3o dos Sagrados Estigmas (Estigmativos) [&hellip;]\" \/>\n<meta property=\"og:url\" content=\"https:\/\/www.oarcanjo.net\/site\/nota-da-cnbb-sobre-o-assassinato-do-pe-gisley\/\" \/>\n<meta property=\"og:site_name\" content=\"O Arcanjo no ar\" \/>\n<meta property=\"article:publisher\" content=\"https:\/\/www.facebook.com\/OArcanjoNoAr\/\" \/>\n<meta property=\"article:published_time\" content=\"2009-06-16T20:00:51+00:00\" \/>\n<meta property=\"article:modified_time\" content=\"2009-06-17T10:59:04+00:00\" \/>\n<meta property=\"og:image\" content=\"https:\/\/www.oarcanjo.net\/site\/wp-content\/uploads\/logo-o-arcanjo-no-ar-facebook.png\" \/>\n\t<meta property=\"og:image:width\" content=\"300\" \/>\n\t<meta property=\"og:image:height\" content=\"300\" \/>\n\t<meta property=\"og:image:type\" content=\"image\/png\" \/>\n<meta name=\"author\" content=\"editor\" \/>\n<meta name=\"twitter:card\" content=\"summary_large_image\" \/>\n<meta name=\"twitter:label1\" content=\"Escrito por\" \/>\n\t<meta name=\"twitter:data1\" content=\"editor\" \/>\n\t<meta name=\"twitter:label2\" content=\"Est. tempo de leitura\" \/>\n\t<meta name=\"twitter:data2\" content=\"2 minutos\" \/>\n<script type=\"application\/ld+json\" class=\"yoast-schema-graph\">{\"@context\":\"https:\/\/schema.org\",\"@graph\":[{\"@type\":\"Article\",\"@id\":\"https:\/\/www.oarcanjo.net\/site\/nota-da-cnbb-sobre-o-assassinato-do-pe-gisley\/#article\",\"isPartOf\":{\"@id\":\"https:\/\/www.oarcanjo.net\/site\/nota-da-cnbb-sobre-o-assassinato-do-pe-gisley\/\"},\"author\":{\"name\":\"editor\",\"@id\":\"https:\/\/www.oarcanjo.net\/site\/#\/schema\/person\/f7024d007863202483a31326673a0838\"},\"headline\":\"Nota da CNBB sobre o assassinato do Pe. Gisley\",\"datePublished\":\"2009-06-16T20:00:51+00:00\",\"dateModified\":\"2009-06-17T10:59:04+00:00\",\"mainEntityOfPage\":{\"@id\":\"https:\/\/www.oarcanjo.net\/site\/nota-da-cnbb-sobre-o-assassinato-do-pe-gisley\/\"},\"wordCount\":347,\"commentCount\":5,\"publisher\":{\"@id\":\"https:\/\/www.oarcanjo.net\/site\/#organization\"},\"keywords\":[\"assassinato\",\"Campanha da Fraternidade\",\"CNBB\",\"Pastoral da Juventude\",\"viol\u00eancia\"],\"articleSection\":[\"Not\u00edcias\"],\"inLanguage\":\"pt-BR\",\"potentialAction\":[{\"@type\":\"CommentAction\",\"name\":\"Comment\",\"target\":[\"https:\/\/www.oarcanjo.net\/site\/nota-da-cnbb-sobre-o-assassinato-do-pe-gisley\/#respond\"]}]},{\"@type\":\"WebPage\",\"@id\":\"https:\/\/www.oarcanjo.net\/site\/nota-da-cnbb-sobre-o-assassinato-do-pe-gisley\/\",\"url\":\"https:\/\/www.oarcanjo.net\/site\/nota-da-cnbb-sobre-o-assassinato-do-pe-gisley\/\",\"name\":\"Nota da CNBB sobre o assassinato do Pe. Gisley - O Arcanjo no ar\",\"isPartOf\":{\"@id\":\"https:\/\/www.oarcanjo.net\/site\/#website\"},\"datePublished\":\"2009-06-16T20:00:51+00:00\",\"dateModified\":\"2009-06-17T10:59:04+00:00\",\"breadcrumb\":{\"@id\":\"https:\/\/www.oarcanjo.net\/site\/nota-da-cnbb-sobre-o-assassinato-do-pe-gisley\/#breadcrumb\"},\"inLanguage\":\"pt-BR\",\"potentialAction\":[{\"@type\":\"ReadAction\",\"target\":[\"https:\/\/www.oarcanjo.net\/site\/nota-da-cnbb-sobre-o-assassinato-do-pe-gisley\/\"]}]},{\"@type\":\"BreadcrumbList\",\"@id\":\"https:\/\/www.oarcanjo.net\/site\/nota-da-cnbb-sobre-o-assassinato-do-pe-gisley\/#breadcrumb\",\"itemListElement\":[{\"@type\":\"ListItem\",\"position\":1,\"name\":\"In\u00edcio\",\"item\":\"https:\/\/www.oarcanjo.net\/site\/\"},{\"@type\":\"ListItem\",\"position\":2,\"name\":\"Nota da CNBB sobre o assassinato do Pe. Gisley\"}]},{\"@type\":\"WebSite\",\"@id\":\"https:\/\/www.oarcanjo.net\/site\/#website\",\"url\":\"https:\/\/www.oarcanjo.net\/site\/\",\"name\":\"O Arcanjo no ar\",\"description\":\"Site da Par\u00f3quia S\u00e3o Miguel Arcanjo (Arquidiocese de SP)\",\"publisher\":{\"@id\":\"https:\/\/www.oarcanjo.net\/site\/#organization\"},\"potentialAction\":[{\"@type\":\"SearchAction\",\"target\":{\"@type\":\"EntryPoint\",\"urlTemplate\":\"https:\/\/www.oarcanjo.net\/site\/?s={search_term_string}\"},\"query-input\":{\"@type\":\"PropertyValueSpecification\",\"valueRequired\":true,\"valueName\":\"search_term_string\"}}],\"inLanguage\":\"pt-BR\"},{\"@type\":\"Organization\",\"@id\":\"https:\/\/www.oarcanjo.net\/site\/#organization\",\"name\":\"Par\u00f3quia S\u00e3o Miguel Arcanjo\",\"url\":\"https:\/\/www.oarcanjo.net\/site\/\",\"logo\":{\"@type\":\"ImageObject\",\"inLanguage\":\"pt-BR\",\"@id\":\"https:\/\/www.oarcanjo.net\/site\/#\/schema\/logo\/image\/\",\"url\":\"https:\/\/www.oarcanjo.net\/site\/wp-content\/uploads\/LogoOArcanjo.png\",\"contentUrl\":\"https:\/\/www.oarcanjo.net\/site\/wp-content\/uploads\/LogoOArcanjo.png\",\"width\":319,\"height\":99,\"caption\":\"Par\u00f3quia S\u00e3o Miguel Arcanjo\"},\"image\":{\"@id\":\"https:\/\/www.oarcanjo.net\/site\/#\/schema\/logo\/image\/\"},\"sameAs\":[\"https:\/\/www.facebook.com\/OArcanjoNoAr\/\"]},{\"@type\":\"Person\",\"@id\":\"https:\/\/www.oarcanjo.net\/site\/#\/schema\/person\/f7024d007863202483a31326673a0838\",\"name\":\"editor\",\"sameAs\":[\"http:\/\/www.oarcanjo.net\"]}]}<\/script>\n<!-- \/ Yoast SEO plugin. -->","yoast_head_json":{"title":"Nota da CNBB sobre o assassinato do Pe. Gisley - O Arcanjo no ar","robots":{"index":"index","follow":"follow","max-snippet":"max-snippet:-1","max-image-preview":"max-image-preview:large","max-video-preview":"max-video-preview:-1"},"canonical":"https:\/\/www.oarcanjo.net\/site\/nota-da-cnbb-sobre-o-assassinato-do-pe-gisley\/","og_locale":"pt_BR","og_type":"article","og_title":"Nota da CNBB sobre o assassinato do Pe. Gisley - O Arcanjo no ar","og_description":"A Confer\u00eancia Nacional dos Bispos do Brasil &#8211; CNBB, profundamente consternada, comunica o assassinato do Padre Gisley Azevedo Gomes, CSS, assessor nacional do Setor Juventude desta Confer\u00eancia, ocorrido ontem, 15 de junho. O crime est\u00e1 sendo investigado com empenho pela pol\u00edcia com o acompanhamento dos advogados da CNBB e da Congrega\u00e7\u00e3o dos Sagrados Estigmas (Estigmativos) [&hellip;]","og_url":"https:\/\/www.oarcanjo.net\/site\/nota-da-cnbb-sobre-o-assassinato-do-pe-gisley\/","og_site_name":"O Arcanjo no ar","article_publisher":"https:\/\/www.facebook.com\/OArcanjoNoAr\/","article_published_time":"2009-06-16T20:00:51+00:00","article_modified_time":"2009-06-17T10:59:04+00:00","og_image":[{"width":300,"height":300,"url":"https:\/\/www.oarcanjo.net\/site\/wp-content\/uploads\/logo-o-arcanjo-no-ar-facebook.png","type":"image\/png"}],"author":"editor","twitter_card":"summary_large_image","twitter_misc":{"Escrito por":"editor","Est. tempo de leitura":"2 minutos"},"schema":{"@context":"https:\/\/schema.org","@graph":[{"@type":"Article","@id":"https:\/\/www.oarcanjo.net\/site\/nota-da-cnbb-sobre-o-assassinato-do-pe-gisley\/#article","isPartOf":{"@id":"https:\/\/www.oarcanjo.net\/site\/nota-da-cnbb-sobre-o-assassinato-do-pe-gisley\/"},"author":{"name":"editor","@id":"https:\/\/www.oarcanjo.net\/site\/#\/schema\/person\/f7024d007863202483a31326673a0838"},"headline":"Nota da CNBB sobre o assassinato do Pe. Gisley","datePublished":"2009-06-16T20:00:51+00:00","dateModified":"2009-06-17T10:59:04+00:00","mainEntityOfPage":{"@id":"https:\/\/www.oarcanjo.net\/site\/nota-da-cnbb-sobre-o-assassinato-do-pe-gisley\/"},"wordCount":347,"commentCount":5,"publisher":{"@id":"https:\/\/www.oarcanjo.net\/site\/#organization"},"keywords":["assassinato","Campanha da Fraternidade","CNBB","Pastoral da Juventude","viol\u00eancia"],"articleSection":["Not\u00edcias"],"inLanguage":"pt-BR","potentialAction":[{"@type":"CommentAction","name":"Comment","target":["https:\/\/www.oarcanjo.net\/site\/nota-da-cnbb-sobre-o-assassinato-do-pe-gisley\/#respond"]}]},{"@type":"WebPage","@id":"https:\/\/www.oarcanjo.net\/site\/nota-da-cnbb-sobre-o-assassinato-do-pe-gisley\/","url":"https:\/\/www.oarcanjo.net\/site\/nota-da-cnbb-sobre-o-assassinato-do-pe-gisley\/","name":"Nota da CNBB sobre o assassinato do Pe. Gisley - O Arcanjo no ar","isPartOf":{"@id":"https:\/\/www.oarcanjo.net\/site\/#website"},"datePublished":"2009-06-16T20:00:51+00:00","dateModified":"2009-06-17T10:59:04+00:00","breadcrumb":{"@id":"https:\/\/www.oarcanjo.net\/site\/nota-da-cnbb-sobre-o-assassinato-do-pe-gisley\/#breadcrumb"},"inLanguage":"pt-BR","potentialAction":[{"@type":"ReadAction","target":["https:\/\/www.oarcanjo.net\/site\/nota-da-cnbb-sobre-o-assassinato-do-pe-gisley\/"]}]},{"@type":"BreadcrumbList","@id":"https:\/\/www.oarcanjo.net\/site\/nota-da-cnbb-sobre-o-assassinato-do-pe-gisley\/#breadcrumb","itemListElement":[{"@type":"ListItem","position":1,"name":"In\u00edcio","item":"https:\/\/www.oarcanjo.net\/site\/"},{"@type":"ListItem","position":2,"name":"Nota da CNBB sobre o assassinato do Pe. Gisley"}]},{"@type":"WebSite","@id":"https:\/\/www.oarcanjo.net\/site\/#website","url":"https:\/\/www.oarcanjo.net\/site\/","name":"O Arcanjo no ar","description":"Site da Par\u00f3quia S\u00e3o Miguel Arcanjo (Arquidiocese de SP)","publisher":{"@id":"https:\/\/www.oarcanjo.net\/site\/#organization"},"potentialAction":[{"@type":"SearchAction","target":{"@type":"EntryPoint","urlTemplate":"https:\/\/www.oarcanjo.net\/site\/?s={search_term_string}"},"query-input":{"@type":"PropertyValueSpecification","valueRequired":true,"valueName":"search_term_string"}}],"inLanguage":"pt-BR"},{"@type":"Organization","@id":"https:\/\/www.oarcanjo.net\/site\/#organization","name":"Par\u00f3quia S\u00e3o Miguel Arcanjo","url":"https:\/\/www.oarcanjo.net\/site\/","logo":{"@type":"ImageObject","inLanguage":"pt-BR","@id":"https:\/\/www.oarcanjo.net\/site\/#\/schema\/logo\/image\/","url":"https:\/\/www.oarcanjo.net\/site\/wp-content\/uploads\/LogoOArcanjo.png","contentUrl":"https:\/\/www.oarcanjo.net\/site\/wp-content\/uploads\/LogoOArcanjo.png","width":319,"height":99,"caption":"Par\u00f3quia S\u00e3o Miguel Arcanjo"},"image":{"@id":"https:\/\/www.oarcanjo.net\/site\/#\/schema\/logo\/image\/"},"sameAs":["https:\/\/www.facebook.com\/OArcanjoNoAr\/"]},{"@type":"Person","@id":"https:\/\/www.oarcanjo.net\/site\/#\/schema\/person\/f7024d007863202483a31326673a0838","name":"editor","sameAs":["http:\/\/www.oarcanjo.net"]}]}},"publishpress_future_action":{"enabled":false,"date":"2026-05-08 15:09:45","action":"category","newStatus":"draft","terms":[],"taxonomy":"category"},"publishpress_future_workflow_manual_trigger":{"enabledWorkflows":[]},"_links":{"self":[{"href":"https:\/\/www.oarcanjo.net\/site\/wp-json\/wp\/v2\/posts\/3985"}],"collection":[{"href":"https:\/\/www.oarcanjo.net\/site\/wp-json\/wp\/v2\/posts"}],"about":[{"href":"https:\/\/www.oarcanjo.net\/site\/wp-json\/wp\/v2\/types\/post"}],"author":[{"embeddable":true,"href":"https:\/\/www.oarcanjo.net\/site\/wp-json\/wp\/v2\/users\/5"}],"replies":[{"embeddable":true,"href":"https:\/\/www.oarcanjo.net\/site\/wp-json\/wp\/v2\/comments?post=3985"}],"version-history":[{"count":0,"href":"https:\/\/www.oarcanjo.net\/site\/wp-json\/wp\/v2\/posts\/3985\/revisions"}],"wp:attachment":[{"href":"https:\/\/www.oarcanjo.net\/site\/wp-json\/wp\/v2\/media?parent=3985"}],"wp:term":[{"taxonomy":"category","embeddable":true,"href":"https:\/\/www.oarcanjo.net\/site\/wp-json\/wp\/v2\/categories?post=3985"},{"taxonomy":"post_tag","embeddable":true,"href":"https:\/\/www.oarcanjo.net\/site\/wp-json\/wp\/v2\/tags?post=3985"}],"curies":[{"name":"wp","href":"https:\/\/api.w.org\/{rel}","templated":true}]}}