
{"id":3997,"date":"2009-06-17T23:13:09","date_gmt":"2009-06-18T02:13:09","guid":{"rendered":"http:\/\/www.oarcanjo.net\/site\/?p=3997"},"modified":"2009-06-17T23:13:09","modified_gmt":"2009-06-18T02:13:09","slug":"esperanca-e-fe","status":"publish","type":"post","link":"https:\/\/www.oarcanjo.net\/site\/esperanca-e-fe\/","title":{"rendered":"Esperan\u00e7a e f\u00e9"},"content":{"rendered":"<p>Esperan\u00e7a e f\u00e9<\/p>\n<p>\u201cCrer apenas naquilo que \u00e9 poss\u00edvel n\u00e3o \u00e9 f\u00e9, mas mera filosofia.\u201d \u2013 Th. Browne, escritor e m\u00e9dico ingl\u00eas \u2013 1605-1682<\/p>\n<p>A vida \u00e9 feita de vida. E esta, \u00e9 feita tamb\u00e9m de tempestades. Sair do \u00fatero materno equivale a uma luta e ela \u00e9 apenas a primeira. Quando a bolsa se rompe, eis a\u00ed um mar revolto, que parece atentar contra a nossa sobreviv\u00eancia, ao nos colocar em contato com este mundo nem sempre amistoso. N\u00e3o sei ao certo onde encontramos for\u00e7as, mas algo nos leva \u00e0 conquista desta primeira vit\u00f3ria \u2013 dizem ent\u00e3o que fomos dados \u00e0 luz, e n\u00e3o \u00e9 por acaso. E dizem tamb\u00e9m que \u201calgu\u00e9m l\u00e1 em cima gosta da gente\u201d.<\/p>\n<p>Viver \u00e9 lutar contra tempestades, algumas anunciadas, outras imprevis\u00edveis. O mar social \u00e9 agitado. A pol\u00edtica n\u00e3o respeita nosso direito de desfrutar dos benef\u00edcios da vida em comunidade, a polis. A todo instante, a economia amea\u00e7a levar nossos escassos rendimentos. Isso para n\u00e3o falar do quanto insiste em anular nosso direito ao p\u00e3o de todos os dias. Sem seguran\u00e7a, sentimos que o barco amea\u00e7a afundar e ele n\u00e3o faz plebiscito ao tomar suas decis\u00f5es, sempre \u00e0 revelia.<\/p>\n<p>Quando as tempestades nos acordam para o que de fato d\u00e1 seguran\u00e7a, navegamos sem nos dar conta de termos o mar sob nossos p\u00e9s, qualquer que seja o estado em que se encontram suas \u00e1guas \u2013 calmaria ou turbul\u00eancia. \u00c0s vezes, ela parece adormecida, esquecida de n\u00f3s. Puro engano. Que o diga o escritor franc\u00eas E. Renan: \u201cNo fundo, sinto que minha vida \u00e9 sempre governada por uma f\u00e9 que n\u00e3o tenho mais. A f\u00e9 tem isto de particular: mesmo quando desaparece, continua a agir.\u201d<br \/>\nE o que \u00e9 a f\u00e9? Qual o seu papel em tudo isso? A f\u00e9 \u00e9 aquilo que nos permite relativizar as for\u00e7as de qualquer tempestade, calar seu desejo de ser absoluta diante do que realmente \u00e9 o Absoluto. <\/p>\n<p>Se tomarmos este caminho, j\u00e1 n\u00e3o temos por que temer. O que vir\u00e1 pela frente ser\u00e1 a vit\u00f3ria, conquistada antes mesmo de se chegar \u00e0 terra firme.  <\/p>\n<p>Rubens Marchioni \u2013 rumarchioni@yahoo.com.br<\/p>\n<div id=\"themify_builder_content-3997\" data-postid=\"3997\" class=\"themify_builder_content themify_builder_content-3997 themify_builder themify_builder_front\">\n\t<\/div>\n<!-- \/themify_builder_content -->","protected":false},"excerpt":{"rendered":"<p>Esperan\u00e7a e f\u00e9 \u201cCrer apenas naquilo que \u00e9 poss\u00edvel n\u00e3o \u00e9 f\u00e9, mas mera filosofia.\u201d \u2013 Th. Browne, escritor e m\u00e9dico ingl\u00eas \u2013 1605-1682 A vida \u00e9 feita de vida. E esta, \u00e9 feita tamb\u00e9m de tempestades. Sair do \u00fatero materno equivale a uma luta e ela \u00e9 apenas a primeira. Quando a bolsa se [&hellip;]<\/p>\n","protected":false},"author":5,"featured_media":0,"comment_status":"open","ping_status":"open","sticky":false,"template":"","format":"standard","meta":{"ngg_post_thumbnail":0,"footnotes":""},"categories":[9],"tags":[838,320,71,231,836,837],"yoast_head":"<!-- This site is optimized with the Yoast SEO plugin v23.5 - https:\/\/yoast.com\/wordpress\/plugins\/seo\/ -->\n<title>Esperan\u00e7a e f\u00e9 - O Arcanjo no ar<\/title>\n<meta name=\"robots\" content=\"index, follow, max-snippet:-1, max-image-preview:large, max-video-preview:-1\" \/>\n<link rel=\"canonical\" href=\"https:\/\/www.oarcanjo.net\/site\/esperanca-e-fe\/\" \/>\n<meta property=\"og:locale\" content=\"pt_BR\" \/>\n<meta property=\"og:type\" content=\"article\" \/>\n<meta property=\"og:title\" content=\"Esperan\u00e7a e f\u00e9 - O Arcanjo no ar\" \/>\n<meta property=\"og:description\" content=\"Esperan\u00e7a e f\u00e9 \u201cCrer apenas naquilo que \u00e9 poss\u00edvel n\u00e3o \u00e9 f\u00e9, mas mera filosofia.\u201d \u2013 Th. Browne, escritor e m\u00e9dico ingl\u00eas \u2013 1605-1682 A vida \u00e9 feita de vida. E esta, \u00e9 feita tamb\u00e9m de tempestades. Sair do \u00fatero materno equivale a uma luta e ela \u00e9 apenas a primeira. Quando a bolsa se [&hellip;]\" \/>\n<meta property=\"og:url\" content=\"https:\/\/www.oarcanjo.net\/site\/esperanca-e-fe\/\" \/>\n<meta property=\"og:site_name\" content=\"O Arcanjo no ar\" \/>\n<meta property=\"article:publisher\" content=\"https:\/\/www.facebook.com\/OArcanjoNoAr\/\" \/>\n<meta property=\"article:published_time\" content=\"2009-06-18T02:13:09+00:00\" \/>\n<meta property=\"og:image\" content=\"https:\/\/www.oarcanjo.net\/site\/wp-content\/uploads\/logo-o-arcanjo-no-ar-facebook.png\" \/>\n\t<meta property=\"og:image:width\" content=\"300\" \/>\n\t<meta property=\"og:image:height\" content=\"300\" \/>\n\t<meta property=\"og:image:type\" content=\"image\/png\" \/>\n<meta name=\"author\" content=\"editor\" \/>\n<meta name=\"twitter:card\" content=\"summary_large_image\" \/>\n<meta name=\"twitter:label1\" content=\"Escrito por\" \/>\n\t<meta name=\"twitter:data1\" content=\"editor\" \/>\n\t<meta name=\"twitter:label2\" content=\"Est. tempo de leitura\" \/>\n\t<meta name=\"twitter:data2\" content=\"2 minutos\" \/>\n<script type=\"application\/ld+json\" class=\"yoast-schema-graph\">{\"@context\":\"https:\/\/schema.org\",\"@graph\":[{\"@type\":\"Article\",\"@id\":\"https:\/\/www.oarcanjo.net\/site\/esperanca-e-fe\/#article\",\"isPartOf\":{\"@id\":\"https:\/\/www.oarcanjo.net\/site\/esperanca-e-fe\/\"},\"author\":{\"name\":\"editor\",\"@id\":\"https:\/\/www.oarcanjo.net\/site\/#\/schema\/person\/f7024d007863202483a31326673a0838\"},\"headline\":\"Esperan\u00e7a e f\u00e9\",\"datePublished\":\"2009-06-18T02:13:09+00:00\",\"dateModified\":\"2009-06-18T02:13:09+00:00\",\"mainEntityOfPage\":{\"@id\":\"https:\/\/www.oarcanjo.net\/site\/esperanca-e-fe\/\"},\"wordCount\":371,\"commentCount\":0,\"publisher\":{\"@id\":\"https:\/\/www.oarcanjo.net\/site\/#organization\"},\"keywords\":[\"Absoluto\",\"economia\",\"pol\u00edtica\",\"seguran\u00e7a\",\"Tempestade\",\"vit\u00f3ria\"],\"articleSection\":[\"Reflex\u00f5es\"],\"inLanguage\":\"pt-BR\",\"potentialAction\":[{\"@type\":\"CommentAction\",\"name\":\"Comment\",\"target\":[\"https:\/\/www.oarcanjo.net\/site\/esperanca-e-fe\/#respond\"]}]},{\"@type\":\"WebPage\",\"@id\":\"https:\/\/www.oarcanjo.net\/site\/esperanca-e-fe\/\",\"url\":\"https:\/\/www.oarcanjo.net\/site\/esperanca-e-fe\/\",\"name\":\"Esperan\u00e7a e f\u00e9 - O Arcanjo no ar\",\"isPartOf\":{\"@id\":\"https:\/\/www.oarcanjo.net\/site\/#website\"},\"datePublished\":\"2009-06-18T02:13:09+00:00\",\"dateModified\":\"2009-06-18T02:13:09+00:00\",\"breadcrumb\":{\"@id\":\"https:\/\/www.oarcanjo.net\/site\/esperanca-e-fe\/#breadcrumb\"},\"inLanguage\":\"pt-BR\",\"potentialAction\":[{\"@type\":\"ReadAction\",\"target\":[\"https:\/\/www.oarcanjo.net\/site\/esperanca-e-fe\/\"]}]},{\"@type\":\"BreadcrumbList\",\"@id\":\"https:\/\/www.oarcanjo.net\/site\/esperanca-e-fe\/#breadcrumb\",\"itemListElement\":[{\"@type\":\"ListItem\",\"position\":1,\"name\":\"In\u00edcio\",\"item\":\"https:\/\/www.oarcanjo.net\/site\/\"},{\"@type\":\"ListItem\",\"position\":2,\"name\":\"Esperan\u00e7a e f\u00e9\"}]},{\"@type\":\"WebSite\",\"@id\":\"https:\/\/www.oarcanjo.net\/site\/#website\",\"url\":\"https:\/\/www.oarcanjo.net\/site\/\",\"name\":\"O Arcanjo no ar\",\"description\":\"Site da Par\u00f3quia S\u00e3o Miguel Arcanjo (Arquidiocese de SP)\",\"publisher\":{\"@id\":\"https:\/\/www.oarcanjo.net\/site\/#organization\"},\"potentialAction\":[{\"@type\":\"SearchAction\",\"target\":{\"@type\":\"EntryPoint\",\"urlTemplate\":\"https:\/\/www.oarcanjo.net\/site\/?s={search_term_string}\"},\"query-input\":{\"@type\":\"PropertyValueSpecification\",\"valueRequired\":true,\"valueName\":\"search_term_string\"}}],\"inLanguage\":\"pt-BR\"},{\"@type\":\"Organization\",\"@id\":\"https:\/\/www.oarcanjo.net\/site\/#organization\",\"name\":\"Par\u00f3quia S\u00e3o Miguel Arcanjo\",\"url\":\"https:\/\/www.oarcanjo.net\/site\/\",\"logo\":{\"@type\":\"ImageObject\",\"inLanguage\":\"pt-BR\",\"@id\":\"https:\/\/www.oarcanjo.net\/site\/#\/schema\/logo\/image\/\",\"url\":\"https:\/\/www.oarcanjo.net\/site\/wp-content\/uploads\/LogoOArcanjo.png\",\"contentUrl\":\"https:\/\/www.oarcanjo.net\/site\/wp-content\/uploads\/LogoOArcanjo.png\",\"width\":319,\"height\":99,\"caption\":\"Par\u00f3quia S\u00e3o Miguel Arcanjo\"},\"image\":{\"@id\":\"https:\/\/www.oarcanjo.net\/site\/#\/schema\/logo\/image\/\"},\"sameAs\":[\"https:\/\/www.facebook.com\/OArcanjoNoAr\/\"]},{\"@type\":\"Person\",\"@id\":\"https:\/\/www.oarcanjo.net\/site\/#\/schema\/person\/f7024d007863202483a31326673a0838\",\"name\":\"editor\",\"sameAs\":[\"http:\/\/www.oarcanjo.net\"]}]}<\/script>\n<!-- \/ Yoast SEO plugin. -->","yoast_head_json":{"title":"Esperan\u00e7a e f\u00e9 - O Arcanjo no ar","robots":{"index":"index","follow":"follow","max-snippet":"max-snippet:-1","max-image-preview":"max-image-preview:large","max-video-preview":"max-video-preview:-1"},"canonical":"https:\/\/www.oarcanjo.net\/site\/esperanca-e-fe\/","og_locale":"pt_BR","og_type":"article","og_title":"Esperan\u00e7a e f\u00e9 - O Arcanjo no ar","og_description":"Esperan\u00e7a e f\u00e9 \u201cCrer apenas naquilo que \u00e9 poss\u00edvel n\u00e3o \u00e9 f\u00e9, mas mera filosofia.\u201d \u2013 Th. Browne, escritor e m\u00e9dico ingl\u00eas \u2013 1605-1682 A vida \u00e9 feita de vida. E esta, \u00e9 feita tamb\u00e9m de tempestades. Sair do \u00fatero materno equivale a uma luta e ela \u00e9 apenas a primeira. Quando a bolsa se [&hellip;]","og_url":"https:\/\/www.oarcanjo.net\/site\/esperanca-e-fe\/","og_site_name":"O Arcanjo no ar","article_publisher":"https:\/\/www.facebook.com\/OArcanjoNoAr\/","article_published_time":"2009-06-18T02:13:09+00:00","og_image":[{"width":300,"height":300,"url":"https:\/\/www.oarcanjo.net\/site\/wp-content\/uploads\/logo-o-arcanjo-no-ar-facebook.png","type":"image\/png"}],"author":"editor","twitter_card":"summary_large_image","twitter_misc":{"Escrito por":"editor","Est. tempo de leitura":"2 minutos"},"schema":{"@context":"https:\/\/schema.org","@graph":[{"@type":"Article","@id":"https:\/\/www.oarcanjo.net\/site\/esperanca-e-fe\/#article","isPartOf":{"@id":"https:\/\/www.oarcanjo.net\/site\/esperanca-e-fe\/"},"author":{"name":"editor","@id":"https:\/\/www.oarcanjo.net\/site\/#\/schema\/person\/f7024d007863202483a31326673a0838"},"headline":"Esperan\u00e7a e f\u00e9","datePublished":"2009-06-18T02:13:09+00:00","dateModified":"2009-06-18T02:13:09+00:00","mainEntityOfPage":{"@id":"https:\/\/www.oarcanjo.net\/site\/esperanca-e-fe\/"},"wordCount":371,"commentCount":0,"publisher":{"@id":"https:\/\/www.oarcanjo.net\/site\/#organization"},"keywords":["Absoluto","economia","pol\u00edtica","seguran\u00e7a","Tempestade","vit\u00f3ria"],"articleSection":["Reflex\u00f5es"],"inLanguage":"pt-BR","potentialAction":[{"@type":"CommentAction","name":"Comment","target":["https:\/\/www.oarcanjo.net\/site\/esperanca-e-fe\/#respond"]}]},{"@type":"WebPage","@id":"https:\/\/www.oarcanjo.net\/site\/esperanca-e-fe\/","url":"https:\/\/www.oarcanjo.net\/site\/esperanca-e-fe\/","name":"Esperan\u00e7a e f\u00e9 - O Arcanjo no ar","isPartOf":{"@id":"https:\/\/www.oarcanjo.net\/site\/#website"},"datePublished":"2009-06-18T02:13:09+00:00","dateModified":"2009-06-18T02:13:09+00:00","breadcrumb":{"@id":"https:\/\/www.oarcanjo.net\/site\/esperanca-e-fe\/#breadcrumb"},"inLanguage":"pt-BR","potentialAction":[{"@type":"ReadAction","target":["https:\/\/www.oarcanjo.net\/site\/esperanca-e-fe\/"]}]},{"@type":"BreadcrumbList","@id":"https:\/\/www.oarcanjo.net\/site\/esperanca-e-fe\/#breadcrumb","itemListElement":[{"@type":"ListItem","position":1,"name":"In\u00edcio","item":"https:\/\/www.oarcanjo.net\/site\/"},{"@type":"ListItem","position":2,"name":"Esperan\u00e7a e f\u00e9"}]},{"@type":"WebSite","@id":"https:\/\/www.oarcanjo.net\/site\/#website","url":"https:\/\/www.oarcanjo.net\/site\/","name":"O Arcanjo no ar","description":"Site da Par\u00f3quia S\u00e3o Miguel Arcanjo (Arquidiocese de SP)","publisher":{"@id":"https:\/\/www.oarcanjo.net\/site\/#organization"},"potentialAction":[{"@type":"SearchAction","target":{"@type":"EntryPoint","urlTemplate":"https:\/\/www.oarcanjo.net\/site\/?s={search_term_string}"},"query-input":{"@type":"PropertyValueSpecification","valueRequired":true,"valueName":"search_term_string"}}],"inLanguage":"pt-BR"},{"@type":"Organization","@id":"https:\/\/www.oarcanjo.net\/site\/#organization","name":"Par\u00f3quia S\u00e3o Miguel Arcanjo","url":"https:\/\/www.oarcanjo.net\/site\/","logo":{"@type":"ImageObject","inLanguage":"pt-BR","@id":"https:\/\/www.oarcanjo.net\/site\/#\/schema\/logo\/image\/","url":"https:\/\/www.oarcanjo.net\/site\/wp-content\/uploads\/LogoOArcanjo.png","contentUrl":"https:\/\/www.oarcanjo.net\/site\/wp-content\/uploads\/LogoOArcanjo.png","width":319,"height":99,"caption":"Par\u00f3quia S\u00e3o Miguel Arcanjo"},"image":{"@id":"https:\/\/www.oarcanjo.net\/site\/#\/schema\/logo\/image\/"},"sameAs":["https:\/\/www.facebook.com\/OArcanjoNoAr\/"]},{"@type":"Person","@id":"https:\/\/www.oarcanjo.net\/site\/#\/schema\/person\/f7024d007863202483a31326673a0838","name":"editor","sameAs":["http:\/\/www.oarcanjo.net"]}]}},"publishpress_future_action":{"enabled":false,"date":"2026-05-09 07:02:50","action":"category","newStatus":"draft","terms":[],"taxonomy":"category"},"publishpress_future_workflow_manual_trigger":{"enabledWorkflows":[]},"_links":{"self":[{"href":"https:\/\/www.oarcanjo.net\/site\/wp-json\/wp\/v2\/posts\/3997"}],"collection":[{"href":"https:\/\/www.oarcanjo.net\/site\/wp-json\/wp\/v2\/posts"}],"about":[{"href":"https:\/\/www.oarcanjo.net\/site\/wp-json\/wp\/v2\/types\/post"}],"author":[{"embeddable":true,"href":"https:\/\/www.oarcanjo.net\/site\/wp-json\/wp\/v2\/users\/5"}],"replies":[{"embeddable":true,"href":"https:\/\/www.oarcanjo.net\/site\/wp-json\/wp\/v2\/comments?post=3997"}],"version-history":[{"count":0,"href":"https:\/\/www.oarcanjo.net\/site\/wp-json\/wp\/v2\/posts\/3997\/revisions"}],"wp:attachment":[{"href":"https:\/\/www.oarcanjo.net\/site\/wp-json\/wp\/v2\/media?parent=3997"}],"wp:term":[{"taxonomy":"category","embeddable":true,"href":"https:\/\/www.oarcanjo.net\/site\/wp-json\/wp\/v2\/categories?post=3997"},{"taxonomy":"post_tag","embeddable":true,"href":"https:\/\/www.oarcanjo.net\/site\/wp-json\/wp\/v2\/tags?post=3997"}],"curies":[{"name":"wp","href":"https:\/\/api.w.org\/{rel}","templated":true}]}}