
{"id":4005,"date":"2009-06-18T12:05:00","date_gmt":"2009-06-18T15:05:00","guid":{"rendered":"http:\/\/www.oarcanjo.net\/site\/?p=4005"},"modified":"2009-06-18T12:05:00","modified_gmt":"2009-06-18T15:05:00","slug":"encerra-se-o-ano-paulino-abre-se-o-ano-sacerdotal","status":"publish","type":"post","link":"https:\/\/www.oarcanjo.net\/site\/encerra-se-o-ano-paulino-abre-se-o-ano-sacerdotal\/","title":{"rendered":"Encerra-se o Ano Paulino, abre-se o Ano Sacerdotal"},"content":{"rendered":"<p>Dom Jos\u00e9 Antonio Aparecido Tosi Marques <\/p>\n<p>ENCERRA-SE O ANO PAULINO &#8211; Para celebrar os 2000 anos do nascimento do Ap\u00f3stolo S\u00e3o Paulo, o Papa Bento XVI instituiu um especial ANO PAULINO, que se iniciou no dia 28 de junho, V\u00e9spera da Solenidade de S\u00e3o Pedro e S\u00e3o Paulo, e se estender\u00e1 at\u00e9 o dia 29 de junho de 2009.<\/p>\n<p>Esta celebra\u00e7\u00e3o quis ser a oportunidade para melhor conhecimento do grande ap\u00f3stolo mission\u00e1rio que estendeu com os demais ap\u00f3stolos a prega\u00e7\u00e3o do Evangelho at\u00e9 os confins da terra conhecida ent\u00e3o, nos in\u00edcios da Igreja. Paulo, mais que os outros, abra\u00e7ou a muitos povos, levando o an\u00fancio de Jesus Cristo, fazendo disc\u00edpulos e implantando a comunidade da Igreja.<\/p>\n<p>Viveu e testemunhou ele o ser \u201cdisc\u00edpulo e mission\u00e1rio de Jesus Cristo, para que nEle os povos tivessem vida e vida em abund\u00e2ncia\u201d (cf. tema da V Confer\u00eancia Episcopal Latino Americana e do Caribe em Aparecida \u2013 2007). Como ele mesmo disse de si: \u201cFiz-me fraco para os fracos, para ganhar os fracos. Fiz-me tudo para todos, para por todos os meios chegar a salvar alguns.\u201d (1Co 9,22)<\/p>\n<p>Esta celebra\u00e7\u00e3o, sem d\u00favida alguma, foi oportunidade para muito crescimento espiritual e mission\u00e1rio em nossa Igreja. Esperamos ainda se aprofunde e cres\u00e7a muito mais na qualidade e na quantidade dos disc\u00edpulos mission\u00e1rios de Cristo para que o imenso dom da salva\u00e7\u00e3o chegue a todos os confins da terra.<\/p>\n<p>ABRE-SE O ANO SACERDOTAL &#8211; \u201cNa solenidade do Sagrado Cora\u00e7\u00e3o de Jesus, dia de ora\u00e7\u00e3o pela santifica\u00e7\u00e3o do clero, por ocasi\u00e3o da abertura do Ano Sacerdotal, convocado por S. Santidade o Papa Bento XVI, n\u00f3s Bispos do Brasil, queremos manifestar nossa profunda gratid\u00e3o a todos os presb\u00edteros que diuturnamente se colocam a servi\u00e7o do Povo de Deus.<\/p>\n<p>N\u00e3o obstante as fragilidades, reconhecemos o grande dom de Deus na vida e no minist\u00e9rio dos presb\u00edteros do Brasil. Fazemos nossas as palavras do Cardeal Cl\u00e1udio Hummes no 12\u00ba Encontro Nacional de Presb\u00edteros: \u201cde modo geral, s\u00e3o homens dignos, bons, homens de Deus, admir\u00e1veis, generosos, honestos, incans\u00e1veis na doa\u00e7\u00e3o de todas as suas energias ao seu minist\u00e9rio, \u00e0 evangeliza\u00e7\u00e3o, em favor do povo especialmente a servi\u00e7o dos pobres e dos marginalizados, dos exclu\u00eddos e dos injusti\u00e7ados, dos desesperados e sofridos de todo tipo, deles nos orgulhamos, os veneramos e amamos realmente, com claro reconhecimento do trabalho pastoral que realizam\u201d.<\/p>\n<p>Neste Ano Sacerdotal, que se estende de 19 de junho de 2009 a 19 de junho de 2010, desejamos que seja dinamizada a Pastoral Presbiteral, a fim de que venha a ser verdadeiro instrumento de comunh\u00e3o entre os presb\u00edteros, auxiliando-os nas mais diversas circunst\u00e2ncias.<\/p>\n<p>O Ano Sacerdotal seja espa\u00e7o para intensificar e promover a santifica\u00e7\u00e3o dos sacerdotes e ajud\u00e1-los a perceberem cada vez mais a import\u00e2ncia do seu papel e de sua miss\u00e3o na Igreja e na sociedade contempor\u00e2nea.<\/p>\n<p>Ao celebrarmos os 150 anos da morte de S\u00e3o Jo\u00e3o Batista Maria Vianney, o Santo Cura D\u2019Ars, invocamos sua prote\u00e7\u00e3o e inspira\u00e7\u00e3o para a viv\u00eancia do tema do Ano Sacerdotal \u201cfidelidade de Cristo, fidelidade do sacerdote\u201d.<\/p>\n<div id=\"themify_builder_content-4005\" data-postid=\"4005\" class=\"themify_builder_content themify_builder_content-4005 themify_builder themify_builder_front\">\n\t<\/div>\n<!-- \/themify_builder_content -->","protected":false},"excerpt":{"rendered":"<p>Dom Jos\u00e9 Antonio Aparecido Tosi Marques ENCERRA-SE O ANO PAULINO &#8211; Para celebrar os 2000 anos do nascimento do Ap\u00f3stolo S\u00e3o Paulo, o Papa Bento XVI instituiu um especial ANO PAULINO, que se iniciou no dia 28 de junho, V\u00e9spera da Solenidade de S\u00e3o Pedro e S\u00e3o Paulo, e se estender\u00e1 at\u00e9 o dia 29 [&hellip;]<\/p>\n","protected":false},"author":5,"featured_media":0,"comment_status":"open","ping_status":"open","sticky":false,"template":"","format":"standard","meta":{"ngg_post_thumbnail":0,"footnotes":""},"categories":[9],"tags":[265,773,233,812,839,155],"yoast_head":"<!-- This site is optimized with the Yoast SEO plugin v23.5 - https:\/\/yoast.com\/wordpress\/plugins\/seo\/ -->\n<title>Encerra-se o Ano Paulino, abre-se o Ano Sacerdotal - O Arcanjo no ar<\/title>\n<meta name=\"robots\" content=\"index, follow, max-snippet:-1, max-image-preview:large, max-video-preview:-1\" \/>\n<link rel=\"canonical\" href=\"https:\/\/www.oarcanjo.net\/site\/encerra-se-o-ano-paulino-abre-se-o-ano-sacerdotal\/\" \/>\n<meta property=\"og:locale\" content=\"pt_BR\" \/>\n<meta property=\"og:type\" content=\"article\" \/>\n<meta property=\"og:title\" content=\"Encerra-se o Ano Paulino, abre-se o Ano Sacerdotal - O Arcanjo no ar\" \/>\n<meta property=\"og:description\" content=\"Dom Jos\u00e9 Antonio Aparecido Tosi Marques ENCERRA-SE O ANO PAULINO &#8211; Para celebrar os 2000 anos do nascimento do Ap\u00f3stolo S\u00e3o Paulo, o Papa Bento XVI instituiu um especial ANO PAULINO, que se iniciou no dia 28 de junho, V\u00e9spera da Solenidade de S\u00e3o Pedro e S\u00e3o Paulo, e se estender\u00e1 at\u00e9 o dia 29 [&hellip;]\" \/>\n<meta property=\"og:url\" content=\"https:\/\/www.oarcanjo.net\/site\/encerra-se-o-ano-paulino-abre-se-o-ano-sacerdotal\/\" \/>\n<meta property=\"og:site_name\" content=\"O Arcanjo no ar\" \/>\n<meta property=\"article:publisher\" content=\"https:\/\/www.facebook.com\/OArcanjoNoAr\/\" \/>\n<meta property=\"article:published_time\" content=\"2009-06-18T15:05:00+00:00\" \/>\n<meta property=\"og:image\" content=\"https:\/\/www.oarcanjo.net\/site\/wp-content\/uploads\/logo-o-arcanjo-no-ar-facebook.png\" \/>\n\t<meta property=\"og:image:width\" content=\"300\" \/>\n\t<meta property=\"og:image:height\" content=\"300\" \/>\n\t<meta property=\"og:image:type\" content=\"image\/png\" \/>\n<meta name=\"author\" content=\"editor\" \/>\n<meta name=\"twitter:card\" content=\"summary_large_image\" \/>\n<meta name=\"twitter:label1\" content=\"Escrito por\" \/>\n\t<meta name=\"twitter:data1\" content=\"editor\" \/>\n\t<meta name=\"twitter:label2\" content=\"Est. tempo de leitura\" \/>\n\t<meta name=\"twitter:data2\" content=\"3 minutos\" \/>\n<script type=\"application\/ld+json\" class=\"yoast-schema-graph\">{\"@context\":\"https:\/\/schema.org\",\"@graph\":[{\"@type\":\"Article\",\"@id\":\"https:\/\/www.oarcanjo.net\/site\/encerra-se-o-ano-paulino-abre-se-o-ano-sacerdotal\/#article\",\"isPartOf\":{\"@id\":\"https:\/\/www.oarcanjo.net\/site\/encerra-se-o-ano-paulino-abre-se-o-ano-sacerdotal\/\"},\"author\":{\"name\":\"editor\",\"@id\":\"https:\/\/www.oarcanjo.net\/site\/#\/schema\/person\/f7024d007863202483a31326673a0838\"},\"headline\":\"Encerra-se o Ano Paulino, abre-se o Ano Sacerdotal\",\"datePublished\":\"2009-06-18T15:05:00+00:00\",\"dateModified\":\"2009-06-18T15:05:00+00:00\",\"mainEntityOfPage\":{\"@id\":\"https:\/\/www.oarcanjo.net\/site\/encerra-se-o-ano-paulino-abre-se-o-ano-sacerdotal\/\"},\"wordCount\":560,\"commentCount\":0,\"publisher\":{\"@id\":\"https:\/\/www.oarcanjo.net\/site\/#organization\"},\"keywords\":[\"ano paulino\",\"Ano Sacerdotal\",\"Sagrado Cora\u00e7\u00e3o de Jesus\",\"Santo Cura d'Ars\",\"S\u00e3o Jo\u00e3o Batista Maria Vianney\",\"S\u00e3o Paulo Ap\u00f3stolo\"],\"articleSection\":[\"Reflex\u00f5es\"],\"inLanguage\":\"pt-BR\",\"potentialAction\":[{\"@type\":\"CommentAction\",\"name\":\"Comment\",\"target\":[\"https:\/\/www.oarcanjo.net\/site\/encerra-se-o-ano-paulino-abre-se-o-ano-sacerdotal\/#respond\"]}]},{\"@type\":\"WebPage\",\"@id\":\"https:\/\/www.oarcanjo.net\/site\/encerra-se-o-ano-paulino-abre-se-o-ano-sacerdotal\/\",\"url\":\"https:\/\/www.oarcanjo.net\/site\/encerra-se-o-ano-paulino-abre-se-o-ano-sacerdotal\/\",\"name\":\"Encerra-se o Ano Paulino, abre-se o Ano Sacerdotal - O Arcanjo no ar\",\"isPartOf\":{\"@id\":\"https:\/\/www.oarcanjo.net\/site\/#website\"},\"datePublished\":\"2009-06-18T15:05:00+00:00\",\"dateModified\":\"2009-06-18T15:05:00+00:00\",\"breadcrumb\":{\"@id\":\"https:\/\/www.oarcanjo.net\/site\/encerra-se-o-ano-paulino-abre-se-o-ano-sacerdotal\/#breadcrumb\"},\"inLanguage\":\"pt-BR\",\"potentialAction\":[{\"@type\":\"ReadAction\",\"target\":[\"https:\/\/www.oarcanjo.net\/site\/encerra-se-o-ano-paulino-abre-se-o-ano-sacerdotal\/\"]}]},{\"@type\":\"BreadcrumbList\",\"@id\":\"https:\/\/www.oarcanjo.net\/site\/encerra-se-o-ano-paulino-abre-se-o-ano-sacerdotal\/#breadcrumb\",\"itemListElement\":[{\"@type\":\"ListItem\",\"position\":1,\"name\":\"In\u00edcio\",\"item\":\"https:\/\/www.oarcanjo.net\/site\/\"},{\"@type\":\"ListItem\",\"position\":2,\"name\":\"Encerra-se o Ano Paulino, abre-se o Ano Sacerdotal\"}]},{\"@type\":\"WebSite\",\"@id\":\"https:\/\/www.oarcanjo.net\/site\/#website\",\"url\":\"https:\/\/www.oarcanjo.net\/site\/\",\"name\":\"O Arcanjo no ar\",\"description\":\"Site da Par\u00f3quia S\u00e3o Miguel Arcanjo (Arquidiocese de SP)\",\"publisher\":{\"@id\":\"https:\/\/www.oarcanjo.net\/site\/#organization\"},\"potentialAction\":[{\"@type\":\"SearchAction\",\"target\":{\"@type\":\"EntryPoint\",\"urlTemplate\":\"https:\/\/www.oarcanjo.net\/site\/?s={search_term_string}\"},\"query-input\":{\"@type\":\"PropertyValueSpecification\",\"valueRequired\":true,\"valueName\":\"search_term_string\"}}],\"inLanguage\":\"pt-BR\"},{\"@type\":\"Organization\",\"@id\":\"https:\/\/www.oarcanjo.net\/site\/#organization\",\"name\":\"Par\u00f3quia S\u00e3o Miguel Arcanjo\",\"url\":\"https:\/\/www.oarcanjo.net\/site\/\",\"logo\":{\"@type\":\"ImageObject\",\"inLanguage\":\"pt-BR\",\"@id\":\"https:\/\/www.oarcanjo.net\/site\/#\/schema\/logo\/image\/\",\"url\":\"https:\/\/www.oarcanjo.net\/site\/wp-content\/uploads\/LogoOArcanjo.png\",\"contentUrl\":\"https:\/\/www.oarcanjo.net\/site\/wp-content\/uploads\/LogoOArcanjo.png\",\"width\":319,\"height\":99,\"caption\":\"Par\u00f3quia S\u00e3o Miguel Arcanjo\"},\"image\":{\"@id\":\"https:\/\/www.oarcanjo.net\/site\/#\/schema\/logo\/image\/\"},\"sameAs\":[\"https:\/\/www.facebook.com\/OArcanjoNoAr\/\"]},{\"@type\":\"Person\",\"@id\":\"https:\/\/www.oarcanjo.net\/site\/#\/schema\/person\/f7024d007863202483a31326673a0838\",\"name\":\"editor\",\"sameAs\":[\"http:\/\/www.oarcanjo.net\"]}]}<\/script>\n<!-- \/ Yoast SEO plugin. -->","yoast_head_json":{"title":"Encerra-se o Ano Paulino, abre-se o Ano Sacerdotal - O Arcanjo no ar","robots":{"index":"index","follow":"follow","max-snippet":"max-snippet:-1","max-image-preview":"max-image-preview:large","max-video-preview":"max-video-preview:-1"},"canonical":"https:\/\/www.oarcanjo.net\/site\/encerra-se-o-ano-paulino-abre-se-o-ano-sacerdotal\/","og_locale":"pt_BR","og_type":"article","og_title":"Encerra-se o Ano Paulino, abre-se o Ano Sacerdotal - O Arcanjo no ar","og_description":"Dom Jos\u00e9 Antonio Aparecido Tosi Marques ENCERRA-SE O ANO PAULINO &#8211; Para celebrar os 2000 anos do nascimento do Ap\u00f3stolo S\u00e3o Paulo, o Papa Bento XVI instituiu um especial ANO PAULINO, que se iniciou no dia 28 de junho, V\u00e9spera da Solenidade de S\u00e3o Pedro e S\u00e3o Paulo, e se estender\u00e1 at\u00e9 o dia 29 [&hellip;]","og_url":"https:\/\/www.oarcanjo.net\/site\/encerra-se-o-ano-paulino-abre-se-o-ano-sacerdotal\/","og_site_name":"O Arcanjo no ar","article_publisher":"https:\/\/www.facebook.com\/OArcanjoNoAr\/","article_published_time":"2009-06-18T15:05:00+00:00","og_image":[{"width":300,"height":300,"url":"https:\/\/www.oarcanjo.net\/site\/wp-content\/uploads\/logo-o-arcanjo-no-ar-facebook.png","type":"image\/png"}],"author":"editor","twitter_card":"summary_large_image","twitter_misc":{"Escrito por":"editor","Est. tempo de leitura":"3 minutos"},"schema":{"@context":"https:\/\/schema.org","@graph":[{"@type":"Article","@id":"https:\/\/www.oarcanjo.net\/site\/encerra-se-o-ano-paulino-abre-se-o-ano-sacerdotal\/#article","isPartOf":{"@id":"https:\/\/www.oarcanjo.net\/site\/encerra-se-o-ano-paulino-abre-se-o-ano-sacerdotal\/"},"author":{"name":"editor","@id":"https:\/\/www.oarcanjo.net\/site\/#\/schema\/person\/f7024d007863202483a31326673a0838"},"headline":"Encerra-se o Ano Paulino, abre-se o Ano Sacerdotal","datePublished":"2009-06-18T15:05:00+00:00","dateModified":"2009-06-18T15:05:00+00:00","mainEntityOfPage":{"@id":"https:\/\/www.oarcanjo.net\/site\/encerra-se-o-ano-paulino-abre-se-o-ano-sacerdotal\/"},"wordCount":560,"commentCount":0,"publisher":{"@id":"https:\/\/www.oarcanjo.net\/site\/#organization"},"keywords":["ano paulino","Ano Sacerdotal","Sagrado Cora\u00e7\u00e3o de Jesus","Santo Cura d'Ars","S\u00e3o Jo\u00e3o Batista Maria Vianney","S\u00e3o Paulo Ap\u00f3stolo"],"articleSection":["Reflex\u00f5es"],"inLanguage":"pt-BR","potentialAction":[{"@type":"CommentAction","name":"Comment","target":["https:\/\/www.oarcanjo.net\/site\/encerra-se-o-ano-paulino-abre-se-o-ano-sacerdotal\/#respond"]}]},{"@type":"WebPage","@id":"https:\/\/www.oarcanjo.net\/site\/encerra-se-o-ano-paulino-abre-se-o-ano-sacerdotal\/","url":"https:\/\/www.oarcanjo.net\/site\/encerra-se-o-ano-paulino-abre-se-o-ano-sacerdotal\/","name":"Encerra-se o Ano Paulino, abre-se o Ano Sacerdotal - O Arcanjo no ar","isPartOf":{"@id":"https:\/\/www.oarcanjo.net\/site\/#website"},"datePublished":"2009-06-18T15:05:00+00:00","dateModified":"2009-06-18T15:05:00+00:00","breadcrumb":{"@id":"https:\/\/www.oarcanjo.net\/site\/encerra-se-o-ano-paulino-abre-se-o-ano-sacerdotal\/#breadcrumb"},"inLanguage":"pt-BR","potentialAction":[{"@type":"ReadAction","target":["https:\/\/www.oarcanjo.net\/site\/encerra-se-o-ano-paulino-abre-se-o-ano-sacerdotal\/"]}]},{"@type":"BreadcrumbList","@id":"https:\/\/www.oarcanjo.net\/site\/encerra-se-o-ano-paulino-abre-se-o-ano-sacerdotal\/#breadcrumb","itemListElement":[{"@type":"ListItem","position":1,"name":"In\u00edcio","item":"https:\/\/www.oarcanjo.net\/site\/"},{"@type":"ListItem","position":2,"name":"Encerra-se o Ano Paulino, abre-se o Ano Sacerdotal"}]},{"@type":"WebSite","@id":"https:\/\/www.oarcanjo.net\/site\/#website","url":"https:\/\/www.oarcanjo.net\/site\/","name":"O Arcanjo no ar","description":"Site da Par\u00f3quia S\u00e3o Miguel Arcanjo (Arquidiocese de SP)","publisher":{"@id":"https:\/\/www.oarcanjo.net\/site\/#organization"},"potentialAction":[{"@type":"SearchAction","target":{"@type":"EntryPoint","urlTemplate":"https:\/\/www.oarcanjo.net\/site\/?s={search_term_string}"},"query-input":{"@type":"PropertyValueSpecification","valueRequired":true,"valueName":"search_term_string"}}],"inLanguage":"pt-BR"},{"@type":"Organization","@id":"https:\/\/www.oarcanjo.net\/site\/#organization","name":"Par\u00f3quia S\u00e3o Miguel Arcanjo","url":"https:\/\/www.oarcanjo.net\/site\/","logo":{"@type":"ImageObject","inLanguage":"pt-BR","@id":"https:\/\/www.oarcanjo.net\/site\/#\/schema\/logo\/image\/","url":"https:\/\/www.oarcanjo.net\/site\/wp-content\/uploads\/LogoOArcanjo.png","contentUrl":"https:\/\/www.oarcanjo.net\/site\/wp-content\/uploads\/LogoOArcanjo.png","width":319,"height":99,"caption":"Par\u00f3quia S\u00e3o Miguel Arcanjo"},"image":{"@id":"https:\/\/www.oarcanjo.net\/site\/#\/schema\/logo\/image\/"},"sameAs":["https:\/\/www.facebook.com\/OArcanjoNoAr\/"]},{"@type":"Person","@id":"https:\/\/www.oarcanjo.net\/site\/#\/schema\/person\/f7024d007863202483a31326673a0838","name":"editor","sameAs":["http:\/\/www.oarcanjo.net"]}]}},"publishpress_future_action":{"enabled":false,"date":"2026-05-09 08:42:01","action":"category","newStatus":"draft","terms":[],"taxonomy":"category"},"publishpress_future_workflow_manual_trigger":{"enabledWorkflows":[]},"_links":{"self":[{"href":"https:\/\/www.oarcanjo.net\/site\/wp-json\/wp\/v2\/posts\/4005"}],"collection":[{"href":"https:\/\/www.oarcanjo.net\/site\/wp-json\/wp\/v2\/posts"}],"about":[{"href":"https:\/\/www.oarcanjo.net\/site\/wp-json\/wp\/v2\/types\/post"}],"author":[{"embeddable":true,"href":"https:\/\/www.oarcanjo.net\/site\/wp-json\/wp\/v2\/users\/5"}],"replies":[{"embeddable":true,"href":"https:\/\/www.oarcanjo.net\/site\/wp-json\/wp\/v2\/comments?post=4005"}],"version-history":[{"count":0,"href":"https:\/\/www.oarcanjo.net\/site\/wp-json\/wp\/v2\/posts\/4005\/revisions"}],"wp:attachment":[{"href":"https:\/\/www.oarcanjo.net\/site\/wp-json\/wp\/v2\/media?parent=4005"}],"wp:term":[{"taxonomy":"category","embeddable":true,"href":"https:\/\/www.oarcanjo.net\/site\/wp-json\/wp\/v2\/categories?post=4005"},{"taxonomy":"post_tag","embeddable":true,"href":"https:\/\/www.oarcanjo.net\/site\/wp-json\/wp\/v2\/tags?post=4005"}],"curies":[{"name":"wp","href":"https:\/\/api.w.org\/{rel}","templated":true}]}}