
{"id":4007,"date":"2009-06-18T19:11:19","date_gmt":"2009-06-18T22:11:19","guid":{"rendered":"http:\/\/www.oarcanjo.net\/site\/?p=4007"},"modified":"2009-06-18T19:11:19","modified_gmt":"2009-06-18T22:11:19","slug":"carta-da-cnbb-aos-presbiteros-do-brasil","status":"publish","type":"post","link":"https:\/\/www.oarcanjo.net\/site\/carta-da-cnbb-aos-presbiteros-do-brasil\/","title":{"rendered":"Carta da CNBB aos presb\u00edteros do Brasil"},"content":{"rendered":"<p>Amados presb\u00edteros do Brasil,<\/p>\n<p>\u201cDou gra\u00e7as ao meu Deus, cada vez que me lembro de v\u00f3s nas minhas ora\u00e7\u00f5es por cada um de v\u00f3s. \u00c9 com alegria que fa\u00e7o minha ora\u00e7\u00e3o, por causa da vossa comunh\u00e3o no an\u00fancio do evangelho&#8230;\u201d (Fl 1,3-5a).<\/p>\n<p>Na solenidade do Sagrado Cora\u00e7\u00e3o de Jesus, dia de ora\u00e7\u00e3o pela santifica\u00e7\u00e3o do clero, por ocasi\u00e3o da abertura do Ano Sacerdotal, convocado por S. Santidade o Papa Bento XVI,  n\u00f3s Bispos do Brasil, queremos manifestar nossa profunda gratid\u00e3o a todos os presb\u00edteros que diuturnamente se colocam a servi\u00e7o do Povo de Deus.<\/p>\n<p>N\u00e3o obstante as fragilidades, reconhecemos o grande dom de Deus na vida e no minist\u00e9rio dos presb\u00edteros do Brasil. Fazemos nossas as palavras do Cardeal Cl\u00e1udio Hummes no 12\u00ba Encontro Nacional de Presb\u00edteros: \u201cde modo geral, s\u00e3o homens dignos, bons, homens de Deus, admir\u00e1veis, generosos, honestos, incans\u00e1veis na doa\u00e7\u00e3o de todas as suas energias ao seu minist\u00e9rio, \u00e0 evangeliza\u00e7\u00e3o, em favor do povo especialmente a servi\u00e7o dos pobres e dos marginalizados, dos exclu\u00eddos e dos injusti\u00e7ados, dos desesperados e sofridos de todo tipo, deles nos orgulhamos, os veneramos e amamos realmente, com claro reconhecimento do trabalho pastoral que realizam\u201d.<\/p>\n<p>Neste Ano Sacerdotal, que se estende de 19 de junho de 2009 a 19 de junho de 2010, desejamos que seja dinamizada a Pastoral Presbiteral, a fim de que venha a ser verdadeiro instrumento de comunh\u00e3o entre os presb\u00edteros, auxiliando-os nas mais diversas circunst\u00e2ncias. Para tal sugerimos as indica\u00e7\u00f5es, divulgadas pela CNBB, para o Ano Sacerdotal.<\/p>\n<p>O Ano Sacerdotal seja espa\u00e7o para intensificar e promover a santifica\u00e7\u00e3o dos sacerdotes e ajud\u00e1-los a perceberem cada vez mais a import\u00e2ncia do seu papel e de sua miss\u00e3o na Igreja e na sociedade contempor\u00e2nea.<\/p>\n<p>Ao celebrarmos os 150 anos da morte de S\u00e3o Jo\u00e3o Batista Maria Vianney, o Santo Cura D\u2019Ars, invocamos sua prote\u00e7\u00e3o e inspira\u00e7\u00e3o para a viv\u00eancia do tema do Ano Sacerdotal \u201cfidelidade de Cristo, fidelidade do sacerdote\u201d.<\/p>\n<p>Dom Geraldo Lyrio Rocha<br \/>\nArcebispo de Mariana<br \/>\nPresidente da CNBB<\/p>\n<p>Dom Luiz Soares Vieira<br \/>\nArcebispo de Manaus<br \/>\nVice-Presidente da CNBB<\/p>\n<p>Dom Dimas Lara Barbosa<br \/>\nBispo Auxiliar do Rio de Janeiro<br \/>\nSecret\u00e1rio Geral da CNBB<\/p>\n<div id=\"themify_builder_content-4007\" data-postid=\"4007\" class=\"themify_builder_content themify_builder_content-4007 themify_builder themify_builder_front\">\n\t<\/div>\n<!-- \/themify_builder_content -->","protected":false},"excerpt":{"rendered":"<p>Amados presb\u00edteros do Brasil, \u201cDou gra\u00e7as ao meu Deus, cada vez que me lembro de v\u00f3s nas minhas ora\u00e7\u00f5es por cada um de v\u00f3s. \u00c9 com alegria que fa\u00e7o minha ora\u00e7\u00e3o, por causa da vossa comunh\u00e3o no an\u00fancio do evangelho&#8230;\u201d (Fl 1,3-5a). Na solenidade do Sagrado Cora\u00e7\u00e3o de Jesus, dia de ora\u00e7\u00e3o pela santifica\u00e7\u00e3o do [&hellip;]<\/p>\n","protected":false},"author":5,"featured_media":0,"comment_status":"open","ping_status":"open","sticky":false,"template":"","format":"standard","meta":{"ngg_post_thumbnail":0,"footnotes":""},"categories":[8],"tags":[773,63,840,233],"yoast_head":"<!-- This site is optimized with the Yoast SEO plugin v23.5 - https:\/\/yoast.com\/wordpress\/plugins\/seo\/ -->\n<title>Carta da CNBB aos presb\u00edteros do Brasil - O Arcanjo no ar<\/title>\n<meta name=\"robots\" content=\"index, follow, max-snippet:-1, max-image-preview:large, max-video-preview:-1\" \/>\n<link rel=\"canonical\" href=\"https:\/\/www.oarcanjo.net\/site\/carta-da-cnbb-aos-presbiteros-do-brasil\/\" \/>\n<meta property=\"og:locale\" content=\"pt_BR\" \/>\n<meta property=\"og:type\" content=\"article\" \/>\n<meta property=\"og:title\" content=\"Carta da CNBB aos presb\u00edteros do Brasil - O Arcanjo no ar\" \/>\n<meta property=\"og:description\" content=\"Amados presb\u00edteros do Brasil, \u201cDou gra\u00e7as ao meu Deus, cada vez que me lembro de v\u00f3s nas minhas ora\u00e7\u00f5es por cada um de v\u00f3s. \u00c9 com alegria que fa\u00e7o minha ora\u00e7\u00e3o, por causa da vossa comunh\u00e3o no an\u00fancio do evangelho&#8230;\u201d (Fl 1,3-5a). Na solenidade do Sagrado Cora\u00e7\u00e3o de Jesus, dia de ora\u00e7\u00e3o pela santifica\u00e7\u00e3o do [&hellip;]\" \/>\n<meta property=\"og:url\" content=\"https:\/\/www.oarcanjo.net\/site\/carta-da-cnbb-aos-presbiteros-do-brasil\/\" \/>\n<meta property=\"og:site_name\" content=\"O Arcanjo no ar\" \/>\n<meta property=\"article:publisher\" content=\"https:\/\/www.facebook.com\/OArcanjoNoAr\/\" \/>\n<meta property=\"article:published_time\" content=\"2009-06-18T22:11:19+00:00\" \/>\n<meta property=\"og:image\" content=\"https:\/\/www.oarcanjo.net\/site\/wp-content\/uploads\/logo-o-arcanjo-no-ar-facebook.png\" \/>\n\t<meta property=\"og:image:width\" content=\"300\" \/>\n\t<meta property=\"og:image:height\" content=\"300\" \/>\n\t<meta property=\"og:image:type\" content=\"image\/png\" \/>\n<meta name=\"author\" content=\"editor\" \/>\n<meta name=\"twitter:card\" content=\"summary_large_image\" \/>\n<meta name=\"twitter:label1\" content=\"Escrito por\" \/>\n\t<meta name=\"twitter:data1\" content=\"editor\" \/>\n\t<meta name=\"twitter:label2\" content=\"Est. tempo de leitura\" \/>\n\t<meta name=\"twitter:data2\" content=\"2 minutos\" \/>\n<script type=\"application\/ld+json\" class=\"yoast-schema-graph\">{\"@context\":\"https:\/\/schema.org\",\"@graph\":[{\"@type\":\"Article\",\"@id\":\"https:\/\/www.oarcanjo.net\/site\/carta-da-cnbb-aos-presbiteros-do-brasil\/#article\",\"isPartOf\":{\"@id\":\"https:\/\/www.oarcanjo.net\/site\/carta-da-cnbb-aos-presbiteros-do-brasil\/\"},\"author\":{\"name\":\"editor\",\"@id\":\"https:\/\/www.oarcanjo.net\/site\/#\/schema\/person\/f7024d007863202483a31326673a0838\"},\"headline\":\"Carta da CNBB aos presb\u00edteros do Brasil\",\"datePublished\":\"2009-06-18T22:11:19+00:00\",\"dateModified\":\"2009-06-18T22:11:19+00:00\",\"mainEntityOfPage\":{\"@id\":\"https:\/\/www.oarcanjo.net\/site\/carta-da-cnbb-aos-presbiteros-do-brasil\/\"},\"wordCount\":403,\"commentCount\":2,\"publisher\":{\"@id\":\"https:\/\/www.oarcanjo.net\/site\/#organization\"},\"keywords\":[\"Ano Sacerdotal\",\"CNBB\",\"presb\u00edteros\",\"Sagrado Cora\u00e7\u00e3o de Jesus\"],\"articleSection\":[\"Not\u00edcias\"],\"inLanguage\":\"pt-BR\",\"potentialAction\":[{\"@type\":\"CommentAction\",\"name\":\"Comment\",\"target\":[\"https:\/\/www.oarcanjo.net\/site\/carta-da-cnbb-aos-presbiteros-do-brasil\/#respond\"]}]},{\"@type\":\"WebPage\",\"@id\":\"https:\/\/www.oarcanjo.net\/site\/carta-da-cnbb-aos-presbiteros-do-brasil\/\",\"url\":\"https:\/\/www.oarcanjo.net\/site\/carta-da-cnbb-aos-presbiteros-do-brasil\/\",\"name\":\"Carta da CNBB aos presb\u00edteros do Brasil - O Arcanjo no ar\",\"isPartOf\":{\"@id\":\"https:\/\/www.oarcanjo.net\/site\/#website\"},\"datePublished\":\"2009-06-18T22:11:19+00:00\",\"dateModified\":\"2009-06-18T22:11:19+00:00\",\"breadcrumb\":{\"@id\":\"https:\/\/www.oarcanjo.net\/site\/carta-da-cnbb-aos-presbiteros-do-brasil\/#breadcrumb\"},\"inLanguage\":\"pt-BR\",\"potentialAction\":[{\"@type\":\"ReadAction\",\"target\":[\"https:\/\/www.oarcanjo.net\/site\/carta-da-cnbb-aos-presbiteros-do-brasil\/\"]}]},{\"@type\":\"BreadcrumbList\",\"@id\":\"https:\/\/www.oarcanjo.net\/site\/carta-da-cnbb-aos-presbiteros-do-brasil\/#breadcrumb\",\"itemListElement\":[{\"@type\":\"ListItem\",\"position\":1,\"name\":\"In\u00edcio\",\"item\":\"https:\/\/www.oarcanjo.net\/site\/\"},{\"@type\":\"ListItem\",\"position\":2,\"name\":\"Carta da CNBB aos presb\u00edteros do Brasil\"}]},{\"@type\":\"WebSite\",\"@id\":\"https:\/\/www.oarcanjo.net\/site\/#website\",\"url\":\"https:\/\/www.oarcanjo.net\/site\/\",\"name\":\"O Arcanjo no ar\",\"description\":\"Site da Par\u00f3quia S\u00e3o Miguel Arcanjo (Arquidiocese de SP)\",\"publisher\":{\"@id\":\"https:\/\/www.oarcanjo.net\/site\/#organization\"},\"potentialAction\":[{\"@type\":\"SearchAction\",\"target\":{\"@type\":\"EntryPoint\",\"urlTemplate\":\"https:\/\/www.oarcanjo.net\/site\/?s={search_term_string}\"},\"query-input\":{\"@type\":\"PropertyValueSpecification\",\"valueRequired\":true,\"valueName\":\"search_term_string\"}}],\"inLanguage\":\"pt-BR\"},{\"@type\":\"Organization\",\"@id\":\"https:\/\/www.oarcanjo.net\/site\/#organization\",\"name\":\"Par\u00f3quia S\u00e3o Miguel Arcanjo\",\"url\":\"https:\/\/www.oarcanjo.net\/site\/\",\"logo\":{\"@type\":\"ImageObject\",\"inLanguage\":\"pt-BR\",\"@id\":\"https:\/\/www.oarcanjo.net\/site\/#\/schema\/logo\/image\/\",\"url\":\"https:\/\/www.oarcanjo.net\/site\/wp-content\/uploads\/LogoOArcanjo.png\",\"contentUrl\":\"https:\/\/www.oarcanjo.net\/site\/wp-content\/uploads\/LogoOArcanjo.png\",\"width\":319,\"height\":99,\"caption\":\"Par\u00f3quia S\u00e3o Miguel Arcanjo\"},\"image\":{\"@id\":\"https:\/\/www.oarcanjo.net\/site\/#\/schema\/logo\/image\/\"},\"sameAs\":[\"https:\/\/www.facebook.com\/OArcanjoNoAr\/\"]},{\"@type\":\"Person\",\"@id\":\"https:\/\/www.oarcanjo.net\/site\/#\/schema\/person\/f7024d007863202483a31326673a0838\",\"name\":\"editor\",\"sameAs\":[\"http:\/\/www.oarcanjo.net\"]}]}<\/script>\n<!-- \/ Yoast SEO plugin. -->","yoast_head_json":{"title":"Carta da CNBB aos presb\u00edteros do Brasil - O Arcanjo no ar","robots":{"index":"index","follow":"follow","max-snippet":"max-snippet:-1","max-image-preview":"max-image-preview:large","max-video-preview":"max-video-preview:-1"},"canonical":"https:\/\/www.oarcanjo.net\/site\/carta-da-cnbb-aos-presbiteros-do-brasil\/","og_locale":"pt_BR","og_type":"article","og_title":"Carta da CNBB aos presb\u00edteros do Brasil - O Arcanjo no ar","og_description":"Amados presb\u00edteros do Brasil, \u201cDou gra\u00e7as ao meu Deus, cada vez que me lembro de v\u00f3s nas minhas ora\u00e7\u00f5es por cada um de v\u00f3s. \u00c9 com alegria que fa\u00e7o minha ora\u00e7\u00e3o, por causa da vossa comunh\u00e3o no an\u00fancio do evangelho&#8230;\u201d (Fl 1,3-5a). Na solenidade do Sagrado Cora\u00e7\u00e3o de Jesus, dia de ora\u00e7\u00e3o pela santifica\u00e7\u00e3o do [&hellip;]","og_url":"https:\/\/www.oarcanjo.net\/site\/carta-da-cnbb-aos-presbiteros-do-brasil\/","og_site_name":"O Arcanjo no ar","article_publisher":"https:\/\/www.facebook.com\/OArcanjoNoAr\/","article_published_time":"2009-06-18T22:11:19+00:00","og_image":[{"width":300,"height":300,"url":"https:\/\/www.oarcanjo.net\/site\/wp-content\/uploads\/logo-o-arcanjo-no-ar-facebook.png","type":"image\/png"}],"author":"editor","twitter_card":"summary_large_image","twitter_misc":{"Escrito por":"editor","Est. tempo de leitura":"2 minutos"},"schema":{"@context":"https:\/\/schema.org","@graph":[{"@type":"Article","@id":"https:\/\/www.oarcanjo.net\/site\/carta-da-cnbb-aos-presbiteros-do-brasil\/#article","isPartOf":{"@id":"https:\/\/www.oarcanjo.net\/site\/carta-da-cnbb-aos-presbiteros-do-brasil\/"},"author":{"name":"editor","@id":"https:\/\/www.oarcanjo.net\/site\/#\/schema\/person\/f7024d007863202483a31326673a0838"},"headline":"Carta da CNBB aos presb\u00edteros do Brasil","datePublished":"2009-06-18T22:11:19+00:00","dateModified":"2009-06-18T22:11:19+00:00","mainEntityOfPage":{"@id":"https:\/\/www.oarcanjo.net\/site\/carta-da-cnbb-aos-presbiteros-do-brasil\/"},"wordCount":403,"commentCount":2,"publisher":{"@id":"https:\/\/www.oarcanjo.net\/site\/#organization"},"keywords":["Ano Sacerdotal","CNBB","presb\u00edteros","Sagrado Cora\u00e7\u00e3o de Jesus"],"articleSection":["Not\u00edcias"],"inLanguage":"pt-BR","potentialAction":[{"@type":"CommentAction","name":"Comment","target":["https:\/\/www.oarcanjo.net\/site\/carta-da-cnbb-aos-presbiteros-do-brasil\/#respond"]}]},{"@type":"WebPage","@id":"https:\/\/www.oarcanjo.net\/site\/carta-da-cnbb-aos-presbiteros-do-brasil\/","url":"https:\/\/www.oarcanjo.net\/site\/carta-da-cnbb-aos-presbiteros-do-brasil\/","name":"Carta da CNBB aos presb\u00edteros do Brasil - O Arcanjo no ar","isPartOf":{"@id":"https:\/\/www.oarcanjo.net\/site\/#website"},"datePublished":"2009-06-18T22:11:19+00:00","dateModified":"2009-06-18T22:11:19+00:00","breadcrumb":{"@id":"https:\/\/www.oarcanjo.net\/site\/carta-da-cnbb-aos-presbiteros-do-brasil\/#breadcrumb"},"inLanguage":"pt-BR","potentialAction":[{"@type":"ReadAction","target":["https:\/\/www.oarcanjo.net\/site\/carta-da-cnbb-aos-presbiteros-do-brasil\/"]}]},{"@type":"BreadcrumbList","@id":"https:\/\/www.oarcanjo.net\/site\/carta-da-cnbb-aos-presbiteros-do-brasil\/#breadcrumb","itemListElement":[{"@type":"ListItem","position":1,"name":"In\u00edcio","item":"https:\/\/www.oarcanjo.net\/site\/"},{"@type":"ListItem","position":2,"name":"Carta da CNBB aos presb\u00edteros do Brasil"}]},{"@type":"WebSite","@id":"https:\/\/www.oarcanjo.net\/site\/#website","url":"https:\/\/www.oarcanjo.net\/site\/","name":"O Arcanjo no ar","description":"Site da Par\u00f3quia S\u00e3o Miguel Arcanjo (Arquidiocese de SP)","publisher":{"@id":"https:\/\/www.oarcanjo.net\/site\/#organization"},"potentialAction":[{"@type":"SearchAction","target":{"@type":"EntryPoint","urlTemplate":"https:\/\/www.oarcanjo.net\/site\/?s={search_term_string}"},"query-input":{"@type":"PropertyValueSpecification","valueRequired":true,"valueName":"search_term_string"}}],"inLanguage":"pt-BR"},{"@type":"Organization","@id":"https:\/\/www.oarcanjo.net\/site\/#organization","name":"Par\u00f3quia S\u00e3o Miguel Arcanjo","url":"https:\/\/www.oarcanjo.net\/site\/","logo":{"@type":"ImageObject","inLanguage":"pt-BR","@id":"https:\/\/www.oarcanjo.net\/site\/#\/schema\/logo\/image\/","url":"https:\/\/www.oarcanjo.net\/site\/wp-content\/uploads\/LogoOArcanjo.png","contentUrl":"https:\/\/www.oarcanjo.net\/site\/wp-content\/uploads\/LogoOArcanjo.png","width":319,"height":99,"caption":"Par\u00f3quia S\u00e3o Miguel Arcanjo"},"image":{"@id":"https:\/\/www.oarcanjo.net\/site\/#\/schema\/logo\/image\/"},"sameAs":["https:\/\/www.facebook.com\/OArcanjoNoAr\/"]},{"@type":"Person","@id":"https:\/\/www.oarcanjo.net\/site\/#\/schema\/person\/f7024d007863202483a31326673a0838","name":"editor","sameAs":["http:\/\/www.oarcanjo.net"]}]}},"publishpress_future_action":{"enabled":false,"date":"2026-05-08 16:36:34","action":"category","newStatus":"draft","terms":[],"taxonomy":"category"},"publishpress_future_workflow_manual_trigger":{"enabledWorkflows":[]},"_links":{"self":[{"href":"https:\/\/www.oarcanjo.net\/site\/wp-json\/wp\/v2\/posts\/4007"}],"collection":[{"href":"https:\/\/www.oarcanjo.net\/site\/wp-json\/wp\/v2\/posts"}],"about":[{"href":"https:\/\/www.oarcanjo.net\/site\/wp-json\/wp\/v2\/types\/post"}],"author":[{"embeddable":true,"href":"https:\/\/www.oarcanjo.net\/site\/wp-json\/wp\/v2\/users\/5"}],"replies":[{"embeddable":true,"href":"https:\/\/www.oarcanjo.net\/site\/wp-json\/wp\/v2\/comments?post=4007"}],"version-history":[{"count":0,"href":"https:\/\/www.oarcanjo.net\/site\/wp-json\/wp\/v2\/posts\/4007\/revisions"}],"wp:attachment":[{"href":"https:\/\/www.oarcanjo.net\/site\/wp-json\/wp\/v2\/media?parent=4007"}],"wp:term":[{"taxonomy":"category","embeddable":true,"href":"https:\/\/www.oarcanjo.net\/site\/wp-json\/wp\/v2\/categories?post=4007"},{"taxonomy":"post_tag","embeddable":true,"href":"https:\/\/www.oarcanjo.net\/site\/wp-json\/wp\/v2\/tags?post=4007"}],"curies":[{"name":"wp","href":"https:\/\/api.w.org\/{rel}","templated":true}]}}