
{"id":4013,"date":"2009-06-19T23:50:42","date_gmt":"2009-06-20T02:50:42","guid":{"rendered":"http:\/\/www.oarcanjo.net\/site\/?p=4013"},"modified":"2009-06-22T20:59:56","modified_gmt":"2009-06-22T23:59:56","slug":"abertura-do-ano-sacerdotal-em-sao-paulo","status":"publish","type":"post","link":"https:\/\/www.oarcanjo.net\/site\/abertura-do-ano-sacerdotal-em-sao-paulo\/","title":{"rendered":"Abertura do Ano Sacerdotal"},"content":{"rendered":"<p>O Vaticano lan\u00e7a site para o <a href=\"http:\/\/www.annussacerdotalis.org\/annus_sacerdotalis\/annus_sacerdotalis___portugues\/00001527_Annus_Sacerdotalis___Portugues.html\" target=\"_blank\">Ano Sacerdotal<\/a>, inclusive com vers\u00e3o em portugu\u00eas.<\/p>\n<p><a href=\"http:\/\/www.annussacerdotalis.org\/annus_sacerdotalis\/annus_sacerdotalis___portugues\/00001527_Annus_Sacerdotalis___Portugues.html\" target=\"_blank\"><img loading=\"lazy\" decoding=\"async\" src=\"http:\/\/www.oarcanjo.net\/site\/wp-content\/uploads\/telasiteanosacerdotal.png\" alt=\"\" title=\"Site Ano Sacerdotal\" width=\"480\" height=\"392\" class=\"alignnone size-full wp-image-4023\" srcset=\"https:\/\/www.oarcanjo.net\/site\/wp-content\/uploads\/telasiteanosacerdotal.png 480w, https:\/\/www.oarcanjo.net\/site\/wp-content\/uploads\/telasiteanosacerdotal-300x245.png 300w\" sizes=\"(max-width: 480px) 100vw, 480px\" \/><\/a><\/p>\n<p><object width=\"480\" height=\"385\"><param name=\"movie\" value=\"http:\/\/www.youtube.com\/v\/GBMe92qKfd0&#038;hl=pt-br&#038;fs=1&#038;rel=0&#038;color1=0xe1600f&#038;color2=0xfebd01\"><\/param><param name=\"allowFullScreen\" value=\"true\"><\/param><param name=\"allowscriptaccess\" value=\"always\"><\/param><embed src=\"http:\/\/www.youtube.com\/v\/GBMe92qKfd0&#038;hl=pt-br&#038;fs=1&#038;rel=0&#038;color1=0xe1600f&#038;color2=0xfebd01\" type=\"application\/x-shockwave-flash\" allowscriptaccess=\"always\" allowfullscreen=\"true\" width=\"480\" height=\"385\"><\/embed><\/object><\/p>\n<p>Na abertura do Ano Sacerdotal em S\u00e3o Paulo, o cardeal arcebispo D. Odilo Scherer explicou que n\u00e3o se trata de um ano somente dos padres, mas da Igreja. E fez um convite ao povo de todas as comunidades.<\/p>\n<p><object width=\"480\" height=\"385\"><param name=\"movie\" value=\"http:\/\/www.youtube.com\/v\/JEBma0zTwTA&#038;hl=pt-br&#038;fs=1&#038;rel=0&#038;color1=0xe1600f&#038;color2=0xfebd01\"><\/param><param name=\"allowFullScreen\" value=\"true\"><\/param><param name=\"allowscriptaccess\" value=\"always\"><\/param><embed src=\"http:\/\/www.youtube.com\/v\/JEBma0zTwTA&#038;hl=pt-br&#038;fs=1&#038;rel=0&#038;color1=0xe1600f&#038;color2=0xfebd01\" type=\"application\/x-shockwave-flash\" allowscriptaccess=\"always\" allowfullscreen=\"true\" width=\"480\" height=\"385\"><\/embed><\/object><\/p>\n<div id=\"themify_builder_content-4013\" data-postid=\"4013\" class=\"themify_builder_content themify_builder_content-4013 themify_builder themify_builder_front\">\n\t<\/div>\n<!-- \/themify_builder_content -->","protected":false},"excerpt":{"rendered":"<p>O Vaticano lan\u00e7a site para o Ano Sacerdotal, inclusive com vers\u00e3o em portugu\u00eas. Na abertura do Ano Sacerdotal em S\u00e3o Paulo, o cardeal arcebispo D. Odilo Scherer explicou que n\u00e3o se trata de um ano somente dos padres, mas da Igreja. E fez um convite ao povo de todas as comunidades.<\/p>\n","protected":false},"author":5,"featured_media":0,"comment_status":"open","ping_status":"open","sticky":false,"template":"","format":"standard","meta":{"ngg_post_thumbnail":0,"footnotes":""},"categories":[477,8],"tags":[773,841],"yoast_head":"<!-- This site is optimized with the Yoast SEO plugin v23.5 - https:\/\/yoast.com\/wordpress\/plugins\/seo\/ -->\n<title>Abertura do Ano Sacerdotal - O Arcanjo no ar<\/title>\n<meta name=\"robots\" content=\"index, follow, max-snippet:-1, max-image-preview:large, max-video-preview:-1\" \/>\n<link rel=\"canonical\" href=\"https:\/\/www.oarcanjo.net\/site\/abertura-do-ano-sacerdotal-em-sao-paulo\/\" \/>\n<meta property=\"og:locale\" content=\"pt_BR\" \/>\n<meta property=\"og:type\" content=\"article\" \/>\n<meta property=\"og:title\" content=\"Abertura do Ano Sacerdotal - O Arcanjo no ar\" \/>\n<meta property=\"og:description\" content=\"O Vaticano lan\u00e7a site para o Ano Sacerdotal, inclusive com vers\u00e3o em portugu\u00eas. Na abertura do Ano Sacerdotal em S\u00e3o Paulo, o cardeal arcebispo D. Odilo Scherer explicou que n\u00e3o se trata de um ano somente dos padres, mas da Igreja. E fez um convite ao povo de todas as comunidades.\" \/>\n<meta property=\"og:url\" content=\"https:\/\/www.oarcanjo.net\/site\/abertura-do-ano-sacerdotal-em-sao-paulo\/\" \/>\n<meta property=\"og:site_name\" content=\"O Arcanjo no ar\" \/>\n<meta property=\"article:publisher\" content=\"https:\/\/www.facebook.com\/OArcanjoNoAr\/\" \/>\n<meta property=\"article:published_time\" content=\"2009-06-20T02:50:42+00:00\" \/>\n<meta property=\"article:modified_time\" content=\"2009-06-22T23:59:56+00:00\" \/>\n<meta property=\"og:image\" content=\"http:\/\/www.oarcanjo.net\/site\/wp-content\/uploads\/telasiteanosacerdotal.png\" \/>\n<meta name=\"author\" content=\"editor\" \/>\n<meta name=\"twitter:card\" content=\"summary_large_image\" \/>\n<meta name=\"twitter:label1\" content=\"Escrito por\" \/>\n\t<meta name=\"twitter:data1\" content=\"editor\" \/>\n<script type=\"application\/ld+json\" class=\"yoast-schema-graph\">{\"@context\":\"https:\/\/schema.org\",\"@graph\":[{\"@type\":\"Article\",\"@id\":\"https:\/\/www.oarcanjo.net\/site\/abertura-do-ano-sacerdotal-em-sao-paulo\/#article\",\"isPartOf\":{\"@id\":\"https:\/\/www.oarcanjo.net\/site\/abertura-do-ano-sacerdotal-em-sao-paulo\/\"},\"author\":{\"name\":\"editor\",\"@id\":\"https:\/\/www.oarcanjo.net\/site\/#\/schema\/person\/f7024d007863202483a31326673a0838\"},\"headline\":\"Abertura do Ano Sacerdotal\",\"datePublished\":\"2009-06-20T02:50:42+00:00\",\"dateModified\":\"2009-06-22T23:59:56+00:00\",\"mainEntityOfPage\":{\"@id\":\"https:\/\/www.oarcanjo.net\/site\/abertura-do-ano-sacerdotal-em-sao-paulo\/\"},\"wordCount\":60,\"commentCount\":0,\"publisher\":{\"@id\":\"https:\/\/www.oarcanjo.net\/site\/#organization\"},\"image\":{\"@id\":\"https:\/\/www.oarcanjo.net\/site\/abertura-do-ano-sacerdotal-em-sao-paulo\/#primaryimage\"},\"thumbnailUrl\":\"http:\/\/www.oarcanjo.net\/site\/wp-content\/uploads\/telasiteanosacerdotal.png\",\"keywords\":[\"Ano Sacerdotal\",\"TV Can\u00e7\u00e3o Nova\"],\"articleSection\":[\"Eventos\",\"Not\u00edcias\"],\"inLanguage\":\"pt-BR\",\"potentialAction\":[{\"@type\":\"CommentAction\",\"name\":\"Comment\",\"target\":[\"https:\/\/www.oarcanjo.net\/site\/abertura-do-ano-sacerdotal-em-sao-paulo\/#respond\"]}]},{\"@type\":\"WebPage\",\"@id\":\"https:\/\/www.oarcanjo.net\/site\/abertura-do-ano-sacerdotal-em-sao-paulo\/\",\"url\":\"https:\/\/www.oarcanjo.net\/site\/abertura-do-ano-sacerdotal-em-sao-paulo\/\",\"name\":\"Abertura do Ano Sacerdotal - O Arcanjo no ar\",\"isPartOf\":{\"@id\":\"https:\/\/www.oarcanjo.net\/site\/#website\"},\"primaryImageOfPage\":{\"@id\":\"https:\/\/www.oarcanjo.net\/site\/abertura-do-ano-sacerdotal-em-sao-paulo\/#primaryimage\"},\"image\":{\"@id\":\"https:\/\/www.oarcanjo.net\/site\/abertura-do-ano-sacerdotal-em-sao-paulo\/#primaryimage\"},\"thumbnailUrl\":\"http:\/\/www.oarcanjo.net\/site\/wp-content\/uploads\/telasiteanosacerdotal.png\",\"datePublished\":\"2009-06-20T02:50:42+00:00\",\"dateModified\":\"2009-06-22T23:59:56+00:00\",\"breadcrumb\":{\"@id\":\"https:\/\/www.oarcanjo.net\/site\/abertura-do-ano-sacerdotal-em-sao-paulo\/#breadcrumb\"},\"inLanguage\":\"pt-BR\",\"potentialAction\":[{\"@type\":\"ReadAction\",\"target\":[\"https:\/\/www.oarcanjo.net\/site\/abertura-do-ano-sacerdotal-em-sao-paulo\/\"]}]},{\"@type\":\"ImageObject\",\"inLanguage\":\"pt-BR\",\"@id\":\"https:\/\/www.oarcanjo.net\/site\/abertura-do-ano-sacerdotal-em-sao-paulo\/#primaryimage\",\"url\":\"https:\/\/www.oarcanjo.net\/site\/wp-content\/uploads\/telasiteanosacerdotal.png\",\"contentUrl\":\"https:\/\/www.oarcanjo.net\/site\/wp-content\/uploads\/telasiteanosacerdotal.png\",\"width\":480,\"height\":392},{\"@type\":\"BreadcrumbList\",\"@id\":\"https:\/\/www.oarcanjo.net\/site\/abertura-do-ano-sacerdotal-em-sao-paulo\/#breadcrumb\",\"itemListElement\":[{\"@type\":\"ListItem\",\"position\":1,\"name\":\"In\u00edcio\",\"item\":\"https:\/\/www.oarcanjo.net\/site\/\"},{\"@type\":\"ListItem\",\"position\":2,\"name\":\"Abertura do Ano Sacerdotal\"}]},{\"@type\":\"WebSite\",\"@id\":\"https:\/\/www.oarcanjo.net\/site\/#website\",\"url\":\"https:\/\/www.oarcanjo.net\/site\/\",\"name\":\"O Arcanjo no ar\",\"description\":\"Site da Par\u00f3quia S\u00e3o Miguel Arcanjo (Arquidiocese de SP)\",\"publisher\":{\"@id\":\"https:\/\/www.oarcanjo.net\/site\/#organization\"},\"potentialAction\":[{\"@type\":\"SearchAction\",\"target\":{\"@type\":\"EntryPoint\",\"urlTemplate\":\"https:\/\/www.oarcanjo.net\/site\/?s={search_term_string}\"},\"query-input\":{\"@type\":\"PropertyValueSpecification\",\"valueRequired\":true,\"valueName\":\"search_term_string\"}}],\"inLanguage\":\"pt-BR\"},{\"@type\":\"Organization\",\"@id\":\"https:\/\/www.oarcanjo.net\/site\/#organization\",\"name\":\"Par\u00f3quia S\u00e3o Miguel Arcanjo\",\"url\":\"https:\/\/www.oarcanjo.net\/site\/\",\"logo\":{\"@type\":\"ImageObject\",\"inLanguage\":\"pt-BR\",\"@id\":\"https:\/\/www.oarcanjo.net\/site\/#\/schema\/logo\/image\/\",\"url\":\"https:\/\/www.oarcanjo.net\/site\/wp-content\/uploads\/LogoOArcanjo.png\",\"contentUrl\":\"https:\/\/www.oarcanjo.net\/site\/wp-content\/uploads\/LogoOArcanjo.png\",\"width\":319,\"height\":99,\"caption\":\"Par\u00f3quia S\u00e3o Miguel Arcanjo\"},\"image\":{\"@id\":\"https:\/\/www.oarcanjo.net\/site\/#\/schema\/logo\/image\/\"},\"sameAs\":[\"https:\/\/www.facebook.com\/OArcanjoNoAr\/\"]},{\"@type\":\"Person\",\"@id\":\"https:\/\/www.oarcanjo.net\/site\/#\/schema\/person\/f7024d007863202483a31326673a0838\",\"name\":\"editor\",\"sameAs\":[\"http:\/\/www.oarcanjo.net\"]}]}<\/script>\n<!-- \/ Yoast SEO plugin. -->","yoast_head_json":{"title":"Abertura do Ano Sacerdotal - O Arcanjo no ar","robots":{"index":"index","follow":"follow","max-snippet":"max-snippet:-1","max-image-preview":"max-image-preview:large","max-video-preview":"max-video-preview:-1"},"canonical":"https:\/\/www.oarcanjo.net\/site\/abertura-do-ano-sacerdotal-em-sao-paulo\/","og_locale":"pt_BR","og_type":"article","og_title":"Abertura do Ano Sacerdotal - O Arcanjo no ar","og_description":"O Vaticano lan\u00e7a site para o Ano Sacerdotal, inclusive com vers\u00e3o em portugu\u00eas. Na abertura do Ano Sacerdotal em S\u00e3o Paulo, o cardeal arcebispo D. Odilo Scherer explicou que n\u00e3o se trata de um ano somente dos padres, mas da Igreja. E fez um convite ao povo de todas as comunidades.","og_url":"https:\/\/www.oarcanjo.net\/site\/abertura-do-ano-sacerdotal-em-sao-paulo\/","og_site_name":"O Arcanjo no ar","article_publisher":"https:\/\/www.facebook.com\/OArcanjoNoAr\/","article_published_time":"2009-06-20T02:50:42+00:00","article_modified_time":"2009-06-22T23:59:56+00:00","og_image":[{"url":"http:\/\/www.oarcanjo.net\/site\/wp-content\/uploads\/telasiteanosacerdotal.png"}],"author":"editor","twitter_card":"summary_large_image","twitter_misc":{"Escrito por":"editor"},"schema":{"@context":"https:\/\/schema.org","@graph":[{"@type":"Article","@id":"https:\/\/www.oarcanjo.net\/site\/abertura-do-ano-sacerdotal-em-sao-paulo\/#article","isPartOf":{"@id":"https:\/\/www.oarcanjo.net\/site\/abertura-do-ano-sacerdotal-em-sao-paulo\/"},"author":{"name":"editor","@id":"https:\/\/www.oarcanjo.net\/site\/#\/schema\/person\/f7024d007863202483a31326673a0838"},"headline":"Abertura do Ano Sacerdotal","datePublished":"2009-06-20T02:50:42+00:00","dateModified":"2009-06-22T23:59:56+00:00","mainEntityOfPage":{"@id":"https:\/\/www.oarcanjo.net\/site\/abertura-do-ano-sacerdotal-em-sao-paulo\/"},"wordCount":60,"commentCount":0,"publisher":{"@id":"https:\/\/www.oarcanjo.net\/site\/#organization"},"image":{"@id":"https:\/\/www.oarcanjo.net\/site\/abertura-do-ano-sacerdotal-em-sao-paulo\/#primaryimage"},"thumbnailUrl":"http:\/\/www.oarcanjo.net\/site\/wp-content\/uploads\/telasiteanosacerdotal.png","keywords":["Ano Sacerdotal","TV Can\u00e7\u00e3o Nova"],"articleSection":["Eventos","Not\u00edcias"],"inLanguage":"pt-BR","potentialAction":[{"@type":"CommentAction","name":"Comment","target":["https:\/\/www.oarcanjo.net\/site\/abertura-do-ano-sacerdotal-em-sao-paulo\/#respond"]}]},{"@type":"WebPage","@id":"https:\/\/www.oarcanjo.net\/site\/abertura-do-ano-sacerdotal-em-sao-paulo\/","url":"https:\/\/www.oarcanjo.net\/site\/abertura-do-ano-sacerdotal-em-sao-paulo\/","name":"Abertura do Ano Sacerdotal - O Arcanjo no ar","isPartOf":{"@id":"https:\/\/www.oarcanjo.net\/site\/#website"},"primaryImageOfPage":{"@id":"https:\/\/www.oarcanjo.net\/site\/abertura-do-ano-sacerdotal-em-sao-paulo\/#primaryimage"},"image":{"@id":"https:\/\/www.oarcanjo.net\/site\/abertura-do-ano-sacerdotal-em-sao-paulo\/#primaryimage"},"thumbnailUrl":"http:\/\/www.oarcanjo.net\/site\/wp-content\/uploads\/telasiteanosacerdotal.png","datePublished":"2009-06-20T02:50:42+00:00","dateModified":"2009-06-22T23:59:56+00:00","breadcrumb":{"@id":"https:\/\/www.oarcanjo.net\/site\/abertura-do-ano-sacerdotal-em-sao-paulo\/#breadcrumb"},"inLanguage":"pt-BR","potentialAction":[{"@type":"ReadAction","target":["https:\/\/www.oarcanjo.net\/site\/abertura-do-ano-sacerdotal-em-sao-paulo\/"]}]},{"@type":"ImageObject","inLanguage":"pt-BR","@id":"https:\/\/www.oarcanjo.net\/site\/abertura-do-ano-sacerdotal-em-sao-paulo\/#primaryimage","url":"https:\/\/www.oarcanjo.net\/site\/wp-content\/uploads\/telasiteanosacerdotal.png","contentUrl":"https:\/\/www.oarcanjo.net\/site\/wp-content\/uploads\/telasiteanosacerdotal.png","width":480,"height":392},{"@type":"BreadcrumbList","@id":"https:\/\/www.oarcanjo.net\/site\/abertura-do-ano-sacerdotal-em-sao-paulo\/#breadcrumb","itemListElement":[{"@type":"ListItem","position":1,"name":"In\u00edcio","item":"https:\/\/www.oarcanjo.net\/site\/"},{"@type":"ListItem","position":2,"name":"Abertura do Ano Sacerdotal"}]},{"@type":"WebSite","@id":"https:\/\/www.oarcanjo.net\/site\/#website","url":"https:\/\/www.oarcanjo.net\/site\/","name":"O Arcanjo no ar","description":"Site da Par\u00f3quia S\u00e3o Miguel Arcanjo (Arquidiocese de SP)","publisher":{"@id":"https:\/\/www.oarcanjo.net\/site\/#organization"},"potentialAction":[{"@type":"SearchAction","target":{"@type":"EntryPoint","urlTemplate":"https:\/\/www.oarcanjo.net\/site\/?s={search_term_string}"},"query-input":{"@type":"PropertyValueSpecification","valueRequired":true,"valueName":"search_term_string"}}],"inLanguage":"pt-BR"},{"@type":"Organization","@id":"https:\/\/www.oarcanjo.net\/site\/#organization","name":"Par\u00f3quia S\u00e3o Miguel Arcanjo","url":"https:\/\/www.oarcanjo.net\/site\/","logo":{"@type":"ImageObject","inLanguage":"pt-BR","@id":"https:\/\/www.oarcanjo.net\/site\/#\/schema\/logo\/image\/","url":"https:\/\/www.oarcanjo.net\/site\/wp-content\/uploads\/LogoOArcanjo.png","contentUrl":"https:\/\/www.oarcanjo.net\/site\/wp-content\/uploads\/LogoOArcanjo.png","width":319,"height":99,"caption":"Par\u00f3quia S\u00e3o Miguel Arcanjo"},"image":{"@id":"https:\/\/www.oarcanjo.net\/site\/#\/schema\/logo\/image\/"},"sameAs":["https:\/\/www.facebook.com\/OArcanjoNoAr\/"]},{"@type":"Person","@id":"https:\/\/www.oarcanjo.net\/site\/#\/schema\/person\/f7024d007863202483a31326673a0838","name":"editor","sameAs":["http:\/\/www.oarcanjo.net"]}]}},"publishpress_future_action":{"enabled":false,"date":"2026-05-08 18:00:57","action":"category","newStatus":"draft","terms":[],"taxonomy":"category"},"publishpress_future_workflow_manual_trigger":{"enabledWorkflows":[]},"_links":{"self":[{"href":"https:\/\/www.oarcanjo.net\/site\/wp-json\/wp\/v2\/posts\/4013"}],"collection":[{"href":"https:\/\/www.oarcanjo.net\/site\/wp-json\/wp\/v2\/posts"}],"about":[{"href":"https:\/\/www.oarcanjo.net\/site\/wp-json\/wp\/v2\/types\/post"}],"author":[{"embeddable":true,"href":"https:\/\/www.oarcanjo.net\/site\/wp-json\/wp\/v2\/users\/5"}],"replies":[{"embeddable":true,"href":"https:\/\/www.oarcanjo.net\/site\/wp-json\/wp\/v2\/comments?post=4013"}],"version-history":[{"count":0,"href":"https:\/\/www.oarcanjo.net\/site\/wp-json\/wp\/v2\/posts\/4013\/revisions"}],"wp:attachment":[{"href":"https:\/\/www.oarcanjo.net\/site\/wp-json\/wp\/v2\/media?parent=4013"}],"wp:term":[{"taxonomy":"category","embeddable":true,"href":"https:\/\/www.oarcanjo.net\/site\/wp-json\/wp\/v2\/categories?post=4013"},{"taxonomy":"post_tag","embeddable":true,"href":"https:\/\/www.oarcanjo.net\/site\/wp-json\/wp\/v2\/tags?post=4013"}],"curies":[{"name":"wp","href":"https:\/\/api.w.org\/{rel}","templated":true}]}}