
{"id":40138,"date":"2014-05-08T07:15:37","date_gmt":"2014-05-08T10:15:37","guid":{"rendered":"http:\/\/www.oarcanjo.net\/site\/?p=40138"},"modified":"2014-05-08T07:15:37","modified_gmt":"2014-05-08T10:15:37","slug":"a-renovacao-da-paroquia","status":"publish","type":"post","link":"https:\/\/www.oarcanjo.net\/site\/a-renovacao-da-paroquia\/","title":{"rendered":"A renova\u00e7\u00e3o da Par\u00f3quia"},"content":{"rendered":"<p><em>Cardeal Odilo Pedro Scherer<\/em><\/p>\n<p>A Par\u00f3quia \u00e9 o tema principal da 52\u00aa assembleia geral da Confer\u00eancia Nacional dos Bispos do Brasil (CNBB), realizada em Aparecida de 30 de abril a 9 de maio. J\u00e1 na assembleia anual de 2014, o tema tinha sido refletido; desta vez, voltou mais amadurecido, resultando na aprova\u00e7\u00e3o de um novo Documento da CNBB sobre o assunto.<\/p>\n<p>A insist\u00eancia no tema pode ter, ao menos, dois significados diversos: que a Par\u00f3quia \u00e9 muito importante para a pr\u00f3pria Igreja e que ela precisa passar por transforma\u00e7\u00f5es e ser revitalizada.<\/p>\n<p>A Par\u00f3quia, de fato, tem sido ao longo dos s\u00e9culos o rosto mais vis\u00edvel e pr\u00f3ximo da Igreja; ela \u00e9 a imagem percept\u00edvel daquilo que a pr\u00f3pria Igreja \u00e9, no seu todo: a comunidade dos batizados, convocados e guiados pela Palavra de Deus, reunidos em torno da Eucaristia e de um ministro ordenado que, como pastor encarregado, os serve e conduz em nome de Cristo Pastor, na comunh\u00e3o da grande Comunidade eclesial.<\/p>\n<p>Na Par\u00f3quia, os filhos da Igreja expressam e nutrem sua f\u00e9, celebram os Mist\u00e9rios de Deus, organizam e praticam a caridade, inserem-se concretamente nas realidades da comunidade humana na qual vivem, para testemunhar a vida nova e a esperan\u00e7a que v\u00eam do Evangelho. Ainda na Par\u00f3quia, floresce a vida crist\u00e3 na riqueza e na variedade dos dons do Esp\u00edrito Santo e se cuida de transmitir a f\u00e9 e de viver a dimens\u00e3o mission\u00e1ria da Igreja.<\/p>\n<p>Apesar das muitas cr\u00edticas feitas \u00e0 Par\u00f3quia, a Igreja n\u00e3o a abandona e continua vendo nessa forma de organiza\u00e7\u00e3o da vida crist\u00e3 e da miss\u00e3o eclesial uma escolha v\u00e1lida. Ela precisa, \u00e9 certo, de ajustes e melhorias constantes e \u00e9 isso que a CNBB est\u00e1 buscando fazer. A vida crist\u00e3 tem uma dimens\u00e3o pessoal e envolve diretamente a pessoa, suas escolhas e respostas de f\u00e9 \u00e0 proposta de vida segundo o Evangelho. Por\u00e9m, n\u00e3o \u00e9 individualista nem meramente subjetiva, mas vinculada \u00e0 vida comunit\u00e1ria e eclesial.<\/p>\n<p>A cultura do nosso tempo, marcada fortemente pelo individualismo e pelo subjetivismo, tamb\u00e9m pode contagiar a vida crist\u00e3, abandonando seus v\u00ednculos comunit\u00e1rios e eclesiais. Nisso haveria uma grave perda. De fato, n\u00f3s n\u00e3o cremos \u201cdo nosso jeito\u201d, nem buscamos dar solu\u00e7\u00f5es \u00e0s quest\u00f5es morais \u201cdo nosso jeito\u201d, mas do jeito da Igreja. J\u00e1 desde o princ\u00edpio, os ap\u00f3stolos tiveram a preocupa\u00e7\u00e3o de transmitir o que viram, ouviram e receberam do Senhor Jesus; e Paulo, em seguida, insiste em dizer: \u201co que recebi, foi isso que tamb\u00e9m vos transmiti\u201d. Ele queria destacar que n\u00e3o inventava, de sua cabe\u00e7a, o que pregava aos outros.<\/p>\n<p>E os ap\u00f3stolos e, depois deles, os Pastores da Igreja, tamb\u00e9m insistiam em dizer que era preciso viver de maneira coerente com o que se aprendeu do Evangelho, n\u00e3o mais apenas conforme os costumes e pr\u00e1ticas do tempo. Assim foi ao longo dos s\u00e9culos, e assim continua at\u00e9 hoje. O papa Bento XVI lembrou aos jovens, na Jornada Mundial da Juventude, de Col\u00f4nia (Alemanha), que a f\u00e9 e a vida crist\u00e3 n\u00e3o s\u00e3o feitas \u00e0 maneira de \u201c<em>self-service<\/em>\u201d, onde cada um escolhe s\u00f3 o que gosta ou decide o que lhe conv\u00e9m&#8230; Nossa f\u00e9 \u00e9 ligada \u00e0 Comunidade de f\u00e9; a pr\u00f3pria Igreja \u00e9 o \u201csujeito da f\u00e9\u201d; com ela n\u00f3s cremos e praticamos a vida crist\u00e3.<\/p>\n<p>A Par\u00f3quia precisa, pois, ser redescoberta como o \u201clugar\u201d da vida comunit\u00e1ria da f\u00e9 e da vida crist\u00e3. O Documento da CNBB a apresenta como \u201cComunidade de Comunidades\u201d, com muitas express\u00f5es pessoais e comunit\u00e1rias da f\u00e9 e da vida crist\u00e3. A Par\u00f3quia precisa favorecer as muitas formas de vida eclesial comunit\u00e1ria, com tudo o que isso significa para as rela\u00e7\u00f5es m\u00fatuas entre os fieis e, destes, com a comunidade humana plural circunstante.<\/p>\n<p>Usando a linguagem do Documento de Aparecida (2007) e da recente Exorta\u00e7\u00e3o Apost\u00f3lica\u00a0<em>Evangelii Gaudium<\/em>, do papa Francisco, podemos dizer que tamb\u00e9m a Par\u00f3quia precisa fazer a sua \u201cconvers\u00e3o pastoral e mission\u00e1ria\u201d, para expressar melhor a sua vida e miss\u00e3o nos tempos atuais. E \u00e9 isso que o novo Documento da CNBB orienta a fazer.<\/p>\n<div id=\"themify_builder_content-40138\" data-postid=\"40138\" class=\"themify_builder_content themify_builder_content-40138 themify_builder themify_builder_front\">\n\t<\/div>\n<!-- \/themify_builder_content -->","protected":false},"excerpt":{"rendered":"<p>Cardeal Odilo Pedro Scherer A Par\u00f3quia \u00e9 o tema principal da 52\u00aa assembleia geral da Confer\u00eancia Nacional dos Bispos do Brasil (CNBB), realizada em Aparecida de 30 de abril a 9 de maio. J\u00e1 na assembleia anual de 2014, o tema tinha sido refletido; desta vez, voltou mais amadurecido, resultando na aprova\u00e7\u00e3o de um novo [&hellip;]<\/p>\n","protected":false},"author":5,"featured_media":0,"comment_status":"open","ping_status":"open","sticky":false,"template":"","format":"standard","meta":{"ngg_post_thumbnail":0,"footnotes":""},"categories":[9],"tags":[3063,63,2860,441,2433,1841],"yoast_head":"<!-- This site is optimized with the Yoast SEO plugin v23.5 - https:\/\/yoast.com\/wordpress\/plugins\/seo\/ -->\n<title>A renova\u00e7\u00e3o da Par\u00f3quia - O Arcanjo no ar<\/title>\n<meta name=\"robots\" content=\"index, follow, max-snippet:-1, max-image-preview:large, max-video-preview:-1\" \/>\n<link rel=\"canonical\" href=\"https:\/\/www.oarcanjo.net\/site\/a-renovacao-da-paroquia\/\" \/>\n<meta property=\"og:locale\" content=\"pt_BR\" \/>\n<meta property=\"og:type\" content=\"article\" \/>\n<meta property=\"og:title\" content=\"A renova\u00e7\u00e3o da Par\u00f3quia - O Arcanjo no ar\" \/>\n<meta property=\"og:description\" content=\"Cardeal Odilo Pedro Scherer A Par\u00f3quia \u00e9 o tema principal da 52\u00aa assembleia geral da Confer\u00eancia Nacional dos Bispos do Brasil (CNBB), realizada em Aparecida de 30 de abril a 9 de maio. J\u00e1 na assembleia anual de 2014, o tema tinha sido refletido; desta vez, voltou mais amadurecido, resultando na aprova\u00e7\u00e3o de um novo [&hellip;]\" \/>\n<meta property=\"og:url\" content=\"https:\/\/www.oarcanjo.net\/site\/a-renovacao-da-paroquia\/\" \/>\n<meta property=\"og:site_name\" content=\"O Arcanjo no ar\" \/>\n<meta property=\"article:publisher\" content=\"https:\/\/www.facebook.com\/OArcanjoNoAr\/\" \/>\n<meta property=\"article:published_time\" content=\"2014-05-08T10:15:37+00:00\" \/>\n<meta property=\"og:image\" content=\"https:\/\/www.oarcanjo.net\/site\/wp-content\/uploads\/logo-o-arcanjo-no-ar-facebook.png\" \/>\n\t<meta property=\"og:image:width\" content=\"300\" \/>\n\t<meta property=\"og:image:height\" content=\"300\" \/>\n\t<meta property=\"og:image:type\" content=\"image\/png\" \/>\n<meta name=\"author\" content=\"editor\" \/>\n<meta name=\"twitter:card\" content=\"summary_large_image\" \/>\n<meta name=\"twitter:label1\" content=\"Escrito por\" \/>\n\t<meta name=\"twitter:data1\" content=\"editor\" \/>\n\t<meta name=\"twitter:label2\" content=\"Est. tempo de leitura\" \/>\n\t<meta name=\"twitter:data2\" content=\"4 minutos\" \/>\n<script type=\"application\/ld+json\" class=\"yoast-schema-graph\">{\"@context\":\"https:\/\/schema.org\",\"@graph\":[{\"@type\":\"Article\",\"@id\":\"https:\/\/www.oarcanjo.net\/site\/a-renovacao-da-paroquia\/#article\",\"isPartOf\":{\"@id\":\"https:\/\/www.oarcanjo.net\/site\/a-renovacao-da-paroquia\/\"},\"author\":{\"name\":\"editor\",\"@id\":\"https:\/\/www.oarcanjo.net\/site\/#\/schema\/person\/f7024d007863202483a31326673a0838\"},\"headline\":\"A renova\u00e7\u00e3o da Par\u00f3quia\",\"datePublished\":\"2014-05-08T10:15:37+00:00\",\"dateModified\":\"2014-05-08T10:15:37+00:00\",\"mainEntityOfPage\":{\"@id\":\"https:\/\/www.oarcanjo.net\/site\/a-renovacao-da-paroquia\/\"},\"wordCount\":728,\"commentCount\":0,\"publisher\":{\"@id\":\"https:\/\/www.oarcanjo.net\/site\/#organization\"},\"keywords\":[\"52\u00aa assembleia geral da Confer\u00eancia Nacional dos Bispos do Brasil\",\"CNBB\",\"Evangelii Gaudium\",\"f\u00e9\",\"Papa Francisco\",\"par\u00f3quia\"],\"articleSection\":[\"Reflex\u00f5es\"],\"inLanguage\":\"pt-BR\",\"potentialAction\":[{\"@type\":\"CommentAction\",\"name\":\"Comment\",\"target\":[\"https:\/\/www.oarcanjo.net\/site\/a-renovacao-da-paroquia\/#respond\"]}]},{\"@type\":\"WebPage\",\"@id\":\"https:\/\/www.oarcanjo.net\/site\/a-renovacao-da-paroquia\/\",\"url\":\"https:\/\/www.oarcanjo.net\/site\/a-renovacao-da-paroquia\/\",\"name\":\"A renova\u00e7\u00e3o da Par\u00f3quia - O Arcanjo no ar\",\"isPartOf\":{\"@id\":\"https:\/\/www.oarcanjo.net\/site\/#website\"},\"datePublished\":\"2014-05-08T10:15:37+00:00\",\"dateModified\":\"2014-05-08T10:15:37+00:00\",\"breadcrumb\":{\"@id\":\"https:\/\/www.oarcanjo.net\/site\/a-renovacao-da-paroquia\/#breadcrumb\"},\"inLanguage\":\"pt-BR\",\"potentialAction\":[{\"@type\":\"ReadAction\",\"target\":[\"https:\/\/www.oarcanjo.net\/site\/a-renovacao-da-paroquia\/\"]}]},{\"@type\":\"BreadcrumbList\",\"@id\":\"https:\/\/www.oarcanjo.net\/site\/a-renovacao-da-paroquia\/#breadcrumb\",\"itemListElement\":[{\"@type\":\"ListItem\",\"position\":1,\"name\":\"In\u00edcio\",\"item\":\"https:\/\/www.oarcanjo.net\/site\/\"},{\"@type\":\"ListItem\",\"position\":2,\"name\":\"A renova\u00e7\u00e3o da Par\u00f3quia\"}]},{\"@type\":\"WebSite\",\"@id\":\"https:\/\/www.oarcanjo.net\/site\/#website\",\"url\":\"https:\/\/www.oarcanjo.net\/site\/\",\"name\":\"O Arcanjo no ar\",\"description\":\"Site da Par\u00f3quia S\u00e3o Miguel Arcanjo (Arquidiocese de SP)\",\"publisher\":{\"@id\":\"https:\/\/www.oarcanjo.net\/site\/#organization\"},\"potentialAction\":[{\"@type\":\"SearchAction\",\"target\":{\"@type\":\"EntryPoint\",\"urlTemplate\":\"https:\/\/www.oarcanjo.net\/site\/?s={search_term_string}\"},\"query-input\":{\"@type\":\"PropertyValueSpecification\",\"valueRequired\":true,\"valueName\":\"search_term_string\"}}],\"inLanguage\":\"pt-BR\"},{\"@type\":\"Organization\",\"@id\":\"https:\/\/www.oarcanjo.net\/site\/#organization\",\"name\":\"Par\u00f3quia S\u00e3o Miguel Arcanjo\",\"url\":\"https:\/\/www.oarcanjo.net\/site\/\",\"logo\":{\"@type\":\"ImageObject\",\"inLanguage\":\"pt-BR\",\"@id\":\"https:\/\/www.oarcanjo.net\/site\/#\/schema\/logo\/image\/\",\"url\":\"https:\/\/www.oarcanjo.net\/site\/wp-content\/uploads\/LogoOArcanjo.png\",\"contentUrl\":\"https:\/\/www.oarcanjo.net\/site\/wp-content\/uploads\/LogoOArcanjo.png\",\"width\":319,\"height\":99,\"caption\":\"Par\u00f3quia S\u00e3o Miguel Arcanjo\"},\"image\":{\"@id\":\"https:\/\/www.oarcanjo.net\/site\/#\/schema\/logo\/image\/\"},\"sameAs\":[\"https:\/\/www.facebook.com\/OArcanjoNoAr\/\"]},{\"@type\":\"Person\",\"@id\":\"https:\/\/www.oarcanjo.net\/site\/#\/schema\/person\/f7024d007863202483a31326673a0838\",\"name\":\"editor\",\"sameAs\":[\"http:\/\/www.oarcanjo.net\"]}]}<\/script>\n<!-- \/ Yoast SEO plugin. -->","yoast_head_json":{"title":"A renova\u00e7\u00e3o da Par\u00f3quia - O Arcanjo no ar","robots":{"index":"index","follow":"follow","max-snippet":"max-snippet:-1","max-image-preview":"max-image-preview:large","max-video-preview":"max-video-preview:-1"},"canonical":"https:\/\/www.oarcanjo.net\/site\/a-renovacao-da-paroquia\/","og_locale":"pt_BR","og_type":"article","og_title":"A renova\u00e7\u00e3o da Par\u00f3quia - O Arcanjo no ar","og_description":"Cardeal Odilo Pedro Scherer A Par\u00f3quia \u00e9 o tema principal da 52\u00aa assembleia geral da Confer\u00eancia Nacional dos Bispos do Brasil (CNBB), realizada em Aparecida de 30 de abril a 9 de maio. J\u00e1 na assembleia anual de 2014, o tema tinha sido refletido; desta vez, voltou mais amadurecido, resultando na aprova\u00e7\u00e3o de um novo [&hellip;]","og_url":"https:\/\/www.oarcanjo.net\/site\/a-renovacao-da-paroquia\/","og_site_name":"O Arcanjo no ar","article_publisher":"https:\/\/www.facebook.com\/OArcanjoNoAr\/","article_published_time":"2014-05-08T10:15:37+00:00","og_image":[{"width":300,"height":300,"url":"https:\/\/www.oarcanjo.net\/site\/wp-content\/uploads\/logo-o-arcanjo-no-ar-facebook.png","type":"image\/png"}],"author":"editor","twitter_card":"summary_large_image","twitter_misc":{"Escrito por":"editor","Est. tempo de leitura":"4 minutos"},"schema":{"@context":"https:\/\/schema.org","@graph":[{"@type":"Article","@id":"https:\/\/www.oarcanjo.net\/site\/a-renovacao-da-paroquia\/#article","isPartOf":{"@id":"https:\/\/www.oarcanjo.net\/site\/a-renovacao-da-paroquia\/"},"author":{"name":"editor","@id":"https:\/\/www.oarcanjo.net\/site\/#\/schema\/person\/f7024d007863202483a31326673a0838"},"headline":"A renova\u00e7\u00e3o da Par\u00f3quia","datePublished":"2014-05-08T10:15:37+00:00","dateModified":"2014-05-08T10:15:37+00:00","mainEntityOfPage":{"@id":"https:\/\/www.oarcanjo.net\/site\/a-renovacao-da-paroquia\/"},"wordCount":728,"commentCount":0,"publisher":{"@id":"https:\/\/www.oarcanjo.net\/site\/#organization"},"keywords":["52\u00aa assembleia geral da Confer\u00eancia Nacional dos Bispos do Brasil","CNBB","Evangelii Gaudium","f\u00e9","Papa Francisco","par\u00f3quia"],"articleSection":["Reflex\u00f5es"],"inLanguage":"pt-BR","potentialAction":[{"@type":"CommentAction","name":"Comment","target":["https:\/\/www.oarcanjo.net\/site\/a-renovacao-da-paroquia\/#respond"]}]},{"@type":"WebPage","@id":"https:\/\/www.oarcanjo.net\/site\/a-renovacao-da-paroquia\/","url":"https:\/\/www.oarcanjo.net\/site\/a-renovacao-da-paroquia\/","name":"A renova\u00e7\u00e3o da Par\u00f3quia - O Arcanjo no ar","isPartOf":{"@id":"https:\/\/www.oarcanjo.net\/site\/#website"},"datePublished":"2014-05-08T10:15:37+00:00","dateModified":"2014-05-08T10:15:37+00:00","breadcrumb":{"@id":"https:\/\/www.oarcanjo.net\/site\/a-renovacao-da-paroquia\/#breadcrumb"},"inLanguage":"pt-BR","potentialAction":[{"@type":"ReadAction","target":["https:\/\/www.oarcanjo.net\/site\/a-renovacao-da-paroquia\/"]}]},{"@type":"BreadcrumbList","@id":"https:\/\/www.oarcanjo.net\/site\/a-renovacao-da-paroquia\/#breadcrumb","itemListElement":[{"@type":"ListItem","position":1,"name":"In\u00edcio","item":"https:\/\/www.oarcanjo.net\/site\/"},{"@type":"ListItem","position":2,"name":"A renova\u00e7\u00e3o da Par\u00f3quia"}]},{"@type":"WebSite","@id":"https:\/\/www.oarcanjo.net\/site\/#website","url":"https:\/\/www.oarcanjo.net\/site\/","name":"O Arcanjo no ar","description":"Site da Par\u00f3quia S\u00e3o Miguel Arcanjo (Arquidiocese de SP)","publisher":{"@id":"https:\/\/www.oarcanjo.net\/site\/#organization"},"potentialAction":[{"@type":"SearchAction","target":{"@type":"EntryPoint","urlTemplate":"https:\/\/www.oarcanjo.net\/site\/?s={search_term_string}"},"query-input":{"@type":"PropertyValueSpecification","valueRequired":true,"valueName":"search_term_string"}}],"inLanguage":"pt-BR"},{"@type":"Organization","@id":"https:\/\/www.oarcanjo.net\/site\/#organization","name":"Par\u00f3quia S\u00e3o Miguel Arcanjo","url":"https:\/\/www.oarcanjo.net\/site\/","logo":{"@type":"ImageObject","inLanguage":"pt-BR","@id":"https:\/\/www.oarcanjo.net\/site\/#\/schema\/logo\/image\/","url":"https:\/\/www.oarcanjo.net\/site\/wp-content\/uploads\/LogoOArcanjo.png","contentUrl":"https:\/\/www.oarcanjo.net\/site\/wp-content\/uploads\/LogoOArcanjo.png","width":319,"height":99,"caption":"Par\u00f3quia S\u00e3o Miguel Arcanjo"},"image":{"@id":"https:\/\/www.oarcanjo.net\/site\/#\/schema\/logo\/image\/"},"sameAs":["https:\/\/www.facebook.com\/OArcanjoNoAr\/"]},{"@type":"Person","@id":"https:\/\/www.oarcanjo.net\/site\/#\/schema\/person\/f7024d007863202483a31326673a0838","name":"editor","sameAs":["http:\/\/www.oarcanjo.net"]}]}},"publishpress_future_action":{"enabled":false,"date":"2026-05-08 20:33:20","action":"category","newStatus":"draft","terms":[],"taxonomy":"category"},"publishpress_future_workflow_manual_trigger":{"enabledWorkflows":[]},"_links":{"self":[{"href":"https:\/\/www.oarcanjo.net\/site\/wp-json\/wp\/v2\/posts\/40138"}],"collection":[{"href":"https:\/\/www.oarcanjo.net\/site\/wp-json\/wp\/v2\/posts"}],"about":[{"href":"https:\/\/www.oarcanjo.net\/site\/wp-json\/wp\/v2\/types\/post"}],"author":[{"embeddable":true,"href":"https:\/\/www.oarcanjo.net\/site\/wp-json\/wp\/v2\/users\/5"}],"replies":[{"embeddable":true,"href":"https:\/\/www.oarcanjo.net\/site\/wp-json\/wp\/v2\/comments?post=40138"}],"version-history":[{"count":0,"href":"https:\/\/www.oarcanjo.net\/site\/wp-json\/wp\/v2\/posts\/40138\/revisions"}],"wp:attachment":[{"href":"https:\/\/www.oarcanjo.net\/site\/wp-json\/wp\/v2\/media?parent=40138"}],"wp:term":[{"taxonomy":"category","embeddable":true,"href":"https:\/\/www.oarcanjo.net\/site\/wp-json\/wp\/v2\/categories?post=40138"},{"taxonomy":"post_tag","embeddable":true,"href":"https:\/\/www.oarcanjo.net\/site\/wp-json\/wp\/v2\/tags?post=40138"}],"curies":[{"name":"wp","href":"https:\/\/api.w.org\/{rel}","templated":true}]}}