
{"id":40141,"date":"2014-05-07T07:40:06","date_gmt":"2014-05-07T10:40:06","guid":{"rendered":"http:\/\/www.oarcanjo.net\/site\/?p=40141"},"modified":"2014-05-08T07:45:59","modified_gmt":"2014-05-08T10:45:59","slug":"o-papa-afirmou-que-a-igreja-sem-testemunho-e-esteril","status":"publish","type":"post","link":"https:\/\/www.oarcanjo.net\/site\/o-papa-afirmou-que-a-igreja-sem-testemunho-e-esteril\/","title":{"rendered":"O Papa afirmou que a Igreja, sem testemunho, \u00e9 est\u00e9ril"},"content":{"rendered":"<p><span style=\"color: #343434;\">A Igreja n\u00e3o \u00e9 uma universidade da religi\u00e3o \u2013 afirmou o Papa Francisco na Missa em Santa Marta na manh\u00e3 desta ter\u00e7a-feira na qual deixou uma mensagem clara: a Igreja sem testemunho \u00e9 est\u00e9ril.<\/span><span style=\"color: #343434;\">Na sua homilia o Santo Padre percorreu o caminho do mart\u00edrio de Estev\u00e3o, o primeiro m\u00e1rtir da Igreja. O primeiro de tantos testemunhos:<\/span><br style=\"color: #343434;\" \/><span style=\"font-weight: inherit; color: #343434;\">\u201cMart\u00edrio \u00e9 a tradu\u00e7\u00e3o da palavra grega que tamb\u00e9m significa testemunho. E assim podemos dizer que para um crist\u00e3o o caminho vai no rasto deste testemunho, sobre estas pegadas de Jesus para dar testemunho d\u2019Ele e tantas vezes este testemunho acaba por dar a vida. N\u00e3o se pode entender um crist\u00e3o sem que seja testemunha e d\u00ea testemunho. N\u00f3s n\u00e3o somos uma religi\u00e3o de ideias, de pura teologia, de coisas belas, de mandamentos. N\u00e3o, n\u00f3s somos um povo que segue Jesus Cristo e d\u00e1 testemunho de Jesus Cristo \u2013 e este testemunho \u00e0s vezes chega a dar a vida.\u201d<br \/>\n<\/span><br style=\"color: #343434;\" \/><span style=\"color: #343434;\">Assassinado Estev\u00e3o, l\u00ea-se nos Atos dos Ap\u00f3stolos, que eclodiu uma violenta persegui\u00e7\u00e3o contra a Igreja em Jerusal\u00e9m. E desta forma \u2013 sublinhou o Papa \u2013 os crist\u00e3os dispersaram-se na regi\u00e3o da Judeia e da Samaria. E estas pessoas aonde quer que chegavam davam testemunho de Jesus dando assim in\u00edcio \u00e0 miss\u00e3o da Igreja \u2013 afirmou o Papa Francisco:<\/span><br style=\"color: #343434;\" \/><span style=\"font-weight: inherit; color: #343434;\">\u201cO testemunho seja na vida quotidiana, seja com algumas dificuldades e, tamb\u00e9m seja na persegui\u00e7\u00e3o com a morte, sempre \u00e9 fecunda. A Igreja \u00e9 fecunda e m\u00e3e quando d\u00e1 testemunho de Jesus Cristo. Ao inv\u00e9s, quando a Igreja se fecha em si pr\u00f3pria, julga-se \u2013 digamos &#8211; uma universidade da religi\u00e3o, com tantas belas ideias, com tantos belos templos, com tantos belos museus, com tantas belas coisas, mas n\u00e3o d\u00e1 testemunho, torna-se est\u00e9ril. O crist\u00e3o tamb\u00e9m. O crist\u00e3o que n\u00e3o d\u00e1 testemunho fica est\u00e9ril, sem dar a vida que recebeu de Jesus Cristo.\u201d<br \/>\n<\/span><br style=\"color: #343434;\" \/><span style=\"font-weight: inherit; color: #343434;\">\u201cE hoje pensando nestes dois \u00edcones \u2013 Estev\u00e3o que morre e a gente, os crist\u00e3os, que fogem, andando por todo o lado devido \u00e0 violenta persegui\u00e7\u00e3o \u2013 perguntemo-nos: Como \u00e9 o meu testemunho? Sou um crist\u00e3o testemunha de Jesus ou sou um simples numer\u00e1rio desta seita? Sou fecundo porque dou testemunho, ou fico est\u00e9ril porque n\u00e3o sou capaz de deixar que o Esp\u00edrito Santo me leve para a frente na minha voca\u00e7\u00e3o crist\u00e3?\u201d<\/span><\/p>\n<p><em>Fonte: News.Va<\/em><\/p>\n<div id=\"themify_builder_content-40141\" data-postid=\"40141\" class=\"themify_builder_content themify_builder_content-40141 themify_builder themify_builder_front\">\n\t<\/div>\n<!-- \/themify_builder_content -->","protected":false},"excerpt":{"rendered":"<p>A Igreja n\u00e3o \u00e9 uma universidade da religi\u00e3o \u2013 afirmou o Papa Francisco na Missa em Santa Marta na manh\u00e3 desta ter\u00e7a-feira na qual deixou uma mensagem clara: a Igreja sem testemunho \u00e9 est\u00e9ril.Na sua homilia o Santo Padre percorreu o caminho do mart\u00edrio de Estev\u00e3o, o primeiro m\u00e1rtir da Igreja. O primeiro de tantos [&hellip;]<\/p>\n","protected":false},"author":5,"featured_media":0,"comment_status":"open","ping_status":"open","sticky":false,"template":"","format":"standard","meta":{"ngg_post_thumbnail":0,"footnotes":""},"categories":[8],"tags":[2530,1371,473],"yoast_head":"<!-- This site is optimized with the Yoast SEO plugin v23.5 - https:\/\/yoast.com\/wordpress\/plugins\/seo\/ -->\n<title>O Papa afirmou que a Igreja, sem testemunho, \u00e9 est\u00e9ril - O Arcanjo no ar<\/title>\n<meta name=\"robots\" content=\"index, follow, max-snippet:-1, max-image-preview:large, max-video-preview:-1\" \/>\n<link rel=\"canonical\" href=\"https:\/\/www.oarcanjo.net\/site\/o-papa-afirmou-que-a-igreja-sem-testemunho-e-esteril\/\" \/>\n<meta property=\"og:locale\" content=\"pt_BR\" \/>\n<meta property=\"og:type\" content=\"article\" \/>\n<meta property=\"og:title\" content=\"O Papa afirmou que a Igreja, sem testemunho, \u00e9 est\u00e9ril - O Arcanjo no ar\" \/>\n<meta property=\"og:description\" content=\"A Igreja n\u00e3o \u00e9 uma universidade da religi\u00e3o \u2013 afirmou o Papa Francisco na Missa em Santa Marta na manh\u00e3 desta ter\u00e7a-feira na qual deixou uma mensagem clara: a Igreja sem testemunho \u00e9 est\u00e9ril.Na sua homilia o Santo Padre percorreu o caminho do mart\u00edrio de Estev\u00e3o, o primeiro m\u00e1rtir da Igreja. O primeiro de tantos [&hellip;]\" \/>\n<meta property=\"og:url\" content=\"https:\/\/www.oarcanjo.net\/site\/o-papa-afirmou-que-a-igreja-sem-testemunho-e-esteril\/\" \/>\n<meta property=\"og:site_name\" content=\"O Arcanjo no ar\" \/>\n<meta property=\"article:publisher\" content=\"https:\/\/www.facebook.com\/OArcanjoNoAr\/\" \/>\n<meta property=\"article:published_time\" content=\"2014-05-07T10:40:06+00:00\" \/>\n<meta property=\"article:modified_time\" content=\"2014-05-08T10:45:59+00:00\" \/>\n<meta property=\"og:image\" content=\"https:\/\/www.oarcanjo.net\/site\/wp-content\/uploads\/logo-o-arcanjo-no-ar-facebook.png\" \/>\n\t<meta property=\"og:image:width\" content=\"300\" \/>\n\t<meta property=\"og:image:height\" content=\"300\" \/>\n\t<meta property=\"og:image:type\" content=\"image\/png\" \/>\n<meta name=\"author\" content=\"editor\" \/>\n<meta name=\"twitter:card\" content=\"summary_large_image\" \/>\n<meta name=\"twitter:label1\" content=\"Escrito por\" \/>\n\t<meta name=\"twitter:data1\" content=\"editor\" \/>\n\t<meta name=\"twitter:label2\" content=\"Est. tempo de leitura\" \/>\n\t<meta name=\"twitter:data2\" content=\"2 minutos\" \/>\n<script type=\"application\/ld+json\" class=\"yoast-schema-graph\">{\"@context\":\"https:\/\/schema.org\",\"@graph\":[{\"@type\":\"Article\",\"@id\":\"https:\/\/www.oarcanjo.net\/site\/o-papa-afirmou-que-a-igreja-sem-testemunho-e-esteril\/#article\",\"isPartOf\":{\"@id\":\"https:\/\/www.oarcanjo.net\/site\/o-papa-afirmou-que-a-igreja-sem-testemunho-e-esteril\/\"},\"author\":{\"name\":\"editor\",\"@id\":\"https:\/\/www.oarcanjo.net\/site\/#\/schema\/person\/f7024d007863202483a31326673a0838\"},\"headline\":\"O Papa afirmou que a Igreja, sem testemunho, \u00e9 est\u00e9ril\",\"datePublished\":\"2014-05-07T10:40:06+00:00\",\"dateModified\":\"2014-05-08T10:45:59+00:00\",\"mainEntityOfPage\":{\"@id\":\"https:\/\/www.oarcanjo.net\/site\/o-papa-afirmou-que-a-igreja-sem-testemunho-e-esteril\/\"},\"wordCount\":427,\"commentCount\":0,\"publisher\":{\"@id\":\"https:\/\/www.oarcanjo.net\/site\/#organization\"},\"keywords\":[\"1\u00aa Enc\u00edclica do Papa Francisco\",\"Santo Estev\u00e3o\",\"testemunho\"],\"articleSection\":[\"Not\u00edcias\"],\"inLanguage\":\"pt-BR\",\"potentialAction\":[{\"@type\":\"CommentAction\",\"name\":\"Comment\",\"target\":[\"https:\/\/www.oarcanjo.net\/site\/o-papa-afirmou-que-a-igreja-sem-testemunho-e-esteril\/#respond\"]}]},{\"@type\":\"WebPage\",\"@id\":\"https:\/\/www.oarcanjo.net\/site\/o-papa-afirmou-que-a-igreja-sem-testemunho-e-esteril\/\",\"url\":\"https:\/\/www.oarcanjo.net\/site\/o-papa-afirmou-que-a-igreja-sem-testemunho-e-esteril\/\",\"name\":\"O Papa afirmou que a Igreja, sem testemunho, \u00e9 est\u00e9ril - O Arcanjo no ar\",\"isPartOf\":{\"@id\":\"https:\/\/www.oarcanjo.net\/site\/#website\"},\"datePublished\":\"2014-05-07T10:40:06+00:00\",\"dateModified\":\"2014-05-08T10:45:59+00:00\",\"breadcrumb\":{\"@id\":\"https:\/\/www.oarcanjo.net\/site\/o-papa-afirmou-que-a-igreja-sem-testemunho-e-esteril\/#breadcrumb\"},\"inLanguage\":\"pt-BR\",\"potentialAction\":[{\"@type\":\"ReadAction\",\"target\":[\"https:\/\/www.oarcanjo.net\/site\/o-papa-afirmou-que-a-igreja-sem-testemunho-e-esteril\/\"]}]},{\"@type\":\"BreadcrumbList\",\"@id\":\"https:\/\/www.oarcanjo.net\/site\/o-papa-afirmou-que-a-igreja-sem-testemunho-e-esteril\/#breadcrumb\",\"itemListElement\":[{\"@type\":\"ListItem\",\"position\":1,\"name\":\"In\u00edcio\",\"item\":\"https:\/\/www.oarcanjo.net\/site\/\"},{\"@type\":\"ListItem\",\"position\":2,\"name\":\"O Papa afirmou que a Igreja, sem testemunho, \u00e9 est\u00e9ril\"}]},{\"@type\":\"WebSite\",\"@id\":\"https:\/\/www.oarcanjo.net\/site\/#website\",\"url\":\"https:\/\/www.oarcanjo.net\/site\/\",\"name\":\"O Arcanjo no ar\",\"description\":\"Site da Par\u00f3quia S\u00e3o Miguel Arcanjo (Arquidiocese de SP)\",\"publisher\":{\"@id\":\"https:\/\/www.oarcanjo.net\/site\/#organization\"},\"potentialAction\":[{\"@type\":\"SearchAction\",\"target\":{\"@type\":\"EntryPoint\",\"urlTemplate\":\"https:\/\/www.oarcanjo.net\/site\/?s={search_term_string}\"},\"query-input\":{\"@type\":\"PropertyValueSpecification\",\"valueRequired\":true,\"valueName\":\"search_term_string\"}}],\"inLanguage\":\"pt-BR\"},{\"@type\":\"Organization\",\"@id\":\"https:\/\/www.oarcanjo.net\/site\/#organization\",\"name\":\"Par\u00f3quia S\u00e3o Miguel Arcanjo\",\"url\":\"https:\/\/www.oarcanjo.net\/site\/\",\"logo\":{\"@type\":\"ImageObject\",\"inLanguage\":\"pt-BR\",\"@id\":\"https:\/\/www.oarcanjo.net\/site\/#\/schema\/logo\/image\/\",\"url\":\"https:\/\/www.oarcanjo.net\/site\/wp-content\/uploads\/LogoOArcanjo.png\",\"contentUrl\":\"https:\/\/www.oarcanjo.net\/site\/wp-content\/uploads\/LogoOArcanjo.png\",\"width\":319,\"height\":99,\"caption\":\"Par\u00f3quia S\u00e3o Miguel Arcanjo\"},\"image\":{\"@id\":\"https:\/\/www.oarcanjo.net\/site\/#\/schema\/logo\/image\/\"},\"sameAs\":[\"https:\/\/www.facebook.com\/OArcanjoNoAr\/\"]},{\"@type\":\"Person\",\"@id\":\"https:\/\/www.oarcanjo.net\/site\/#\/schema\/person\/f7024d007863202483a31326673a0838\",\"name\":\"editor\",\"sameAs\":[\"http:\/\/www.oarcanjo.net\"]}]}<\/script>\n<!-- \/ Yoast SEO plugin. -->","yoast_head_json":{"title":"O Papa afirmou que a Igreja, sem testemunho, \u00e9 est\u00e9ril - O Arcanjo no ar","robots":{"index":"index","follow":"follow","max-snippet":"max-snippet:-1","max-image-preview":"max-image-preview:large","max-video-preview":"max-video-preview:-1"},"canonical":"https:\/\/www.oarcanjo.net\/site\/o-papa-afirmou-que-a-igreja-sem-testemunho-e-esteril\/","og_locale":"pt_BR","og_type":"article","og_title":"O Papa afirmou que a Igreja, sem testemunho, \u00e9 est\u00e9ril - O Arcanjo no ar","og_description":"A Igreja n\u00e3o \u00e9 uma universidade da religi\u00e3o \u2013 afirmou o Papa Francisco na Missa em Santa Marta na manh\u00e3 desta ter\u00e7a-feira na qual deixou uma mensagem clara: a Igreja sem testemunho \u00e9 est\u00e9ril.Na sua homilia o Santo Padre percorreu o caminho do mart\u00edrio de Estev\u00e3o, o primeiro m\u00e1rtir da Igreja. O primeiro de tantos [&hellip;]","og_url":"https:\/\/www.oarcanjo.net\/site\/o-papa-afirmou-que-a-igreja-sem-testemunho-e-esteril\/","og_site_name":"O Arcanjo no ar","article_publisher":"https:\/\/www.facebook.com\/OArcanjoNoAr\/","article_published_time":"2014-05-07T10:40:06+00:00","article_modified_time":"2014-05-08T10:45:59+00:00","og_image":[{"width":300,"height":300,"url":"https:\/\/www.oarcanjo.net\/site\/wp-content\/uploads\/logo-o-arcanjo-no-ar-facebook.png","type":"image\/png"}],"author":"editor","twitter_card":"summary_large_image","twitter_misc":{"Escrito por":"editor","Est. tempo de leitura":"2 minutos"},"schema":{"@context":"https:\/\/schema.org","@graph":[{"@type":"Article","@id":"https:\/\/www.oarcanjo.net\/site\/o-papa-afirmou-que-a-igreja-sem-testemunho-e-esteril\/#article","isPartOf":{"@id":"https:\/\/www.oarcanjo.net\/site\/o-papa-afirmou-que-a-igreja-sem-testemunho-e-esteril\/"},"author":{"name":"editor","@id":"https:\/\/www.oarcanjo.net\/site\/#\/schema\/person\/f7024d007863202483a31326673a0838"},"headline":"O Papa afirmou que a Igreja, sem testemunho, \u00e9 est\u00e9ril","datePublished":"2014-05-07T10:40:06+00:00","dateModified":"2014-05-08T10:45:59+00:00","mainEntityOfPage":{"@id":"https:\/\/www.oarcanjo.net\/site\/o-papa-afirmou-que-a-igreja-sem-testemunho-e-esteril\/"},"wordCount":427,"commentCount":0,"publisher":{"@id":"https:\/\/www.oarcanjo.net\/site\/#organization"},"keywords":["1\u00aa Enc\u00edclica do Papa Francisco","Santo Estev\u00e3o","testemunho"],"articleSection":["Not\u00edcias"],"inLanguage":"pt-BR","potentialAction":[{"@type":"CommentAction","name":"Comment","target":["https:\/\/www.oarcanjo.net\/site\/o-papa-afirmou-que-a-igreja-sem-testemunho-e-esteril\/#respond"]}]},{"@type":"WebPage","@id":"https:\/\/www.oarcanjo.net\/site\/o-papa-afirmou-que-a-igreja-sem-testemunho-e-esteril\/","url":"https:\/\/www.oarcanjo.net\/site\/o-papa-afirmou-que-a-igreja-sem-testemunho-e-esteril\/","name":"O Papa afirmou que a Igreja, sem testemunho, \u00e9 est\u00e9ril - O Arcanjo no ar","isPartOf":{"@id":"https:\/\/www.oarcanjo.net\/site\/#website"},"datePublished":"2014-05-07T10:40:06+00:00","dateModified":"2014-05-08T10:45:59+00:00","breadcrumb":{"@id":"https:\/\/www.oarcanjo.net\/site\/o-papa-afirmou-que-a-igreja-sem-testemunho-e-esteril\/#breadcrumb"},"inLanguage":"pt-BR","potentialAction":[{"@type":"ReadAction","target":["https:\/\/www.oarcanjo.net\/site\/o-papa-afirmou-que-a-igreja-sem-testemunho-e-esteril\/"]}]},{"@type":"BreadcrumbList","@id":"https:\/\/www.oarcanjo.net\/site\/o-papa-afirmou-que-a-igreja-sem-testemunho-e-esteril\/#breadcrumb","itemListElement":[{"@type":"ListItem","position":1,"name":"In\u00edcio","item":"https:\/\/www.oarcanjo.net\/site\/"},{"@type":"ListItem","position":2,"name":"O Papa afirmou que a Igreja, sem testemunho, \u00e9 est\u00e9ril"}]},{"@type":"WebSite","@id":"https:\/\/www.oarcanjo.net\/site\/#website","url":"https:\/\/www.oarcanjo.net\/site\/","name":"O Arcanjo no ar","description":"Site da Par\u00f3quia S\u00e3o Miguel Arcanjo (Arquidiocese de SP)","publisher":{"@id":"https:\/\/www.oarcanjo.net\/site\/#organization"},"potentialAction":[{"@type":"SearchAction","target":{"@type":"EntryPoint","urlTemplate":"https:\/\/www.oarcanjo.net\/site\/?s={search_term_string}"},"query-input":{"@type":"PropertyValueSpecification","valueRequired":true,"valueName":"search_term_string"}}],"inLanguage":"pt-BR"},{"@type":"Organization","@id":"https:\/\/www.oarcanjo.net\/site\/#organization","name":"Par\u00f3quia S\u00e3o Miguel Arcanjo","url":"https:\/\/www.oarcanjo.net\/site\/","logo":{"@type":"ImageObject","inLanguage":"pt-BR","@id":"https:\/\/www.oarcanjo.net\/site\/#\/schema\/logo\/image\/","url":"https:\/\/www.oarcanjo.net\/site\/wp-content\/uploads\/LogoOArcanjo.png","contentUrl":"https:\/\/www.oarcanjo.net\/site\/wp-content\/uploads\/LogoOArcanjo.png","width":319,"height":99,"caption":"Par\u00f3quia S\u00e3o Miguel Arcanjo"},"image":{"@id":"https:\/\/www.oarcanjo.net\/site\/#\/schema\/logo\/image\/"},"sameAs":["https:\/\/www.facebook.com\/OArcanjoNoAr\/"]},{"@type":"Person","@id":"https:\/\/www.oarcanjo.net\/site\/#\/schema\/person\/f7024d007863202483a31326673a0838","name":"editor","sameAs":["http:\/\/www.oarcanjo.net"]}]}},"publishpress_future_action":{"enabled":false,"date":"2026-05-07 03:11:49","action":"category","newStatus":"draft","terms":[],"taxonomy":"category"},"publishpress_future_workflow_manual_trigger":{"enabledWorkflows":[]},"_links":{"self":[{"href":"https:\/\/www.oarcanjo.net\/site\/wp-json\/wp\/v2\/posts\/40141"}],"collection":[{"href":"https:\/\/www.oarcanjo.net\/site\/wp-json\/wp\/v2\/posts"}],"about":[{"href":"https:\/\/www.oarcanjo.net\/site\/wp-json\/wp\/v2\/types\/post"}],"author":[{"embeddable":true,"href":"https:\/\/www.oarcanjo.net\/site\/wp-json\/wp\/v2\/users\/5"}],"replies":[{"embeddable":true,"href":"https:\/\/www.oarcanjo.net\/site\/wp-json\/wp\/v2\/comments?post=40141"}],"version-history":[{"count":0,"href":"https:\/\/www.oarcanjo.net\/site\/wp-json\/wp\/v2\/posts\/40141\/revisions"}],"wp:attachment":[{"href":"https:\/\/www.oarcanjo.net\/site\/wp-json\/wp\/v2\/media?parent=40141"}],"wp:term":[{"taxonomy":"category","embeddable":true,"href":"https:\/\/www.oarcanjo.net\/site\/wp-json\/wp\/v2\/categories?post=40141"},{"taxonomy":"post_tag","embeddable":true,"href":"https:\/\/www.oarcanjo.net\/site\/wp-json\/wp\/v2\/tags?post=40141"}],"curies":[{"name":"wp","href":"https:\/\/api.w.org\/{rel}","templated":true}]}}