
{"id":402,"date":"2008-10-28T23:11:14","date_gmt":"2008-10-29T02:11:14","guid":{"rendered":"http:\/\/www.oarcanjo.net\/site\/?p=402"},"modified":"2009-04-10T13:36:51","modified_gmt":"2009-04-10T16:36:51","slug":"fieis-celebram-dia-de-sao-judas","status":"publish","type":"post","link":"https:\/\/www.oarcanjo.net\/site\/fieis-celebram-dia-de-sao-judas\/","title":{"rendered":"Fi\u00e9is celebram festa de S\u00e3o Judas"},"content":{"rendered":"<div id=\"attachment_589\" style=\"width: 310px\" class=\"wp-caption alignnone\"><a href=\"http:\/\/www.oarcanjo.net\/site\/index.php\/destaque\/imagens-da-festa-de-sao-judas-tadeu\/\"><img loading=\"lazy\" decoding=\"async\" aria-describedby=\"caption-attachment-589\" src=\"http:\/\/www.oarcanjo.net\/site\/wp-content\/uploads\/foto-missa-saojudastadeu300.jpg\" alt=\"Clique na foto acima para ver as imagens da missa\" title=\"Missa de S\u00e3o Judas Tadeu - 28 de outubro de 2008\" width=\"300\" height=\"225\" class=\"size-full wp-image-589\" \/><\/a><p id=\"caption-attachment-589\" class=\"wp-caption-text\"><em>Clique na foto acima para ver as imagens da missa<\/em><\/p><\/div>\n<p>Centenas de fi\u00e9is participaram da celebra\u00e7\u00e3o em homenagem a S\u00e3o Judas Tadeu neste 28 de outubro, presidida pelo bispo da Regi\u00e3o Bel\u00e9m, dom Pedro Luiz Stringhini, e concelebrada pelo padres J\u00falio Lancellotti e dois ex-alunos da S\u00e3o Judas.<\/p>\n<p>A missa lotou a capela da Universidade. Muitos ficaram no lado de fora, mas puderam acompanhar por um tel\u00e3o e televisores.<\/p>\n<p>A Comunidade S\u00e3o Miguel Arcanjo estava presente com representantes das suas Pastorais. O Grupo de Canto abrilhantou a celebra\u00e7\u00e3o.<\/p>\n<p>A entrada da imagem de S\u00e3o Judas Tadeu revelou forte momento de f\u00e9. Aqueles que vieram \u00e0 celebra\u00e7\u00e3o o fizeram pela devo\u00e7\u00e3o a esse Ap\u00f3stolo e Santo t\u00e3o querido e que sempre intercede junto a Deus, especialmente pelas quest\u00f5es mais dif\u00edceis e at\u00e9 as consideradas imposs\u00edveis. O Evangelho nos fez refletir sobre a escolha dos Ap\u00f3stolos e especialmente de S\u00e3o Judas, o filho de Thiago.<\/p>\n<p>D. Pedro e o padre J\u00falio agradeceram \u00e0 dona Alzira Mesquita, chanceler da Universidade, e \u00e0 Professora Lilian, pr\u00f3-reitora de extens\u00e3o, o apoio dado \u00e0 Regi\u00e3o Bel\u00e9m e particularmente \u00e0 Par\u00f3quia S\u00e3o Miguel Arcanjo.<\/p>\n<p>Com muita emo\u00e7\u00e3o os presentes acompanharam a b\u00ean\u00e7\u00e3o do Sant\u00edssimo. Ao encerrar a celebra\u00e7\u00e3o todos puderam levar uma lembran\u00e7a, a imagem de S\u00e3o Judas. <\/p>\n<p>No final, o padre J\u00falio anunciou que todos poderiam acessar o site &#8220;O Arcanjo no Ar&#8221;, no endere\u00e7o <strong><a href=\"http:\/\/www.oarcanjo.net\">www.oarcanjo.net<\/a><\/strong>, inclusive para ver as fotos da celebra\u00e7\u00e3o (<a href=\"http:\/\/www.oarcanjo.net\/site\/index.php\/destaque\/imagens-da-festa-de-sao-judas-tadeu\/\">aqui<\/a>).<\/p>\n<p><em>Para assistir ao v\u00eddeo da Missa, clique abaixo:<\/em><br \/>\n<video style=\"width: 100%; height: auto; aspect-ratio: 480\/334; border: none; overflow: hidden;\" controls>\n                <source src=\"mms:\/\/mms.bizmedia.com.br\/bizmedia\/MissaSaoJudasTadeu2008.wmv\" type=\"video\/x-ms-wmv\">\n                <source src=\"mms:\/\/mms.bizmedia.com.br\/bizmedia\/MissaSaoJudasTadeu2008.wmv\" type=\"video\/wmv\">\n                Your browser does not support the video tag.\n            <\/video><\/p>\n<p><em>Carlos Alberto Beatriz e Rubens S. Meyer<\/em><\/p>\n<hr \/>\n<p><strong>Voc\u00ea tamb\u00e9m fez fotos da missa e quer compartilhar com a comunidade?<\/strong><br \/>\nEnvie para o email <a href=\"mailto:webmaster@oarcanjo.net\">webmaster@oarcanjo.net<\/a> ou entregue na secretaria da par\u00f3quia S\u00e3o Miguel Arcanjo (se precisar, clique <a href=\"\/site\/index.php\/informacoes\/\">aqui<\/a> para ver os hor\u00e1rios de atendimento e como chegar).<\/p>\n<div id=\"themify_builder_content-402\" data-postid=\"402\" class=\"themify_builder_content themify_builder_content-402 themify_builder themify_builder_front\">\n\t<\/div>\n<!-- \/themify_builder_content -->","protected":false},"excerpt":{"rendered":"<p>Centenas de fi\u00e9is participaram da celebra\u00e7\u00e3o em homenagem a S\u00e3o Judas Tadeu neste 28 de outubro, presidida pelo bispo da Regi\u00e3o Bel\u00e9m, dom Pedro Luiz Stringhini, e concelebrada pelo padres J\u00falio Lancellotti e dois ex-alunos da S\u00e3o Judas. A missa lotou a capela da Universidade. Muitos ficaram no lado de fora, mas puderam acompanhar por [&hellip;]<\/p>\n","protected":false},"author":5,"featured_media":0,"comment_status":"open","ping_status":"open","sticky":false,"template":"","format":"standard","meta":{"ngg_post_thumbnail":0,"footnotes":""},"categories":[477,8],"tags":[58,13],"yoast_head":"<!-- This site is optimized with the Yoast SEO plugin v23.5 - https:\/\/yoast.com\/wordpress\/plugins\/seo\/ -->\n<title>Fi\u00e9is celebram festa de S\u00e3o Judas - O Arcanjo no ar<\/title>\n<meta name=\"robots\" content=\"index, follow, max-snippet:-1, max-image-preview:large, max-video-preview:-1\" \/>\n<link rel=\"canonical\" href=\"https:\/\/www.oarcanjo.net\/site\/fieis-celebram-dia-de-sao-judas\/\" \/>\n<meta property=\"og:locale\" content=\"pt_BR\" \/>\n<meta property=\"og:type\" content=\"article\" \/>\n<meta property=\"og:title\" content=\"Fi\u00e9is celebram festa de S\u00e3o Judas - O Arcanjo no ar\" \/>\n<meta property=\"og:description\" content=\"Centenas de fi\u00e9is participaram da celebra\u00e7\u00e3o em homenagem a S\u00e3o Judas Tadeu neste 28 de outubro, presidida pelo bispo da Regi\u00e3o Bel\u00e9m, dom Pedro Luiz Stringhini, e concelebrada pelo padres J\u00falio Lancellotti e dois ex-alunos da S\u00e3o Judas. A missa lotou a capela da Universidade. Muitos ficaram no lado de fora, mas puderam acompanhar por [&hellip;]\" \/>\n<meta property=\"og:url\" content=\"https:\/\/www.oarcanjo.net\/site\/fieis-celebram-dia-de-sao-judas\/\" \/>\n<meta property=\"og:site_name\" content=\"O Arcanjo no ar\" \/>\n<meta property=\"article:publisher\" content=\"https:\/\/www.facebook.com\/OArcanjoNoAr\/\" \/>\n<meta property=\"article:published_time\" content=\"2008-10-29T02:11:14+00:00\" \/>\n<meta property=\"article:modified_time\" content=\"2009-04-10T16:36:51+00:00\" \/>\n<meta property=\"og:image\" content=\"http:\/\/www.oarcanjo.net\/site\/wp-content\/uploads\/foto-missa-saojudastadeu300.jpg\" \/>\n<meta name=\"author\" content=\"editor\" \/>\n<meta name=\"twitter:card\" content=\"summary_large_image\" \/>\n<meta name=\"twitter:label1\" content=\"Escrito por\" \/>\n\t<meta name=\"twitter:data1\" content=\"editor\" \/>\n\t<meta name=\"twitter:label2\" content=\"Est. tempo de leitura\" \/>\n\t<meta name=\"twitter:data2\" content=\"2 minutos\" \/>\n<script type=\"application\/ld+json\" class=\"yoast-schema-graph\">{\"@context\":\"https:\/\/schema.org\",\"@graph\":[{\"@type\":\"Article\",\"@id\":\"https:\/\/www.oarcanjo.net\/site\/fieis-celebram-dia-de-sao-judas\/#article\",\"isPartOf\":{\"@id\":\"https:\/\/www.oarcanjo.net\/site\/fieis-celebram-dia-de-sao-judas\/\"},\"author\":{\"name\":\"editor\",\"@id\":\"https:\/\/www.oarcanjo.net\/site\/#\/schema\/person\/f7024d007863202483a31326673a0838\"},\"headline\":\"Fi\u00e9is celebram festa de S\u00e3o Judas\",\"datePublished\":\"2008-10-29T02:11:14+00:00\",\"dateModified\":\"2009-04-10T16:36:51+00:00\",\"mainEntityOfPage\":{\"@id\":\"https:\/\/www.oarcanjo.net\/site\/fieis-celebram-dia-de-sao-judas\/\"},\"wordCount\":358,\"commentCount\":1,\"publisher\":{\"@id\":\"https:\/\/www.oarcanjo.net\/site\/#organization\"},\"image\":{\"@id\":\"https:\/\/www.oarcanjo.net\/site\/fieis-celebram-dia-de-sao-judas\/#primaryimage\"},\"thumbnailUrl\":\"http:\/\/www.oarcanjo.net\/site\/wp-content\/uploads\/foto-missa-saojudastadeu300.jpg\",\"keywords\":[\"celebra\u00e7\u00e3o\",\"S\u00e3o Judas Tadeu\"],\"articleSection\":[\"Eventos\",\"Not\u00edcias\"],\"inLanguage\":\"pt-BR\",\"potentialAction\":[{\"@type\":\"CommentAction\",\"name\":\"Comment\",\"target\":[\"https:\/\/www.oarcanjo.net\/site\/fieis-celebram-dia-de-sao-judas\/#respond\"]}]},{\"@type\":\"WebPage\",\"@id\":\"https:\/\/www.oarcanjo.net\/site\/fieis-celebram-dia-de-sao-judas\/\",\"url\":\"https:\/\/www.oarcanjo.net\/site\/fieis-celebram-dia-de-sao-judas\/\",\"name\":\"Fi\u00e9is celebram festa de S\u00e3o Judas - O Arcanjo no ar\",\"isPartOf\":{\"@id\":\"https:\/\/www.oarcanjo.net\/site\/#website\"},\"primaryImageOfPage\":{\"@id\":\"https:\/\/www.oarcanjo.net\/site\/fieis-celebram-dia-de-sao-judas\/#primaryimage\"},\"image\":{\"@id\":\"https:\/\/www.oarcanjo.net\/site\/fieis-celebram-dia-de-sao-judas\/#primaryimage\"},\"thumbnailUrl\":\"http:\/\/www.oarcanjo.net\/site\/wp-content\/uploads\/foto-missa-saojudastadeu300.jpg\",\"datePublished\":\"2008-10-29T02:11:14+00:00\",\"dateModified\":\"2009-04-10T16:36:51+00:00\",\"breadcrumb\":{\"@id\":\"https:\/\/www.oarcanjo.net\/site\/fieis-celebram-dia-de-sao-judas\/#breadcrumb\"},\"inLanguage\":\"pt-BR\",\"potentialAction\":[{\"@type\":\"ReadAction\",\"target\":[\"https:\/\/www.oarcanjo.net\/site\/fieis-celebram-dia-de-sao-judas\/\"]}]},{\"@type\":\"ImageObject\",\"inLanguage\":\"pt-BR\",\"@id\":\"https:\/\/www.oarcanjo.net\/site\/fieis-celebram-dia-de-sao-judas\/#primaryimage\",\"url\":\"https:\/\/www.oarcanjo.net\/site\/wp-content\/uploads\/foto-missa-saojudastadeu300.jpg\",\"contentUrl\":\"https:\/\/www.oarcanjo.net\/site\/wp-content\/uploads\/foto-missa-saojudastadeu300.jpg\",\"width\":300,\"height\":225,\"caption\":\"Clique na foto acima para ver as imagens da missa\"},{\"@type\":\"BreadcrumbList\",\"@id\":\"https:\/\/www.oarcanjo.net\/site\/fieis-celebram-dia-de-sao-judas\/#breadcrumb\",\"itemListElement\":[{\"@type\":\"ListItem\",\"position\":1,\"name\":\"In\u00edcio\",\"item\":\"https:\/\/www.oarcanjo.net\/site\/\"},{\"@type\":\"ListItem\",\"position\":2,\"name\":\"Fi\u00e9is celebram festa de S\u00e3o Judas\"}]},{\"@type\":\"WebSite\",\"@id\":\"https:\/\/www.oarcanjo.net\/site\/#website\",\"url\":\"https:\/\/www.oarcanjo.net\/site\/\",\"name\":\"O Arcanjo no ar\",\"description\":\"Site da Par\u00f3quia S\u00e3o Miguel Arcanjo (Arquidiocese de SP)\",\"publisher\":{\"@id\":\"https:\/\/www.oarcanjo.net\/site\/#organization\"},\"potentialAction\":[{\"@type\":\"SearchAction\",\"target\":{\"@type\":\"EntryPoint\",\"urlTemplate\":\"https:\/\/www.oarcanjo.net\/site\/?s={search_term_string}\"},\"query-input\":{\"@type\":\"PropertyValueSpecification\",\"valueRequired\":true,\"valueName\":\"search_term_string\"}}],\"inLanguage\":\"pt-BR\"},{\"@type\":\"Organization\",\"@id\":\"https:\/\/www.oarcanjo.net\/site\/#organization\",\"name\":\"Par\u00f3quia S\u00e3o Miguel Arcanjo\",\"url\":\"https:\/\/www.oarcanjo.net\/site\/\",\"logo\":{\"@type\":\"ImageObject\",\"inLanguage\":\"pt-BR\",\"@id\":\"https:\/\/www.oarcanjo.net\/site\/#\/schema\/logo\/image\/\",\"url\":\"https:\/\/www.oarcanjo.net\/site\/wp-content\/uploads\/LogoOArcanjo.png\",\"contentUrl\":\"https:\/\/www.oarcanjo.net\/site\/wp-content\/uploads\/LogoOArcanjo.png\",\"width\":319,\"height\":99,\"caption\":\"Par\u00f3quia S\u00e3o Miguel Arcanjo\"},\"image\":{\"@id\":\"https:\/\/www.oarcanjo.net\/site\/#\/schema\/logo\/image\/\"},\"sameAs\":[\"https:\/\/www.facebook.com\/OArcanjoNoAr\/\"]},{\"@type\":\"Person\",\"@id\":\"https:\/\/www.oarcanjo.net\/site\/#\/schema\/person\/f7024d007863202483a31326673a0838\",\"name\":\"editor\",\"sameAs\":[\"http:\/\/www.oarcanjo.net\"]}]}<\/script>\n<!-- \/ Yoast SEO plugin. -->","yoast_head_json":{"title":"Fi\u00e9is celebram festa de S\u00e3o Judas - O Arcanjo no ar","robots":{"index":"index","follow":"follow","max-snippet":"max-snippet:-1","max-image-preview":"max-image-preview:large","max-video-preview":"max-video-preview:-1"},"canonical":"https:\/\/www.oarcanjo.net\/site\/fieis-celebram-dia-de-sao-judas\/","og_locale":"pt_BR","og_type":"article","og_title":"Fi\u00e9is celebram festa de S\u00e3o Judas - O Arcanjo no ar","og_description":"Centenas de fi\u00e9is participaram da celebra\u00e7\u00e3o em homenagem a S\u00e3o Judas Tadeu neste 28 de outubro, presidida pelo bispo da Regi\u00e3o Bel\u00e9m, dom Pedro Luiz Stringhini, e concelebrada pelo padres J\u00falio Lancellotti e dois ex-alunos da S\u00e3o Judas. A missa lotou a capela da Universidade. Muitos ficaram no lado de fora, mas puderam acompanhar por [&hellip;]","og_url":"https:\/\/www.oarcanjo.net\/site\/fieis-celebram-dia-de-sao-judas\/","og_site_name":"O Arcanjo no ar","article_publisher":"https:\/\/www.facebook.com\/OArcanjoNoAr\/","article_published_time":"2008-10-29T02:11:14+00:00","article_modified_time":"2009-04-10T16:36:51+00:00","og_image":[{"url":"http:\/\/www.oarcanjo.net\/site\/wp-content\/uploads\/foto-missa-saojudastadeu300.jpg"}],"author":"editor","twitter_card":"summary_large_image","twitter_misc":{"Escrito por":"editor","Est. tempo de leitura":"2 minutos"},"schema":{"@context":"https:\/\/schema.org","@graph":[{"@type":"Article","@id":"https:\/\/www.oarcanjo.net\/site\/fieis-celebram-dia-de-sao-judas\/#article","isPartOf":{"@id":"https:\/\/www.oarcanjo.net\/site\/fieis-celebram-dia-de-sao-judas\/"},"author":{"name":"editor","@id":"https:\/\/www.oarcanjo.net\/site\/#\/schema\/person\/f7024d007863202483a31326673a0838"},"headline":"Fi\u00e9is celebram festa de S\u00e3o Judas","datePublished":"2008-10-29T02:11:14+00:00","dateModified":"2009-04-10T16:36:51+00:00","mainEntityOfPage":{"@id":"https:\/\/www.oarcanjo.net\/site\/fieis-celebram-dia-de-sao-judas\/"},"wordCount":358,"commentCount":1,"publisher":{"@id":"https:\/\/www.oarcanjo.net\/site\/#organization"},"image":{"@id":"https:\/\/www.oarcanjo.net\/site\/fieis-celebram-dia-de-sao-judas\/#primaryimage"},"thumbnailUrl":"http:\/\/www.oarcanjo.net\/site\/wp-content\/uploads\/foto-missa-saojudastadeu300.jpg","keywords":["celebra\u00e7\u00e3o","S\u00e3o Judas Tadeu"],"articleSection":["Eventos","Not\u00edcias"],"inLanguage":"pt-BR","potentialAction":[{"@type":"CommentAction","name":"Comment","target":["https:\/\/www.oarcanjo.net\/site\/fieis-celebram-dia-de-sao-judas\/#respond"]}]},{"@type":"WebPage","@id":"https:\/\/www.oarcanjo.net\/site\/fieis-celebram-dia-de-sao-judas\/","url":"https:\/\/www.oarcanjo.net\/site\/fieis-celebram-dia-de-sao-judas\/","name":"Fi\u00e9is celebram festa de S\u00e3o Judas - O Arcanjo no ar","isPartOf":{"@id":"https:\/\/www.oarcanjo.net\/site\/#website"},"primaryImageOfPage":{"@id":"https:\/\/www.oarcanjo.net\/site\/fieis-celebram-dia-de-sao-judas\/#primaryimage"},"image":{"@id":"https:\/\/www.oarcanjo.net\/site\/fieis-celebram-dia-de-sao-judas\/#primaryimage"},"thumbnailUrl":"http:\/\/www.oarcanjo.net\/site\/wp-content\/uploads\/foto-missa-saojudastadeu300.jpg","datePublished":"2008-10-29T02:11:14+00:00","dateModified":"2009-04-10T16:36:51+00:00","breadcrumb":{"@id":"https:\/\/www.oarcanjo.net\/site\/fieis-celebram-dia-de-sao-judas\/#breadcrumb"},"inLanguage":"pt-BR","potentialAction":[{"@type":"ReadAction","target":["https:\/\/www.oarcanjo.net\/site\/fieis-celebram-dia-de-sao-judas\/"]}]},{"@type":"ImageObject","inLanguage":"pt-BR","@id":"https:\/\/www.oarcanjo.net\/site\/fieis-celebram-dia-de-sao-judas\/#primaryimage","url":"https:\/\/www.oarcanjo.net\/site\/wp-content\/uploads\/foto-missa-saojudastadeu300.jpg","contentUrl":"https:\/\/www.oarcanjo.net\/site\/wp-content\/uploads\/foto-missa-saojudastadeu300.jpg","width":300,"height":225,"caption":"Clique na foto acima para ver as imagens da missa"},{"@type":"BreadcrumbList","@id":"https:\/\/www.oarcanjo.net\/site\/fieis-celebram-dia-de-sao-judas\/#breadcrumb","itemListElement":[{"@type":"ListItem","position":1,"name":"In\u00edcio","item":"https:\/\/www.oarcanjo.net\/site\/"},{"@type":"ListItem","position":2,"name":"Fi\u00e9is celebram festa de S\u00e3o Judas"}]},{"@type":"WebSite","@id":"https:\/\/www.oarcanjo.net\/site\/#website","url":"https:\/\/www.oarcanjo.net\/site\/","name":"O Arcanjo no ar","description":"Site da Par\u00f3quia S\u00e3o Miguel Arcanjo (Arquidiocese de SP)","publisher":{"@id":"https:\/\/www.oarcanjo.net\/site\/#organization"},"potentialAction":[{"@type":"SearchAction","target":{"@type":"EntryPoint","urlTemplate":"https:\/\/www.oarcanjo.net\/site\/?s={search_term_string}"},"query-input":{"@type":"PropertyValueSpecification","valueRequired":true,"valueName":"search_term_string"}}],"inLanguage":"pt-BR"},{"@type":"Organization","@id":"https:\/\/www.oarcanjo.net\/site\/#organization","name":"Par\u00f3quia S\u00e3o Miguel Arcanjo","url":"https:\/\/www.oarcanjo.net\/site\/","logo":{"@type":"ImageObject","inLanguage":"pt-BR","@id":"https:\/\/www.oarcanjo.net\/site\/#\/schema\/logo\/image\/","url":"https:\/\/www.oarcanjo.net\/site\/wp-content\/uploads\/LogoOArcanjo.png","contentUrl":"https:\/\/www.oarcanjo.net\/site\/wp-content\/uploads\/LogoOArcanjo.png","width":319,"height":99,"caption":"Par\u00f3quia S\u00e3o Miguel Arcanjo"},"image":{"@id":"https:\/\/www.oarcanjo.net\/site\/#\/schema\/logo\/image\/"},"sameAs":["https:\/\/www.facebook.com\/OArcanjoNoAr\/"]},{"@type":"Person","@id":"https:\/\/www.oarcanjo.net\/site\/#\/schema\/person\/f7024d007863202483a31326673a0838","name":"editor","sameAs":["http:\/\/www.oarcanjo.net"]}]}},"publishpress_future_action":{"enabled":false,"date":"2026-05-08 16:57:58","action":"category","newStatus":"draft","terms":[],"taxonomy":"category"},"publishpress_future_workflow_manual_trigger":{"enabledWorkflows":[]},"_links":{"self":[{"href":"https:\/\/www.oarcanjo.net\/site\/wp-json\/wp\/v2\/posts\/402"}],"collection":[{"href":"https:\/\/www.oarcanjo.net\/site\/wp-json\/wp\/v2\/posts"}],"about":[{"href":"https:\/\/www.oarcanjo.net\/site\/wp-json\/wp\/v2\/types\/post"}],"author":[{"embeddable":true,"href":"https:\/\/www.oarcanjo.net\/site\/wp-json\/wp\/v2\/users\/5"}],"replies":[{"embeddable":true,"href":"https:\/\/www.oarcanjo.net\/site\/wp-json\/wp\/v2\/comments?post=402"}],"version-history":[{"count":0,"href":"https:\/\/www.oarcanjo.net\/site\/wp-json\/wp\/v2\/posts\/402\/revisions"}],"wp:attachment":[{"href":"https:\/\/www.oarcanjo.net\/site\/wp-json\/wp\/v2\/media?parent=402"}],"wp:term":[{"taxonomy":"category","embeddable":true,"href":"https:\/\/www.oarcanjo.net\/site\/wp-json\/wp\/v2\/categories?post=402"},{"taxonomy":"post_tag","embeddable":true,"href":"https:\/\/www.oarcanjo.net\/site\/wp-json\/wp\/v2\/tags?post=402"}],"curies":[{"name":"wp","href":"https:\/\/api.w.org\/{rel}","templated":true}]}}