
{"id":4021,"date":"2009-06-19T16:02:42","date_gmt":"2009-06-19T19:02:42","guid":{"rendered":"http:\/\/www.oarcanjo.net\/site\/?p=4021"},"modified":"2009-06-20T00:04:50","modified_gmt":"2009-06-20T03:04:50","slug":"o-cura-e-o-ano-sacerdotal","status":"publish","type":"post","link":"https:\/\/www.oarcanjo.net\/site\/o-cura-e-o-ano-sacerdotal\/","title":{"rendered":"O Cura e o ano sacerdotal"},"content":{"rendered":"<p>Dom Alo\u00edsio Sin\u00e9sio Bohn<\/p>\n<p>No dia 08 de maio de 1786 nasceu em Dardilly, perto de Lyon (Fran\u00e7a), o menino Jo\u00e3o Maria Vianney. Seus pais &#8211; Mateus e Maria Beluze &#8211; educaram o filho na f\u00e9 crist\u00e3. Quando fez 11 anos, sua fam\u00edlia foi visitada clandestinamente por um sacerdote (Padre Groboz) e ali mesmo, em casa, fez a primeira experi\u00eancia de confiss\u00e3o auricular. A primeira comunh\u00e3o, Jo\u00e3o, apelidado de \u201cgordinho\u201d, fez dois anos depois, tamb\u00e9m \u00e0s escondidas, por causa da Revolu\u00e7\u00e3o Francesa.<\/p>\n<p>O gordinho era muito piedoso, mas tinha dificuldade no estudo. Outra dificuldade encontrou no ex\u00e9rcito napole\u00f4nico, em marcha para a Espanha: n\u00e3o acertava o passo com seu batalh\u00e3o!<\/p>\n<p>O jovem entrou no semin\u00e1rio, muito desejoso de ser padre. Conta-se que os professores queriam impedir o acesso \u00e0s ordens sagradas, mas um deles falou ao vig\u00e1rio geral: \u201c\u00c9 uma l\u00e1stima, porque \u00e9 um modelo de piedade\u201d. Este interveio: \u201c\u00c9 um modelo de piedade? Ent\u00e3o eu o promovo e a gra\u00e7a de Deus far\u00e1 o resto!\u201d Foi ordenado padre e, em 1818, aos 32 anos, foi enviado para Ars uma pequena par\u00f3quia rural, onde o santo cura permaneceu at\u00e9 a morte, aos 04 de agosto de 1859, com 73 anos de idade.<\/p>\n<p>O Cura d\u2019Ars foi um ex\u00edmio confessor e diretor espiritual. Chegava a permanecer 18 horas por dia no confession\u00e1rio. Rapidamente sua fama se espalhou pela Fran\u00e7a e pa\u00edses vizinhos e Ars tornou-se um centro de peregrina\u00e7\u00e3o.<\/p>\n<p>Outra virtude do Cura d\u2019Ars foi sua imensa bondade e generosidade. Usava uma desbotada batina. Um pobre vestia um par de cal\u00e7as muito ruins. O santo trocou sua cal\u00e7a pela do mendigo. \u00c0s vezes doava tamb\u00e9m as meias e os sapatos.<\/p>\n<p>Para os \u00f3rf\u00e3os criou a \u201cProvidencia\u201d, um orfanato, cuja dire\u00e7\u00e3o coube a Catarina Lassagne.<\/p>\n<p>Para comemorar os 150 anos do falecimento de S\u00e3o Jo\u00e3o Maria Vianney, o papa Bento XVI proclamou um especial \u201cAno Sacerdotal\u201d. Ele mesmo abre o ano especial em Roma, dia 19 de junho, na festa do Sagrado Cora\u00e7\u00e3o de Jesus. O Papa proclama o Cura d\u2019Ars como padroeiro de todos sacerdotes. O encerramento ser\u00e1 dia 19 de junho de 2010, na Pra\u00e7a S\u00e3o Pedro, em Roma, na presen\u00e7a de milhares de presb\u00edteros do mundo inteiro.<\/p>\n<p>Na Diocese de Santa Cruz do Sul \u00e9 aberto o \u201cAno Sacerdotal\u201d em Santa Clara do Sul, tamb\u00e9m dia 19 de junho, no encontro regional do Apostolado da Ora\u00e7\u00e3o. Pede-se aos fi\u00e9is que neste ano se lembrem de orar pelos padres e pelas voca\u00e7\u00f5es sacerdotais. E os pr\u00f3prios presb\u00edteros orem pelo povo a eles confiado. E oremos todos uns pelos outros. <\/p>\n<div id=\"themify_builder_content-4021\" data-postid=\"4021\" class=\"themify_builder_content themify_builder_content-4021 themify_builder themify_builder_front\">\n\t<\/div>\n<!-- \/themify_builder_content -->","protected":false},"excerpt":{"rendered":"<p>Dom Alo\u00edsio Sin\u00e9sio Bohn No dia 08 de maio de 1786 nasceu em Dardilly, perto de Lyon (Fran\u00e7a), o menino Jo\u00e3o Maria Vianney. Seus pais &#8211; Mateus e Maria Beluze &#8211; educaram o filho na f\u00e9 crist\u00e3. Quando fez 11 anos, sua fam\u00edlia foi visitada clandestinamente por um sacerdote (Padre Groboz) e ali mesmo, em [&hellip;]<\/p>\n","protected":false},"author":5,"featured_media":0,"comment_status":"open","ping_status":"open","sticky":false,"template":"","format":"standard","meta":{"ngg_post_thumbnail":0,"footnotes":""},"categories":[9],"tags":[773,812],"yoast_head":"<!-- This site is optimized with the Yoast SEO plugin v23.5 - https:\/\/yoast.com\/wordpress\/plugins\/seo\/ -->\n<title>O Cura e o ano sacerdotal - O Arcanjo no ar<\/title>\n<meta name=\"robots\" content=\"index, follow, max-snippet:-1, max-image-preview:large, max-video-preview:-1\" \/>\n<link rel=\"canonical\" href=\"https:\/\/www.oarcanjo.net\/site\/o-cura-e-o-ano-sacerdotal\/\" \/>\n<meta property=\"og:locale\" content=\"pt_BR\" \/>\n<meta property=\"og:type\" content=\"article\" \/>\n<meta property=\"og:title\" content=\"O Cura e o ano sacerdotal - O Arcanjo no ar\" \/>\n<meta property=\"og:description\" content=\"Dom Alo\u00edsio Sin\u00e9sio Bohn No dia 08 de maio de 1786 nasceu em Dardilly, perto de Lyon (Fran\u00e7a), o menino Jo\u00e3o Maria Vianney. Seus pais &#8211; Mateus e Maria Beluze &#8211; educaram o filho na f\u00e9 crist\u00e3. Quando fez 11 anos, sua fam\u00edlia foi visitada clandestinamente por um sacerdote (Padre Groboz) e ali mesmo, em [&hellip;]\" \/>\n<meta property=\"og:url\" content=\"https:\/\/www.oarcanjo.net\/site\/o-cura-e-o-ano-sacerdotal\/\" \/>\n<meta property=\"og:site_name\" content=\"O Arcanjo no ar\" \/>\n<meta property=\"article:publisher\" content=\"https:\/\/www.facebook.com\/OArcanjoNoAr\/\" \/>\n<meta property=\"article:published_time\" content=\"2009-06-19T19:02:42+00:00\" \/>\n<meta property=\"article:modified_time\" content=\"2009-06-20T03:04:50+00:00\" \/>\n<meta property=\"og:image\" content=\"https:\/\/www.oarcanjo.net\/site\/wp-content\/uploads\/logo-o-arcanjo-no-ar-facebook.png\" \/>\n\t<meta property=\"og:image:width\" content=\"300\" \/>\n\t<meta property=\"og:image:height\" content=\"300\" \/>\n\t<meta property=\"og:image:type\" content=\"image\/png\" \/>\n<meta name=\"author\" content=\"editor\" \/>\n<meta name=\"twitter:card\" content=\"summary_large_image\" \/>\n<meta name=\"twitter:label1\" content=\"Escrito por\" \/>\n\t<meta name=\"twitter:data1\" content=\"editor\" \/>\n\t<meta name=\"twitter:label2\" content=\"Est. tempo de leitura\" \/>\n\t<meta name=\"twitter:data2\" content=\"2 minutos\" \/>\n<script type=\"application\/ld+json\" class=\"yoast-schema-graph\">{\"@context\":\"https:\/\/schema.org\",\"@graph\":[{\"@type\":\"Article\",\"@id\":\"https:\/\/www.oarcanjo.net\/site\/o-cura-e-o-ano-sacerdotal\/#article\",\"isPartOf\":{\"@id\":\"https:\/\/www.oarcanjo.net\/site\/o-cura-e-o-ano-sacerdotal\/\"},\"author\":{\"name\":\"editor\",\"@id\":\"https:\/\/www.oarcanjo.net\/site\/#\/schema\/person\/f7024d007863202483a31326673a0838\"},\"headline\":\"O Cura e o ano sacerdotal\",\"datePublished\":\"2009-06-19T19:02:42+00:00\",\"dateModified\":\"2009-06-20T03:04:50+00:00\",\"mainEntityOfPage\":{\"@id\":\"https:\/\/www.oarcanjo.net\/site\/o-cura-e-o-ano-sacerdotal\/\"},\"wordCount\":464,\"commentCount\":0,\"publisher\":{\"@id\":\"https:\/\/www.oarcanjo.net\/site\/#organization\"},\"keywords\":[\"Ano Sacerdotal\",\"Santo Cura d'Ars\"],\"articleSection\":[\"Reflex\u00f5es\"],\"inLanguage\":\"pt-BR\",\"potentialAction\":[{\"@type\":\"CommentAction\",\"name\":\"Comment\",\"target\":[\"https:\/\/www.oarcanjo.net\/site\/o-cura-e-o-ano-sacerdotal\/#respond\"]}]},{\"@type\":\"WebPage\",\"@id\":\"https:\/\/www.oarcanjo.net\/site\/o-cura-e-o-ano-sacerdotal\/\",\"url\":\"https:\/\/www.oarcanjo.net\/site\/o-cura-e-o-ano-sacerdotal\/\",\"name\":\"O Cura e o ano sacerdotal - O Arcanjo no ar\",\"isPartOf\":{\"@id\":\"https:\/\/www.oarcanjo.net\/site\/#website\"},\"datePublished\":\"2009-06-19T19:02:42+00:00\",\"dateModified\":\"2009-06-20T03:04:50+00:00\",\"breadcrumb\":{\"@id\":\"https:\/\/www.oarcanjo.net\/site\/o-cura-e-o-ano-sacerdotal\/#breadcrumb\"},\"inLanguage\":\"pt-BR\",\"potentialAction\":[{\"@type\":\"ReadAction\",\"target\":[\"https:\/\/www.oarcanjo.net\/site\/o-cura-e-o-ano-sacerdotal\/\"]}]},{\"@type\":\"BreadcrumbList\",\"@id\":\"https:\/\/www.oarcanjo.net\/site\/o-cura-e-o-ano-sacerdotal\/#breadcrumb\",\"itemListElement\":[{\"@type\":\"ListItem\",\"position\":1,\"name\":\"In\u00edcio\",\"item\":\"https:\/\/www.oarcanjo.net\/site\/\"},{\"@type\":\"ListItem\",\"position\":2,\"name\":\"O Cura e o ano sacerdotal\"}]},{\"@type\":\"WebSite\",\"@id\":\"https:\/\/www.oarcanjo.net\/site\/#website\",\"url\":\"https:\/\/www.oarcanjo.net\/site\/\",\"name\":\"O Arcanjo no ar\",\"description\":\"Site da Par\u00f3quia S\u00e3o Miguel Arcanjo (Arquidiocese de SP)\",\"publisher\":{\"@id\":\"https:\/\/www.oarcanjo.net\/site\/#organization\"},\"potentialAction\":[{\"@type\":\"SearchAction\",\"target\":{\"@type\":\"EntryPoint\",\"urlTemplate\":\"https:\/\/www.oarcanjo.net\/site\/?s={search_term_string}\"},\"query-input\":{\"@type\":\"PropertyValueSpecification\",\"valueRequired\":true,\"valueName\":\"search_term_string\"}}],\"inLanguage\":\"pt-BR\"},{\"@type\":\"Organization\",\"@id\":\"https:\/\/www.oarcanjo.net\/site\/#organization\",\"name\":\"Par\u00f3quia S\u00e3o Miguel Arcanjo\",\"url\":\"https:\/\/www.oarcanjo.net\/site\/\",\"logo\":{\"@type\":\"ImageObject\",\"inLanguage\":\"pt-BR\",\"@id\":\"https:\/\/www.oarcanjo.net\/site\/#\/schema\/logo\/image\/\",\"url\":\"https:\/\/www.oarcanjo.net\/site\/wp-content\/uploads\/LogoOArcanjo.png\",\"contentUrl\":\"https:\/\/www.oarcanjo.net\/site\/wp-content\/uploads\/LogoOArcanjo.png\",\"width\":319,\"height\":99,\"caption\":\"Par\u00f3quia S\u00e3o Miguel Arcanjo\"},\"image\":{\"@id\":\"https:\/\/www.oarcanjo.net\/site\/#\/schema\/logo\/image\/\"},\"sameAs\":[\"https:\/\/www.facebook.com\/OArcanjoNoAr\/\"]},{\"@type\":\"Person\",\"@id\":\"https:\/\/www.oarcanjo.net\/site\/#\/schema\/person\/f7024d007863202483a31326673a0838\",\"name\":\"editor\",\"sameAs\":[\"http:\/\/www.oarcanjo.net\"]}]}<\/script>\n<!-- \/ Yoast SEO plugin. -->","yoast_head_json":{"title":"O Cura e o ano sacerdotal - O Arcanjo no ar","robots":{"index":"index","follow":"follow","max-snippet":"max-snippet:-1","max-image-preview":"max-image-preview:large","max-video-preview":"max-video-preview:-1"},"canonical":"https:\/\/www.oarcanjo.net\/site\/o-cura-e-o-ano-sacerdotal\/","og_locale":"pt_BR","og_type":"article","og_title":"O Cura e o ano sacerdotal - O Arcanjo no ar","og_description":"Dom Alo\u00edsio Sin\u00e9sio Bohn No dia 08 de maio de 1786 nasceu em Dardilly, perto de Lyon (Fran\u00e7a), o menino Jo\u00e3o Maria Vianney. Seus pais &#8211; Mateus e Maria Beluze &#8211; educaram o filho na f\u00e9 crist\u00e3. Quando fez 11 anos, sua fam\u00edlia foi visitada clandestinamente por um sacerdote (Padre Groboz) e ali mesmo, em [&hellip;]","og_url":"https:\/\/www.oarcanjo.net\/site\/o-cura-e-o-ano-sacerdotal\/","og_site_name":"O Arcanjo no ar","article_publisher":"https:\/\/www.facebook.com\/OArcanjoNoAr\/","article_published_time":"2009-06-19T19:02:42+00:00","article_modified_time":"2009-06-20T03:04:50+00:00","og_image":[{"width":300,"height":300,"url":"https:\/\/www.oarcanjo.net\/site\/wp-content\/uploads\/logo-o-arcanjo-no-ar-facebook.png","type":"image\/png"}],"author":"editor","twitter_card":"summary_large_image","twitter_misc":{"Escrito por":"editor","Est. tempo de leitura":"2 minutos"},"schema":{"@context":"https:\/\/schema.org","@graph":[{"@type":"Article","@id":"https:\/\/www.oarcanjo.net\/site\/o-cura-e-o-ano-sacerdotal\/#article","isPartOf":{"@id":"https:\/\/www.oarcanjo.net\/site\/o-cura-e-o-ano-sacerdotal\/"},"author":{"name":"editor","@id":"https:\/\/www.oarcanjo.net\/site\/#\/schema\/person\/f7024d007863202483a31326673a0838"},"headline":"O Cura e o ano sacerdotal","datePublished":"2009-06-19T19:02:42+00:00","dateModified":"2009-06-20T03:04:50+00:00","mainEntityOfPage":{"@id":"https:\/\/www.oarcanjo.net\/site\/o-cura-e-o-ano-sacerdotal\/"},"wordCount":464,"commentCount":0,"publisher":{"@id":"https:\/\/www.oarcanjo.net\/site\/#organization"},"keywords":["Ano Sacerdotal","Santo Cura d'Ars"],"articleSection":["Reflex\u00f5es"],"inLanguage":"pt-BR","potentialAction":[{"@type":"CommentAction","name":"Comment","target":["https:\/\/www.oarcanjo.net\/site\/o-cura-e-o-ano-sacerdotal\/#respond"]}]},{"@type":"WebPage","@id":"https:\/\/www.oarcanjo.net\/site\/o-cura-e-o-ano-sacerdotal\/","url":"https:\/\/www.oarcanjo.net\/site\/o-cura-e-o-ano-sacerdotal\/","name":"O Cura e o ano sacerdotal - O Arcanjo no ar","isPartOf":{"@id":"https:\/\/www.oarcanjo.net\/site\/#website"},"datePublished":"2009-06-19T19:02:42+00:00","dateModified":"2009-06-20T03:04:50+00:00","breadcrumb":{"@id":"https:\/\/www.oarcanjo.net\/site\/o-cura-e-o-ano-sacerdotal\/#breadcrumb"},"inLanguage":"pt-BR","potentialAction":[{"@type":"ReadAction","target":["https:\/\/www.oarcanjo.net\/site\/o-cura-e-o-ano-sacerdotal\/"]}]},{"@type":"BreadcrumbList","@id":"https:\/\/www.oarcanjo.net\/site\/o-cura-e-o-ano-sacerdotal\/#breadcrumb","itemListElement":[{"@type":"ListItem","position":1,"name":"In\u00edcio","item":"https:\/\/www.oarcanjo.net\/site\/"},{"@type":"ListItem","position":2,"name":"O Cura e o ano sacerdotal"}]},{"@type":"WebSite","@id":"https:\/\/www.oarcanjo.net\/site\/#website","url":"https:\/\/www.oarcanjo.net\/site\/","name":"O Arcanjo no ar","description":"Site da Par\u00f3quia S\u00e3o Miguel Arcanjo (Arquidiocese de SP)","publisher":{"@id":"https:\/\/www.oarcanjo.net\/site\/#organization"},"potentialAction":[{"@type":"SearchAction","target":{"@type":"EntryPoint","urlTemplate":"https:\/\/www.oarcanjo.net\/site\/?s={search_term_string}"},"query-input":{"@type":"PropertyValueSpecification","valueRequired":true,"valueName":"search_term_string"}}],"inLanguage":"pt-BR"},{"@type":"Organization","@id":"https:\/\/www.oarcanjo.net\/site\/#organization","name":"Par\u00f3quia S\u00e3o Miguel Arcanjo","url":"https:\/\/www.oarcanjo.net\/site\/","logo":{"@type":"ImageObject","inLanguage":"pt-BR","@id":"https:\/\/www.oarcanjo.net\/site\/#\/schema\/logo\/image\/","url":"https:\/\/www.oarcanjo.net\/site\/wp-content\/uploads\/LogoOArcanjo.png","contentUrl":"https:\/\/www.oarcanjo.net\/site\/wp-content\/uploads\/LogoOArcanjo.png","width":319,"height":99,"caption":"Par\u00f3quia S\u00e3o Miguel Arcanjo"},"image":{"@id":"https:\/\/www.oarcanjo.net\/site\/#\/schema\/logo\/image\/"},"sameAs":["https:\/\/www.facebook.com\/OArcanjoNoAr\/"]},{"@type":"Person","@id":"https:\/\/www.oarcanjo.net\/site\/#\/schema\/person\/f7024d007863202483a31326673a0838","name":"editor","sameAs":["http:\/\/www.oarcanjo.net"]}]}},"publishpress_future_action":{"enabled":false,"date":"2026-05-09 10:23:42","action":"category","newStatus":"draft","terms":[],"taxonomy":"category"},"publishpress_future_workflow_manual_trigger":{"enabledWorkflows":[]},"_links":{"self":[{"href":"https:\/\/www.oarcanjo.net\/site\/wp-json\/wp\/v2\/posts\/4021"}],"collection":[{"href":"https:\/\/www.oarcanjo.net\/site\/wp-json\/wp\/v2\/posts"}],"about":[{"href":"https:\/\/www.oarcanjo.net\/site\/wp-json\/wp\/v2\/types\/post"}],"author":[{"embeddable":true,"href":"https:\/\/www.oarcanjo.net\/site\/wp-json\/wp\/v2\/users\/5"}],"replies":[{"embeddable":true,"href":"https:\/\/www.oarcanjo.net\/site\/wp-json\/wp\/v2\/comments?post=4021"}],"version-history":[{"count":0,"href":"https:\/\/www.oarcanjo.net\/site\/wp-json\/wp\/v2\/posts\/4021\/revisions"}],"wp:attachment":[{"href":"https:\/\/www.oarcanjo.net\/site\/wp-json\/wp\/v2\/media?parent=4021"}],"wp:term":[{"taxonomy":"category","embeddable":true,"href":"https:\/\/www.oarcanjo.net\/site\/wp-json\/wp\/v2\/categories?post=4021"},{"taxonomy":"post_tag","embeddable":true,"href":"https:\/\/www.oarcanjo.net\/site\/wp-json\/wp\/v2\/tags?post=4021"}],"curies":[{"name":"wp","href":"https:\/\/api.w.org\/{rel}","templated":true}]}}