
{"id":4027,"date":"2009-06-20T16:40:15","date_gmt":"2009-06-20T19:40:15","guid":{"rendered":"http:\/\/www.oarcanjo.net\/site\/?p=4027"},"modified":"2009-06-22T22:10:04","modified_gmt":"2009-06-23T01:10:04","slug":"comeca-hoje-a-festa-junina-da-sao-miguel","status":"publish","type":"post","link":"https:\/\/www.oarcanjo.net\/site\/comeca-hoje-a-festa-junina-da-sao-miguel\/","title":{"rendered":"Hoje tem mais Festa Junina na S\u00e3o Miguel!"},"content":{"rendered":"<p>Venha participar da Festa Junina da par\u00f3quia S\u00e3o Miguel Arcanjo. Temos barracas de brincadeiras e muita comida gostosa:<\/p>\n<p> &#8211; Caf\u00e9 da manh\u00e3 (domingo das 8h30 \u00e0s 9h30) &#8211; FOI UMA DEL\u00cdCIA!<br \/>\n &#8211; Doces e salgados<br \/>\n &#8211; Churrasco<br \/>\n &#8211; Fogazza<br \/>\n &#8211; Pizza<br \/>\n &#8211; Pastel e batata frita<br \/>\n &#8211; Pernil e caldo verde<br \/>\n &#8211; Refrigerante e \u00e1gua<br \/>\n &#8211; Vinho quente e quent\u00e3o<br \/>\n &#8211; Pescaria<br \/>\n &#8211; Boca do palha\u00e7o<\/p>\n<p><strong>Anote na agenda:<\/strong><\/p>\n<p><strong>Datas:<\/strong><br \/>\n20 e 21 de junho de 2009<br \/>\n<strong>Hor\u00e1rios:<\/strong><br \/>\n20\/06 &#8211; das 18h \u00e0s 23h<br \/>\n21\/06 &#8211; caf\u00e9 da manh\u00e3 \u00e0s 8h30<br \/>\n21\/06 &#8211; das 11h \u00e0s 21h<br \/>\n<strong>Local:<\/strong><br \/>\nRua Sapucaia (ao lado da par\u00f3quia)<\/p>\n<p><strong>ATRA\u00c7\u00d5ES:<\/strong><\/p>\n<p><strong>S\u00e1bado: <\/strong>Dan\u00e7a das crian\u00e7as, \u00e0s 17h30.<\/p>\n<p><strong>Domingo: <\/strong>Dan\u00e7a das crian\u00e7as, \u00e0s 16h e a dos jovens, \u00e0s 17h, com coreografia da Professora de dan\u00e7a Amanda e coordena\u00e7\u00e3o de Rinalda e Silvia. \u00c0s 19h30, depois da missa, teremos apresenta\u00e7\u00e3o beneficente da dupla sertaneja Carlos Pitty &#038; Alessander.<\/p>\n<p><strong>N\u00e3o perca!<\/strong><\/p>\n<p>Veja abaixo as fotos da festa de ontem, dia 20 de junho:<br \/>ngg_shortcode_0_placeholder\n<div id=\"themify_builder_content-4027\" data-postid=\"4027\" class=\"themify_builder_content themify_builder_content-4027 themify_builder themify_builder_front\">\n\t<\/div>\n<!-- \/themify_builder_content -->","protected":false},"excerpt":{"rendered":"<p>Venha participar da Festa Junina da par\u00f3quia S\u00e3o Miguel Arcanjo. Temos barracas de brincadeiras e muita comida gostosa: &#8211; Caf\u00e9 da manh\u00e3 (domingo das 8h30 \u00e0s 9h30) &#8211; FOI UMA DEL\u00cdCIA! &#8211; Doces e salgados &#8211; Churrasco &#8211; Fogazza &#8211; Pizza &#8211; Pastel e batata frita &#8211; Pernil e caldo verde &#8211; Refrigerante e \u00e1gua [&hellip;]<\/p>\n","protected":false},"author":5,"featured_media":0,"comment_status":"open","ping_status":"open","sticky":false,"template":"","format":"standard","meta":{"ngg_post_thumbnail":0,"footnotes":""},"categories":[8],"tags":[844],"yoast_head":"<!-- This site is optimized with the Yoast SEO plugin v23.5 - https:\/\/yoast.com\/wordpress\/plugins\/seo\/ -->\n<title>Hoje tem mais Festa Junina na S\u00e3o Miguel! - O Arcanjo no ar<\/title>\n<meta name=\"robots\" content=\"index, follow, max-snippet:-1, max-image-preview:large, max-video-preview:-1\" \/>\n<link rel=\"canonical\" href=\"https:\/\/www.oarcanjo.net\/site\/comeca-hoje-a-festa-junina-da-sao-miguel\/\" \/>\n<meta property=\"og:locale\" content=\"pt_BR\" \/>\n<meta property=\"og:type\" content=\"article\" \/>\n<meta property=\"og:title\" content=\"Hoje tem mais Festa Junina na S\u00e3o Miguel! - O Arcanjo no ar\" \/>\n<meta property=\"og:description\" content=\"Venha participar da Festa Junina da par\u00f3quia S\u00e3o Miguel Arcanjo. Temos barracas de brincadeiras e muita comida gostosa: &#8211; Caf\u00e9 da manh\u00e3 (domingo das 8h30 \u00e0s 9h30) &#8211; FOI UMA DEL\u00cdCIA! &#8211; Doces e salgados &#8211; Churrasco &#8211; Fogazza &#8211; Pizza &#8211; Pastel e batata frita &#8211; Pernil e caldo verde &#8211; Refrigerante e \u00e1gua [&hellip;]\" \/>\n<meta property=\"og:url\" content=\"https:\/\/www.oarcanjo.net\/site\/comeca-hoje-a-festa-junina-da-sao-miguel\/\" \/>\n<meta property=\"og:site_name\" content=\"O Arcanjo no ar\" \/>\n<meta property=\"article:publisher\" content=\"https:\/\/www.facebook.com\/OArcanjoNoAr\/\" \/>\n<meta property=\"article:published_time\" content=\"2009-06-20T19:40:15+00:00\" \/>\n<meta property=\"article:modified_time\" content=\"2009-06-23T01:10:04+00:00\" \/>\n<meta property=\"og:image\" content=\"https:\/\/www.oarcanjo.net\/site\/wp-content\/uploads\/logo-o-arcanjo-no-ar-facebook.png\" \/>\n\t<meta property=\"og:image:width\" content=\"300\" \/>\n\t<meta property=\"og:image:height\" content=\"300\" \/>\n\t<meta property=\"og:image:type\" content=\"image\/png\" \/>\n<meta name=\"author\" content=\"editor\" \/>\n<meta name=\"twitter:card\" content=\"summary_large_image\" \/>\n<meta name=\"twitter:label1\" content=\"Escrito por\" \/>\n\t<meta name=\"twitter:data1\" content=\"editor\" \/>\n\t<meta name=\"twitter:label2\" content=\"Est. tempo de leitura\" \/>\n\t<meta name=\"twitter:data2\" content=\"1 minuto\" \/>\n<script type=\"application\/ld+json\" class=\"yoast-schema-graph\">{\"@context\":\"https:\/\/schema.org\",\"@graph\":[{\"@type\":\"Article\",\"@id\":\"https:\/\/www.oarcanjo.net\/site\/comeca-hoje-a-festa-junina-da-sao-miguel\/#article\",\"isPartOf\":{\"@id\":\"https:\/\/www.oarcanjo.net\/site\/comeca-hoje-a-festa-junina-da-sao-miguel\/\"},\"author\":{\"name\":\"editor\",\"@id\":\"https:\/\/www.oarcanjo.net\/site\/#\/schema\/person\/f7024d007863202483a31326673a0838\"},\"headline\":\"Hoje tem mais Festa Junina na S\u00e3o Miguel!\",\"datePublished\":\"2009-06-20T19:40:15+00:00\",\"dateModified\":\"2009-06-23T01:10:04+00:00\",\"mainEntityOfPage\":{\"@id\":\"https:\/\/www.oarcanjo.net\/site\/comeca-hoje-a-festa-junina-da-sao-miguel\/\"},\"wordCount\":184,\"commentCount\":23,\"publisher\":{\"@id\":\"https:\/\/www.oarcanjo.net\/site\/#organization\"},\"keywords\":[\"Festa Juninan\"],\"articleSection\":[\"Not\u00edcias\"],\"inLanguage\":\"pt-BR\",\"potentialAction\":[{\"@type\":\"CommentAction\",\"name\":\"Comment\",\"target\":[\"https:\/\/www.oarcanjo.net\/site\/comeca-hoje-a-festa-junina-da-sao-miguel\/#respond\"]}]},{\"@type\":\"WebPage\",\"@id\":\"https:\/\/www.oarcanjo.net\/site\/comeca-hoje-a-festa-junina-da-sao-miguel\/\",\"url\":\"https:\/\/www.oarcanjo.net\/site\/comeca-hoje-a-festa-junina-da-sao-miguel\/\",\"name\":\"Hoje tem mais Festa Junina na S\u00e3o Miguel! - O Arcanjo no ar\",\"isPartOf\":{\"@id\":\"https:\/\/www.oarcanjo.net\/site\/#website\"},\"datePublished\":\"2009-06-20T19:40:15+00:00\",\"dateModified\":\"2009-06-23T01:10:04+00:00\",\"breadcrumb\":{\"@id\":\"https:\/\/www.oarcanjo.net\/site\/comeca-hoje-a-festa-junina-da-sao-miguel\/#breadcrumb\"},\"inLanguage\":\"pt-BR\",\"potentialAction\":[{\"@type\":\"ReadAction\",\"target\":[\"https:\/\/www.oarcanjo.net\/site\/comeca-hoje-a-festa-junina-da-sao-miguel\/\"]}]},{\"@type\":\"BreadcrumbList\",\"@id\":\"https:\/\/www.oarcanjo.net\/site\/comeca-hoje-a-festa-junina-da-sao-miguel\/#breadcrumb\",\"itemListElement\":[{\"@type\":\"ListItem\",\"position\":1,\"name\":\"In\u00edcio\",\"item\":\"https:\/\/www.oarcanjo.net\/site\/\"},{\"@type\":\"ListItem\",\"position\":2,\"name\":\"Hoje tem mais Festa Junina na S\u00e3o Miguel!\"}]},{\"@type\":\"WebSite\",\"@id\":\"https:\/\/www.oarcanjo.net\/site\/#website\",\"url\":\"https:\/\/www.oarcanjo.net\/site\/\",\"name\":\"O Arcanjo no ar\",\"description\":\"Site da Par\u00f3quia S\u00e3o Miguel Arcanjo (Arquidiocese de SP)\",\"publisher\":{\"@id\":\"https:\/\/www.oarcanjo.net\/site\/#organization\"},\"potentialAction\":[{\"@type\":\"SearchAction\",\"target\":{\"@type\":\"EntryPoint\",\"urlTemplate\":\"https:\/\/www.oarcanjo.net\/site\/?s={search_term_string}\"},\"query-input\":{\"@type\":\"PropertyValueSpecification\",\"valueRequired\":true,\"valueName\":\"search_term_string\"}}],\"inLanguage\":\"pt-BR\"},{\"@type\":\"Organization\",\"@id\":\"https:\/\/www.oarcanjo.net\/site\/#organization\",\"name\":\"Par\u00f3quia S\u00e3o Miguel Arcanjo\",\"url\":\"https:\/\/www.oarcanjo.net\/site\/\",\"logo\":{\"@type\":\"ImageObject\",\"inLanguage\":\"pt-BR\",\"@id\":\"https:\/\/www.oarcanjo.net\/site\/#\/schema\/logo\/image\/\",\"url\":\"https:\/\/www.oarcanjo.net\/site\/wp-content\/uploads\/LogoOArcanjo.png\",\"contentUrl\":\"https:\/\/www.oarcanjo.net\/site\/wp-content\/uploads\/LogoOArcanjo.png\",\"width\":319,\"height\":99,\"caption\":\"Par\u00f3quia S\u00e3o Miguel Arcanjo\"},\"image\":{\"@id\":\"https:\/\/www.oarcanjo.net\/site\/#\/schema\/logo\/image\/\"},\"sameAs\":[\"https:\/\/www.facebook.com\/OArcanjoNoAr\/\"]},{\"@type\":\"Person\",\"@id\":\"https:\/\/www.oarcanjo.net\/site\/#\/schema\/person\/f7024d007863202483a31326673a0838\",\"name\":\"editor\",\"sameAs\":[\"http:\/\/www.oarcanjo.net\"]}]}<\/script>\n<!-- \/ Yoast SEO plugin. -->","yoast_head_json":{"title":"Hoje tem mais Festa Junina na S\u00e3o Miguel! - O Arcanjo no ar","robots":{"index":"index","follow":"follow","max-snippet":"max-snippet:-1","max-image-preview":"max-image-preview:large","max-video-preview":"max-video-preview:-1"},"canonical":"https:\/\/www.oarcanjo.net\/site\/comeca-hoje-a-festa-junina-da-sao-miguel\/","og_locale":"pt_BR","og_type":"article","og_title":"Hoje tem mais Festa Junina na S\u00e3o Miguel! - O Arcanjo no ar","og_description":"Venha participar da Festa Junina da par\u00f3quia S\u00e3o Miguel Arcanjo. Temos barracas de brincadeiras e muita comida gostosa: &#8211; Caf\u00e9 da manh\u00e3 (domingo das 8h30 \u00e0s 9h30) &#8211; FOI UMA DEL\u00cdCIA! &#8211; Doces e salgados &#8211; Churrasco &#8211; Fogazza &#8211; Pizza &#8211; Pastel e batata frita &#8211; Pernil e caldo verde &#8211; Refrigerante e \u00e1gua [&hellip;]","og_url":"https:\/\/www.oarcanjo.net\/site\/comeca-hoje-a-festa-junina-da-sao-miguel\/","og_site_name":"O Arcanjo no ar","article_publisher":"https:\/\/www.facebook.com\/OArcanjoNoAr\/","article_published_time":"2009-06-20T19:40:15+00:00","article_modified_time":"2009-06-23T01:10:04+00:00","og_image":[{"width":300,"height":300,"url":"https:\/\/www.oarcanjo.net\/site\/wp-content\/uploads\/logo-o-arcanjo-no-ar-facebook.png","type":"image\/png"}],"author":"editor","twitter_card":"summary_large_image","twitter_misc":{"Escrito por":"editor","Est. tempo de leitura":"1 minuto"},"schema":{"@context":"https:\/\/schema.org","@graph":[{"@type":"Article","@id":"https:\/\/www.oarcanjo.net\/site\/comeca-hoje-a-festa-junina-da-sao-miguel\/#article","isPartOf":{"@id":"https:\/\/www.oarcanjo.net\/site\/comeca-hoje-a-festa-junina-da-sao-miguel\/"},"author":{"name":"editor","@id":"https:\/\/www.oarcanjo.net\/site\/#\/schema\/person\/f7024d007863202483a31326673a0838"},"headline":"Hoje tem mais Festa Junina na S\u00e3o Miguel!","datePublished":"2009-06-20T19:40:15+00:00","dateModified":"2009-06-23T01:10:04+00:00","mainEntityOfPage":{"@id":"https:\/\/www.oarcanjo.net\/site\/comeca-hoje-a-festa-junina-da-sao-miguel\/"},"wordCount":184,"commentCount":23,"publisher":{"@id":"https:\/\/www.oarcanjo.net\/site\/#organization"},"keywords":["Festa Juninan"],"articleSection":["Not\u00edcias"],"inLanguage":"pt-BR","potentialAction":[{"@type":"CommentAction","name":"Comment","target":["https:\/\/www.oarcanjo.net\/site\/comeca-hoje-a-festa-junina-da-sao-miguel\/#respond"]}]},{"@type":"WebPage","@id":"https:\/\/www.oarcanjo.net\/site\/comeca-hoje-a-festa-junina-da-sao-miguel\/","url":"https:\/\/www.oarcanjo.net\/site\/comeca-hoje-a-festa-junina-da-sao-miguel\/","name":"Hoje tem mais Festa Junina na S\u00e3o Miguel! - O Arcanjo no ar","isPartOf":{"@id":"https:\/\/www.oarcanjo.net\/site\/#website"},"datePublished":"2009-06-20T19:40:15+00:00","dateModified":"2009-06-23T01:10:04+00:00","breadcrumb":{"@id":"https:\/\/www.oarcanjo.net\/site\/comeca-hoje-a-festa-junina-da-sao-miguel\/#breadcrumb"},"inLanguage":"pt-BR","potentialAction":[{"@type":"ReadAction","target":["https:\/\/www.oarcanjo.net\/site\/comeca-hoje-a-festa-junina-da-sao-miguel\/"]}]},{"@type":"BreadcrumbList","@id":"https:\/\/www.oarcanjo.net\/site\/comeca-hoje-a-festa-junina-da-sao-miguel\/#breadcrumb","itemListElement":[{"@type":"ListItem","position":1,"name":"In\u00edcio","item":"https:\/\/www.oarcanjo.net\/site\/"},{"@type":"ListItem","position":2,"name":"Hoje tem mais Festa Junina na S\u00e3o Miguel!"}]},{"@type":"WebSite","@id":"https:\/\/www.oarcanjo.net\/site\/#website","url":"https:\/\/www.oarcanjo.net\/site\/","name":"O Arcanjo no ar","description":"Site da Par\u00f3quia S\u00e3o Miguel Arcanjo (Arquidiocese de SP)","publisher":{"@id":"https:\/\/www.oarcanjo.net\/site\/#organization"},"potentialAction":[{"@type":"SearchAction","target":{"@type":"EntryPoint","urlTemplate":"https:\/\/www.oarcanjo.net\/site\/?s={search_term_string}"},"query-input":{"@type":"PropertyValueSpecification","valueRequired":true,"valueName":"search_term_string"}}],"inLanguage":"pt-BR"},{"@type":"Organization","@id":"https:\/\/www.oarcanjo.net\/site\/#organization","name":"Par\u00f3quia S\u00e3o Miguel Arcanjo","url":"https:\/\/www.oarcanjo.net\/site\/","logo":{"@type":"ImageObject","inLanguage":"pt-BR","@id":"https:\/\/www.oarcanjo.net\/site\/#\/schema\/logo\/image\/","url":"https:\/\/www.oarcanjo.net\/site\/wp-content\/uploads\/LogoOArcanjo.png","contentUrl":"https:\/\/www.oarcanjo.net\/site\/wp-content\/uploads\/LogoOArcanjo.png","width":319,"height":99,"caption":"Par\u00f3quia S\u00e3o Miguel Arcanjo"},"image":{"@id":"https:\/\/www.oarcanjo.net\/site\/#\/schema\/logo\/image\/"},"sameAs":["https:\/\/www.facebook.com\/OArcanjoNoAr\/"]},{"@type":"Person","@id":"https:\/\/www.oarcanjo.net\/site\/#\/schema\/person\/f7024d007863202483a31326673a0838","name":"editor","sameAs":["http:\/\/www.oarcanjo.net"]}]}},"publishpress_future_action":{"enabled":false,"date":"2026-05-08 19:33:49","action":"category","newStatus":"draft","terms":[],"taxonomy":"category"},"publishpress_future_workflow_manual_trigger":{"enabledWorkflows":[]},"_links":{"self":[{"href":"https:\/\/www.oarcanjo.net\/site\/wp-json\/wp\/v2\/posts\/4027"}],"collection":[{"href":"https:\/\/www.oarcanjo.net\/site\/wp-json\/wp\/v2\/posts"}],"about":[{"href":"https:\/\/www.oarcanjo.net\/site\/wp-json\/wp\/v2\/types\/post"}],"author":[{"embeddable":true,"href":"https:\/\/www.oarcanjo.net\/site\/wp-json\/wp\/v2\/users\/5"}],"replies":[{"embeddable":true,"href":"https:\/\/www.oarcanjo.net\/site\/wp-json\/wp\/v2\/comments?post=4027"}],"version-history":[{"count":0,"href":"https:\/\/www.oarcanjo.net\/site\/wp-json\/wp\/v2\/posts\/4027\/revisions"}],"wp:attachment":[{"href":"https:\/\/www.oarcanjo.net\/site\/wp-json\/wp\/v2\/media?parent=4027"}],"wp:term":[{"taxonomy":"category","embeddable":true,"href":"https:\/\/www.oarcanjo.net\/site\/wp-json\/wp\/v2\/categories?post=4027"},{"taxonomy":"post_tag","embeddable":true,"href":"https:\/\/www.oarcanjo.net\/site\/wp-json\/wp\/v2\/tags?post=4027"}],"curies":[{"name":"wp","href":"https:\/\/api.w.org\/{rel}","templated":true}]}}