
{"id":4054,"date":"2009-06-22T20:57:52","date_gmt":"2009-06-22T23:57:52","guid":{"rendered":"http:\/\/www.oarcanjo.net\/site\/?p=4054"},"modified":"2009-06-22T20:57:52","modified_gmt":"2009-06-22T23:57:52","slug":"por-que-somos-tao-covardes","status":"publish","type":"post","link":"https:\/\/www.oarcanjo.net\/site\/por-que-somos-tao-covardes\/","title":{"rendered":"Por que somos t\u00e3o covardes?"},"content":{"rendered":"<p>Jos\u00e9 Antonio Pagola<\/p>\n<p>\u201cPor que sois assim t\u00edmidos?! Como \u00e9 que n\u00e3o tendes f\u00e9?\u201d. Para o evangelista Marcos, estas duas perguntas que Jesus dirige aos seus disc\u00edpulos n\u00e3o s\u00e3o uma anedota do passado. S\u00e3o as perguntas que devem ouvir os seguidores de Jesus no meio de suas crises. As perguntas que n\u00f3s temos que fazer tamb\u00e9m hoje: Onde est\u00e1 a raiz de nossa covardia? Por que temos medo frente ao futuro? \u00c9 porque nos falta a f\u00e9 em Jesus Cristo?<\/p>\n<p>A hist\u00f3ria \u00e9 breve. Tudo come\u00e7a com uma ordem de Jesus: \u201cPassemos para a outra margem\u201d. Os disc\u00edpulos sabem que na outra margem do lago Tiber\u00edades se encontra o territ\u00f3rio pag\u00e3o da Dec\u00e1polis. Um pa\u00eds diferente e estranho. Uma cultura hostil a sua religi\u00e3o e as suas cren\u00e7as. <\/p>\n<p>De repente uma tempestade forte se levanta, a met\u00e1fora gr\u00e1fica do que acontece no grupo dos disc\u00edpulos. O vento violento, as ondas que quebram contra o barco, a \u00e1gua que come\u00e7a a invadir tudo, expressam bem a situa\u00e7\u00e3o: Que poder\u00e3o os seguidores de Jesus frente \u00e0 hostilidade do mundo pag\u00e3o? N\u00e3o somente est\u00e1 em perigo sua miss\u00e3o, mas a sobreviv\u00eancia mesma do grupo. <\/p>\n<p>Despertado pelos seus disc\u00edpulos, Jesus interv\u00e9m. O vento se aquietou e no lago fez-se grande bonan\u00e7a. A coisa surpreendente \u00e9 que os disc\u00edpulos \u201cficam possu\u00eddos de grande temor\u201d. <\/p>\n<p>Antes estavam com medo da tempestade. Agora parece que est\u00e3o com medo de Jesus. N\u00e3o entanto, algo decisivo se produziu neles: recorreram a Jesus; puderam experimentar nele uma for\u00e7a salvadora que n\u00e3o conheciam; come\u00e7am a se perguntar pela sua identidade. Come\u00e7am a intuir que com Ele tudo \u00e9 poss\u00edvel. <\/p>\n<p>Hoje o Cristianismo encontra-se no meio \u201cde uma forte tempestade\u201d e o medo come\u00e7a a tomar conta de n\u00f3s. N\u00e3o ousamos passar para \u201cuma outra margem\u201d.<\/p>\n<p>A cultura moderna \u00e9 para n\u00f3s um pa\u00eds estranho e hostil. Temos medo do futuro. A criatividade parece proibida. Alguns acham mais seguro mirar para atr\u00e1s, para ir melhor adiante Jesus pode nos surpreender todos. O Ressuscitado tem a for\u00e7a para inaugurar uma fase nova na hist\u00f3ria do Cristianismo. S\u00f3 a f\u00e9 nos \u00e9 pedida. Uma f\u00e9 que nos liberte de tantos medos e covardia, e nos leve ao compromisso de caminhar atr\u00e1s das pegadas de Jesus.<\/p>\n<div id=\"themify_builder_content-4054\" data-postid=\"4054\" class=\"themify_builder_content themify_builder_content-4054 themify_builder themify_builder_front\">\n\t<\/div>\n<!-- \/themify_builder_content -->","protected":false},"excerpt":{"rendered":"<p>Jos\u00e9 Antonio Pagola \u201cPor que sois assim t\u00edmidos?! Como \u00e9 que n\u00e3o tendes f\u00e9?\u201d. Para o evangelista Marcos, estas duas perguntas que Jesus dirige aos seus disc\u00edpulos n\u00e3o s\u00e3o uma anedota do passado. S\u00e3o as perguntas que devem ouvir os seguidores de Jesus no meio de suas crises. As perguntas que n\u00f3s temos que fazer [&hellip;]<\/p>\n","protected":false},"author":5,"featured_media":0,"comment_status":"open","ping_status":"open","sticky":false,"template":"","format":"standard","meta":{"ngg_post_thumbnail":0,"footnotes":""},"categories":[9],"tags":[846,236],"yoast_head":"<!-- This site is optimized with the Yoast SEO plugin v23.5 - https:\/\/yoast.com\/wordpress\/plugins\/seo\/ -->\n<title>Por que somos t\u00e3o covardes? - O Arcanjo no ar<\/title>\n<meta name=\"robots\" content=\"index, follow, max-snippet:-1, max-image-preview:large, max-video-preview:-1\" \/>\n<link rel=\"canonical\" href=\"https:\/\/www.oarcanjo.net\/site\/por-que-somos-tao-covardes\/\" \/>\n<meta property=\"og:locale\" content=\"pt_BR\" \/>\n<meta property=\"og:type\" content=\"article\" \/>\n<meta property=\"og:title\" content=\"Por que somos t\u00e3o covardes? - O Arcanjo no ar\" \/>\n<meta property=\"og:description\" content=\"Jos\u00e9 Antonio Pagola \u201cPor que sois assim t\u00edmidos?! Como \u00e9 que n\u00e3o tendes f\u00e9?\u201d. Para o evangelista Marcos, estas duas perguntas que Jesus dirige aos seus disc\u00edpulos n\u00e3o s\u00e3o uma anedota do passado. S\u00e3o as perguntas que devem ouvir os seguidores de Jesus no meio de suas crises. As perguntas que n\u00f3s temos que fazer [&hellip;]\" \/>\n<meta property=\"og:url\" content=\"https:\/\/www.oarcanjo.net\/site\/por-que-somos-tao-covardes\/\" \/>\n<meta property=\"og:site_name\" content=\"O Arcanjo no ar\" \/>\n<meta property=\"article:publisher\" content=\"https:\/\/www.facebook.com\/OArcanjoNoAr\/\" \/>\n<meta property=\"article:published_time\" content=\"2009-06-22T23:57:52+00:00\" \/>\n<meta property=\"og:image\" content=\"https:\/\/www.oarcanjo.net\/site\/wp-content\/uploads\/logo-o-arcanjo-no-ar-facebook.png\" \/>\n\t<meta property=\"og:image:width\" content=\"300\" \/>\n\t<meta property=\"og:image:height\" content=\"300\" \/>\n\t<meta property=\"og:image:type\" content=\"image\/png\" \/>\n<meta name=\"author\" content=\"editor\" \/>\n<meta name=\"twitter:card\" content=\"summary_large_image\" \/>\n<meta name=\"twitter:label1\" content=\"Escrito por\" \/>\n\t<meta name=\"twitter:data1\" content=\"editor\" \/>\n\t<meta name=\"twitter:label2\" content=\"Est. tempo de leitura\" \/>\n\t<meta name=\"twitter:data2\" content=\"2 minutos\" \/>\n<script type=\"application\/ld+json\" class=\"yoast-schema-graph\">{\"@context\":\"https:\/\/schema.org\",\"@graph\":[{\"@type\":\"Article\",\"@id\":\"https:\/\/www.oarcanjo.net\/site\/por-que-somos-tao-covardes\/#article\",\"isPartOf\":{\"@id\":\"https:\/\/www.oarcanjo.net\/site\/por-que-somos-tao-covardes\/\"},\"author\":{\"name\":\"editor\",\"@id\":\"https:\/\/www.oarcanjo.net\/site\/#\/schema\/person\/f7024d007863202483a31326673a0838\"},\"headline\":\"Por que somos t\u00e3o covardes?\",\"datePublished\":\"2009-06-22T23:57:52+00:00\",\"dateModified\":\"2009-06-22T23:57:52+00:00\",\"mainEntityOfPage\":{\"@id\":\"https:\/\/www.oarcanjo.net\/site\/por-que-somos-tao-covardes\/\"},\"wordCount\":418,\"commentCount\":0,\"publisher\":{\"@id\":\"https:\/\/www.oarcanjo.net\/site\/#organization\"},\"keywords\":[\"disc\u00edpulos\",\"Jesus\"],\"articleSection\":[\"Reflex\u00f5es\"],\"inLanguage\":\"pt-BR\",\"potentialAction\":[{\"@type\":\"CommentAction\",\"name\":\"Comment\",\"target\":[\"https:\/\/www.oarcanjo.net\/site\/por-que-somos-tao-covardes\/#respond\"]}]},{\"@type\":\"WebPage\",\"@id\":\"https:\/\/www.oarcanjo.net\/site\/por-que-somos-tao-covardes\/\",\"url\":\"https:\/\/www.oarcanjo.net\/site\/por-que-somos-tao-covardes\/\",\"name\":\"Por que somos t\u00e3o covardes? - O Arcanjo no ar\",\"isPartOf\":{\"@id\":\"https:\/\/www.oarcanjo.net\/site\/#website\"},\"datePublished\":\"2009-06-22T23:57:52+00:00\",\"dateModified\":\"2009-06-22T23:57:52+00:00\",\"breadcrumb\":{\"@id\":\"https:\/\/www.oarcanjo.net\/site\/por-que-somos-tao-covardes\/#breadcrumb\"},\"inLanguage\":\"pt-BR\",\"potentialAction\":[{\"@type\":\"ReadAction\",\"target\":[\"https:\/\/www.oarcanjo.net\/site\/por-que-somos-tao-covardes\/\"]}]},{\"@type\":\"BreadcrumbList\",\"@id\":\"https:\/\/www.oarcanjo.net\/site\/por-que-somos-tao-covardes\/#breadcrumb\",\"itemListElement\":[{\"@type\":\"ListItem\",\"position\":1,\"name\":\"In\u00edcio\",\"item\":\"https:\/\/www.oarcanjo.net\/site\/\"},{\"@type\":\"ListItem\",\"position\":2,\"name\":\"Por que somos t\u00e3o covardes?\"}]},{\"@type\":\"WebSite\",\"@id\":\"https:\/\/www.oarcanjo.net\/site\/#website\",\"url\":\"https:\/\/www.oarcanjo.net\/site\/\",\"name\":\"O Arcanjo no ar\",\"description\":\"Site da Par\u00f3quia S\u00e3o Miguel Arcanjo (Arquidiocese de SP)\",\"publisher\":{\"@id\":\"https:\/\/www.oarcanjo.net\/site\/#organization\"},\"potentialAction\":[{\"@type\":\"SearchAction\",\"target\":{\"@type\":\"EntryPoint\",\"urlTemplate\":\"https:\/\/www.oarcanjo.net\/site\/?s={search_term_string}\"},\"query-input\":{\"@type\":\"PropertyValueSpecification\",\"valueRequired\":true,\"valueName\":\"search_term_string\"}}],\"inLanguage\":\"pt-BR\"},{\"@type\":\"Organization\",\"@id\":\"https:\/\/www.oarcanjo.net\/site\/#organization\",\"name\":\"Par\u00f3quia S\u00e3o Miguel Arcanjo\",\"url\":\"https:\/\/www.oarcanjo.net\/site\/\",\"logo\":{\"@type\":\"ImageObject\",\"inLanguage\":\"pt-BR\",\"@id\":\"https:\/\/www.oarcanjo.net\/site\/#\/schema\/logo\/image\/\",\"url\":\"https:\/\/www.oarcanjo.net\/site\/wp-content\/uploads\/LogoOArcanjo.png\",\"contentUrl\":\"https:\/\/www.oarcanjo.net\/site\/wp-content\/uploads\/LogoOArcanjo.png\",\"width\":319,\"height\":99,\"caption\":\"Par\u00f3quia S\u00e3o Miguel Arcanjo\"},\"image\":{\"@id\":\"https:\/\/www.oarcanjo.net\/site\/#\/schema\/logo\/image\/\"},\"sameAs\":[\"https:\/\/www.facebook.com\/OArcanjoNoAr\/\"]},{\"@type\":\"Person\",\"@id\":\"https:\/\/www.oarcanjo.net\/site\/#\/schema\/person\/f7024d007863202483a31326673a0838\",\"name\":\"editor\",\"sameAs\":[\"http:\/\/www.oarcanjo.net\"]}]}<\/script>\n<!-- \/ Yoast SEO plugin. -->","yoast_head_json":{"title":"Por que somos t\u00e3o covardes? - O Arcanjo no ar","robots":{"index":"index","follow":"follow","max-snippet":"max-snippet:-1","max-image-preview":"max-image-preview:large","max-video-preview":"max-video-preview:-1"},"canonical":"https:\/\/www.oarcanjo.net\/site\/por-que-somos-tao-covardes\/","og_locale":"pt_BR","og_type":"article","og_title":"Por que somos t\u00e3o covardes? - O Arcanjo no ar","og_description":"Jos\u00e9 Antonio Pagola \u201cPor que sois assim t\u00edmidos?! Como \u00e9 que n\u00e3o tendes f\u00e9?\u201d. Para o evangelista Marcos, estas duas perguntas que Jesus dirige aos seus disc\u00edpulos n\u00e3o s\u00e3o uma anedota do passado. S\u00e3o as perguntas que devem ouvir os seguidores de Jesus no meio de suas crises. As perguntas que n\u00f3s temos que fazer [&hellip;]","og_url":"https:\/\/www.oarcanjo.net\/site\/por-que-somos-tao-covardes\/","og_site_name":"O Arcanjo no ar","article_publisher":"https:\/\/www.facebook.com\/OArcanjoNoAr\/","article_published_time":"2009-06-22T23:57:52+00:00","og_image":[{"width":300,"height":300,"url":"https:\/\/www.oarcanjo.net\/site\/wp-content\/uploads\/logo-o-arcanjo-no-ar-facebook.png","type":"image\/png"}],"author":"editor","twitter_card":"summary_large_image","twitter_misc":{"Escrito por":"editor","Est. tempo de leitura":"2 minutos"},"schema":{"@context":"https:\/\/schema.org","@graph":[{"@type":"Article","@id":"https:\/\/www.oarcanjo.net\/site\/por-que-somos-tao-covardes\/#article","isPartOf":{"@id":"https:\/\/www.oarcanjo.net\/site\/por-que-somos-tao-covardes\/"},"author":{"name":"editor","@id":"https:\/\/www.oarcanjo.net\/site\/#\/schema\/person\/f7024d007863202483a31326673a0838"},"headline":"Por que somos t\u00e3o covardes?","datePublished":"2009-06-22T23:57:52+00:00","dateModified":"2009-06-22T23:57:52+00:00","mainEntityOfPage":{"@id":"https:\/\/www.oarcanjo.net\/site\/por-que-somos-tao-covardes\/"},"wordCount":418,"commentCount":0,"publisher":{"@id":"https:\/\/www.oarcanjo.net\/site\/#organization"},"keywords":["disc\u00edpulos","Jesus"],"articleSection":["Reflex\u00f5es"],"inLanguage":"pt-BR","potentialAction":[{"@type":"CommentAction","name":"Comment","target":["https:\/\/www.oarcanjo.net\/site\/por-que-somos-tao-covardes\/#respond"]}]},{"@type":"WebPage","@id":"https:\/\/www.oarcanjo.net\/site\/por-que-somos-tao-covardes\/","url":"https:\/\/www.oarcanjo.net\/site\/por-que-somos-tao-covardes\/","name":"Por que somos t\u00e3o covardes? - O Arcanjo no ar","isPartOf":{"@id":"https:\/\/www.oarcanjo.net\/site\/#website"},"datePublished":"2009-06-22T23:57:52+00:00","dateModified":"2009-06-22T23:57:52+00:00","breadcrumb":{"@id":"https:\/\/www.oarcanjo.net\/site\/por-que-somos-tao-covardes\/#breadcrumb"},"inLanguage":"pt-BR","potentialAction":[{"@type":"ReadAction","target":["https:\/\/www.oarcanjo.net\/site\/por-que-somos-tao-covardes\/"]}]},{"@type":"BreadcrumbList","@id":"https:\/\/www.oarcanjo.net\/site\/por-que-somos-tao-covardes\/#breadcrumb","itemListElement":[{"@type":"ListItem","position":1,"name":"In\u00edcio","item":"https:\/\/www.oarcanjo.net\/site\/"},{"@type":"ListItem","position":2,"name":"Por que somos t\u00e3o covardes?"}]},{"@type":"WebSite","@id":"https:\/\/www.oarcanjo.net\/site\/#website","url":"https:\/\/www.oarcanjo.net\/site\/","name":"O Arcanjo no ar","description":"Site da Par\u00f3quia S\u00e3o Miguel Arcanjo (Arquidiocese de SP)","publisher":{"@id":"https:\/\/www.oarcanjo.net\/site\/#organization"},"potentialAction":[{"@type":"SearchAction","target":{"@type":"EntryPoint","urlTemplate":"https:\/\/www.oarcanjo.net\/site\/?s={search_term_string}"},"query-input":{"@type":"PropertyValueSpecification","valueRequired":true,"valueName":"search_term_string"}}],"inLanguage":"pt-BR"},{"@type":"Organization","@id":"https:\/\/www.oarcanjo.net\/site\/#organization","name":"Par\u00f3quia S\u00e3o Miguel Arcanjo","url":"https:\/\/www.oarcanjo.net\/site\/","logo":{"@type":"ImageObject","inLanguage":"pt-BR","@id":"https:\/\/www.oarcanjo.net\/site\/#\/schema\/logo\/image\/","url":"https:\/\/www.oarcanjo.net\/site\/wp-content\/uploads\/LogoOArcanjo.png","contentUrl":"https:\/\/www.oarcanjo.net\/site\/wp-content\/uploads\/LogoOArcanjo.png","width":319,"height":99,"caption":"Par\u00f3quia S\u00e3o Miguel Arcanjo"},"image":{"@id":"https:\/\/www.oarcanjo.net\/site\/#\/schema\/logo\/image\/"},"sameAs":["https:\/\/www.facebook.com\/OArcanjoNoAr\/"]},{"@type":"Person","@id":"https:\/\/www.oarcanjo.net\/site\/#\/schema\/person\/f7024d007863202483a31326673a0838","name":"editor","sameAs":["http:\/\/www.oarcanjo.net"]}]}},"publishpress_future_action":{"enabled":false,"date":"2026-05-09 10:25:04","action":"category","newStatus":"draft","terms":[],"taxonomy":"category"},"publishpress_future_workflow_manual_trigger":{"enabledWorkflows":[]},"_links":{"self":[{"href":"https:\/\/www.oarcanjo.net\/site\/wp-json\/wp\/v2\/posts\/4054"}],"collection":[{"href":"https:\/\/www.oarcanjo.net\/site\/wp-json\/wp\/v2\/posts"}],"about":[{"href":"https:\/\/www.oarcanjo.net\/site\/wp-json\/wp\/v2\/types\/post"}],"author":[{"embeddable":true,"href":"https:\/\/www.oarcanjo.net\/site\/wp-json\/wp\/v2\/users\/5"}],"replies":[{"embeddable":true,"href":"https:\/\/www.oarcanjo.net\/site\/wp-json\/wp\/v2\/comments?post=4054"}],"version-history":[{"count":0,"href":"https:\/\/www.oarcanjo.net\/site\/wp-json\/wp\/v2\/posts\/4054\/revisions"}],"wp:attachment":[{"href":"https:\/\/www.oarcanjo.net\/site\/wp-json\/wp\/v2\/media?parent=4054"}],"wp:term":[{"taxonomy":"category","embeddable":true,"href":"https:\/\/www.oarcanjo.net\/site\/wp-json\/wp\/v2\/categories?post=4054"},{"taxonomy":"post_tag","embeddable":true,"href":"https:\/\/www.oarcanjo.net\/site\/wp-json\/wp\/v2\/tags?post=4054"}],"curies":[{"name":"wp","href":"https:\/\/api.w.org\/{rel}","templated":true}]}}