
{"id":4059,"date":"2009-06-21T21:05:04","date_gmt":"2009-06-22T00:05:04","guid":{"rendered":"http:\/\/www.oarcanjo.net\/site\/?p=4059"},"modified":"2009-06-22T21:08:54","modified_gmt":"2009-06-23T00:08:54","slug":"carta-aberta-das-juventudes-do-brasil","status":"publish","type":"post","link":"https:\/\/www.oarcanjo.net\/site\/carta-aberta-das-juventudes-do-brasil\/","title":{"rendered":"Carta aberta das Juventudes do Brasil"},"content":{"rendered":"<p>Por ocasi\u00e3o da morte do nosso assessor nacional, Pe. Gisley Azevedo Gomes, n\u00f3s, as juventudes brasileiras que viveram e conviveram com ele, que amaram e foram amadas por ele, vimos atrav\u00e9s desta manifestar toda a nossa tristeza e indigna\u00e7\u00e3o pelo seu mart\u00edrio.<\/p>\n<p>Somos jovens das Pastorais da Juventude, dos quilombos, das aldeias, das Comunidades Eclesiais de Base, dos Movimentos Juvenis, dos Movimentos Sociais, Igreja e Igrejas, Crist\u00e3os. Somos jovens de todas as Religi\u00f5es que fazem deste Brasil uma na\u00e7\u00e3o de F\u00e9.<\/p>\n<p>&#8220;Pai nosso dos pobres marginalizados&#8230;&#8221;<\/p>\n<p>Pai nosso dos marginalizados, dos exclu\u00eddos por uma sociedade ego\u00edsta, Pai nosso dos milhares de jovens brasileiros\/as v\u00edtimas da viol\u00eancia da falta de educa\u00e7\u00e3o, sa\u00fade, da falta de pol\u00edticas p\u00fablicas pra juventude&#8230;<\/p>\n<p>&#8220;Pai nosso dos m\u00e1rtires, dos torturados&#8230;&#8221;<\/p>\n<p>A juventude n\u00e3o precisava de mais um m\u00e1rtir, queremos nossos\/as l\u00edderes vivos\/as. Pai nosso das Dorothys, dos Mauros, dos Oziel\u2019s, dos Jos\u00e9s, das Marias, dos Gisleys, dos Silvas&#8230; Pai nosso dos\/as que s\u00e3o martirizados todos os dias pela fome, pela viol\u00eancia, por tantos males que nos matam a cada segundo.<\/p>\n<p>&#8220;Teu nome \u00e9 santificado naqueles que morrem defendendo a vida, teu nome \u00e9 glorificado quando a justi\u00e7a \u00e9 nossa medida&#8230;&#8221;<\/p>\n<p>E \u00e9 por querer justi\u00e7a que viemos agora gritar aos quatro cantos deste pa\u00eds o quanto amamos um homem santo e um santo homem. \u00c9 pelo teu nome ser santificado na vida e na morte de Margarida, Chico Mendes, Josimo, Ezequiel, Dorothy e tantos\/as outros\/as, que viemos gritar contra a injusti\u00e7a que est\u00e1 se fazendo com o nosso amigo e nos indigna o fato de alguns brincarem com a nossa dor, denegrindo a imagem de algu\u00e9m que tanto nos amou. N\u00f3s, a juventude brasileira, n\u00e3o suportamos isso e queremos reafirmar que n\u00e3o nos calaremos!<\/p>\n<p>&#8220;Teu reino \u00e9 de liberdade, de fraternidade, paz e comunh\u00e3o&#8230;&#8221;<\/p>\n<p>Se o teu reino \u00e9 de liberdade, porque continuamos presos\/as a um sistema opressor e ego\u00edsta? Paz&#8230; onde est\u00e1 a paz, se sua paz lhe foi tirada? S\u00f3 n\u00e3o esquecemos do AMOR. Jamais esqueceremos do teu amor para conosco.<\/p>\n<p>&#8220;Maldita toda viol\u00eancia que devora a vida pela repress\u00e3o&#8230;&#8221;<\/p>\n<p>Mas benditos sejam os que pela viol\u00eancia te ceifaram a vida. Temos certeza que eles n\u00e3o sabiam o que faziam. Fica pra n\u00f3s tua frase do \u00faltimo email: &#8220;Agrade\u00e7o pelo empenho de tantas vozes dispersas at\u00e9 agora! Vamos juntos\/as gritar, girar o mundo. Chega de viol\u00eancia!&#8221; CHEGA DE VIOL\u00caNCIA!!!<\/p>\n<p>&#8220;Queremos fazer tua vontade, \u00e9s o verdadeiro Deus libertador&#8230;&#8221;<\/p>\n<p>E muitas vezes, tantas vezes n\u00e3o conseguimos&#8230; Tua vontade \u00e9 a vida, mas escolhemos a morte e infelizmente, nesta semana, escolheram por n\u00f3s. Tanta tristeza e revolta que chega a parecer que nossa luta \u00e9 em v\u00e3o. Pra qu\u00ea e porque defender uma juventude que mata, fere, destr\u00f3i, que bagun\u00e7a, n\u00e3o respeita ?? Nos fazemos esta pergunta agora e chegamos a seguinte conclus\u00e3o: Ainda n\u00e3o lutamos suficiente, n\u00e3o transformamos a realidade juvenil e as suas atitudes. Agora chegou a nossa vez de cantar&#8230; Fazermos marchas, caminhadas, romarias, vig\u00edlias, soltar a voz e cantar, gritar. Defender, viver&#8230; escrever nossa hist\u00f3ria de vida e luz. Somos o sal, fermento e luz. Que brilhe em nossos cora\u00e7\u00f5es a paz e a unidade&#8230; Chega de tantas guerras, das dores de tantos\/as jovens&#8230; nas drogas, na viol\u00eancia, trabalho escravo, sem teto, sem terra, \u00f3rf\u00e3os, sendo discriminados, queremos igualdade. Basta de jovens no caix\u00e3o&#8230; caix\u00e3o este que muitas vezes \u00e9 o da desigualdade social, do pr\u00e9 conceito e tantos outros&#8230;<\/p>\n<p>&#8220;N\u00e3o vamos seguir as doutrinas corrompidas pelo poder opressor&#8230;&#8221;<\/p>\n<p>Mesmo diante da tua vida ceifada inegavelmente por um menor, continuamos gritando que jogar esse mesmo menor numa cadeia com adultos n\u00e3o \u00e9 a solu\u00e7\u00e3o. Continuamos contra a redu\u00e7\u00e3o da maioridade penal. Diante da tua morte gritamos que queremos a vida; e vida em plenitude. Afirmamos decididos\/as: N\u00e3o seguiremos as doutrinas de morte que corrompem a vida e estra\u00e7alham os\/as jovens!<\/p>\n<p>&#8220;Pedimos-te o p\u00e3o da vida, o p\u00e3o da seguran\u00e7a, o p\u00e3o das multid\u00f5es. O p\u00e3o que tr\u00e1s a humanidade, que constr\u00f3i a gente em vez de canh\u00f5es&#8230;&#8221;<\/p>\n<p>Pedimos-te o p\u00e3o das pol\u00edticas p\u00fablicas para a juventude. Queremos educa\u00e7\u00e3o, queremos um projeto popular para o Brasil que paute as raz\u00f5es do nosso viver. Pedimos o p\u00e3o da coragem de gritar pela boca dos\/as que sofrem a injusti\u00e7a social, pela Negra Mariama que sofre a discrimina\u00e7\u00e3o racial, pelo pobre que incomoda o latifundi\u00e1rio. Queremos justi\u00e7a, mas justi\u00e7a com amor. Jovens de todo o Brasil, mais uma vez \u00e9 derramado sangue. Mais um M\u00e1rtir surge para nos abra\u00e7ar com grande aperto no cora\u00e7\u00e3o e, pelo seu sangue derramado, pedimos que todos intensifiquem a luta contra a viol\u00eancia. Somos a Juventude do Brasil, dos quilombos e das aldeias, do campo e da cidade, da Amaz\u00f4nia, do Cerrado, do Semi-\u00c1rido, do Litoral, dos Pampas&#8230; de todos os recantos deste Brasil. Somos Jovens e queremos viver porque &#8220;O rosto de Deus \u00e9 jovem tamb\u00e9m e o sonho mais lindo \u00e9 ele quem tem. Deus n\u00e3o envelhece, tampouco morreu, continua vivo no povo que \u00e9 seu. Se a juventude viesse a faltar, o rosto de Deus iria mudar&#8221;.<\/p>\n<p>&#8220;Perdoa-nos quando por medo ficamos calados diante da morte. Perdoa e destr\u00f3i o reino onde a corrup\u00e7\u00e3o \u00e9 a lei mais forte. Protege-nos da crueldade do esquadr\u00e3o da morte dos prevalecidos&#8230;&#8221;<\/p>\n<p>Viemos tamb\u00e9m, por meio desta, gritar \u00e0 juventude brasileira que nos perdoe porque demoramos tanto a come\u00e7ar a lutar que acabamos perdendo nosso amigo e irm\u00e3o que nos incentivava para o combate. Viemos pedir perd\u00e3o ao Gisley por tudo o que se est\u00e1 dizendo dele, nas mais variadas formas de nos enfraquecer. Foi calada mais uma voz a favor dos\/as jovens na luta pela igualdade e pela justi\u00e7a, mas esses\/as mesmos\/as jovens n\u00e3o se calar\u00e3o. Perdoa-nos Gisley, porque n\u00e3o come\u00e7amos a lutar mais cedo, talvez se tiv\u00e9ssemos voc\u00ea ainda estaria com a gente. Choramos a sua aus\u00eancia, mas refor\u00e7amos a nossa luta contra a viol\u00eancia e contra o exterm\u00ednio da juventude. N\u00e3o s\u00e3o tr\u00eas balas de 38 que calam a voz dos\/as que lutam pelos direitos dos\/as jovens neste pa\u00eds, n\u00e3o s\u00e3o institui\u00e7\u00f5es e autoridades vendidas que abafar\u00e3o as vozes dos\/as que clamam por melhores condi\u00e7\u00f5es para se viver. N\u00e3o s\u00e3o as armas nucleares, nem as guerras, nem o tr\u00e1fico de pessoas humanas, ningu\u00e9m, nem nada pode calar a voz destes profetas e profetizas!<\/p>\n<p>&#8220;PAI NOSSO REVOLUCION\u00c1RIO, PARCEIRO DOS POBRES, DEUS DOS OPRIMIDOS!&#8221;<\/p>\n<p>&#8220;Entre dores e sofrimentos, ousamos, ao lado do padre Gisley, celebrar e cantar a vida. Obrigado, padre Gisley, por nos comunicar o ardor da vida, por nos convencer a construir a paz!&#8221;<\/p>\n<p>OBRIGADO PE. GISLEY! SER\u00c1S ETERNAMENTE O NOSSO ASSESSOR!!!<br \/>\nA Campanha est\u00e1 lan\u00e7ada! Prosseguimos em Marcha, contra a Viol\u00eancia e em Defesa da Vida!<\/p>\n<p>Juventudes Brasileiras<\/p>\n<p>Brasil, 19 de junho de 2009.<\/p>\n<div id=\"themify_builder_content-4059\" data-postid=\"4059\" class=\"themify_builder_content themify_builder_content-4059 themify_builder themify_builder_front\">\n\t<\/div>\n<!-- \/themify_builder_content -->","protected":false},"excerpt":{"rendered":"<p>Por ocasi\u00e3o da morte do nosso assessor nacional, Pe. Gisley Azevedo Gomes, n\u00f3s, as juventudes brasileiras que viveram e conviveram com ele, que amaram e foram amadas por ele, vimos atrav\u00e9s desta manifestar toda a nossa tristeza e indigna\u00e7\u00e3o pelo seu mart\u00edrio. Somos jovens das Pastorais da Juventude, dos quilombos, das aldeias, das Comunidades Eclesiais [&hellip;]<\/p>\n","protected":false},"author":5,"featured_media":0,"comment_status":"open","ping_status":"open","sticky":false,"template":"","format":"standard","meta":{"ngg_post_thumbnail":0,"footnotes":""},"categories":[9],"tags":[849,225,252,20],"yoast_head":"<!-- This site is optimized with the Yoast SEO plugin v23.5 - https:\/\/yoast.com\/wordpress\/plugins\/seo\/ -->\n<title>Carta aberta das Juventudes do Brasil - O Arcanjo no ar<\/title>\n<meta name=\"robots\" content=\"index, follow, max-snippet:-1, max-image-preview:large, max-video-preview:-1\" \/>\n<link rel=\"canonical\" href=\"https:\/\/www.oarcanjo.net\/site\/carta-aberta-das-juventudes-do-brasil\/\" \/>\n<meta property=\"og:locale\" content=\"pt_BR\" \/>\n<meta property=\"og:type\" content=\"article\" \/>\n<meta property=\"og:title\" content=\"Carta aberta das Juventudes do Brasil - O Arcanjo no ar\" \/>\n<meta property=\"og:description\" content=\"Por ocasi\u00e3o da morte do nosso assessor nacional, Pe. Gisley Azevedo Gomes, n\u00f3s, as juventudes brasileiras que viveram e conviveram com ele, que amaram e foram amadas por ele, vimos atrav\u00e9s desta manifestar toda a nossa tristeza e indigna\u00e7\u00e3o pelo seu mart\u00edrio. Somos jovens das Pastorais da Juventude, dos quilombos, das aldeias, das Comunidades Eclesiais [&hellip;]\" \/>\n<meta property=\"og:url\" content=\"https:\/\/www.oarcanjo.net\/site\/carta-aberta-das-juventudes-do-brasil\/\" \/>\n<meta property=\"og:site_name\" content=\"O Arcanjo no ar\" \/>\n<meta property=\"article:publisher\" content=\"https:\/\/www.facebook.com\/OArcanjoNoAr\/\" \/>\n<meta property=\"article:published_time\" content=\"2009-06-22T00:05:04+00:00\" \/>\n<meta property=\"article:modified_time\" content=\"2009-06-23T00:08:54+00:00\" \/>\n<meta property=\"og:image\" content=\"https:\/\/www.oarcanjo.net\/site\/wp-content\/uploads\/logo-o-arcanjo-no-ar-facebook.png\" \/>\n\t<meta property=\"og:image:width\" content=\"300\" \/>\n\t<meta property=\"og:image:height\" content=\"300\" \/>\n\t<meta property=\"og:image:type\" content=\"image\/png\" \/>\n<meta name=\"author\" content=\"editor\" \/>\n<meta name=\"twitter:card\" content=\"summary_large_image\" \/>\n<meta name=\"twitter:label1\" content=\"Escrito por\" \/>\n\t<meta name=\"twitter:data1\" content=\"editor\" \/>\n\t<meta name=\"twitter:label2\" content=\"Est. tempo de leitura\" \/>\n\t<meta name=\"twitter:data2\" content=\"6 minutos\" \/>\n<script type=\"application\/ld+json\" class=\"yoast-schema-graph\">{\"@context\":\"https:\/\/schema.org\",\"@graph\":[{\"@type\":\"Article\",\"@id\":\"https:\/\/www.oarcanjo.net\/site\/carta-aberta-das-juventudes-do-brasil\/#article\",\"isPartOf\":{\"@id\":\"https:\/\/www.oarcanjo.net\/site\/carta-aberta-das-juventudes-do-brasil\/\"},\"author\":{\"name\":\"editor\",\"@id\":\"https:\/\/www.oarcanjo.net\/site\/#\/schema\/person\/f7024d007863202483a31326673a0838\"},\"headline\":\"Carta aberta das Juventudes do Brasil\",\"datePublished\":\"2009-06-22T00:05:04+00:00\",\"dateModified\":\"2009-06-23T00:08:54+00:00\",\"mainEntityOfPage\":{\"@id\":\"https:\/\/www.oarcanjo.net\/site\/carta-aberta-das-juventudes-do-brasil\/\"},\"wordCount\":1246,\"commentCount\":0,\"publisher\":{\"@id\":\"https:\/\/www.oarcanjo.net\/site\/#organization\"},\"keywords\":[\"Gisley\",\"juventude\",\"m\u00e1rtir\",\"viol\u00eancia\"],\"articleSection\":[\"Reflex\u00f5es\"],\"inLanguage\":\"pt-BR\",\"potentialAction\":[{\"@type\":\"CommentAction\",\"name\":\"Comment\",\"target\":[\"https:\/\/www.oarcanjo.net\/site\/carta-aberta-das-juventudes-do-brasil\/#respond\"]}]},{\"@type\":\"WebPage\",\"@id\":\"https:\/\/www.oarcanjo.net\/site\/carta-aberta-das-juventudes-do-brasil\/\",\"url\":\"https:\/\/www.oarcanjo.net\/site\/carta-aberta-das-juventudes-do-brasil\/\",\"name\":\"Carta aberta das Juventudes do Brasil - O Arcanjo no ar\",\"isPartOf\":{\"@id\":\"https:\/\/www.oarcanjo.net\/site\/#website\"},\"datePublished\":\"2009-06-22T00:05:04+00:00\",\"dateModified\":\"2009-06-23T00:08:54+00:00\",\"breadcrumb\":{\"@id\":\"https:\/\/www.oarcanjo.net\/site\/carta-aberta-das-juventudes-do-brasil\/#breadcrumb\"},\"inLanguage\":\"pt-BR\",\"potentialAction\":[{\"@type\":\"ReadAction\",\"target\":[\"https:\/\/www.oarcanjo.net\/site\/carta-aberta-das-juventudes-do-brasil\/\"]}]},{\"@type\":\"BreadcrumbList\",\"@id\":\"https:\/\/www.oarcanjo.net\/site\/carta-aberta-das-juventudes-do-brasil\/#breadcrumb\",\"itemListElement\":[{\"@type\":\"ListItem\",\"position\":1,\"name\":\"In\u00edcio\",\"item\":\"https:\/\/www.oarcanjo.net\/site\/\"},{\"@type\":\"ListItem\",\"position\":2,\"name\":\"Carta aberta das Juventudes do Brasil\"}]},{\"@type\":\"WebSite\",\"@id\":\"https:\/\/www.oarcanjo.net\/site\/#website\",\"url\":\"https:\/\/www.oarcanjo.net\/site\/\",\"name\":\"O Arcanjo no ar\",\"description\":\"Site da Par\u00f3quia S\u00e3o Miguel Arcanjo (Arquidiocese de SP)\",\"publisher\":{\"@id\":\"https:\/\/www.oarcanjo.net\/site\/#organization\"},\"potentialAction\":[{\"@type\":\"SearchAction\",\"target\":{\"@type\":\"EntryPoint\",\"urlTemplate\":\"https:\/\/www.oarcanjo.net\/site\/?s={search_term_string}\"},\"query-input\":{\"@type\":\"PropertyValueSpecification\",\"valueRequired\":true,\"valueName\":\"search_term_string\"}}],\"inLanguage\":\"pt-BR\"},{\"@type\":\"Organization\",\"@id\":\"https:\/\/www.oarcanjo.net\/site\/#organization\",\"name\":\"Par\u00f3quia S\u00e3o Miguel Arcanjo\",\"url\":\"https:\/\/www.oarcanjo.net\/site\/\",\"logo\":{\"@type\":\"ImageObject\",\"inLanguage\":\"pt-BR\",\"@id\":\"https:\/\/www.oarcanjo.net\/site\/#\/schema\/logo\/image\/\",\"url\":\"https:\/\/www.oarcanjo.net\/site\/wp-content\/uploads\/LogoOArcanjo.png\",\"contentUrl\":\"https:\/\/www.oarcanjo.net\/site\/wp-content\/uploads\/LogoOArcanjo.png\",\"width\":319,\"height\":99,\"caption\":\"Par\u00f3quia S\u00e3o Miguel Arcanjo\"},\"image\":{\"@id\":\"https:\/\/www.oarcanjo.net\/site\/#\/schema\/logo\/image\/\"},\"sameAs\":[\"https:\/\/www.facebook.com\/OArcanjoNoAr\/\"]},{\"@type\":\"Person\",\"@id\":\"https:\/\/www.oarcanjo.net\/site\/#\/schema\/person\/f7024d007863202483a31326673a0838\",\"name\":\"editor\",\"sameAs\":[\"http:\/\/www.oarcanjo.net\"]}]}<\/script>\n<!-- \/ Yoast SEO plugin. -->","yoast_head_json":{"title":"Carta aberta das Juventudes do Brasil - O Arcanjo no ar","robots":{"index":"index","follow":"follow","max-snippet":"max-snippet:-1","max-image-preview":"max-image-preview:large","max-video-preview":"max-video-preview:-1"},"canonical":"https:\/\/www.oarcanjo.net\/site\/carta-aberta-das-juventudes-do-brasil\/","og_locale":"pt_BR","og_type":"article","og_title":"Carta aberta das Juventudes do Brasil - O Arcanjo no ar","og_description":"Por ocasi\u00e3o da morte do nosso assessor nacional, Pe. Gisley Azevedo Gomes, n\u00f3s, as juventudes brasileiras que viveram e conviveram com ele, que amaram e foram amadas por ele, vimos atrav\u00e9s desta manifestar toda a nossa tristeza e indigna\u00e7\u00e3o pelo seu mart\u00edrio. Somos jovens das Pastorais da Juventude, dos quilombos, das aldeias, das Comunidades Eclesiais [&hellip;]","og_url":"https:\/\/www.oarcanjo.net\/site\/carta-aberta-das-juventudes-do-brasil\/","og_site_name":"O Arcanjo no ar","article_publisher":"https:\/\/www.facebook.com\/OArcanjoNoAr\/","article_published_time":"2009-06-22T00:05:04+00:00","article_modified_time":"2009-06-23T00:08:54+00:00","og_image":[{"width":300,"height":300,"url":"https:\/\/www.oarcanjo.net\/site\/wp-content\/uploads\/logo-o-arcanjo-no-ar-facebook.png","type":"image\/png"}],"author":"editor","twitter_card":"summary_large_image","twitter_misc":{"Escrito por":"editor","Est. tempo de leitura":"6 minutos"},"schema":{"@context":"https:\/\/schema.org","@graph":[{"@type":"Article","@id":"https:\/\/www.oarcanjo.net\/site\/carta-aberta-das-juventudes-do-brasil\/#article","isPartOf":{"@id":"https:\/\/www.oarcanjo.net\/site\/carta-aberta-das-juventudes-do-brasil\/"},"author":{"name":"editor","@id":"https:\/\/www.oarcanjo.net\/site\/#\/schema\/person\/f7024d007863202483a31326673a0838"},"headline":"Carta aberta das Juventudes do Brasil","datePublished":"2009-06-22T00:05:04+00:00","dateModified":"2009-06-23T00:08:54+00:00","mainEntityOfPage":{"@id":"https:\/\/www.oarcanjo.net\/site\/carta-aberta-das-juventudes-do-brasil\/"},"wordCount":1246,"commentCount":0,"publisher":{"@id":"https:\/\/www.oarcanjo.net\/site\/#organization"},"keywords":["Gisley","juventude","m\u00e1rtir","viol\u00eancia"],"articleSection":["Reflex\u00f5es"],"inLanguage":"pt-BR","potentialAction":[{"@type":"CommentAction","name":"Comment","target":["https:\/\/www.oarcanjo.net\/site\/carta-aberta-das-juventudes-do-brasil\/#respond"]}]},{"@type":"WebPage","@id":"https:\/\/www.oarcanjo.net\/site\/carta-aberta-das-juventudes-do-brasil\/","url":"https:\/\/www.oarcanjo.net\/site\/carta-aberta-das-juventudes-do-brasil\/","name":"Carta aberta das Juventudes do Brasil - O Arcanjo no ar","isPartOf":{"@id":"https:\/\/www.oarcanjo.net\/site\/#website"},"datePublished":"2009-06-22T00:05:04+00:00","dateModified":"2009-06-23T00:08:54+00:00","breadcrumb":{"@id":"https:\/\/www.oarcanjo.net\/site\/carta-aberta-das-juventudes-do-brasil\/#breadcrumb"},"inLanguage":"pt-BR","potentialAction":[{"@type":"ReadAction","target":["https:\/\/www.oarcanjo.net\/site\/carta-aberta-das-juventudes-do-brasil\/"]}]},{"@type":"BreadcrumbList","@id":"https:\/\/www.oarcanjo.net\/site\/carta-aberta-das-juventudes-do-brasil\/#breadcrumb","itemListElement":[{"@type":"ListItem","position":1,"name":"In\u00edcio","item":"https:\/\/www.oarcanjo.net\/site\/"},{"@type":"ListItem","position":2,"name":"Carta aberta das Juventudes do Brasil"}]},{"@type":"WebSite","@id":"https:\/\/www.oarcanjo.net\/site\/#website","url":"https:\/\/www.oarcanjo.net\/site\/","name":"O Arcanjo no ar","description":"Site da Par\u00f3quia S\u00e3o Miguel Arcanjo (Arquidiocese de SP)","publisher":{"@id":"https:\/\/www.oarcanjo.net\/site\/#organization"},"potentialAction":[{"@type":"SearchAction","target":{"@type":"EntryPoint","urlTemplate":"https:\/\/www.oarcanjo.net\/site\/?s={search_term_string}"},"query-input":{"@type":"PropertyValueSpecification","valueRequired":true,"valueName":"search_term_string"}}],"inLanguage":"pt-BR"},{"@type":"Organization","@id":"https:\/\/www.oarcanjo.net\/site\/#organization","name":"Par\u00f3quia S\u00e3o Miguel Arcanjo","url":"https:\/\/www.oarcanjo.net\/site\/","logo":{"@type":"ImageObject","inLanguage":"pt-BR","@id":"https:\/\/www.oarcanjo.net\/site\/#\/schema\/logo\/image\/","url":"https:\/\/www.oarcanjo.net\/site\/wp-content\/uploads\/LogoOArcanjo.png","contentUrl":"https:\/\/www.oarcanjo.net\/site\/wp-content\/uploads\/LogoOArcanjo.png","width":319,"height":99,"caption":"Par\u00f3quia S\u00e3o Miguel Arcanjo"},"image":{"@id":"https:\/\/www.oarcanjo.net\/site\/#\/schema\/logo\/image\/"},"sameAs":["https:\/\/www.facebook.com\/OArcanjoNoAr\/"]},{"@type":"Person","@id":"https:\/\/www.oarcanjo.net\/site\/#\/schema\/person\/f7024d007863202483a31326673a0838","name":"editor","sameAs":["http:\/\/www.oarcanjo.net"]}]}},"publishpress_future_action":{"enabled":false,"date":"2026-05-09 10:23:47","action":"category","newStatus":"draft","terms":[],"taxonomy":"category"},"publishpress_future_workflow_manual_trigger":{"enabledWorkflows":[]},"_links":{"self":[{"href":"https:\/\/www.oarcanjo.net\/site\/wp-json\/wp\/v2\/posts\/4059"}],"collection":[{"href":"https:\/\/www.oarcanjo.net\/site\/wp-json\/wp\/v2\/posts"}],"about":[{"href":"https:\/\/www.oarcanjo.net\/site\/wp-json\/wp\/v2\/types\/post"}],"author":[{"embeddable":true,"href":"https:\/\/www.oarcanjo.net\/site\/wp-json\/wp\/v2\/users\/5"}],"replies":[{"embeddable":true,"href":"https:\/\/www.oarcanjo.net\/site\/wp-json\/wp\/v2\/comments?post=4059"}],"version-history":[{"count":0,"href":"https:\/\/www.oarcanjo.net\/site\/wp-json\/wp\/v2\/posts\/4059\/revisions"}],"wp:attachment":[{"href":"https:\/\/www.oarcanjo.net\/site\/wp-json\/wp\/v2\/media?parent=4059"}],"wp:term":[{"taxonomy":"category","embeddable":true,"href":"https:\/\/www.oarcanjo.net\/site\/wp-json\/wp\/v2\/categories?post=4059"},{"taxonomy":"post_tag","embeddable":true,"href":"https:\/\/www.oarcanjo.net\/site\/wp-json\/wp\/v2\/tags?post=4059"}],"curies":[{"name":"wp","href":"https:\/\/api.w.org\/{rel}","templated":true}]}}