
{"id":4061,"date":"2009-06-23T10:08:55","date_gmt":"2009-06-23T13:08:55","guid":{"rendered":"http:\/\/www.oarcanjo.net\/site\/?p=4061"},"modified":"2009-06-22T21:11:51","modified_gmt":"2009-06-23T00:11:51","slug":"etica-para-a-nova-era","status":"publish","type":"post","link":"https:\/\/www.oarcanjo.net\/site\/etica-para-a-nova-era\/","title":{"rendered":"\u00c9tica para a nova era"},"content":{"rendered":"<p>Leonardo Boff<\/p>\n<p>Nenhuma sociedade no passado ou no presente vive sem uma \u00e9tica. Como seres sociais, precisamos elaborar certos consensos, coibir certas a\u00e7\u00f5es e criar projetos coletivos que d\u00e3o sentido e rumo \u00e0 hist\u00f3ria. Hoje, devido ao fato da globaliza\u00e7\u00e3o, constata-se o encontro de muitos projetos \u00e9ticos nem todos compat\u00edveis entre si. Face \u00e0 nova era da humanidade, agora mundializada, sente-se a urg\u00eancia de um patamar \u00e9tico m\u00ednimo que possa ganhar o consentimento de todos e assim viabilizar a conviv\u00eancia dos povos. Vejamos, sucintamente, como na hist\u00f3ria se formularam as \u00e9ticas.<\/p>\n<p>Uma permanente fonte de \u00e9tica s\u00e3o as religi\u00f5es. Estas animam valores, ditam comportamentos e d\u00e3o significado \u00e0 vida de grande parte da humanidade que, a despeito do processo de seculariza\u00e7\u00e3o, se rege pela cosmovis\u00e3o religiosa. Como as religi\u00f5es s\u00e3o muitas e diferentes, variam tamb\u00e9m as normas \u00e9ticas. Dificilmente se pode fundar um consenso \u00e9tico, baseado somente no fator religioso. Qual religi\u00e3o tomar como refer\u00eancia? A \u00e9tica fundada na religi\u00e3o possui, entretanto, um valor inestim\u00e1vel por referi-la a um \u00faltimo fundamento que \u00e9 o Absoluto.<\/p>\n<p>A segunda fonte \u00e9 a raz\u00e3o. Foi m\u00e9rito dos fil\u00f3sofos gregos terem constru\u00eddo uma arquitet\u00f4nica \u00e9tica fundada em algo universal, exatamente na raz\u00e3o, presente em todos os seres humanos. As normas que regem a vida pessoal chamaram de \u00e9tica e as que presidem a vida social chamaram de pol\u00edtica. Por isso, para eles, pol\u00edtica \u00e9 sempre \u00e9tica. N\u00e3o existe, como entre n\u00f3s, pol\u00edtica sem \u00e9tica.<\/p>\n<p>Esta \u00e9tica racional \u00e9 irrenunci\u00e1vel mas n\u00e3o recobre toda a vida humana, pois existem outras dimens\u00f5es que est\u00e3o aqu\u00e9m da raz\u00e3o como a vida afetiva ou al\u00e9m como a est\u00e9tica e a experi\u00eancia espiritual.<\/p>\n<p>A terceira fonte \u00e9 o desejo. Somos seres, por ess\u00eancia, desejantes. O desejo possui uma estrutura infinita. N\u00e3o conhece limites e \u00e9 indefinido por ser naturalmente difuso. Cabe ao ser humano dar-lhe forma. Na maneira de realizar, limitar e direcionar o desejo, surgem  normas e valores. A \u00e9tica do desejo se casa perfeitamente com a cultura moderna que surgiu do desejo de conquistar o mundo. Ela ganhou uma forma particular no capitalismo no seu af\u00e3 de realizar todos os desejos. E o faz excitando de forma exacerbada todos os desejos. Pertence \u00e0 felicidade, a realiza\u00e7\u00e3o de desejos mas, atualmente, sem freios e controles, pode p\u00f4r em risco a esp\u00e9cie e devastar o planeta. Precisamos incorpor\u00e1-la em algo mais fundamental.<\/p>\n<p>A quarta fonte \u00e9 o cuidado, fundado na raz\u00e3o sens\u00edvel e na sua express\u00e3o racional, a responsabilidade. O cuidado est\u00e1 ligado essencialmente \u00e0 vida, pois esta, sem o cuidado, n\u00e3o persiste. Da\u00ed haver uma tradi\u00e7\u00e3o filos\u00f3fica que nos vem da antiguidade (a f\u00e1bula-mito 220 de Higino) que define o ser humano como essencialmente um ser de cuidado. A \u00e9tica do cuidado protege, potencia, preserva, cura e previne. Por sua natureza n\u00e3o \u00e9 agressiva e quando interv\u00e9m na realidade o faz tomando em considera\u00e7\u00e3o as consequ\u00eancias ben\u00e9ficas ou mal\u00e9ficas da interven\u00e7\u00e3o. Vale dizer, se responsabiliza por todas as a\u00e7\u00f5es humanas. Cuidado e responsabilidade andam sempre juntos.<\/p>\n<p>Essa \u00e9tica \u00e9 hoje imperativa. O planeta, a natureza, a humanidade, os povos, o mundo da vida (Lebenswelt) est\u00e3o demandando cuidado e responsabilidade. Se n\u00e3o transformarmos estas atitudes em valores normativos dificilmente evitaremos cat\u00e1strofes em todos os n\u00edveis. Os problemas do aquecimento global e o complexo das varias crises, s\u00f3 ser\u00e3o equacionados no esp\u00edrito de uma \u00e9tica do cuidado e da responsabilidade coletiva. \u00c9 a \u00e9tica da nova era.<\/p>\n<p>A \u00e9tica do cuidado n\u00e3o invalida as demais \u00e9ticas mas as obriga a servir \u00e0 causa maior que \u00e9 a salvaguarda da vida e a preserva\u00e7\u00e3o da Casa Comum para que continue habit\u00e1vel.<\/p>\n<div id=\"themify_builder_content-4061\" data-postid=\"4061\" class=\"themify_builder_content themify_builder_content-4061 themify_builder themify_builder_front\">\n\t<\/div>\n<!-- \/themify_builder_content -->","protected":false},"excerpt":{"rendered":"<p>Leonardo Boff Nenhuma sociedade no passado ou no presente vive sem uma \u00e9tica. Como seres sociais, precisamos elaborar certos consensos, coibir certas a\u00e7\u00f5es e criar projetos coletivos que d\u00e3o sentido e rumo \u00e0 hist\u00f3ria. Hoje, devido ao fato da globaliza\u00e7\u00e3o, constata-se o encontro de muitos projetos \u00e9ticos nem todos compat\u00edveis entre si. Face \u00e0 nova [&hellip;]<\/p>\n","protected":false},"author":5,"featured_media":0,"comment_status":"open","ping_status":"open","sticky":false,"template":"","format":"standard","meta":{"ngg_post_thumbnail":0,"footnotes":""},"categories":[8],"tags":[850,313],"yoast_head":"<!-- This site is optimized with the Yoast SEO plugin v23.5 - https:\/\/yoast.com\/wordpress\/plugins\/seo\/ -->\n<title>\u00c9tica para a nova era - O Arcanjo no ar<\/title>\n<meta name=\"robots\" content=\"index, follow, max-snippet:-1, max-image-preview:large, max-video-preview:-1\" \/>\n<link rel=\"canonical\" href=\"https:\/\/www.oarcanjo.net\/site\/etica-para-a-nova-era\/\" \/>\n<meta property=\"og:locale\" content=\"pt_BR\" \/>\n<meta property=\"og:type\" content=\"article\" \/>\n<meta property=\"og:title\" content=\"\u00c9tica para a nova era - O Arcanjo no ar\" \/>\n<meta property=\"og:description\" content=\"Leonardo Boff Nenhuma sociedade no passado ou no presente vive sem uma \u00e9tica. Como seres sociais, precisamos elaborar certos consensos, coibir certas a\u00e7\u00f5es e criar projetos coletivos que d\u00e3o sentido e rumo \u00e0 hist\u00f3ria. Hoje, devido ao fato da globaliza\u00e7\u00e3o, constata-se o encontro de muitos projetos \u00e9ticos nem todos compat\u00edveis entre si. Face \u00e0 nova [&hellip;]\" \/>\n<meta property=\"og:url\" content=\"https:\/\/www.oarcanjo.net\/site\/etica-para-a-nova-era\/\" \/>\n<meta property=\"og:site_name\" content=\"O Arcanjo no ar\" \/>\n<meta property=\"article:publisher\" content=\"https:\/\/www.facebook.com\/OArcanjoNoAr\/\" \/>\n<meta property=\"article:published_time\" content=\"2009-06-23T13:08:55+00:00\" \/>\n<meta property=\"article:modified_time\" content=\"2009-06-23T00:11:51+00:00\" \/>\n<meta property=\"og:image\" content=\"https:\/\/www.oarcanjo.net\/site\/wp-content\/uploads\/logo-o-arcanjo-no-ar-facebook.png\" \/>\n\t<meta property=\"og:image:width\" content=\"300\" \/>\n\t<meta property=\"og:image:height\" content=\"300\" \/>\n\t<meta property=\"og:image:type\" content=\"image\/png\" \/>\n<meta name=\"author\" content=\"editor\" \/>\n<meta name=\"twitter:card\" content=\"summary_large_image\" \/>\n<meta name=\"twitter:label1\" content=\"Escrito por\" \/>\n\t<meta name=\"twitter:data1\" content=\"editor\" \/>\n\t<meta name=\"twitter:label2\" content=\"Est. tempo de leitura\" \/>\n\t<meta name=\"twitter:data2\" content=\"3 minutos\" \/>\n<script type=\"application\/ld+json\" class=\"yoast-schema-graph\">{\"@context\":\"https:\/\/schema.org\",\"@graph\":[{\"@type\":\"Article\",\"@id\":\"https:\/\/www.oarcanjo.net\/site\/etica-para-a-nova-era\/#article\",\"isPartOf\":{\"@id\":\"https:\/\/www.oarcanjo.net\/site\/etica-para-a-nova-era\/\"},\"author\":{\"name\":\"editor\",\"@id\":\"https:\/\/www.oarcanjo.net\/site\/#\/schema\/person\/f7024d007863202483a31326673a0838\"},\"headline\":\"\u00c9tica para a nova era\",\"datePublished\":\"2009-06-23T13:08:55+00:00\",\"dateModified\":\"2009-06-23T00:11:51+00:00\",\"mainEntityOfPage\":{\"@id\":\"https:\/\/www.oarcanjo.net\/site\/etica-para-a-nova-era\/\"},\"wordCount\":658,\"commentCount\":0,\"publisher\":{\"@id\":\"https:\/\/www.oarcanjo.net\/site\/#organization\"},\"keywords\":[\"cuidado\",\"\u00e9tica\"],\"articleSection\":[\"Not\u00edcias\"],\"inLanguage\":\"pt-BR\",\"potentialAction\":[{\"@type\":\"CommentAction\",\"name\":\"Comment\",\"target\":[\"https:\/\/www.oarcanjo.net\/site\/etica-para-a-nova-era\/#respond\"]}]},{\"@type\":\"WebPage\",\"@id\":\"https:\/\/www.oarcanjo.net\/site\/etica-para-a-nova-era\/\",\"url\":\"https:\/\/www.oarcanjo.net\/site\/etica-para-a-nova-era\/\",\"name\":\"\u00c9tica para a nova era - O Arcanjo no ar\",\"isPartOf\":{\"@id\":\"https:\/\/www.oarcanjo.net\/site\/#website\"},\"datePublished\":\"2009-06-23T13:08:55+00:00\",\"dateModified\":\"2009-06-23T00:11:51+00:00\",\"breadcrumb\":{\"@id\":\"https:\/\/www.oarcanjo.net\/site\/etica-para-a-nova-era\/#breadcrumb\"},\"inLanguage\":\"pt-BR\",\"potentialAction\":[{\"@type\":\"ReadAction\",\"target\":[\"https:\/\/www.oarcanjo.net\/site\/etica-para-a-nova-era\/\"]}]},{\"@type\":\"BreadcrumbList\",\"@id\":\"https:\/\/www.oarcanjo.net\/site\/etica-para-a-nova-era\/#breadcrumb\",\"itemListElement\":[{\"@type\":\"ListItem\",\"position\":1,\"name\":\"In\u00edcio\",\"item\":\"https:\/\/www.oarcanjo.net\/site\/\"},{\"@type\":\"ListItem\",\"position\":2,\"name\":\"\u00c9tica para a nova era\"}]},{\"@type\":\"WebSite\",\"@id\":\"https:\/\/www.oarcanjo.net\/site\/#website\",\"url\":\"https:\/\/www.oarcanjo.net\/site\/\",\"name\":\"O Arcanjo no ar\",\"description\":\"Site da Par\u00f3quia S\u00e3o Miguel Arcanjo (Arquidiocese de SP)\",\"publisher\":{\"@id\":\"https:\/\/www.oarcanjo.net\/site\/#organization\"},\"potentialAction\":[{\"@type\":\"SearchAction\",\"target\":{\"@type\":\"EntryPoint\",\"urlTemplate\":\"https:\/\/www.oarcanjo.net\/site\/?s={search_term_string}\"},\"query-input\":{\"@type\":\"PropertyValueSpecification\",\"valueRequired\":true,\"valueName\":\"search_term_string\"}}],\"inLanguage\":\"pt-BR\"},{\"@type\":\"Organization\",\"@id\":\"https:\/\/www.oarcanjo.net\/site\/#organization\",\"name\":\"Par\u00f3quia S\u00e3o Miguel Arcanjo\",\"url\":\"https:\/\/www.oarcanjo.net\/site\/\",\"logo\":{\"@type\":\"ImageObject\",\"inLanguage\":\"pt-BR\",\"@id\":\"https:\/\/www.oarcanjo.net\/site\/#\/schema\/logo\/image\/\",\"url\":\"https:\/\/www.oarcanjo.net\/site\/wp-content\/uploads\/LogoOArcanjo.png\",\"contentUrl\":\"https:\/\/www.oarcanjo.net\/site\/wp-content\/uploads\/LogoOArcanjo.png\",\"width\":319,\"height\":99,\"caption\":\"Par\u00f3quia S\u00e3o Miguel Arcanjo\"},\"image\":{\"@id\":\"https:\/\/www.oarcanjo.net\/site\/#\/schema\/logo\/image\/\"},\"sameAs\":[\"https:\/\/www.facebook.com\/OArcanjoNoAr\/\"]},{\"@type\":\"Person\",\"@id\":\"https:\/\/www.oarcanjo.net\/site\/#\/schema\/person\/f7024d007863202483a31326673a0838\",\"name\":\"editor\",\"sameAs\":[\"http:\/\/www.oarcanjo.net\"]}]}<\/script>\n<!-- \/ Yoast SEO plugin. -->","yoast_head_json":{"title":"\u00c9tica para a nova era - O Arcanjo no ar","robots":{"index":"index","follow":"follow","max-snippet":"max-snippet:-1","max-image-preview":"max-image-preview:large","max-video-preview":"max-video-preview:-1"},"canonical":"https:\/\/www.oarcanjo.net\/site\/etica-para-a-nova-era\/","og_locale":"pt_BR","og_type":"article","og_title":"\u00c9tica para a nova era - O Arcanjo no ar","og_description":"Leonardo Boff Nenhuma sociedade no passado ou no presente vive sem uma \u00e9tica. Como seres sociais, precisamos elaborar certos consensos, coibir certas a\u00e7\u00f5es e criar projetos coletivos que d\u00e3o sentido e rumo \u00e0 hist\u00f3ria. Hoje, devido ao fato da globaliza\u00e7\u00e3o, constata-se o encontro de muitos projetos \u00e9ticos nem todos compat\u00edveis entre si. Face \u00e0 nova [&hellip;]","og_url":"https:\/\/www.oarcanjo.net\/site\/etica-para-a-nova-era\/","og_site_name":"O Arcanjo no ar","article_publisher":"https:\/\/www.facebook.com\/OArcanjoNoAr\/","article_published_time":"2009-06-23T13:08:55+00:00","article_modified_time":"2009-06-23T00:11:51+00:00","og_image":[{"width":300,"height":300,"url":"https:\/\/www.oarcanjo.net\/site\/wp-content\/uploads\/logo-o-arcanjo-no-ar-facebook.png","type":"image\/png"}],"author":"editor","twitter_card":"summary_large_image","twitter_misc":{"Escrito por":"editor","Est. tempo de leitura":"3 minutos"},"schema":{"@context":"https:\/\/schema.org","@graph":[{"@type":"Article","@id":"https:\/\/www.oarcanjo.net\/site\/etica-para-a-nova-era\/#article","isPartOf":{"@id":"https:\/\/www.oarcanjo.net\/site\/etica-para-a-nova-era\/"},"author":{"name":"editor","@id":"https:\/\/www.oarcanjo.net\/site\/#\/schema\/person\/f7024d007863202483a31326673a0838"},"headline":"\u00c9tica para a nova era","datePublished":"2009-06-23T13:08:55+00:00","dateModified":"2009-06-23T00:11:51+00:00","mainEntityOfPage":{"@id":"https:\/\/www.oarcanjo.net\/site\/etica-para-a-nova-era\/"},"wordCount":658,"commentCount":0,"publisher":{"@id":"https:\/\/www.oarcanjo.net\/site\/#organization"},"keywords":["cuidado","\u00e9tica"],"articleSection":["Not\u00edcias"],"inLanguage":"pt-BR","potentialAction":[{"@type":"CommentAction","name":"Comment","target":["https:\/\/www.oarcanjo.net\/site\/etica-para-a-nova-era\/#respond"]}]},{"@type":"WebPage","@id":"https:\/\/www.oarcanjo.net\/site\/etica-para-a-nova-era\/","url":"https:\/\/www.oarcanjo.net\/site\/etica-para-a-nova-era\/","name":"\u00c9tica para a nova era - O Arcanjo no ar","isPartOf":{"@id":"https:\/\/www.oarcanjo.net\/site\/#website"},"datePublished":"2009-06-23T13:08:55+00:00","dateModified":"2009-06-23T00:11:51+00:00","breadcrumb":{"@id":"https:\/\/www.oarcanjo.net\/site\/etica-para-a-nova-era\/#breadcrumb"},"inLanguage":"pt-BR","potentialAction":[{"@type":"ReadAction","target":["https:\/\/www.oarcanjo.net\/site\/etica-para-a-nova-era\/"]}]},{"@type":"BreadcrumbList","@id":"https:\/\/www.oarcanjo.net\/site\/etica-para-a-nova-era\/#breadcrumb","itemListElement":[{"@type":"ListItem","position":1,"name":"In\u00edcio","item":"https:\/\/www.oarcanjo.net\/site\/"},{"@type":"ListItem","position":2,"name":"\u00c9tica para a nova era"}]},{"@type":"WebSite","@id":"https:\/\/www.oarcanjo.net\/site\/#website","url":"https:\/\/www.oarcanjo.net\/site\/","name":"O Arcanjo no ar","description":"Site da Par\u00f3quia S\u00e3o Miguel Arcanjo (Arquidiocese de SP)","publisher":{"@id":"https:\/\/www.oarcanjo.net\/site\/#organization"},"potentialAction":[{"@type":"SearchAction","target":{"@type":"EntryPoint","urlTemplate":"https:\/\/www.oarcanjo.net\/site\/?s={search_term_string}"},"query-input":{"@type":"PropertyValueSpecification","valueRequired":true,"valueName":"search_term_string"}}],"inLanguage":"pt-BR"},{"@type":"Organization","@id":"https:\/\/www.oarcanjo.net\/site\/#organization","name":"Par\u00f3quia S\u00e3o Miguel Arcanjo","url":"https:\/\/www.oarcanjo.net\/site\/","logo":{"@type":"ImageObject","inLanguage":"pt-BR","@id":"https:\/\/www.oarcanjo.net\/site\/#\/schema\/logo\/image\/","url":"https:\/\/www.oarcanjo.net\/site\/wp-content\/uploads\/LogoOArcanjo.png","contentUrl":"https:\/\/www.oarcanjo.net\/site\/wp-content\/uploads\/LogoOArcanjo.png","width":319,"height":99,"caption":"Par\u00f3quia S\u00e3o Miguel Arcanjo"},"image":{"@id":"https:\/\/www.oarcanjo.net\/site\/#\/schema\/logo\/image\/"},"sameAs":["https:\/\/www.facebook.com\/OArcanjoNoAr\/"]},{"@type":"Person","@id":"https:\/\/www.oarcanjo.net\/site\/#\/schema\/person\/f7024d007863202483a31326673a0838","name":"editor","sameAs":["http:\/\/www.oarcanjo.net"]}]}},"publishpress_future_action":{"enabled":false,"date":"2026-05-08 22:28:58","action":"category","newStatus":"draft","terms":[],"taxonomy":"category"},"publishpress_future_workflow_manual_trigger":{"enabledWorkflows":[]},"_links":{"self":[{"href":"https:\/\/www.oarcanjo.net\/site\/wp-json\/wp\/v2\/posts\/4061"}],"collection":[{"href":"https:\/\/www.oarcanjo.net\/site\/wp-json\/wp\/v2\/posts"}],"about":[{"href":"https:\/\/www.oarcanjo.net\/site\/wp-json\/wp\/v2\/types\/post"}],"author":[{"embeddable":true,"href":"https:\/\/www.oarcanjo.net\/site\/wp-json\/wp\/v2\/users\/5"}],"replies":[{"embeddable":true,"href":"https:\/\/www.oarcanjo.net\/site\/wp-json\/wp\/v2\/comments?post=4061"}],"version-history":[{"count":0,"href":"https:\/\/www.oarcanjo.net\/site\/wp-json\/wp\/v2\/posts\/4061\/revisions"}],"wp:attachment":[{"href":"https:\/\/www.oarcanjo.net\/site\/wp-json\/wp\/v2\/media?parent=4061"}],"wp:term":[{"taxonomy":"category","embeddable":true,"href":"https:\/\/www.oarcanjo.net\/site\/wp-json\/wp\/v2\/categories?post=4061"},{"taxonomy":"post_tag","embeddable":true,"href":"https:\/\/www.oarcanjo.net\/site\/wp-json\/wp\/v2\/tags?post=4061"}],"curies":[{"name":"wp","href":"https:\/\/api.w.org\/{rel}","templated":true}]}}