
{"id":4063,"date":"2009-06-22T21:14:44","date_gmt":"2009-06-23T00:14:44","guid":{"rendered":"http:\/\/www.oarcanjo.net\/site\/?p=4063"},"modified":"2009-06-22T21:14:44","modified_gmt":"2009-06-23T00:14:44","slug":"o-profeta-no-deserto","status":"publish","type":"post","link":"https:\/\/www.oarcanjo.net\/site\/o-profeta-no-deserto\/","title":{"rendered":"O profeta no deserto"},"content":{"rendered":"<p>Marcelo Barros<\/p>\n<p>Nestes dias, a cultura popular brasileira \u00e9 tomada pela mem\u00f3ria do nascimento de S\u00e3o Jo\u00e3o Batista. Muitos c\u00e2nticos tradicionais recordam o que conta o in\u00edcio do evangelho de Lucas. Trata-se de uma linguagem narrativa, como os mestres judeus costumavam comentar passagens b\u00edblicas do primeiro testamento. Os grupos de novena e de folia sabem que o importante destas tradi\u00e7\u00f5es \u00e9 a proclama\u00e7\u00e3o de que come\u00e7ou um tempo novo. O \u00fatero da mulher est\u00e9ril (Isabel) tornou-se f\u00e9rtil e o pai mudo come\u00e7ou a profetizar. S\u00e3o sinais de uma transforma\u00e7\u00e3o que, durante toda a sua vida, Jo\u00e3o Batista, como profeta, anunciou e pelo qual trabalhou.<\/p>\n<p>Conforme a espiritualidade crist\u00e3, Jo\u00e3o Batista \u00e9 uma figura paradigm\u00e1tica de todos os tempos e n\u00e3o apenas um santo que viveu h\u00e1 mais de dois mil anos. Como os profetas de todos os tempos, ele nos recorda que o deserto pode ser f\u00e9rtil e, como dizem profetas populares de movimentos messi\u00e2nicos brasileiros, &#8220;o mar vai virar sert\u00e3o&#8221;. <\/p>\n<p>Hoje, a sociedade tende a nos tornar meros consumidores de um mundo banalizado como imenso centro comercial. E a natureza sofre as conseq\u00fc\u00eancias de ser tratada como mercadoria. Neste contexto, a figura do profeta toma outro contorno. Ao ressaltar no deserto o rio Jord\u00e3o e o batismo como mergulho em uma vida nova, nos chama a valorizar a \u00e1gua como sinal de vida e a descobrir, mesmo na aridez, o\u00e1sis de fertilidade e caminhos de vida nova e sadia. Jo\u00e3o Batista nos ajuda a descobrir que, em meio a todas as dificuldades e como profetas no deserto, podemos ser pessoas mergulhadas no divino (\u00e9 isso que quer dizer batizadas) e testemunhas da a\u00e7\u00e3o divina de transforma\u00e7\u00e3o do mundo. <\/p>\n<p>H\u00e1 quem se espante que tanto Jo\u00e3o como Jesus de Nazar\u00e9 reuniram mais pessoas consideradas socialmente pecadoras do que os religiosos de sua \u00e9poca que, ali\u00e1s, n\u00e3o os aceitaram. Existe um tipo de espiritualidade que p\u00f5e as pessoas em uma esp\u00e9cie de elite sagrada, a se impor uma s\u00e9rie de ideais e metas que as pessoas tentam alcan\u00e7ar atrav\u00e9s de exerc\u00edcios espirituais e ora\u00e7\u00f5es. Este tipo de espiritualidade tem seu valor porque aponta um alto objetivo que as pessoas devem alcan\u00e7ar. O risco \u00e9 que muita gente n\u00e3o enfrenta o negativo presente em suas vidas. Ent\u00e3o, o edif\u00edcio espiritual fica constru\u00eddo como se fosse uma casa sem alicerce. A qualquer momento, aquilo que \u00e9 negado, mas nem por isso deixa de existir, assoma e toma conta da casa. Faz parte essencial da espiritualidade, nos lembra Jo\u00e3o Batista, assumir nossas negatividades e trabalh\u00e1-las, nos descobrindo fr\u00e1geis e divididos, mas objetos prediletos do carinho divino. Um monge antigo do Oriente dizia que o c\u00e9u, mas tamb\u00e9m o inferno, est\u00e3o dentro de n\u00f3s mesmos. <\/p>\n<p>A espiritualidade da B\u00edblia n\u00e3o idealiza profetas nem se concentra em ideais e metas muito altas. Assume as ambig\u00fcidades de Abra\u00e3o, capaz de, para escapar com vida, entregar a pr\u00f3pria mulher a um rei estrangeiro como concubina. N\u00e3o nega a esperteza mentirosa de Jac\u00f3 para roubar do irm\u00e3o Esa\u00fa o direito \u00e0 primogenitura. N\u00e3o disfar\u00e7a que Mois\u00e9s, ao encontrar com Deus no Horeb, estava fugido, porque tinha assassinado um eg\u00edpcio. N\u00e3o idealiza Davi que, por gostar de mulheres, \u00e9 capaz de mandar matar um auxiliar que lhe servia. N\u00e3o desconhece a inconst\u00e2ncia de Salom\u00e3o e assim por diante. Nos evangelhos, Jesus lida com a impetuosidade de Pedro, com a ambi\u00e7\u00e3o de poder dos disc\u00edpulos e a enorme fragilidade da ades\u00e3o dos amigos. Corrige o que precisa ser corrigido, mas n\u00e3o nega a realidade e sim parte dela para caminhar. \u00c9 isso que faz Jo\u00e3o ao batizar o povo e dizer &#8220;No meio de v\u00f3s, (em v\u00f3s), est\u00e1 Algu\u00e9m que n\u00e3o conheceis&#8221;. \u00c9 quando Jesus mergulha nas \u00e1guas do rio Jord\u00e3o, carregadas dos pecados de todo o povo batizado por Jo\u00e3o, que o Esp\u00edrito Divino desce sobre ele e o Pai manifesta o seu imenso bem querer por Jesus e pela humanidade, chamada a escut\u00e1-lo e acolh\u00ea-lo como testemunha do amor e mestre de vida.<\/p>\n<p>Corremos o risco de transformar o mundo inteiro em deserto e precisamos ser instrumentos da profecia que anuncia a transforma\u00e7\u00e3o dos desertos em jardins floridos. Mas, o deserto geogr\u00e1fico nos mostra que temos tamb\u00e9m um deserto interior, um espa\u00e7o de solid\u00e3o e sil\u00eancio no qual precisamos entrar para nos encontrar e para reconhecer a realidade interior a partir da qual podemos acolher o divino e ser transformados por ele. Carl Jung dizia que somos apenas o est\u00e1bulo, no qual Deus se digna nascer. Mas, isso \u00e9 muito e precisa ser descoberto e valorizado.<\/p>\n<div id=\"themify_builder_content-4063\" data-postid=\"4063\" class=\"themify_builder_content themify_builder_content-4063 themify_builder themify_builder_front\">\n\t<\/div>\n<!-- \/themify_builder_content -->","protected":false},"excerpt":{"rendered":"<p>Marcelo Barros Nestes dias, a cultura popular brasileira \u00e9 tomada pela mem\u00f3ria do nascimento de S\u00e3o Jo\u00e3o Batista. Muitos c\u00e2nticos tradicionais recordam o que conta o in\u00edcio do evangelho de Lucas. Trata-se de uma linguagem narrativa, como os mestres judeus costumavam comentar passagens b\u00edblicas do primeiro testamento. Os grupos de novena e de folia sabem [&hellip;]<\/p>\n","protected":false},"author":5,"featured_media":0,"comment_status":"open","ping_status":"open","sticky":false,"template":"","format":"standard","meta":{"ngg_post_thumbnail":0,"footnotes":""},"categories":[9],"tags":[154,851],"yoast_head":"<!-- This site is optimized with the Yoast SEO plugin v23.5 - https:\/\/yoast.com\/wordpress\/plugins\/seo\/ -->\n<title>O profeta no deserto - O Arcanjo no ar<\/title>\n<meta name=\"robots\" content=\"index, follow, max-snippet:-1, max-image-preview:large, max-video-preview:-1\" \/>\n<link rel=\"canonical\" href=\"https:\/\/www.oarcanjo.net\/site\/o-profeta-no-deserto\/\" \/>\n<meta property=\"og:locale\" content=\"pt_BR\" \/>\n<meta property=\"og:type\" content=\"article\" \/>\n<meta property=\"og:title\" content=\"O profeta no deserto - O Arcanjo no ar\" \/>\n<meta property=\"og:description\" content=\"Marcelo Barros Nestes dias, a cultura popular brasileira \u00e9 tomada pela mem\u00f3ria do nascimento de S\u00e3o Jo\u00e3o Batista. Muitos c\u00e2nticos tradicionais recordam o que conta o in\u00edcio do evangelho de Lucas. Trata-se de uma linguagem narrativa, como os mestres judeus costumavam comentar passagens b\u00edblicas do primeiro testamento. Os grupos de novena e de folia sabem [&hellip;]\" \/>\n<meta property=\"og:url\" content=\"https:\/\/www.oarcanjo.net\/site\/o-profeta-no-deserto\/\" \/>\n<meta property=\"og:site_name\" content=\"O Arcanjo no ar\" \/>\n<meta property=\"article:publisher\" content=\"https:\/\/www.facebook.com\/OArcanjoNoAr\/\" \/>\n<meta property=\"article:published_time\" content=\"2009-06-23T00:14:44+00:00\" \/>\n<meta property=\"og:image\" content=\"https:\/\/www.oarcanjo.net\/site\/wp-content\/uploads\/logo-o-arcanjo-no-ar-facebook.png\" \/>\n\t<meta property=\"og:image:width\" content=\"300\" \/>\n\t<meta property=\"og:image:height\" content=\"300\" \/>\n\t<meta property=\"og:image:type\" content=\"image\/png\" \/>\n<meta name=\"author\" content=\"editor\" \/>\n<meta name=\"twitter:card\" content=\"summary_large_image\" \/>\n<meta name=\"twitter:label1\" content=\"Escrito por\" \/>\n\t<meta name=\"twitter:data1\" content=\"editor\" \/>\n\t<meta name=\"twitter:label2\" content=\"Est. tempo de leitura\" \/>\n\t<meta name=\"twitter:data2\" content=\"4 minutos\" \/>\n<script type=\"application\/ld+json\" class=\"yoast-schema-graph\">{\"@context\":\"https:\/\/schema.org\",\"@graph\":[{\"@type\":\"Article\",\"@id\":\"https:\/\/www.oarcanjo.net\/site\/o-profeta-no-deserto\/#article\",\"isPartOf\":{\"@id\":\"https:\/\/www.oarcanjo.net\/site\/o-profeta-no-deserto\/\"},\"author\":{\"name\":\"editor\",\"@id\":\"https:\/\/www.oarcanjo.net\/site\/#\/schema\/person\/f7024d007863202483a31326673a0838\"},\"headline\":\"O profeta no deserto\",\"datePublished\":\"2009-06-23T00:14:44+00:00\",\"dateModified\":\"2009-06-23T00:14:44+00:00\",\"mainEntityOfPage\":{\"@id\":\"https:\/\/www.oarcanjo.net\/site\/o-profeta-no-deserto\/\"},\"wordCount\":835,\"commentCount\":0,\"publisher\":{\"@id\":\"https:\/\/www.oarcanjo.net\/site\/#organization\"},\"keywords\":[\"Batismo\",\"Jo\u00e3o Batista\"],\"articleSection\":[\"Reflex\u00f5es\"],\"inLanguage\":\"pt-BR\",\"potentialAction\":[{\"@type\":\"CommentAction\",\"name\":\"Comment\",\"target\":[\"https:\/\/www.oarcanjo.net\/site\/o-profeta-no-deserto\/#respond\"]}]},{\"@type\":\"WebPage\",\"@id\":\"https:\/\/www.oarcanjo.net\/site\/o-profeta-no-deserto\/\",\"url\":\"https:\/\/www.oarcanjo.net\/site\/o-profeta-no-deserto\/\",\"name\":\"O profeta no deserto - O Arcanjo no ar\",\"isPartOf\":{\"@id\":\"https:\/\/www.oarcanjo.net\/site\/#website\"},\"datePublished\":\"2009-06-23T00:14:44+00:00\",\"dateModified\":\"2009-06-23T00:14:44+00:00\",\"breadcrumb\":{\"@id\":\"https:\/\/www.oarcanjo.net\/site\/o-profeta-no-deserto\/#breadcrumb\"},\"inLanguage\":\"pt-BR\",\"potentialAction\":[{\"@type\":\"ReadAction\",\"target\":[\"https:\/\/www.oarcanjo.net\/site\/o-profeta-no-deserto\/\"]}]},{\"@type\":\"BreadcrumbList\",\"@id\":\"https:\/\/www.oarcanjo.net\/site\/o-profeta-no-deserto\/#breadcrumb\",\"itemListElement\":[{\"@type\":\"ListItem\",\"position\":1,\"name\":\"In\u00edcio\",\"item\":\"https:\/\/www.oarcanjo.net\/site\/\"},{\"@type\":\"ListItem\",\"position\":2,\"name\":\"O profeta no deserto\"}]},{\"@type\":\"WebSite\",\"@id\":\"https:\/\/www.oarcanjo.net\/site\/#website\",\"url\":\"https:\/\/www.oarcanjo.net\/site\/\",\"name\":\"O Arcanjo no ar\",\"description\":\"Site da Par\u00f3quia S\u00e3o Miguel Arcanjo (Arquidiocese de SP)\",\"publisher\":{\"@id\":\"https:\/\/www.oarcanjo.net\/site\/#organization\"},\"potentialAction\":[{\"@type\":\"SearchAction\",\"target\":{\"@type\":\"EntryPoint\",\"urlTemplate\":\"https:\/\/www.oarcanjo.net\/site\/?s={search_term_string}\"},\"query-input\":{\"@type\":\"PropertyValueSpecification\",\"valueRequired\":true,\"valueName\":\"search_term_string\"}}],\"inLanguage\":\"pt-BR\"},{\"@type\":\"Organization\",\"@id\":\"https:\/\/www.oarcanjo.net\/site\/#organization\",\"name\":\"Par\u00f3quia S\u00e3o Miguel Arcanjo\",\"url\":\"https:\/\/www.oarcanjo.net\/site\/\",\"logo\":{\"@type\":\"ImageObject\",\"inLanguage\":\"pt-BR\",\"@id\":\"https:\/\/www.oarcanjo.net\/site\/#\/schema\/logo\/image\/\",\"url\":\"https:\/\/www.oarcanjo.net\/site\/wp-content\/uploads\/LogoOArcanjo.png\",\"contentUrl\":\"https:\/\/www.oarcanjo.net\/site\/wp-content\/uploads\/LogoOArcanjo.png\",\"width\":319,\"height\":99,\"caption\":\"Par\u00f3quia S\u00e3o Miguel Arcanjo\"},\"image\":{\"@id\":\"https:\/\/www.oarcanjo.net\/site\/#\/schema\/logo\/image\/\"},\"sameAs\":[\"https:\/\/www.facebook.com\/OArcanjoNoAr\/\"]},{\"@type\":\"Person\",\"@id\":\"https:\/\/www.oarcanjo.net\/site\/#\/schema\/person\/f7024d007863202483a31326673a0838\",\"name\":\"editor\",\"sameAs\":[\"http:\/\/www.oarcanjo.net\"]}]}<\/script>\n<!-- \/ Yoast SEO plugin. -->","yoast_head_json":{"title":"O profeta no deserto - O Arcanjo no ar","robots":{"index":"index","follow":"follow","max-snippet":"max-snippet:-1","max-image-preview":"max-image-preview:large","max-video-preview":"max-video-preview:-1"},"canonical":"https:\/\/www.oarcanjo.net\/site\/o-profeta-no-deserto\/","og_locale":"pt_BR","og_type":"article","og_title":"O profeta no deserto - O Arcanjo no ar","og_description":"Marcelo Barros Nestes dias, a cultura popular brasileira \u00e9 tomada pela mem\u00f3ria do nascimento de S\u00e3o Jo\u00e3o Batista. Muitos c\u00e2nticos tradicionais recordam o que conta o in\u00edcio do evangelho de Lucas. Trata-se de uma linguagem narrativa, como os mestres judeus costumavam comentar passagens b\u00edblicas do primeiro testamento. Os grupos de novena e de folia sabem [&hellip;]","og_url":"https:\/\/www.oarcanjo.net\/site\/o-profeta-no-deserto\/","og_site_name":"O Arcanjo no ar","article_publisher":"https:\/\/www.facebook.com\/OArcanjoNoAr\/","article_published_time":"2009-06-23T00:14:44+00:00","og_image":[{"width":300,"height":300,"url":"https:\/\/www.oarcanjo.net\/site\/wp-content\/uploads\/logo-o-arcanjo-no-ar-facebook.png","type":"image\/png"}],"author":"editor","twitter_card":"summary_large_image","twitter_misc":{"Escrito por":"editor","Est. tempo de leitura":"4 minutos"},"schema":{"@context":"https:\/\/schema.org","@graph":[{"@type":"Article","@id":"https:\/\/www.oarcanjo.net\/site\/o-profeta-no-deserto\/#article","isPartOf":{"@id":"https:\/\/www.oarcanjo.net\/site\/o-profeta-no-deserto\/"},"author":{"name":"editor","@id":"https:\/\/www.oarcanjo.net\/site\/#\/schema\/person\/f7024d007863202483a31326673a0838"},"headline":"O profeta no deserto","datePublished":"2009-06-23T00:14:44+00:00","dateModified":"2009-06-23T00:14:44+00:00","mainEntityOfPage":{"@id":"https:\/\/www.oarcanjo.net\/site\/o-profeta-no-deserto\/"},"wordCount":835,"commentCount":0,"publisher":{"@id":"https:\/\/www.oarcanjo.net\/site\/#organization"},"keywords":["Batismo","Jo\u00e3o Batista"],"articleSection":["Reflex\u00f5es"],"inLanguage":"pt-BR","potentialAction":[{"@type":"CommentAction","name":"Comment","target":["https:\/\/www.oarcanjo.net\/site\/o-profeta-no-deserto\/#respond"]}]},{"@type":"WebPage","@id":"https:\/\/www.oarcanjo.net\/site\/o-profeta-no-deserto\/","url":"https:\/\/www.oarcanjo.net\/site\/o-profeta-no-deserto\/","name":"O profeta no deserto - O Arcanjo no ar","isPartOf":{"@id":"https:\/\/www.oarcanjo.net\/site\/#website"},"datePublished":"2009-06-23T00:14:44+00:00","dateModified":"2009-06-23T00:14:44+00:00","breadcrumb":{"@id":"https:\/\/www.oarcanjo.net\/site\/o-profeta-no-deserto\/#breadcrumb"},"inLanguage":"pt-BR","potentialAction":[{"@type":"ReadAction","target":["https:\/\/www.oarcanjo.net\/site\/o-profeta-no-deserto\/"]}]},{"@type":"BreadcrumbList","@id":"https:\/\/www.oarcanjo.net\/site\/o-profeta-no-deserto\/#breadcrumb","itemListElement":[{"@type":"ListItem","position":1,"name":"In\u00edcio","item":"https:\/\/www.oarcanjo.net\/site\/"},{"@type":"ListItem","position":2,"name":"O profeta no deserto"}]},{"@type":"WebSite","@id":"https:\/\/www.oarcanjo.net\/site\/#website","url":"https:\/\/www.oarcanjo.net\/site\/","name":"O Arcanjo no ar","description":"Site da Par\u00f3quia S\u00e3o Miguel Arcanjo (Arquidiocese de SP)","publisher":{"@id":"https:\/\/www.oarcanjo.net\/site\/#organization"},"potentialAction":[{"@type":"SearchAction","target":{"@type":"EntryPoint","urlTemplate":"https:\/\/www.oarcanjo.net\/site\/?s={search_term_string}"},"query-input":{"@type":"PropertyValueSpecification","valueRequired":true,"valueName":"search_term_string"}}],"inLanguage":"pt-BR"},{"@type":"Organization","@id":"https:\/\/www.oarcanjo.net\/site\/#organization","name":"Par\u00f3quia S\u00e3o Miguel Arcanjo","url":"https:\/\/www.oarcanjo.net\/site\/","logo":{"@type":"ImageObject","inLanguage":"pt-BR","@id":"https:\/\/www.oarcanjo.net\/site\/#\/schema\/logo\/image\/","url":"https:\/\/www.oarcanjo.net\/site\/wp-content\/uploads\/LogoOArcanjo.png","contentUrl":"https:\/\/www.oarcanjo.net\/site\/wp-content\/uploads\/LogoOArcanjo.png","width":319,"height":99,"caption":"Par\u00f3quia S\u00e3o Miguel Arcanjo"},"image":{"@id":"https:\/\/www.oarcanjo.net\/site\/#\/schema\/logo\/image\/"},"sameAs":["https:\/\/www.facebook.com\/OArcanjoNoAr\/"]},{"@type":"Person","@id":"https:\/\/www.oarcanjo.net\/site\/#\/schema\/person\/f7024d007863202483a31326673a0838","name":"editor","sameAs":["http:\/\/www.oarcanjo.net"]}]}},"publishpress_future_action":{"enabled":false,"date":"2026-05-09 10:23:48","action":"category","newStatus":"draft","terms":[],"taxonomy":"category"},"publishpress_future_workflow_manual_trigger":{"enabledWorkflows":[]},"_links":{"self":[{"href":"https:\/\/www.oarcanjo.net\/site\/wp-json\/wp\/v2\/posts\/4063"}],"collection":[{"href":"https:\/\/www.oarcanjo.net\/site\/wp-json\/wp\/v2\/posts"}],"about":[{"href":"https:\/\/www.oarcanjo.net\/site\/wp-json\/wp\/v2\/types\/post"}],"author":[{"embeddable":true,"href":"https:\/\/www.oarcanjo.net\/site\/wp-json\/wp\/v2\/users\/5"}],"replies":[{"embeddable":true,"href":"https:\/\/www.oarcanjo.net\/site\/wp-json\/wp\/v2\/comments?post=4063"}],"version-history":[{"count":0,"href":"https:\/\/www.oarcanjo.net\/site\/wp-json\/wp\/v2\/posts\/4063\/revisions"}],"wp:attachment":[{"href":"https:\/\/www.oarcanjo.net\/site\/wp-json\/wp\/v2\/media?parent=4063"}],"wp:term":[{"taxonomy":"category","embeddable":true,"href":"https:\/\/www.oarcanjo.net\/site\/wp-json\/wp\/v2\/categories?post=4063"},{"taxonomy":"post_tag","embeddable":true,"href":"https:\/\/www.oarcanjo.net\/site\/wp-json\/wp\/v2\/tags?post=4063"}],"curies":[{"name":"wp","href":"https:\/\/api.w.org\/{rel}","templated":true}]}}