
{"id":40668,"date":"2014-05-24T16:08:47","date_gmt":"2014-05-24T19:08:47","guid":{"rendered":"http:\/\/www.oarcanjo.net\/site\/?p=40668"},"modified":"2014-06-09T08:18:43","modified_gmt":"2014-06-09T11:18:43","slug":"participe-de-nossa-festa-junina-nos-dias-7-e-8-de-junho","status":"publish","type":"post","link":"https:\/\/www.oarcanjo.net\/site\/participe-de-nossa-festa-junina-nos-dias-7-e-8-de-junho\/","title":{"rendered":"Participe de nossa Festa Junina nos dias 7 e 8 de junho"},"content":{"rendered":"<p>A comunidade S\u00e3o Miguel Arcanjo convida a todos para celebrar o m\u00eas de queridos santos: Santo Ant\u00f4nio, S\u00e3o Pedro e S\u00e3o Jo\u00e3o, com uma animada Festa Junina. Nos dias 7 e 8\u00a0de junho, n\u00e3o perca!<\/p>\n<p><strong>Anote na agenda:<\/strong><\/p>\n<p>07\/06 das 18h \u00e0s 23h<br \/>\n08\/06 \u00a0das 17h \u00e0s 22h<\/p>\n<p>R. Sapucaia, altura do n\u00ba 172 (ao lado da igreja)<\/p>\n<p><strong>Comida de qualidade&#8230;<\/strong><\/p>\n<p>Nossos tradicionais pratos, como sandu\u00edche de pernil, cuscuz, canjica e caldo verde, est\u00e3o sendo preparados com \u00a0carinho. O churrasco e o crepe v\u00e3o sair no capricho! Nossa barraca de comidas t\u00edpica ter\u00e1 especiarias preparadas pela comunidade. Al\u00e9m disso teremos outras del\u00edcias, como: Macarr\u00e3o, Cachorro quente, Frutas no chocolate, Ma\u00e7\u00e3 do amor, Vinho quente, Quent\u00e3o, Refrigerantes.<\/p>\n<p><img loading=\"lazy\" decoding=\"async\" class=\"alignnone size-full wp-image-21861\" src=\"http:\/\/www.oarcanjo.net\/site\/wp-content\/uploads\/festa-junina-sao-miguel-arcanjo-01-site.jpg\" alt=\"Festa Junina\" width=\"550\" height=\"367\" srcset=\"https:\/\/www.oarcanjo.net\/site\/wp-content\/uploads\/festa-junina-sao-miguel-arcanjo-01-site.jpg 550w, https:\/\/www.oarcanjo.net\/site\/wp-content\/uploads\/festa-junina-sao-miguel-arcanjo-01-site-300x200.jpg 300w\" sizes=\"(max-width: 550px) 100vw, 550px\" \/><\/p>\n<p><strong>Divers\u00e3o&#8230;<\/strong><\/p>\n<p>Teremos as tradicionais brincadeiras, Pescaria e Boca do Palha\u00e7o, e apresenta\u00e7\u00e3o de quadrilha.<\/p>\n<p><img loading=\"lazy\" decoding=\"async\" class=\"alignnone size-full wp-image-21860\" src=\"http:\/\/www.oarcanjo.net\/site\/wp-content\/uploads\/festa-junina-sao-miguel-arcanjo-05-site.jpg\" alt=\"Festa Junina\" width=\"550\" height=\"367\" srcset=\"https:\/\/www.oarcanjo.net\/site\/wp-content\/uploads\/festa-junina-sao-miguel-arcanjo-05-site.jpg 550w, https:\/\/www.oarcanjo.net\/site\/wp-content\/uploads\/festa-junina-sao-miguel-arcanjo-05-site-300x200.jpg 300w\" sizes=\"(max-width: 550px) 100vw, 550px\" \/><\/p>\n<p><a href=\"http:\/\/www.oarcanjo.net\/site\/wp-content\/uploads\/festa-junina-01.jpg\"><img loading=\"lazy\" decoding=\"async\" class=\"alignnone size-full wp-image-18008\" src=\"http:\/\/www.oarcanjo.net\/site\/wp-content\/uploads\/festa-junina-01.jpg\" alt=\"Festa Junina\" width=\"550\" height=\"367\" srcset=\"https:\/\/www.oarcanjo.net\/site\/wp-content\/uploads\/festa-junina-01.jpg 550w, https:\/\/www.oarcanjo.net\/site\/wp-content\/uploads\/festa-junina-01-300x200.jpg 300w\" sizes=\"(max-width: 550px) 100vw, 550px\" \/><\/a><\/p>\n<p><strong>Participa\u00e7\u00e3o&#8230;<\/strong><\/p>\n<p>Para ajudar nas barracas ou preparar os alimentos, entrar em contato com a secretaria da par\u00f3quia,\u00a0(11) 2692-6798,\u00a0ou com a Rinalda e Danielle, na missa das 7h30, ou com a Noeli ou Solange, na missa das 10h, na Capela S\u00e3o Judas, ou ainda Fatima\u00a0e Regina, na missa das 18h, aos domingos.<\/p>\n<p>Contamos com sua colabora\u00e7\u00e3o e presen\u00e7a!<\/p>\n<p>Que por intercess\u00e3o de Santo Ant\u00f4nio, S\u00e3o Pedro e S\u00e3o Jo\u00e3o tenhamos uma alegre a aben\u00e7oada festa.<\/p>\n<p>At\u00e9 l\u00e1!<\/p>\n<p>Nossa festa conta com a colabora\u00e7\u00e3o de:<\/p>\n<table border=\"0\" width=\"500\" cellspacing=\"0\" cellpadding=\"4\">\n<tbody>\n<tr>\n<td align=\"center\" valign=\"middle\" width=\"25%\"><img loading=\"lazy\" decoding=\"async\" class=\"alignnone wp-image-40693 \" src=\"http:\/\/www.oarcanjo.net\/site\/wp-content\/uploads\/logo-prevent-senior.png\" alt=\"Prevent Senior\" width=\"207\" height=\"124\" \/><\/td>\n<td align=\"center\" valign=\"middle\" width=\"25%\"><img loading=\"lazy\" decoding=\"async\" class=\"alignnone size-full wp-image-18119\" src=\"http:\/\/www.oarcanjo.net\/site\/wp-content\/uploads\/universidade-sao-judas.png\" alt=\"Universidade S\u00e3o Judas\" width=\"149\" height=\"61\" \/><\/td>\n<td align=\"center\" valign=\"middle\" width=\"25%\"><img loading=\"lazy\" decoding=\"async\" class=\"alignnone size-full wp-image-18108\" src=\"http:\/\/www.oarcanjo.net\/site\/wp-content\/uploads\/cp1.png\" alt=\"CP!\" width=\"120\" height=\"56\" \/><\/td>\n<td align=\"center\" valign=\"middle\" width=\"25%\"><\/td>\n<\/tr>\n<tr>\n<td align=\"center\" valign=\"middle\" width=\"25%\"><img loading=\"lazy\" decoding=\"async\" src=\"http:\/\/www.oarcanjo.net\/site\/wp-content\/uploads\/torres-picolomini.png\" alt=\"Torres Picolomini\" width=\"75\" height=\"63\" \/><\/td>\n<td align=\"center\" valign=\"middle\" width=\"25%\"><img loading=\"lazy\" decoding=\"async\" src=\"http:\/\/www.oarcanjo.net\/site\/wp-content\/uploads\/jbl-equipamentos.png\" alt=\"JBL Equipamentos\" width=\"101\" height=\"67\" \/><\/td>\n<td align=\"center\" valign=\"middle\" width=\"25%\"><img loading=\"lazy\" decoding=\"async\" src=\"http:\/\/www.oarcanjo.net\/site\/wp-content\/uploads\/unidosll.png\" alt=\"Unidos LL\" width=\"153\" height=\"42\" \/><\/td>\n<td align=\"center\" valign=\"middle\" width=\"25%\"><\/td>\n<\/tr>\n<tr>\n<td align=\"center\" valign=\"middle\" width=\"25%\">\u00a0<img loading=\"lazy\" decoding=\"async\" class=\"alignnone size-full wp-image-18109\" src=\"http:\/\/www.oarcanjo.net\/site\/wp-content\/uploads\/dicunto.png\" alt=\"Di Cunto\" width=\"90\" height=\"38\" \/><\/td>\n<td align=\"center\" valign=\"middle\" width=\"25%\"><img loading=\"lazy\" decoding=\"async\" src=\"http:\/\/www.oarcanjo.net\/site\/wp-content\/uploads\/carasi.jpg\" alt=\"Pastif\u00edcio Carasi\" width=\"103\" height=\"44\" \/><\/td>\n<td align=\"center\" valign=\"middle\" width=\"25%\">\u00a0<img loading=\"lazy\" decoding=\"async\" title=\"Tuf\u00e3o Express\" src=\"http:\/\/www.oarcanjo.net\/site\/wp-content\/uploads\/tufao.png\" alt=\"Tuf\u00e3o Express\" width=\"165\" height=\"53\" \/><\/td>\n<td align=\"center\" valign=\"middle\" width=\"25%\"><\/td>\n<\/tr>\n<tr>\n<td align=\"center\" valign=\"middle\" width=\"25%\" height=\"20\"><img loading=\"lazy\" decoding=\"async\" class=\"alignnone size-full wp-image-18106\" title=\"ARPEC Caldeiras\" src=\"http:\/\/www.oarcanjo.net\/site\/wp-content\/uploads\/arpec-caldeiras.png\" alt=\"ARPEC Caldeiras\" width=\"150\" height=\"31\" \/><\/td>\n<td align=\"center\" valign=\"middle\" width=\"25%\" height=\"20\"><img loading=\"lazy\" decoding=\"async\" title=\"Lanchonete Taquari\" src=\"http:\/\/www.oarcanjo.net\/site\/wp-content\/uploads\/lanchonete-taquari.png\" alt=\"Lanchonete Taquari\" width=\"84\" height=\"37\" \/><\/td>\n<td align=\"center\" valign=\"middle\" width=\"25%\" height=\"20\"><img loading=\"lazy\" decoding=\"async\" class=\"alignnone size-full wp-image-18107\" src=\"http:\/\/www.oarcanjo.net\/site\/wp-content\/uploads\/a-z-rodrigues.png\" alt=\"A. Z. Rodrigues\" width=\"177\" height=\"23\" \/><\/td>\n<td align=\"center\" valign=\"middle\" width=\"25%\" height=\"20\"><\/td>\n<\/tr>\n<tr>\n<td align=\"center\" valign=\"middle\" width=\"25%\" height=\"20\">\n<h5><span style=\"color: #000000;\">\u00a0A\u00e7ougue Medalh\u00e3o<\/span><\/h5>\n<\/td>\n<td align=\"center\" valign=\"middle\" width=\"25%\" height=\"20\">\n<h5><span style=\"color: #000000;\">Padaria Cassandoca\u00a0<\/span><\/h5>\n<\/td>\n<td align=\"center\" valign=\"middle\" width=\"25%\" height=\"20\">\n<h5><span style=\"color: #000000;\">Padaria Santa Branca\u00a0<\/span><\/h5>\n<\/td>\n<td align=\"center\" valign=\"middle\" width=\"25%\" height=\"20\"><\/td>\n<\/tr>\n<\/tbody>\n<\/table>\n<p>E o apoio da:<\/p>\n<table border=\"0\" width=\"500\" cellspacing=\"0\" cellpadding=\"4\">\n<tbody>\n<tr>\n<td align=\"center\" valign=\"middle\" width=\"25%\"><img loading=\"lazy\" decoding=\"async\" class=\"alignnone size-full wp-image-18105\" src=\"http:\/\/www.oarcanjo.net\/site\/wp-content\/uploads\/prefeitura-sao-paulo.png\" alt=\"\" width=\"106\" height=\"86\" \/><\/td>\n<td align=\"center\" valign=\"middle\" width=\"25%\"><\/td>\n<td align=\"center\" valign=\"middle\" width=\"25%\"><\/td>\n<td align=\"center\" valign=\"middle\" width=\"25%\"><\/td>\n<\/tr>\n<tr>\n<td align=\"center\" valign=\"middle\" width=\"25%\" height=\"20\"><\/td>\n<td align=\"center\" valign=\"middle\" width=\"25%\" height=\"20\"><\/td>\n<td align=\"center\" valign=\"middle\" width=\"25%\" height=\"20\"><\/td>\n<td align=\"center\" valign=\"middle\" width=\"25%\" height=\"20\"><\/td>\n<\/tr>\n<\/tbody>\n<\/table>\n<p>Veja mais fotos:<\/p>\nngg_shortcode_0_placeholder\n<div id=\"themify_builder_content-40668\" data-postid=\"40668\" class=\"themify_builder_content themify_builder_content-40668 themify_builder themify_builder_front\">\n\t<\/div>\n<!-- \/themify_builder_content -->","protected":false},"excerpt":{"rendered":"<p>A comunidade S\u00e3o Miguel Arcanjo convida a todos para celebrar o m\u00eas de queridos santos: Santo Ant\u00f4nio, S\u00e3o Pedro e S\u00e3o Jo\u00e3o, com uma animada Festa Junina. Nos dias 7 e 8\u00a0de junho, n\u00e3o perca! Anote na agenda: 07\/06 das 18h \u00e0s 23h 08\/06 \u00a0das 17h \u00e0s 22h R. Sapucaia, altura do n\u00ba 172 (ao [&hellip;]<\/p>\n","protected":false},"author":5,"featured_media":0,"comment_status":"open","ping_status":"open","sticky":false,"template":"","format":"standard","meta":{"ngg_post_thumbnail":0,"footnotes":""},"categories":[8,7],"tags":[2219,2209,2211,2216,766,2210,2218,2214,765,828,10,867,2213],"yoast_head":"<!-- This site is optimized with the Yoast SEO plugin v23.5 - https:\/\/yoast.com\/wordpress\/plugins\/seo\/ -->\n<title>Participe de nossa Festa Junina nos dias 7 e 8 de junho - O Arcanjo no ar<\/title>\n<meta name=\"robots\" content=\"index, follow, max-snippet:-1, max-image-preview:large, max-video-preview:-1\" \/>\n<link rel=\"canonical\" href=\"https:\/\/www.oarcanjo.net\/site\/participe-de-nossa-festa-junina-nos-dias-7-e-8-de-junho\/\" \/>\n<meta property=\"og:locale\" content=\"pt_BR\" \/>\n<meta property=\"og:type\" content=\"article\" \/>\n<meta property=\"og:title\" content=\"Participe de nossa Festa Junina nos dias 7 e 8 de junho - O Arcanjo no ar\" \/>\n<meta property=\"og:description\" content=\"A comunidade S\u00e3o Miguel Arcanjo convida a todos para celebrar o m\u00eas de queridos santos: Santo Ant\u00f4nio, S\u00e3o Pedro e S\u00e3o Jo\u00e3o, com uma animada Festa Junina. Nos dias 7 e 8\u00a0de junho, n\u00e3o perca! Anote na agenda: 07\/06 das 18h \u00e0s 23h 08\/06 \u00a0das 17h \u00e0s 22h R. Sapucaia, altura do n\u00ba 172 (ao [&hellip;]\" \/>\n<meta property=\"og:url\" content=\"https:\/\/www.oarcanjo.net\/site\/participe-de-nossa-festa-junina-nos-dias-7-e-8-de-junho\/\" \/>\n<meta property=\"og:site_name\" content=\"O Arcanjo no ar\" \/>\n<meta property=\"article:publisher\" content=\"https:\/\/www.facebook.com\/OArcanjoNoAr\/\" \/>\n<meta property=\"article:published_time\" content=\"2014-05-24T19:08:47+00:00\" \/>\n<meta property=\"article:modified_time\" content=\"2014-06-09T11:18:43+00:00\" \/>\n<meta property=\"og:image\" content=\"http:\/\/www.oarcanjo.net\/site\/wp-content\/uploads\/festa-junina-sao-miguel-arcanjo-01-site.jpg\" \/>\n<meta name=\"author\" content=\"editor\" \/>\n<meta name=\"twitter:card\" content=\"summary_large_image\" \/>\n<meta name=\"twitter:label1\" content=\"Escrito por\" \/>\n\t<meta name=\"twitter:data1\" content=\"editor\" \/>\n\t<meta name=\"twitter:label2\" content=\"Est. tempo de leitura\" \/>\n\t<meta name=\"twitter:data2\" content=\"1 minuto\" \/>\n<script type=\"application\/ld+json\" class=\"yoast-schema-graph\">{\"@context\":\"https:\/\/schema.org\",\"@graph\":[{\"@type\":\"Article\",\"@id\":\"https:\/\/www.oarcanjo.net\/site\/participe-de-nossa-festa-junina-nos-dias-7-e-8-de-junho\/#article\",\"isPartOf\":{\"@id\":\"https:\/\/www.oarcanjo.net\/site\/participe-de-nossa-festa-junina-nos-dias-7-e-8-de-junho\/\"},\"author\":{\"name\":\"editor\",\"@id\":\"https:\/\/www.oarcanjo.net\/site\/#\/schema\/person\/f7024d007863202483a31326673a0838\"},\"headline\":\"Participe de nossa Festa Junina nos dias 7 e 8 de junho\",\"datePublished\":\"2014-05-24T19:08:47+00:00\",\"dateModified\":\"2014-06-09T11:18:43+00:00\",\"mainEntityOfPage\":{\"@id\":\"https:\/\/www.oarcanjo.net\/site\/participe-de-nossa-festa-junina-nos-dias-7-e-8-de-junho\/\"},\"wordCount\":269,\"commentCount\":2,\"publisher\":{\"@id\":\"https:\/\/www.oarcanjo.net\/site\/#organization\"},\"image\":{\"@id\":\"https:\/\/www.oarcanjo.net\/site\/participe-de-nossa-festa-junina-nos-dias-7-e-8-de-junho\/#primaryimage\"},\"thumbnailUrl\":\"http:\/\/www.oarcanjo.net\/site\/wp-content\/uploads\/festa-junina-sao-miguel-arcanjo-01-site.jpg\",\"keywords\":[\"Boca do Palha\u00e7o\",\"Caldo verde\",\"Churrasco\",\"Crepe\",\"festa junina\",\"Macarr\u00e3o\",\"Pescaria\",\"Quent\u00e3o\",\"Santo Ant\u00f4nio\",\"S\u00e3o Jo\u00e3o\",\"S\u00e3o Miguel Arcanjo\",\"S\u00e3o Pedro\",\"Vinho quente\"],\"articleSection\":[\"Not\u00edcias\",\"Rosto da comunidade\"],\"inLanguage\":\"pt-BR\",\"potentialAction\":[{\"@type\":\"CommentAction\",\"name\":\"Comment\",\"target\":[\"https:\/\/www.oarcanjo.net\/site\/participe-de-nossa-festa-junina-nos-dias-7-e-8-de-junho\/#respond\"]}]},{\"@type\":\"WebPage\",\"@id\":\"https:\/\/www.oarcanjo.net\/site\/participe-de-nossa-festa-junina-nos-dias-7-e-8-de-junho\/\",\"url\":\"https:\/\/www.oarcanjo.net\/site\/participe-de-nossa-festa-junina-nos-dias-7-e-8-de-junho\/\",\"name\":\"Participe de nossa Festa Junina nos dias 7 e 8 de junho - O Arcanjo no ar\",\"isPartOf\":{\"@id\":\"https:\/\/www.oarcanjo.net\/site\/#website\"},\"primaryImageOfPage\":{\"@id\":\"https:\/\/www.oarcanjo.net\/site\/participe-de-nossa-festa-junina-nos-dias-7-e-8-de-junho\/#primaryimage\"},\"image\":{\"@id\":\"https:\/\/www.oarcanjo.net\/site\/participe-de-nossa-festa-junina-nos-dias-7-e-8-de-junho\/#primaryimage\"},\"thumbnailUrl\":\"http:\/\/www.oarcanjo.net\/site\/wp-content\/uploads\/festa-junina-sao-miguel-arcanjo-01-site.jpg\",\"datePublished\":\"2014-05-24T19:08:47+00:00\",\"dateModified\":\"2014-06-09T11:18:43+00:00\",\"breadcrumb\":{\"@id\":\"https:\/\/www.oarcanjo.net\/site\/participe-de-nossa-festa-junina-nos-dias-7-e-8-de-junho\/#breadcrumb\"},\"inLanguage\":\"pt-BR\",\"potentialAction\":[{\"@type\":\"ReadAction\",\"target\":[\"https:\/\/www.oarcanjo.net\/site\/participe-de-nossa-festa-junina-nos-dias-7-e-8-de-junho\/\"]}]},{\"@type\":\"ImageObject\",\"inLanguage\":\"pt-BR\",\"@id\":\"https:\/\/www.oarcanjo.net\/site\/participe-de-nossa-festa-junina-nos-dias-7-e-8-de-junho\/#primaryimage\",\"url\":\"https:\/\/www.oarcanjo.net\/site\/wp-content\/uploads\/festa-junina-sao-miguel-arcanjo-01-site.jpg\",\"contentUrl\":\"https:\/\/www.oarcanjo.net\/site\/wp-content\/uploads\/festa-junina-sao-miguel-arcanjo-01-site.jpg\",\"width\":\"550\",\"height\":\"367\",\"caption\":\"Festa Junina\"},{\"@type\":\"BreadcrumbList\",\"@id\":\"https:\/\/www.oarcanjo.net\/site\/participe-de-nossa-festa-junina-nos-dias-7-e-8-de-junho\/#breadcrumb\",\"itemListElement\":[{\"@type\":\"ListItem\",\"position\":1,\"name\":\"In\u00edcio\",\"item\":\"https:\/\/www.oarcanjo.net\/site\/\"},{\"@type\":\"ListItem\",\"position\":2,\"name\":\"Participe de nossa Festa Junina nos dias 7 e 8 de junho\"}]},{\"@type\":\"WebSite\",\"@id\":\"https:\/\/www.oarcanjo.net\/site\/#website\",\"url\":\"https:\/\/www.oarcanjo.net\/site\/\",\"name\":\"O Arcanjo no ar\",\"description\":\"Site da Par\u00f3quia S\u00e3o Miguel Arcanjo (Arquidiocese de SP)\",\"publisher\":{\"@id\":\"https:\/\/www.oarcanjo.net\/site\/#organization\"},\"potentialAction\":[{\"@type\":\"SearchAction\",\"target\":{\"@type\":\"EntryPoint\",\"urlTemplate\":\"https:\/\/www.oarcanjo.net\/site\/?s={search_term_string}\"},\"query-input\":{\"@type\":\"PropertyValueSpecification\",\"valueRequired\":true,\"valueName\":\"search_term_string\"}}],\"inLanguage\":\"pt-BR\"},{\"@type\":\"Organization\",\"@id\":\"https:\/\/www.oarcanjo.net\/site\/#organization\",\"name\":\"Par\u00f3quia S\u00e3o Miguel Arcanjo\",\"url\":\"https:\/\/www.oarcanjo.net\/site\/\",\"logo\":{\"@type\":\"ImageObject\",\"inLanguage\":\"pt-BR\",\"@id\":\"https:\/\/www.oarcanjo.net\/site\/#\/schema\/logo\/image\/\",\"url\":\"https:\/\/www.oarcanjo.net\/site\/wp-content\/uploads\/LogoOArcanjo.png\",\"contentUrl\":\"https:\/\/www.oarcanjo.net\/site\/wp-content\/uploads\/LogoOArcanjo.png\",\"width\":319,\"height\":99,\"caption\":\"Par\u00f3quia S\u00e3o Miguel Arcanjo\"},\"image\":{\"@id\":\"https:\/\/www.oarcanjo.net\/site\/#\/schema\/logo\/image\/\"},\"sameAs\":[\"https:\/\/www.facebook.com\/OArcanjoNoAr\/\"]},{\"@type\":\"Person\",\"@id\":\"https:\/\/www.oarcanjo.net\/site\/#\/schema\/person\/f7024d007863202483a31326673a0838\",\"name\":\"editor\",\"sameAs\":[\"http:\/\/www.oarcanjo.net\"]}]}<\/script>\n<!-- \/ Yoast SEO plugin. -->","yoast_head_json":{"title":"Participe de nossa Festa Junina nos dias 7 e 8 de junho - O Arcanjo no ar","robots":{"index":"index","follow":"follow","max-snippet":"max-snippet:-1","max-image-preview":"max-image-preview:large","max-video-preview":"max-video-preview:-1"},"canonical":"https:\/\/www.oarcanjo.net\/site\/participe-de-nossa-festa-junina-nos-dias-7-e-8-de-junho\/","og_locale":"pt_BR","og_type":"article","og_title":"Participe de nossa Festa Junina nos dias 7 e 8 de junho - O Arcanjo no ar","og_description":"A comunidade S\u00e3o Miguel Arcanjo convida a todos para celebrar o m\u00eas de queridos santos: Santo Ant\u00f4nio, S\u00e3o Pedro e S\u00e3o Jo\u00e3o, com uma animada Festa Junina. Nos dias 7 e 8\u00a0de junho, n\u00e3o perca! Anote na agenda: 07\/06 das 18h \u00e0s 23h 08\/06 \u00a0das 17h \u00e0s 22h R. Sapucaia, altura do n\u00ba 172 (ao [&hellip;]","og_url":"https:\/\/www.oarcanjo.net\/site\/participe-de-nossa-festa-junina-nos-dias-7-e-8-de-junho\/","og_site_name":"O Arcanjo no ar","article_publisher":"https:\/\/www.facebook.com\/OArcanjoNoAr\/","article_published_time":"2014-05-24T19:08:47+00:00","article_modified_time":"2014-06-09T11:18:43+00:00","og_image":[{"url":"http:\/\/www.oarcanjo.net\/site\/wp-content\/uploads\/festa-junina-sao-miguel-arcanjo-01-site.jpg"}],"author":"editor","twitter_card":"summary_large_image","twitter_misc":{"Escrito por":"editor","Est. tempo de leitura":"1 minuto"},"schema":{"@context":"https:\/\/schema.org","@graph":[{"@type":"Article","@id":"https:\/\/www.oarcanjo.net\/site\/participe-de-nossa-festa-junina-nos-dias-7-e-8-de-junho\/#article","isPartOf":{"@id":"https:\/\/www.oarcanjo.net\/site\/participe-de-nossa-festa-junina-nos-dias-7-e-8-de-junho\/"},"author":{"name":"editor","@id":"https:\/\/www.oarcanjo.net\/site\/#\/schema\/person\/f7024d007863202483a31326673a0838"},"headline":"Participe de nossa Festa Junina nos dias 7 e 8 de junho","datePublished":"2014-05-24T19:08:47+00:00","dateModified":"2014-06-09T11:18:43+00:00","mainEntityOfPage":{"@id":"https:\/\/www.oarcanjo.net\/site\/participe-de-nossa-festa-junina-nos-dias-7-e-8-de-junho\/"},"wordCount":269,"commentCount":2,"publisher":{"@id":"https:\/\/www.oarcanjo.net\/site\/#organization"},"image":{"@id":"https:\/\/www.oarcanjo.net\/site\/participe-de-nossa-festa-junina-nos-dias-7-e-8-de-junho\/#primaryimage"},"thumbnailUrl":"http:\/\/www.oarcanjo.net\/site\/wp-content\/uploads\/festa-junina-sao-miguel-arcanjo-01-site.jpg","keywords":["Boca do Palha\u00e7o","Caldo verde","Churrasco","Crepe","festa junina","Macarr\u00e3o","Pescaria","Quent\u00e3o","Santo Ant\u00f4nio","S\u00e3o Jo\u00e3o","S\u00e3o Miguel Arcanjo","S\u00e3o Pedro","Vinho quente"],"articleSection":["Not\u00edcias","Rosto da comunidade"],"inLanguage":"pt-BR","potentialAction":[{"@type":"CommentAction","name":"Comment","target":["https:\/\/www.oarcanjo.net\/site\/participe-de-nossa-festa-junina-nos-dias-7-e-8-de-junho\/#respond"]}]},{"@type":"WebPage","@id":"https:\/\/www.oarcanjo.net\/site\/participe-de-nossa-festa-junina-nos-dias-7-e-8-de-junho\/","url":"https:\/\/www.oarcanjo.net\/site\/participe-de-nossa-festa-junina-nos-dias-7-e-8-de-junho\/","name":"Participe de nossa Festa Junina nos dias 7 e 8 de junho - O Arcanjo no ar","isPartOf":{"@id":"https:\/\/www.oarcanjo.net\/site\/#website"},"primaryImageOfPage":{"@id":"https:\/\/www.oarcanjo.net\/site\/participe-de-nossa-festa-junina-nos-dias-7-e-8-de-junho\/#primaryimage"},"image":{"@id":"https:\/\/www.oarcanjo.net\/site\/participe-de-nossa-festa-junina-nos-dias-7-e-8-de-junho\/#primaryimage"},"thumbnailUrl":"http:\/\/www.oarcanjo.net\/site\/wp-content\/uploads\/festa-junina-sao-miguel-arcanjo-01-site.jpg","datePublished":"2014-05-24T19:08:47+00:00","dateModified":"2014-06-09T11:18:43+00:00","breadcrumb":{"@id":"https:\/\/www.oarcanjo.net\/site\/participe-de-nossa-festa-junina-nos-dias-7-e-8-de-junho\/#breadcrumb"},"inLanguage":"pt-BR","potentialAction":[{"@type":"ReadAction","target":["https:\/\/www.oarcanjo.net\/site\/participe-de-nossa-festa-junina-nos-dias-7-e-8-de-junho\/"]}]},{"@type":"ImageObject","inLanguage":"pt-BR","@id":"https:\/\/www.oarcanjo.net\/site\/participe-de-nossa-festa-junina-nos-dias-7-e-8-de-junho\/#primaryimage","url":"https:\/\/www.oarcanjo.net\/site\/wp-content\/uploads\/festa-junina-sao-miguel-arcanjo-01-site.jpg","contentUrl":"https:\/\/www.oarcanjo.net\/site\/wp-content\/uploads\/festa-junina-sao-miguel-arcanjo-01-site.jpg","width":"550","height":"367","caption":"Festa Junina"},{"@type":"BreadcrumbList","@id":"https:\/\/www.oarcanjo.net\/site\/participe-de-nossa-festa-junina-nos-dias-7-e-8-de-junho\/#breadcrumb","itemListElement":[{"@type":"ListItem","position":1,"name":"In\u00edcio","item":"https:\/\/www.oarcanjo.net\/site\/"},{"@type":"ListItem","position":2,"name":"Participe de nossa Festa Junina nos dias 7 e 8 de junho"}]},{"@type":"WebSite","@id":"https:\/\/www.oarcanjo.net\/site\/#website","url":"https:\/\/www.oarcanjo.net\/site\/","name":"O Arcanjo no ar","description":"Site da Par\u00f3quia S\u00e3o Miguel Arcanjo (Arquidiocese de SP)","publisher":{"@id":"https:\/\/www.oarcanjo.net\/site\/#organization"},"potentialAction":[{"@type":"SearchAction","target":{"@type":"EntryPoint","urlTemplate":"https:\/\/www.oarcanjo.net\/site\/?s={search_term_string}"},"query-input":{"@type":"PropertyValueSpecification","valueRequired":true,"valueName":"search_term_string"}}],"inLanguage":"pt-BR"},{"@type":"Organization","@id":"https:\/\/www.oarcanjo.net\/site\/#organization","name":"Par\u00f3quia S\u00e3o Miguel Arcanjo","url":"https:\/\/www.oarcanjo.net\/site\/","logo":{"@type":"ImageObject","inLanguage":"pt-BR","@id":"https:\/\/www.oarcanjo.net\/site\/#\/schema\/logo\/image\/","url":"https:\/\/www.oarcanjo.net\/site\/wp-content\/uploads\/LogoOArcanjo.png","contentUrl":"https:\/\/www.oarcanjo.net\/site\/wp-content\/uploads\/LogoOArcanjo.png","width":319,"height":99,"caption":"Par\u00f3quia S\u00e3o Miguel Arcanjo"},"image":{"@id":"https:\/\/www.oarcanjo.net\/site\/#\/schema\/logo\/image\/"},"sameAs":["https:\/\/www.facebook.com\/OArcanjoNoAr\/"]},{"@type":"Person","@id":"https:\/\/www.oarcanjo.net\/site\/#\/schema\/person\/f7024d007863202483a31326673a0838","name":"editor","sameAs":["http:\/\/www.oarcanjo.net"]}]}},"publishpress_future_action":{"enabled":false,"date":"2026-05-06 19:57:35","action":"category","newStatus":"draft","terms":[],"taxonomy":"category"},"publishpress_future_workflow_manual_trigger":{"enabledWorkflows":[]},"_links":{"self":[{"href":"https:\/\/www.oarcanjo.net\/site\/wp-json\/wp\/v2\/posts\/40668"}],"collection":[{"href":"https:\/\/www.oarcanjo.net\/site\/wp-json\/wp\/v2\/posts"}],"about":[{"href":"https:\/\/www.oarcanjo.net\/site\/wp-json\/wp\/v2\/types\/post"}],"author":[{"embeddable":true,"href":"https:\/\/www.oarcanjo.net\/site\/wp-json\/wp\/v2\/users\/5"}],"replies":[{"embeddable":true,"href":"https:\/\/www.oarcanjo.net\/site\/wp-json\/wp\/v2\/comments?post=40668"}],"version-history":[{"count":0,"href":"https:\/\/www.oarcanjo.net\/site\/wp-json\/wp\/v2\/posts\/40668\/revisions"}],"wp:attachment":[{"href":"https:\/\/www.oarcanjo.net\/site\/wp-json\/wp\/v2\/media?parent=40668"}],"wp:term":[{"taxonomy":"category","embeddable":true,"href":"https:\/\/www.oarcanjo.net\/site\/wp-json\/wp\/v2\/categories?post=40668"},{"taxonomy":"post_tag","embeddable":true,"href":"https:\/\/www.oarcanjo.net\/site\/wp-json\/wp\/v2\/tags?post=40668"}],"curies":[{"name":"wp","href":"https:\/\/api.w.org\/{rel}","templated":true}]}}