
{"id":4082,"date":"2009-06-24T22:07:41","date_gmt":"2009-06-25T01:07:41","guid":{"rendered":"http:\/\/www.oarcanjo.net\/site\/?p=4082"},"modified":"2009-06-24T22:07:41","modified_gmt":"2009-06-25T01:07:41","slug":"joao-o-batista","status":"publish","type":"post","link":"https:\/\/www.oarcanjo.net\/site\/joao-o-batista\/","title":{"rendered":"Jo\u00e3o, o Batista"},"content":{"rendered":"<p>Gilda Carvalho<\/p>\n<p><em>\u201cEis que envio \u00e0 tua frente o meu mensageiro, e ele preparar\u00e1 teu caminho. Voz de quem clama no deserto: Preparai os caminhos do Senhor, endireitai as veredas para ele.\u201d (Mc 1,1-3).<\/em> As palavras do profeta Isa\u00edas que d\u00e3o in\u00edcio ao Evangelho narrado por S\u00e3o Marcos nos d\u00e3o uma pequena mostra da grandeza do homem Jo\u00e3o.<\/p>\n<p>Filho de Isabel e Zacarias, judeus piedosos que, sem filhos e j\u00e1 idosos, viram manifestar a gra\u00e7a de Deus, atrav\u00e9s da chegada de Jo\u00e3o. Seu nascimento \u00e9 cercado de epis\u00f3dios reveladores da especialidade daquele que seria o precursor do Messias. Sua m\u00e3e, j\u00e1 avan\u00e7ada em idade, era considerada est\u00e9ril; seu pai, tamb\u00e9m entrado em anos, era sacerdote e duvidou da mensagem do anjo que anunciava a gravidez da esposa e, por duvidar, ficou mudo at\u00e9 o nascimento do menino. Por fim, o nome dado \u00e0 crian\u00e7a surpreendeu a todos, por ser um nome n\u00e3o usual na fam\u00edlia, mas Zacarias insiste no mesmo e, assim, volta a falar. <\/p>\n<p>Ainda no ventre da m\u00e3e, Jo\u00e3o reconhece a presen\u00e7a do Messias quando Isabel recebe a visita de Maria. Este primeiro encontro, ainda no \u00fatero materno, foi um transbordamento de alegria e louvor.  Suas m\u00e3es eram portadoras de um mist\u00e9rio e, c\u00famplices, fizeram de seus corpos instrumentos da revela\u00e7\u00e3o de Deus \u00e0 humanidade. A gesta\u00e7\u00e3o de ambas seguiu um ritmo paralelo, pr\u00f3ximo. E, juntas, foram descobrindo, aos poucos, a grandeza da maternidade, a entrega de suas vidas ao Senhor.  Maria, j\u00e1 portadora do Filho de Deus, foi visitar sua prima Isabel e, conta a hist\u00f3ria, a serviu durante sua gravidez. Manifestava-se na M\u00e3e, o servi\u00e7o do Filho aos homens e mulheres. Isabel, portadora do Precursor, no primeiro momento daquele reencontro entre as duas primas, anunciou \u2013 como mais tarde seu filho o faria \u2013 que naquela jovem que chegava estava sendo gerado o Messias: \u201cBendita \u00e9s tu entre as mulheres e bendito \u00e9 o fruto de teu ventre!\u201d (Lc 1, 42). Desde sempre os destinos dos dois meninos estar\u00e3o ligados: se os la\u00e7os de sangue os uniam na fam\u00edlia terrena, o batista e o cordeiro de Deus ser\u00e3o companheiros de uma mesma miss\u00e3o.<\/p>\n<p>Certamente outros encontros familiares se seguiram \u00e0quele primeiro. Brincadeiras de inf\u00e2ncia, cerim\u00f4nias, descobertas&#8230; Anos se passaram at\u00e9 que nas \u00e1guas do rio Jord\u00e3o os primos voltaram a se encontrar, j\u00e1 adultos. Jo\u00e3o vivia com austeridade, pregando uma vida de convers\u00e3o: era necess\u00e1rio que os caminhos fossem preparados para a chegada do Senhor. Era preciso que cada homem renascesse, se fizesse novo, para encontrar a Novidade. Ap\u00f3s longo per\u00edodo de isolamento, Jo\u00e3o iniciou sua vida p\u00fablica, anunciando que o Messias estava pr\u00f3ximo. E foi nas margens do rio Jord\u00e3o onde Jo\u00e3o exercia seu minist\u00e9rio, que aconteceu um novo encontro com seu primo Jesus. O Mestre, a quem Jo\u00e3o se referia como \u201caquele de quem n\u00e3o sou digno de desatar as correias de suas sand\u00e1lias\u201d (Mc 1, 7), pediu o Batismo a Jo\u00e3o, O homem Jesus que chegou \u00e0s margens do rio queria ser batizado por Jo\u00e3o porque estava prestes a abra\u00e7ar aquele mesmo caminho que o primo anunciava. E, c\u00famplices do Mist\u00e9rio tal como suas m\u00e3es, v\u00eaem o c\u00e9u se abrir e o Esp\u00edrito do Senhor se manifestar na forma de uma pomba e escutam o pr\u00f3prio Deus falar: \u201cTu \u00e9s meu Filho amado, em ti est\u00e1 o meu agrado\u201d (Mc 1, 11).<br \/>\nJo\u00e3o batizava na \u00e1gua e, at\u00e9 hoje, seguimos seu exemplo nos rituais crist\u00e3os do Batismo. O elemento da vida \u00e9 usado pelo Batista como o s\u00edmbolo da nova vida em Cristo. Contempor\u00e2neo do Messias, homem intrigante e instigante, figura forte no tempo lit\u00fargico do Advento, Jo\u00e3o nos convida a permanecermos em constante atitude de convers\u00e3o.  <\/p>\n<p>\u00c1gua e Esp\u00edrito se apresentam como sinais de convers\u00e3o. Um lava, o outro restaura. A \u00e1gua tem sua natureza ligada \u00e0 gera\u00e7\u00e3o e \u00e0 manuten\u00e7\u00e3o da vida humana. Simboliza a purifica\u00e7\u00e3o, o renascimento.  O Esp\u00edrito salva, redime, fortalece, torna divino o que \u00e9 humano. Jo\u00e3o batizava com a \u00e1gua. Era o batismo simb\u00f3lico do Precursor, cuja liturgia at\u00e9 hoje celebramos. Dizia que depois dele viria um outro \u2013 Jesus \u2013 que nos batizaria no Esp\u00edrito. Era o an\u00fancio do maior dos profetas, de que a salva\u00e7\u00e3o era chegada atrav\u00e9s do Esp\u00edrito de Deus manifestado em Jesus Cristo, que revelaria com sua vida o caminho para Deus: convers\u00e3o \u2013 miseric\u00f3rdia \u2013 amor \u2013 servi\u00e7o. O mesmo caminho anunciado por Jo\u00e3o Batista. Era Deus revelado \u00e0queles homens que a pr\u00f3pria vida uniu por la\u00e7os familiares e por ideais.  <\/p>\n<p>O culto a S\u00e3o Jo\u00e3o Batista \u00e9 celebrado desde os prim\u00f3rdios do Cristianismo e, \u00e9 o \u00fanico santo da Igreja para o qual se celebram duas solenidades: uma que marca o seu nascimento (24\/06) e, a outra, em que se comemora o seu mart\u00edrio (29\/08). No Brasil, \u00e9 costume celebr\u00e1-lo com a tradicional festa de S\u00e3o Jo\u00e3o, com dan\u00e7as, m\u00fasicas e comidas t\u00edpicas, e que re\u00fane milhares de pessoas em todo o pa\u00eds.<br \/>\nQue Jo\u00e3o possa continuar a nos apontar o Mestre que passa, como outrora apontou aos seus disc\u00edpulos e, atrav\u00e9s do precursor possamos tamb\u00e9m reconhecer no Homem de Nazar\u00e9 o Cordeiro de Deus. Que possamos tamb\u00e9m n\u00f3s seguir este caminho que Jo\u00e3o Batista e Jesus de Nazar\u00e9 nos anunciaram.  S\u00f3 assim, estaremos vivendo em plenitude nossa condi\u00e7\u00e3o de batizados e batizadas, membros do povo de Deus.<\/p>\n<p>Texto para ora\u00e7\u00e3o: Lc 1, 27-66.80<\/p>\n<div id=\"themify_builder_content-4082\" data-postid=\"4082\" class=\"themify_builder_content themify_builder_content-4082 themify_builder themify_builder_front\">\n\t<\/div>\n<!-- \/themify_builder_content -->","protected":false},"excerpt":{"rendered":"<p>Gilda Carvalho \u201cEis que envio \u00e0 tua frente o meu mensageiro, e ele preparar\u00e1 teu caminho. Voz de quem clama no deserto: Preparai os caminhos do Senhor, endireitai as veredas para ele.\u201d (Mc 1,1-3). As palavras do profeta Isa\u00edas que d\u00e3o in\u00edcio ao Evangelho narrado por S\u00e3o Marcos nos d\u00e3o uma pequena mostra da grandeza [&hellip;]<\/p>\n","protected":false},"author":5,"featured_media":0,"comment_status":"open","ping_status":"open","sticky":false,"template":"","format":"standard","meta":{"ngg_post_thumbnail":0,"footnotes":""},"categories":[9],"tags":[154,426,854],"yoast_head":"<!-- This site is optimized with the Yoast SEO plugin v23.5 - https:\/\/yoast.com\/wordpress\/plugins\/seo\/ -->\n<title>Jo\u00e3o, o Batista - O Arcanjo no ar<\/title>\n<meta name=\"robots\" content=\"index, follow, max-snippet:-1, max-image-preview:large, max-video-preview:-1\" \/>\n<link rel=\"canonical\" href=\"https:\/\/www.oarcanjo.net\/site\/joao-o-batista\/\" \/>\n<meta property=\"og:locale\" content=\"pt_BR\" \/>\n<meta property=\"og:type\" content=\"article\" \/>\n<meta property=\"og:title\" content=\"Jo\u00e3o, o Batista - O Arcanjo no ar\" \/>\n<meta property=\"og:description\" content=\"Gilda Carvalho \u201cEis que envio \u00e0 tua frente o meu mensageiro, e ele preparar\u00e1 teu caminho. Voz de quem clama no deserto: Preparai os caminhos do Senhor, endireitai as veredas para ele.\u201d (Mc 1,1-3). As palavras do profeta Isa\u00edas que d\u00e3o in\u00edcio ao Evangelho narrado por S\u00e3o Marcos nos d\u00e3o uma pequena mostra da grandeza [&hellip;]\" \/>\n<meta property=\"og:url\" content=\"https:\/\/www.oarcanjo.net\/site\/joao-o-batista\/\" \/>\n<meta property=\"og:site_name\" content=\"O Arcanjo no ar\" \/>\n<meta property=\"article:publisher\" content=\"https:\/\/www.facebook.com\/OArcanjoNoAr\/\" \/>\n<meta property=\"article:published_time\" content=\"2009-06-25T01:07:41+00:00\" \/>\n<meta property=\"og:image\" content=\"https:\/\/www.oarcanjo.net\/site\/wp-content\/uploads\/logo-o-arcanjo-no-ar-facebook.png\" \/>\n\t<meta property=\"og:image:width\" content=\"300\" \/>\n\t<meta property=\"og:image:height\" content=\"300\" \/>\n\t<meta property=\"og:image:type\" content=\"image\/png\" \/>\n<meta name=\"author\" content=\"editor\" \/>\n<meta name=\"twitter:card\" content=\"summary_large_image\" \/>\n<meta name=\"twitter:label1\" content=\"Escrito por\" \/>\n\t<meta name=\"twitter:data1\" content=\"editor\" \/>\n\t<meta name=\"twitter:label2\" content=\"Est. tempo de leitura\" \/>\n\t<meta name=\"twitter:data2\" content=\"5 minutos\" \/>\n<script type=\"application\/ld+json\" class=\"yoast-schema-graph\">{\"@context\":\"https:\/\/schema.org\",\"@graph\":[{\"@type\":\"Article\",\"@id\":\"https:\/\/www.oarcanjo.net\/site\/joao-o-batista\/#article\",\"isPartOf\":{\"@id\":\"https:\/\/www.oarcanjo.net\/site\/joao-o-batista\/\"},\"author\":{\"name\":\"editor\",\"@id\":\"https:\/\/www.oarcanjo.net\/site\/#\/schema\/person\/f7024d007863202483a31326673a0838\"},\"headline\":\"Jo\u00e3o, o Batista\",\"datePublished\":\"2009-06-25T01:07:41+00:00\",\"dateModified\":\"2009-06-25T01:07:41+00:00\",\"mainEntityOfPage\":{\"@id\":\"https:\/\/www.oarcanjo.net\/site\/joao-o-batista\/\"},\"wordCount\":978,\"commentCount\":0,\"publisher\":{\"@id\":\"https:\/\/www.oarcanjo.net\/site\/#organization\"},\"keywords\":[\"Batismo\",\"Esp\u00edrito Santo\",\"S\u00e3o Jo\u00e3o Batista\"],\"articleSection\":[\"Reflex\u00f5es\"],\"inLanguage\":\"pt-BR\",\"potentialAction\":[{\"@type\":\"CommentAction\",\"name\":\"Comment\",\"target\":[\"https:\/\/www.oarcanjo.net\/site\/joao-o-batista\/#respond\"]}]},{\"@type\":\"WebPage\",\"@id\":\"https:\/\/www.oarcanjo.net\/site\/joao-o-batista\/\",\"url\":\"https:\/\/www.oarcanjo.net\/site\/joao-o-batista\/\",\"name\":\"Jo\u00e3o, o Batista - O Arcanjo no ar\",\"isPartOf\":{\"@id\":\"https:\/\/www.oarcanjo.net\/site\/#website\"},\"datePublished\":\"2009-06-25T01:07:41+00:00\",\"dateModified\":\"2009-06-25T01:07:41+00:00\",\"breadcrumb\":{\"@id\":\"https:\/\/www.oarcanjo.net\/site\/joao-o-batista\/#breadcrumb\"},\"inLanguage\":\"pt-BR\",\"potentialAction\":[{\"@type\":\"ReadAction\",\"target\":[\"https:\/\/www.oarcanjo.net\/site\/joao-o-batista\/\"]}]},{\"@type\":\"BreadcrumbList\",\"@id\":\"https:\/\/www.oarcanjo.net\/site\/joao-o-batista\/#breadcrumb\",\"itemListElement\":[{\"@type\":\"ListItem\",\"position\":1,\"name\":\"In\u00edcio\",\"item\":\"https:\/\/www.oarcanjo.net\/site\/\"},{\"@type\":\"ListItem\",\"position\":2,\"name\":\"Jo\u00e3o, o Batista\"}]},{\"@type\":\"WebSite\",\"@id\":\"https:\/\/www.oarcanjo.net\/site\/#website\",\"url\":\"https:\/\/www.oarcanjo.net\/site\/\",\"name\":\"O Arcanjo no ar\",\"description\":\"Site da Par\u00f3quia S\u00e3o Miguel Arcanjo (Arquidiocese de SP)\",\"publisher\":{\"@id\":\"https:\/\/www.oarcanjo.net\/site\/#organization\"},\"potentialAction\":[{\"@type\":\"SearchAction\",\"target\":{\"@type\":\"EntryPoint\",\"urlTemplate\":\"https:\/\/www.oarcanjo.net\/site\/?s={search_term_string}\"},\"query-input\":{\"@type\":\"PropertyValueSpecification\",\"valueRequired\":true,\"valueName\":\"search_term_string\"}}],\"inLanguage\":\"pt-BR\"},{\"@type\":\"Organization\",\"@id\":\"https:\/\/www.oarcanjo.net\/site\/#organization\",\"name\":\"Par\u00f3quia S\u00e3o Miguel Arcanjo\",\"url\":\"https:\/\/www.oarcanjo.net\/site\/\",\"logo\":{\"@type\":\"ImageObject\",\"inLanguage\":\"pt-BR\",\"@id\":\"https:\/\/www.oarcanjo.net\/site\/#\/schema\/logo\/image\/\",\"url\":\"https:\/\/www.oarcanjo.net\/site\/wp-content\/uploads\/LogoOArcanjo.png\",\"contentUrl\":\"https:\/\/www.oarcanjo.net\/site\/wp-content\/uploads\/LogoOArcanjo.png\",\"width\":319,\"height\":99,\"caption\":\"Par\u00f3quia S\u00e3o Miguel Arcanjo\"},\"image\":{\"@id\":\"https:\/\/www.oarcanjo.net\/site\/#\/schema\/logo\/image\/\"},\"sameAs\":[\"https:\/\/www.facebook.com\/OArcanjoNoAr\/\"]},{\"@type\":\"Person\",\"@id\":\"https:\/\/www.oarcanjo.net\/site\/#\/schema\/person\/f7024d007863202483a31326673a0838\",\"name\":\"editor\",\"sameAs\":[\"http:\/\/www.oarcanjo.net\"]}]}<\/script>\n<!-- \/ Yoast SEO plugin. -->","yoast_head_json":{"title":"Jo\u00e3o, o Batista - O Arcanjo no ar","robots":{"index":"index","follow":"follow","max-snippet":"max-snippet:-1","max-image-preview":"max-image-preview:large","max-video-preview":"max-video-preview:-1"},"canonical":"https:\/\/www.oarcanjo.net\/site\/joao-o-batista\/","og_locale":"pt_BR","og_type":"article","og_title":"Jo\u00e3o, o Batista - O Arcanjo no ar","og_description":"Gilda Carvalho \u201cEis que envio \u00e0 tua frente o meu mensageiro, e ele preparar\u00e1 teu caminho. Voz de quem clama no deserto: Preparai os caminhos do Senhor, endireitai as veredas para ele.\u201d (Mc 1,1-3). As palavras do profeta Isa\u00edas que d\u00e3o in\u00edcio ao Evangelho narrado por S\u00e3o Marcos nos d\u00e3o uma pequena mostra da grandeza [&hellip;]","og_url":"https:\/\/www.oarcanjo.net\/site\/joao-o-batista\/","og_site_name":"O Arcanjo no ar","article_publisher":"https:\/\/www.facebook.com\/OArcanjoNoAr\/","article_published_time":"2009-06-25T01:07:41+00:00","og_image":[{"width":300,"height":300,"url":"https:\/\/www.oarcanjo.net\/site\/wp-content\/uploads\/logo-o-arcanjo-no-ar-facebook.png","type":"image\/png"}],"author":"editor","twitter_card":"summary_large_image","twitter_misc":{"Escrito por":"editor","Est. tempo de leitura":"5 minutos"},"schema":{"@context":"https:\/\/schema.org","@graph":[{"@type":"Article","@id":"https:\/\/www.oarcanjo.net\/site\/joao-o-batista\/#article","isPartOf":{"@id":"https:\/\/www.oarcanjo.net\/site\/joao-o-batista\/"},"author":{"name":"editor","@id":"https:\/\/www.oarcanjo.net\/site\/#\/schema\/person\/f7024d007863202483a31326673a0838"},"headline":"Jo\u00e3o, o Batista","datePublished":"2009-06-25T01:07:41+00:00","dateModified":"2009-06-25T01:07:41+00:00","mainEntityOfPage":{"@id":"https:\/\/www.oarcanjo.net\/site\/joao-o-batista\/"},"wordCount":978,"commentCount":0,"publisher":{"@id":"https:\/\/www.oarcanjo.net\/site\/#organization"},"keywords":["Batismo","Esp\u00edrito Santo","S\u00e3o Jo\u00e3o Batista"],"articleSection":["Reflex\u00f5es"],"inLanguage":"pt-BR","potentialAction":[{"@type":"CommentAction","name":"Comment","target":["https:\/\/www.oarcanjo.net\/site\/joao-o-batista\/#respond"]}]},{"@type":"WebPage","@id":"https:\/\/www.oarcanjo.net\/site\/joao-o-batista\/","url":"https:\/\/www.oarcanjo.net\/site\/joao-o-batista\/","name":"Jo\u00e3o, o Batista - O Arcanjo no ar","isPartOf":{"@id":"https:\/\/www.oarcanjo.net\/site\/#website"},"datePublished":"2009-06-25T01:07:41+00:00","dateModified":"2009-06-25T01:07:41+00:00","breadcrumb":{"@id":"https:\/\/www.oarcanjo.net\/site\/joao-o-batista\/#breadcrumb"},"inLanguage":"pt-BR","potentialAction":[{"@type":"ReadAction","target":["https:\/\/www.oarcanjo.net\/site\/joao-o-batista\/"]}]},{"@type":"BreadcrumbList","@id":"https:\/\/www.oarcanjo.net\/site\/joao-o-batista\/#breadcrumb","itemListElement":[{"@type":"ListItem","position":1,"name":"In\u00edcio","item":"https:\/\/www.oarcanjo.net\/site\/"},{"@type":"ListItem","position":2,"name":"Jo\u00e3o, o Batista"}]},{"@type":"WebSite","@id":"https:\/\/www.oarcanjo.net\/site\/#website","url":"https:\/\/www.oarcanjo.net\/site\/","name":"O Arcanjo no ar","description":"Site da Par\u00f3quia S\u00e3o Miguel Arcanjo (Arquidiocese de SP)","publisher":{"@id":"https:\/\/www.oarcanjo.net\/site\/#organization"},"potentialAction":[{"@type":"SearchAction","target":{"@type":"EntryPoint","urlTemplate":"https:\/\/www.oarcanjo.net\/site\/?s={search_term_string}"},"query-input":{"@type":"PropertyValueSpecification","valueRequired":true,"valueName":"search_term_string"}}],"inLanguage":"pt-BR"},{"@type":"Organization","@id":"https:\/\/www.oarcanjo.net\/site\/#organization","name":"Par\u00f3quia S\u00e3o Miguel Arcanjo","url":"https:\/\/www.oarcanjo.net\/site\/","logo":{"@type":"ImageObject","inLanguage":"pt-BR","@id":"https:\/\/www.oarcanjo.net\/site\/#\/schema\/logo\/image\/","url":"https:\/\/www.oarcanjo.net\/site\/wp-content\/uploads\/LogoOArcanjo.png","contentUrl":"https:\/\/www.oarcanjo.net\/site\/wp-content\/uploads\/LogoOArcanjo.png","width":319,"height":99,"caption":"Par\u00f3quia S\u00e3o Miguel Arcanjo"},"image":{"@id":"https:\/\/www.oarcanjo.net\/site\/#\/schema\/logo\/image\/"},"sameAs":["https:\/\/www.facebook.com\/OArcanjoNoAr\/"]},{"@type":"Person","@id":"https:\/\/www.oarcanjo.net\/site\/#\/schema\/person\/f7024d007863202483a31326673a0838","name":"editor","sameAs":["http:\/\/www.oarcanjo.net"]}]}},"publishpress_future_action":{"enabled":false,"date":"2026-05-09 10:25:24","action":"category","newStatus":"draft","terms":[],"taxonomy":"category"},"publishpress_future_workflow_manual_trigger":{"enabledWorkflows":[]},"_links":{"self":[{"href":"https:\/\/www.oarcanjo.net\/site\/wp-json\/wp\/v2\/posts\/4082"}],"collection":[{"href":"https:\/\/www.oarcanjo.net\/site\/wp-json\/wp\/v2\/posts"}],"about":[{"href":"https:\/\/www.oarcanjo.net\/site\/wp-json\/wp\/v2\/types\/post"}],"author":[{"embeddable":true,"href":"https:\/\/www.oarcanjo.net\/site\/wp-json\/wp\/v2\/users\/5"}],"replies":[{"embeddable":true,"href":"https:\/\/www.oarcanjo.net\/site\/wp-json\/wp\/v2\/comments?post=4082"}],"version-history":[{"count":0,"href":"https:\/\/www.oarcanjo.net\/site\/wp-json\/wp\/v2\/posts\/4082\/revisions"}],"wp:attachment":[{"href":"https:\/\/www.oarcanjo.net\/site\/wp-json\/wp\/v2\/media?parent=4082"}],"wp:term":[{"taxonomy":"category","embeddable":true,"href":"https:\/\/www.oarcanjo.net\/site\/wp-json\/wp\/v2\/categories?post=4082"},{"taxonomy":"post_tag","embeddable":true,"href":"https:\/\/www.oarcanjo.net\/site\/wp-json\/wp\/v2\/tags?post=4082"}],"curies":[{"name":"wp","href":"https:\/\/api.w.org\/{rel}","templated":true}]}}